{"id":3125,"date":"2024-12-30T18:11:04","date_gmt":"2024-12-30T18:11:04","guid":{"rendered":"https:\/\/stourm.news\/?p=3125"},"modified":"2024-12-30T18:11:04","modified_gmt":"2024-12-30T18:11:04","slug":"rennes-3-personnes-agressees-a-larme-blanche-dans-le-quartier-multiculturel-de-villejean-dimanche-soir","status":"publish","type":"post","link":"https:\/\/stourm.news\/?p=3125","title":{"rendered":"Rennes : 3 personnes agress\u00e9es \u00e0 l&rsquo;arme blanche dans le quartier multiculturel de Villejean dimanche soir"},"content":{"rendered":"<p style=\"text-align: justify;\">Les faits se seraient d\u00e9roul\u00e9s dans le quatier de Villejean \u00e0 Rennes \u00e0 proximit\u00e9 de la dalle Kennedy ce dimanche 29 d\u00e9cembre au soir.<\/p>\n<p style=\"text-align: justify;\">\u00ab\u00a0Trois individus en auraient attaqu\u00e9 trois autres leur portant des coups, <strong>des coups de couteau<\/strong> et de crosse d\u2019une arme longue mais sans que des coups de feu ne soient tir\u00e9s\u00a0\u00bb pr\u00e9cise le Parquet qui a ouvert une enqu\u00eate pour agression.<\/p>\n<p style=\"text-align: justify;\">Deux des personnes agress\u00e9es ont \u00e9t\u00e9 prises en charge par les services de secours mais leur pronostic vital n\u2019est pas engag\u00e9.<\/p>\n<p style=\"text-align: justify;\">La troisi\u00e8me n\u2019est pas identifi\u00e9e.<\/p>\n<p style=\"text-align: justify;\">Source : <a href=\"https:\/\/france3-regions.francetvinfo.fr\/bretagne\/ille-et-vilaine\/rennes\/rennes-trois-personnes-agressees-a-l-arme-blanche-dans-le-quartier-de-villejean-dimanche-soir-3083965.html\">France 3 Bretagne<\/a><\/p>\n","protected":false},"excerpt":{"rendered":"<p>Les faits se seraient d\u00e9roul\u00e9s dans le quatier de Villejean \u00e0 Rennes \u00e0 proximit\u00e9 de la dalle Kennedy ce dimanche 29 d\u00e9cembre au soir. \u00ab\u00a0Trois individus en auraient attaqu\u00e9 trois autres leur portant des coups, des coups de couteau et de crosse d\u2019une arme longue mais sans que des coups de feu ne soient tir\u00e9s\u00a0\u00bb [&hellip;]<\/p>\n","protected":false},"author":1,"featured_media":3126,"comment_status":"open","ping_status":"open","sticky":false,"template":"","format":"standard","meta":{"sb_editor_width":"","footnotes":""},"categories":[31,41,62],"tags":[],"class_list":["post-3125","post","type-post","status-publish","format-standard","has-post-thumbnail","hentry","category-agression","category-ille-et-vilaine","category-revue-de-presse"],"relative_dates":{"created":"1 an ago","modified":"1 an ago"},"yoast_head":"<!-- This site is optimized with the Yoast SEO plugin v26.3 - https:\/\/yoast.com\/wordpress\/plugins\/seo\/ -->\n<title>Rennes : 3 personnes agress\u00e9es \u00e0 l&#039;arme blanche dans le quartier multiculturel de Villejean dimanche soir - STOURM<\/title>\n<meta name=\"robots\" content=\"index, follow, max-snippet:-1, max-image-preview:large, max-video-preview:-1\" \/>\n<link rel=\"canonical\" href=\"https:\/\/stourm.news\/?p=3125\" \/>\n<meta property=\"og:locale\" content=\"fr_FR\" \/>\n<meta property=\"og:type\" content=\"article\" \/>\n<meta property=\"og:title\" content=\"Rennes : 3 personnes agress\u00e9es \u00e0 l&#039;arme blanche dans le quartier multiculturel de Villejean dimanche soir - STOURM\" \/>\n<meta property=\"og:description\" content=\"Les faits se seraient d\u00e9roul\u00e9s dans le quatier de Villejean \u00e0 Rennes \u00e0 proximit\u00e9 de la dalle Kennedy ce dimanche 29 d\u00e9cembre au soir. \u00ab\u00a0Trois individus en auraient attaqu\u00e9 trois autres leur portant des coups, des coups de couteau et de crosse d\u2019une arme longue mais sans que des coups de feu ne soient tir\u00e9s\u00a0\u00bb [&hellip;]\" \/>\n<meta property=\"og:url\" content=\"https:\/\/stourm.news\/?p=3125\" \/>\n<meta property=\"og:site_name\" content=\"STOURM\" \/>\n<meta property=\"article:publisher\" content=\"https:\/\/www.facebook.com\/stourmnews\/\" \/>\n<meta property=\"article:published_time\" content=\"2024-12-30T18:11:04+00:00\" \/>\n<meta property=\"og:image\" content=\"https:\/\/stourm.news\/wp-content\/uploads\/2024\/12\/Capture-decran-2024-12-31-a-03.10.37-1024x730.png\" \/>\n\t<meta property=\"og:image:width\" content=\"1024\" \/>\n\t<meta property=\"og:image:height\" content=\"730\" \/>\n\t<meta property=\"og:image:type\" content=\"image\/png\" \/>\n<meta name=\"author\" content=\"La r\u00e9daction\" \/>\n<meta name=\"twitter:card\" content=\"summary_large_image\" \/>\n<meta name=\"twitter:label1\" content=\"\u00c9crit par\" \/>\n\t<meta name=\"twitter:data1\" content=\"La r\u00e9daction\" \/>\n\t<meta name=\"twitter:label2\" content=\"Dur\u00e9e de lecture estim\u00e9e\" \/>\n\t<meta name=\"twitter:data2\" content=\"1 minute\" \/>\n<script type=\"application\/ld+json\" class=\"yoast-schema-graph\">{\"@context\":\"https:\/\/schema.org\",\"@graph\":[{\"@type\":\"Article\",\"@id\":\"https:\/\/stourm.news\/?p=3125#article\",\"isPartOf\":{\"@id\":\"https:\/\/stourm.news\/?p=3125\"},\"author\":{\"name\":\"La r\u00e9daction\",\"@id\":\"https:\/\/stourm.news\/#\/schema\/person\/c3e1dc65988632e190969234ef046cf9\"},\"headline\":\"Rennes : 3 personnes agress\u00e9es \u00e0 l&rsquo;arme blanche dans le quartier multiculturel de Villejean dimanche soir\",\"datePublished\":\"2024-12-30T18:11:04+00:00\",\"mainEntityOfPage\":{\"@id\":\"https:\/\/stourm.news\/?p=3125\"},\"wordCount\":118,\"commentCount\":0,\"publisher\":{\"@id\":\"https:\/\/stourm.news\/#organization\"},\"image\":{\"@id\":\"https:\/\/stourm.news\/?p=3125#primaryimage\"},\"thumbnailUrl\":\"https:\/\/stourm.news\/wp-content\/uploads\/2024\/12\/Capture-decran-2024-12-31-a-03.10.37.png\",\"articleSection\":[\"Agression\",\"Ille-et-Vilaine\",\"Revue de presse\"],\"inLanguage\":\"fr-FR\",\"potentialAction\":[{\"@type\":\"CommentAction\",\"name\":\"Comment\",\"target\":[\"https:\/\/stourm.news\/?p=3125#respond\"]}]},{\"@type\":\"WebPage\",\"@id\":\"https:\/\/stourm.news\/?p=3125\",\"url\":\"https:\/\/stourm.news\/?p=3125\",\"name\":\"Rennes : 3 personnes agress\u00e9es \u00e0 l'arme blanche dans le quartier multiculturel de Villejean dimanche soir - STOURM\",\"isPartOf\":{\"@id\":\"https:\/\/stourm.news\/#website\"},\"primaryImageOfPage\":{\"@id\":\"https:\/\/stourm.news\/?p=3125#primaryimage\"},\"image\":{\"@id\":\"https:\/\/stourm.news\/?p=3125#primaryimage\"},\"thumbnailUrl\":\"https:\/\/stourm.news\/wp-content\/uploads\/2024\/12\/Capture-decran-2024-12-31-a-03.10.37.png\",\"datePublished\":\"2024-12-30T18:11:04+00:00\",\"breadcrumb\":{\"@id\":\"https:\/\/stourm.news\/?p=3125#breadcrumb\"},\"inLanguage\":\"fr-FR\",\"potentialAction\":[{\"@type\":\"ReadAction\",\"target\":[\"https:\/\/stourm.news\/?p=3125\"]}]},{\"@type\":\"ImageObject\",\"inLanguage\":\"fr-FR\",\"@id\":\"https:\/\/stourm.news\/?p=3125#primaryimage\",\"url\":\"https:\/\/stourm.news\/wp-content\/uploads\/2024\/12\/Capture-decran-2024-12-31-a-03.10.37.png\",\"contentUrl\":\"https:\/\/stourm.news\/wp-content\/uploads\/2024\/12\/Capture-decran-2024-12-31-a-03.10.37.png\",\"width\":1330,\"height\":948},{\"@type\":\"BreadcrumbList\",\"@id\":\"https:\/\/stourm.news\/?p=3125#breadcrumb\",\"itemListElement\":[{\"@type\":\"ListItem\",\"position\":1,\"name\":\"Accueil\",\"item\":\"https:\/\/stourm.news\/\"},{\"@type\":\"ListItem\",\"position\":2,\"name\":\"Rennes : 3 personnes agress\u00e9es \u00e0 l&rsquo;arme blanche dans le quartier multiculturel de Villejean dimanche soir\"}]},{\"@type\":\"WebSite\",\"@id\":\"https:\/\/stourm.news\/#website\",\"url\":\"https:\/\/stourm.news\/\",\"name\":\"Stourm\",\"description\":\"Kazetenn Strollad Broadel Breizh\",\"publisher\":{\"@id\":\"https:\/\/stourm.news\/#organization\"},\"potentialAction\":[{\"@type\":\"SearchAction\",\"target\":{\"@type\":\"EntryPoint\",\"urlTemplate\":\"https:\/\/stourm.news\/?s={search_term_string}\"},\"query-input\":{\"@type\":\"PropertyValueSpecification\",\"valueRequired\":true,\"valueName\":\"search_term_string\"}}],\"inLanguage\":\"fr-FR\"},{\"@type\":\"Organization\",\"@id\":\"https:\/\/stourm.news\/#organization\",\"name\":\"Stourm\",\"url\":\"https:\/\/stourm.news\/\",\"logo\":{\"@type\":\"ImageObject\",\"inLanguage\":\"fr-FR\",\"@id\":\"https:\/\/stourm.news\/#\/schema\/logo\/image\/\",\"url\":\"https:\/\/stourm.news\/wp-content\/uploads\/2025\/11\/cropped-Capture-decran-2025-11-28-a-15.19.07.png\",\"contentUrl\":\"https:\/\/stourm.news\/wp-content\/uploads\/2025\/11\/cropped-Capture-decran-2025-11-28-a-15.19.07.png\",\"width\":1855,\"height\":383,\"caption\":\"Stourm\"},\"image\":{\"@id\":\"https:\/\/stourm.news\/#\/schema\/logo\/image\/\"},\"sameAs\":[\"https:\/\/www.facebook.com\/stourmnews\/\"]},{\"@type\":\"Person\",\"@id\":\"https:\/\/stourm.news\/#\/schema\/person\/c3e1dc65988632e190969234ef046cf9\",\"name\":\"La r\u00e9daction\",\"image\":{\"@type\":\"ImageObject\",\"inLanguage\":\"fr-FR\",\"@id\":\"https:\/\/stourm.news\/#\/schema\/person\/image\/\",\"url\":\"https:\/\/secure.gravatar.com\/avatar\/7463443f194b6b5fb706b074ca0ef59a0cfcfd720cb47764b0ec5a952ce422b3?s=96&d=mm&r=g\",\"contentUrl\":\"https:\/\/secure.gravatar.com\/avatar\/7463443f194b6b5fb706b074ca0ef59a0cfcfd720cb47764b0ec5a952ce422b3?s=96&d=mm&r=g\",\"caption\":\"La r\u00e9daction\"},\"sameAs\":[\"https:\/\/stourm.news\"],\"url\":\"https:\/\/stourm.news\/?author=1\"}]}<\/script>\n<!-- \/ Yoast SEO plugin. -->","yoast_head_json":{"title":"Rennes : 3 personnes agress\u00e9es \u00e0 l'arme blanche dans le quartier multiculturel de Villejean dimanche soir - STOURM","robots":{"index":"index","follow":"follow","max-snippet":"max-snippet:-1","max-image-preview":"max-image-preview:large","max-video-preview":"max-video-preview:-1"},"canonical":"https:\/\/stourm.news\/?p=3125","og_locale":"fr_FR","og_type":"article","og_title":"Rennes : 3 personnes agress\u00e9es \u00e0 l'arme blanche dans le quartier multiculturel de Villejean dimanche soir - STOURM","og_description":"Les faits se seraient d\u00e9roul\u00e9s dans le quatier de Villejean \u00e0 Rennes \u00e0 proximit\u00e9 de la dalle Kennedy ce dimanche 29 d\u00e9cembre au soir. \u00ab\u00a0Trois individus en auraient attaqu\u00e9 trois autres leur portant des coups, des coups de couteau et de crosse d\u2019une arme longue mais sans que des coups de feu ne soient tir\u00e9s\u00a0\u00bb [&hellip;]","og_url":"https:\/\/stourm.news\/?p=3125","og_site_name":"STOURM","article_publisher":"https:\/\/www.facebook.com\/stourmnews\/","article_published_time":"2024-12-30T18:11:04+00:00","og_image":[{"width":1024,"height":730,"url":"https:\/\/stourm.news\/wp-content\/uploads\/2024\/12\/Capture-decran-2024-12-31-a-03.10.37-1024x730.png","type":"image\/png"}],"author":"La r\u00e9daction","twitter_card":"summary_large_image","twitter_misc":{"\u00c9crit par":"La r\u00e9daction","Dur\u00e9e de lecture estim\u00e9e":"1 minute"},"schema":{"@context":"https:\/\/schema.org","@graph":[{"@type":"Article","@id":"https:\/\/stourm.news\/?p=3125#article","isPartOf":{"@id":"https:\/\/stourm.news\/?p=3125"},"author":{"name":"La r\u00e9daction","@id":"https:\/\/stourm.news\/#\/schema\/person\/c3e1dc65988632e190969234ef046cf9"},"headline":"Rennes : 3 personnes agress\u00e9es \u00e0 l&rsquo;arme blanche dans le quartier multiculturel de Villejean dimanche soir","datePublished":"2024-12-30T18:11:04+00:00","mainEntityOfPage":{"@id":"https:\/\/stourm.news\/?p=3125"},"wordCount":118,"commentCount":0,"publisher":{"@id":"https:\/\/stourm.news\/#organization"},"image":{"@id":"https:\/\/stourm.news\/?p=3125#primaryimage"},"thumbnailUrl":"https:\/\/stourm.news\/wp-content\/uploads\/2024\/12\/Capture-decran-2024-12-31-a-03.10.37.png","articleSection":["Agression","Ille-et-Vilaine","Revue de presse"],"inLanguage":"fr-FR","potentialAction":[{"@type":"CommentAction","name":"Comment","target":["https:\/\/stourm.news\/?p=3125#respond"]}]},{"@type":"WebPage","@id":"https:\/\/stourm.news\/?p=3125","url":"https:\/\/stourm.news\/?p=3125","name":"Rennes : 3 personnes agress\u00e9es \u00e0 l'arme blanche dans le quartier multiculturel de Villejean dimanche soir - STOURM","isPartOf":{"@id":"https:\/\/stourm.news\/#website"},"primaryImageOfPage":{"@id":"https:\/\/stourm.news\/?p=3125#primaryimage"},"image":{"@id":"https:\/\/stourm.news\/?p=3125#primaryimage"},"thumbnailUrl":"https:\/\/stourm.news\/wp-content\/uploads\/2024\/12\/Capture-decran-2024-12-31-a-03.10.37.png","datePublished":"2024-12-30T18:11:04+00:00","breadcrumb":{"@id":"https:\/\/stourm.news\/?p=3125#breadcrumb"},"inLanguage":"fr-FR","potentialAction":[{"@type":"ReadAction","target":["https:\/\/stourm.news\/?p=3125"]}]},{"@type":"ImageObject","inLanguage":"fr-FR","@id":"https:\/\/stourm.news\/?p=3125#primaryimage","url":"https:\/\/stourm.news\/wp-content\/uploads\/2024\/12\/Capture-decran-2024-12-31-a-03.10.37.png","contentUrl":"https:\/\/stourm.news\/wp-content\/uploads\/2024\/12\/Capture-decran-2024-12-31-a-03.10.37.png","width":1330,"height":948},{"@type":"BreadcrumbList","@id":"https:\/\/stourm.news\/?p=3125#breadcrumb","itemListElement":[{"@type":"ListItem","position":1,"name":"Accueil","item":"https:\/\/stourm.news\/"},{"@type":"ListItem","position":2,"name":"Rennes : 3 personnes agress\u00e9es \u00e0 l&rsquo;arme blanche dans le quartier multiculturel de Villejean dimanche soir"}]},{"@type":"WebSite","@id":"https:\/\/stourm.news\/#website","url":"https:\/\/stourm.news\/","name":"Stourm","description":"Kazetenn Strollad Broadel Breizh","publisher":{"@id":"https:\/\/stourm.news\/#organization"},"potentialAction":[{"@type":"SearchAction","target":{"@type":"EntryPoint","urlTemplate":"https:\/\/stourm.news\/?s={search_term_string}"},"query-input":{"@type":"PropertyValueSpecification","valueRequired":true,"valueName":"search_term_string"}}],"inLanguage":"fr-FR"},{"@type":"Organization","@id":"https:\/\/stourm.news\/#organization","name":"Stourm","url":"https:\/\/stourm.news\/","logo":{"@type":"ImageObject","inLanguage":"fr-FR","@id":"https:\/\/stourm.news\/#\/schema\/logo\/image\/","url":"https:\/\/stourm.news\/wp-content\/uploads\/2025\/11\/cropped-Capture-decran-2025-11-28-a-15.19.07.png","contentUrl":"https:\/\/stourm.news\/wp-content\/uploads\/2025\/11\/cropped-Capture-decran-2025-11-28-a-15.19.07.png","width":1855,"height":383,"caption":"Stourm"},"image":{"@id":"https:\/\/stourm.news\/#\/schema\/logo\/image\/"},"sameAs":["https:\/\/www.facebook.com\/stourmnews\/"]},{"@type":"Person","@id":"https:\/\/stourm.news\/#\/schema\/person\/c3e1dc65988632e190969234ef046cf9","name":"La r\u00e9daction","image":{"@type":"ImageObject","inLanguage":"fr-FR","@id":"https:\/\/stourm.news\/#\/schema\/person\/image\/","url":"https:\/\/secure.gravatar.com\/avatar\/7463443f194b6b5fb706b074ca0ef59a0cfcfd720cb47764b0ec5a952ce422b3?s=96&d=mm&r=g","contentUrl":"https:\/\/secure.gravatar.com\/avatar\/7463443f194b6b5fb706b074ca0ef59a0cfcfd720cb47764b0ec5a952ce422b3?s=96&d=mm&r=g","caption":"La r\u00e9daction"},"sameAs":["https:\/\/stourm.news"],"url":"https:\/\/stourm.news\/?author=1"}]}},"_links":{"self":[{"href":"https:\/\/stourm.news\/index.php?rest_route=\/wp\/v2\/posts\/3125","targetHints":{"allow":["GET"]}}],"collection":[{"href":"https:\/\/stourm.news\/index.php?rest_route=\/wp\/v2\/posts"}],"about":[{"href":"https:\/\/stourm.news\/index.php?rest_route=\/wp\/v2\/types\/post"}],"author":[{"embeddable":true,"href":"https:\/\/stourm.news\/index.php?rest_route=\/wp\/v2\/users\/1"}],"replies":[{"embeddable":true,"href":"https:\/\/stourm.news\/index.php?rest_route=%2Fwp%2Fv2%2Fcomments&post=3125"}],"version-history":[{"count":1,"href":"https:\/\/stourm.news\/index.php?rest_route=\/wp\/v2\/posts\/3125\/revisions"}],"predecessor-version":[{"id":3127,"href":"https:\/\/stourm.news\/index.php?rest_route=\/wp\/v2\/posts\/3125\/revisions\/3127"}],"wp:featuredmedia":[{"embeddable":true,"href":"https:\/\/stourm.news\/index.php?rest_route=\/wp\/v2\/media\/3126"}],"wp:attachment":[{"href":"https:\/\/stourm.news\/index.php?rest_route=%2Fwp%2Fv2%2Fmedia&parent=3125"}],"wp:term":[{"taxonomy":"category","embeddable":true,"href":"https:\/\/stourm.news\/index.php?rest_route=%2Fwp%2Fv2%2Fcategories&post=3125"},{"taxonomy":"post_tag","embeddable":true,"href":"https:\/\/stourm.news\/index.php?rest_route=%2Fwp%2Fv2%2Ftags&post=3125"}],"curies":[{"name":"wp","href":"https:\/\/api.w.org\/{rel}","templated":true}]}}