{"id":3128,"date":"2024-12-30T18:35:39","date_gmt":"2024-12-30T18:35:39","guid":{"rendered":"https:\/\/stourm.news\/?p=3128"},"modified":"2024-12-30T18:36:39","modified_gmt":"2024-12-30T18:36:39","slug":"3128","status":"publish","type":"post","link":"https:\/\/stourm.news\/?p=3128","title":{"rendered":"Pays nantais : en danger de fermeture, la micro-cr\u00e8che brittophone Youn ha Solena appelle aux dons"},"content":{"rendered":"<p style=\"text-align: justify;\">La cr\u00e8che <strong>Youn ha Solena<\/strong> appelle aux dons pour pouvoir financer l&rsquo;ann\u00e9e 2025. Voici le texte de l&rsquo;association (\u00e0 suivre sur <strong><a href=\"https:\/\/www.facebook.com\/younhasolena\/?locale=fr_FR\">Facebook ici<\/a><\/strong>).<\/p>\n<blockquote>\n<p style=\"text-align: justify;\">La micro-cr\u00e8che Youn ha Solena a besoin de votre aide pour \u00e9viter la fermeture ! Plus qu\u2019un simple lieu de garde, notre micro-cr\u00e8che bretonnante s\u2019engage, chaque jour, \u00e0 cr\u00e9er un espace o\u00f9 chaque enfant peut s\u2019\u00e9panouir selon ses besoins et \u00e0 son propre rythme, en toute s\u00e9curit\u00e9 et en toute confiance. Aujourd\u2019hui, nous sommes en danger et au bord de la fermeture.<\/p>\n<p style=\"text-align: justify;\">Au fil des ann\u00e9es ; et en raison d\u2019une p\u00e9nurie du personnel sur le territoire national ; notre tr\u00e9sorerie s\u2019est d\u00e9grad\u00e9e et nous peinons \u00e0 retrouver l\u2019\u00e9quilibre. Nous employons actuellement 6 professionnelles sous contrats dont 4 travaillent en temps plein. Leurs emplois sont menac\u00e9s!<\/p>\n<p style=\"text-align: justify;\">Une petite association qui regroupe des familles (b\u00e9n\u00e9voles) et des professionnelles de la petite enfance pour cr\u00e9er et faire \u00e9voluer chaque ann\u00e9e ce lieu d\u2019accueil align\u00e9 avec leurs valeurs communes.<\/p>\n<p style=\"text-align: justify;\">Nous sommes fiers de porter un projet qui repose sur l\u2019apprentissage de la langue bretonne par immersion d\u00e8s le plus jeune \u00e2ge. Pour communiquer et inclure chaque enfant, les professionnelles mettent \u00e9galement en pratique la langue des signes au quotidien.<\/p>\n<p style=\"text-align: justify;\">Les valeurs \u00e9cologiques de la micro-cr\u00e8che sensibilisent les familles qui participent activement aux projets.<\/p>\n<p style=\"text-align: justify;\">Comme la bienveillance est le ma\u00eetre mot ; en direction des parents, des professionnelles et des enfants ; les moyens sont mis en place pour que ces derniers soient accompagn\u00e9s \u00e0 travers une relation privil\u00e9gi\u00e9e avec l\u2019adulte, au sein d\u2019un collectif de 11 enfants maximum. Nous avons ainsi \u00e9galement \u00e0 c\u0153ur de respecter et accompagner chaque professionnelle dans son parcours au sein de la micro-cr\u00e8che.<\/p>\n<p style=\"text-align: justify;\">Nous estimons que la transmission du breton et ces valeurs (et tant d\u2019autres tel que le respect de l\u2019intimit\u00e9 de l\u2019enfant, ou encore l\u2019expression de sa singularit\u00e9 par exemple) est n\u00e9cessaire et m\u00eame indispensable pour que les g\u00e9n\u00e9rations actuellement \u00e0 la cr\u00e8che deviennent des citoyens engag\u00e9s dans le collectif et capables de t\u00e9moigner du respect et de la bienveillance dans leurs vies futures tant dans le milieu personnel que professionnel.<\/p>\n<p style=\"text-align: justify;\">L\u2019\u00e9tat actuel de la tr\u00e9sorerie est le r\u00e9sultat d\u2019une accumulation d\u2019\u00e9v\u00e9nements sur les derni\u00e8res ann\u00e9es. En repartant sur de bonnes bases, le projet de la micro-cr\u00e8che est viable.<\/p>\n<p style=\"text-align: justify;\">Aujourd\u2019hui, l\u2019\u00e9quipe est stable, au complet, et si enthousiaste \u00e0 l\u2019id\u00e9e de travailler sur ce beau projet.<\/p>\n<p style=\"text-align: justify;\">En rebouchant le trou caus\u00e9 par la p\u00e9nurie du personnel des ann\u00e9es pass\u00e9es, nous pourrons sortir la t\u00eate de l\u2019eau et poursuivre les projets de la cr\u00e8che en toute s\u00e9r\u00e9nit\u00e9.<\/p>\n<p style=\"text-align: justify;\">L&rsquo;avenir de notre cr\u00e8che d\u00e9pend de notre capacit\u00e9 \u00e0 obtenir des subventions et dons pour envisager une continuit\u00e9 d&rsquo;activit\u00e9 sur les ann\u00e9es \u00e0 venir.<\/p>\n<p style=\"text-align: justify;\">L&rsquo;objectif ambitieux mais tristement incontournable serait de r\u00e9unir d&rsquo;ici le 15 janvier 2025 la somme de 20 000 euros.<\/p>\n<p style=\"text-align: justify;\">Etant donn\u00e9 l\u2019urgence de la situation, nous n\u2019avons plus d\u2019autre choix : c\u2019est notre derni\u00e8re chance !<\/p>\n<p style=\"text-align: justify;\">Amis de la cause des enfants, du breton, de l\u2019\u00e9cologie et qui souhaitent que ce lieu d\u2019accueil existe, avec votre soutien, nous pourrons faire repartir ce beau projet et p\u00e9renniser la seule cr\u00e8che bretonnante du d\u00e9partement de la Loire-Atlantique.<\/p>\n<p style=\"text-align: justify;\">Paroles d\u2019une maman : <strong>\u00ab Je trouve que cet engagement (b\u00e9n\u00e9vole) est rempli de bon sens surtout au regard des valeurs familiales que je souhaite transmettre \u00e0 mon enfant. \u00bb<\/strong><\/p>\n<\/blockquote>\n<p><img fetchpriority=\"high\" decoding=\"async\" class=\"alignnone size-medium\" src=\"https:\/\/media.ouest-france.fr\/v1\/pictures\/MjAyNDEyMzQyZjUzZDI0ZmFkMDRiYmRkMDFlNGUzMjIwMzRmY2M?width=1260&amp;height=708&amp;focuspoint=50%2C25&amp;cropresize=1&amp;client_id=bpeditorial&amp;sign=cfa2800a8cd0830c4e073c5596edaf71a8027b21c1ca4db721b82b51f1fa8426\" width=\"1260\" height=\"708\" \/><\/p>\n<p><img decoding=\"async\" class=\"alignnone size-medium\" src=\"https:\/\/media.ouest-france.fr\/v1\/pictures\/MjAxNzAzMDYyYWVjOTY1MzFkNGY2NmZmYjYzZjkyNjNlMDc2ZDE?width=1260&amp;height=708&amp;focuspoint=50%2C25&amp;cropresize=1&amp;client_id=bpeditorial&amp;sign=628732aa6c884a17ae85281b87d398f97517bbf7c1887cfe7cf535b6e631ed31\" width=\"1260\" height=\"708\" \/><\/p>\n<h3><strong>Pour faire un don, <a href=\"https:\/\/www.cotizup.com\/sauvons-younhasolena\/payment\">cliquez ici<\/a>.<\/strong><\/h3>\n","protected":false},"excerpt":{"rendered":"<p>La cr\u00e8che Youn ha Solena appelle aux dons pour pouvoir financer l&rsquo;ann\u00e9e 2025. Voici le texte de l&rsquo;association (\u00e0 suivre sur Facebook ici). La micro-cr\u00e8che Youn ha Solena a besoin de votre aide pour \u00e9viter la fermeture ! Plus qu\u2019un simple lieu de garde, notre micro-cr\u00e8che bretonnante s\u2019engage, chaque jour, \u00e0 cr\u00e9er un espace o\u00f9 [&hellip;]<\/p>\n","protected":false},"author":1,"featured_media":3129,"comment_status":"open","ping_status":"open","sticky":false,"template":"","format":"standard","meta":{"sb_editor_width":"","footnotes":""},"categories":[58,65],"tags":[],"class_list":["post-3128","post","type-post","status-publish","format-standard","has-post-thumbnail","hentry","category-breizh","category-principale"],"relative_dates":{"created":"1 an ago","modified":"1 an ago"},"yoast_head":"<!-- This site is optimized with the Yoast SEO plugin v26.3 - https:\/\/yoast.com\/wordpress\/plugins\/seo\/ -->\n<title>Pays nantais : en danger de fermeture, la micro-cr\u00e8che brittophone Youn ha Solena appelle aux dons - STOURM<\/title>\n<meta name=\"robots\" content=\"index, follow, max-snippet:-1, max-image-preview:large, max-video-preview:-1\" \/>\n<link rel=\"canonical\" href=\"https:\/\/stourm.news\/?p=3128\" \/>\n<meta property=\"og:locale\" content=\"fr_FR\" \/>\n<meta property=\"og:type\" content=\"article\" \/>\n<meta property=\"og:title\" content=\"Pays nantais : en danger de fermeture, la micro-cr\u00e8che brittophone Youn ha Solena appelle aux dons - STOURM\" \/>\n<meta property=\"og:description\" content=\"La cr\u00e8che Youn ha Solena appelle aux dons pour pouvoir financer l&rsquo;ann\u00e9e 2025. Voici le texte de l&rsquo;association (\u00e0 suivre sur Facebook ici). La micro-cr\u00e8che Youn ha Solena a besoin de votre aide pour \u00e9viter la fermeture ! Plus qu\u2019un simple lieu de garde, notre micro-cr\u00e8che bretonnante s\u2019engage, chaque jour, \u00e0 cr\u00e9er un espace o\u00f9 [&hellip;]\" \/>\n<meta property=\"og:url\" content=\"https:\/\/stourm.news\/?p=3128\" \/>\n<meta property=\"og:site_name\" content=\"STOURM\" \/>\n<meta property=\"article:publisher\" content=\"https:\/\/www.facebook.com\/stourmnews\/\" \/>\n<meta property=\"article:published_time\" content=\"2024-12-30T18:35:39+00:00\" \/>\n<meta property=\"article:modified_time\" content=\"2024-12-30T18:36:39+00:00\" \/>\n<meta property=\"og:image\" content=\"https:\/\/stourm.news\/wp-content\/uploads\/2024\/12\/20170921_153116.jx3EHvaray0z.jpg\" \/>\n\t<meta property=\"og:image:width\" content=\"640\" \/>\n\t<meta property=\"og:image:height\" content=\"360\" \/>\n\t<meta property=\"og:image:type\" content=\"image\/jpeg\" \/>\n<meta name=\"author\" content=\"La r\u00e9daction\" \/>\n<meta name=\"twitter:card\" content=\"summary_large_image\" \/>\n<meta name=\"twitter:label1\" content=\"\u00c9crit par\" \/>\n\t<meta name=\"twitter:data1\" content=\"La r\u00e9daction\" \/>\n\t<meta name=\"twitter:label2\" content=\"Dur\u00e9e de lecture estim\u00e9e\" \/>\n\t<meta name=\"twitter:data2\" content=\"1 minute\" \/>\n<script type=\"application\/ld+json\" class=\"yoast-schema-graph\">{\"@context\":\"https:\/\/schema.org\",\"@graph\":[{\"@type\":\"Article\",\"@id\":\"https:\/\/stourm.news\/?p=3128#article\",\"isPartOf\":{\"@id\":\"https:\/\/stourm.news\/?p=3128\"},\"author\":{\"name\":\"La r\u00e9daction\",\"@id\":\"https:\/\/stourm.news\/#\/schema\/person\/c3e1dc65988632e190969234ef046cf9\"},\"headline\":\"Pays nantais : en danger de fermeture, la micro-cr\u00e8che brittophone Youn ha Solena appelle aux dons\",\"datePublished\":\"2024-12-30T18:35:39+00:00\",\"dateModified\":\"2024-12-30T18:36:39+00:00\",\"mainEntityOfPage\":{\"@id\":\"https:\/\/stourm.news\/?p=3128\"},\"wordCount\":635,\"commentCount\":0,\"publisher\":{\"@id\":\"https:\/\/stourm.news\/#organization\"},\"image\":{\"@id\":\"https:\/\/stourm.news\/?p=3128#primaryimage\"},\"thumbnailUrl\":\"https:\/\/stourm.news\/wp-content\/uploads\/2024\/12\/20170921_153116.jx3EHvaray0z.jpg\",\"articleSection\":[\"Breizh\",\"Principale\"],\"inLanguage\":\"fr-FR\",\"potentialAction\":[{\"@type\":\"CommentAction\",\"name\":\"Comment\",\"target\":[\"https:\/\/stourm.news\/?p=3128#respond\"]}]},{\"@type\":\"WebPage\",\"@id\":\"https:\/\/stourm.news\/?p=3128\",\"url\":\"https:\/\/stourm.news\/?p=3128\",\"name\":\"Pays nantais : en danger de fermeture, la micro-cr\u00e8che brittophone Youn ha Solena appelle aux dons - STOURM\",\"isPartOf\":{\"@id\":\"https:\/\/stourm.news\/#website\"},\"primaryImageOfPage\":{\"@id\":\"https:\/\/stourm.news\/?p=3128#primaryimage\"},\"image\":{\"@id\":\"https:\/\/stourm.news\/?p=3128#primaryimage\"},\"thumbnailUrl\":\"https:\/\/stourm.news\/wp-content\/uploads\/2024\/12\/20170921_153116.jx3EHvaray0z.jpg\",\"datePublished\":\"2024-12-30T18:35:39+00:00\",\"dateModified\":\"2024-12-30T18:36:39+00:00\",\"breadcrumb\":{\"@id\":\"https:\/\/stourm.news\/?p=3128#breadcrumb\"},\"inLanguage\":\"fr-FR\",\"potentialAction\":[{\"@type\":\"ReadAction\",\"target\":[\"https:\/\/stourm.news\/?p=3128\"]}]},{\"@type\":\"ImageObject\",\"inLanguage\":\"fr-FR\",\"@id\":\"https:\/\/stourm.news\/?p=3128#primaryimage\",\"url\":\"https:\/\/stourm.news\/wp-content\/uploads\/2024\/12\/20170921_153116.jx3EHvaray0z.jpg\",\"contentUrl\":\"https:\/\/stourm.news\/wp-content\/uploads\/2024\/12\/20170921_153116.jx3EHvaray0z.jpg\",\"width\":640,\"height\":360},{\"@type\":\"BreadcrumbList\",\"@id\":\"https:\/\/stourm.news\/?p=3128#breadcrumb\",\"itemListElement\":[{\"@type\":\"ListItem\",\"position\":1,\"name\":\"Accueil\",\"item\":\"https:\/\/stourm.news\/\"},{\"@type\":\"ListItem\",\"position\":2,\"name\":\"Pays nantais : en danger de fermeture, la micro-cr\u00e8che brittophone Youn ha Solena appelle aux dons\"}]},{\"@type\":\"WebSite\",\"@id\":\"https:\/\/stourm.news\/#website\",\"url\":\"https:\/\/stourm.news\/\",\"name\":\"Stourm\",\"description\":\"Kazetenn Strollad Broadel Breizh\",\"publisher\":{\"@id\":\"https:\/\/stourm.news\/#organization\"},\"potentialAction\":[{\"@type\":\"SearchAction\",\"target\":{\"@type\":\"EntryPoint\",\"urlTemplate\":\"https:\/\/stourm.news\/?s={search_term_string}\"},\"query-input\":{\"@type\":\"PropertyValueSpecification\",\"valueRequired\":true,\"valueName\":\"search_term_string\"}}],\"inLanguage\":\"fr-FR\"},{\"@type\":\"Organization\",\"@id\":\"https:\/\/stourm.news\/#organization\",\"name\":\"Stourm\",\"url\":\"https:\/\/stourm.news\/\",\"logo\":{\"@type\":\"ImageObject\",\"inLanguage\":\"fr-FR\",\"@id\":\"https:\/\/stourm.news\/#\/schema\/logo\/image\/\",\"url\":\"https:\/\/stourm.news\/wp-content\/uploads\/2025\/11\/cropped-Capture-decran-2025-11-28-a-15.19.07.png\",\"contentUrl\":\"https:\/\/stourm.news\/wp-content\/uploads\/2025\/11\/cropped-Capture-decran-2025-11-28-a-15.19.07.png\",\"width\":1855,\"height\":383,\"caption\":\"Stourm\"},\"image\":{\"@id\":\"https:\/\/stourm.news\/#\/schema\/logo\/image\/\"},\"sameAs\":[\"https:\/\/www.facebook.com\/stourmnews\/\"]},{\"@type\":\"Person\",\"@id\":\"https:\/\/stourm.news\/#\/schema\/person\/c3e1dc65988632e190969234ef046cf9\",\"name\":\"La r\u00e9daction\",\"image\":{\"@type\":\"ImageObject\",\"inLanguage\":\"fr-FR\",\"@id\":\"https:\/\/stourm.news\/#\/schema\/person\/image\/\",\"url\":\"https:\/\/secure.gravatar.com\/avatar\/7463443f194b6b5fb706b074ca0ef59a0cfcfd720cb47764b0ec5a952ce422b3?s=96&d=mm&r=g\",\"contentUrl\":\"https:\/\/secure.gravatar.com\/avatar\/7463443f194b6b5fb706b074ca0ef59a0cfcfd720cb47764b0ec5a952ce422b3?s=96&d=mm&r=g\",\"caption\":\"La r\u00e9daction\"},\"sameAs\":[\"https:\/\/stourm.news\"],\"url\":\"https:\/\/stourm.news\/?author=1\"}]}<\/script>\n<!-- \/ Yoast SEO plugin. -->","yoast_head_json":{"title":"Pays nantais : en danger de fermeture, la micro-cr\u00e8che brittophone Youn ha Solena appelle aux dons - STOURM","robots":{"index":"index","follow":"follow","max-snippet":"max-snippet:-1","max-image-preview":"max-image-preview:large","max-video-preview":"max-video-preview:-1"},"canonical":"https:\/\/stourm.news\/?p=3128","og_locale":"fr_FR","og_type":"article","og_title":"Pays nantais : en danger de fermeture, la micro-cr\u00e8che brittophone Youn ha Solena appelle aux dons - STOURM","og_description":"La cr\u00e8che Youn ha Solena appelle aux dons pour pouvoir financer l&rsquo;ann\u00e9e 2025. Voici le texte de l&rsquo;association (\u00e0 suivre sur Facebook ici). La micro-cr\u00e8che Youn ha Solena a besoin de votre aide pour \u00e9viter la fermeture ! Plus qu\u2019un simple lieu de garde, notre micro-cr\u00e8che bretonnante s\u2019engage, chaque jour, \u00e0 cr\u00e9er un espace o\u00f9 [&hellip;]","og_url":"https:\/\/stourm.news\/?p=3128","og_site_name":"STOURM","article_publisher":"https:\/\/www.facebook.com\/stourmnews\/","article_published_time":"2024-12-30T18:35:39+00:00","article_modified_time":"2024-12-30T18:36:39+00:00","og_image":[{"width":640,"height":360,"url":"https:\/\/stourm.news\/wp-content\/uploads\/2024\/12\/20170921_153116.jx3EHvaray0z.jpg","type":"image\/jpeg"}],"author":"La r\u00e9daction","twitter_card":"summary_large_image","twitter_misc":{"\u00c9crit par":"La r\u00e9daction","Dur\u00e9e de lecture estim\u00e9e":"1 minute"},"schema":{"@context":"https:\/\/schema.org","@graph":[{"@type":"Article","@id":"https:\/\/stourm.news\/?p=3128#article","isPartOf":{"@id":"https:\/\/stourm.news\/?p=3128"},"author":{"name":"La r\u00e9daction","@id":"https:\/\/stourm.news\/#\/schema\/person\/c3e1dc65988632e190969234ef046cf9"},"headline":"Pays nantais : en danger de fermeture, la micro-cr\u00e8che brittophone Youn ha Solena appelle aux dons","datePublished":"2024-12-30T18:35:39+00:00","dateModified":"2024-12-30T18:36:39+00:00","mainEntityOfPage":{"@id":"https:\/\/stourm.news\/?p=3128"},"wordCount":635,"commentCount":0,"publisher":{"@id":"https:\/\/stourm.news\/#organization"},"image":{"@id":"https:\/\/stourm.news\/?p=3128#primaryimage"},"thumbnailUrl":"https:\/\/stourm.news\/wp-content\/uploads\/2024\/12\/20170921_153116.jx3EHvaray0z.jpg","articleSection":["Breizh","Principale"],"inLanguage":"fr-FR","potentialAction":[{"@type":"CommentAction","name":"Comment","target":["https:\/\/stourm.news\/?p=3128#respond"]}]},{"@type":"WebPage","@id":"https:\/\/stourm.news\/?p=3128","url":"https:\/\/stourm.news\/?p=3128","name":"Pays nantais : en danger de fermeture, la micro-cr\u00e8che brittophone Youn ha Solena appelle aux dons - STOURM","isPartOf":{"@id":"https:\/\/stourm.news\/#website"},"primaryImageOfPage":{"@id":"https:\/\/stourm.news\/?p=3128#primaryimage"},"image":{"@id":"https:\/\/stourm.news\/?p=3128#primaryimage"},"thumbnailUrl":"https:\/\/stourm.news\/wp-content\/uploads\/2024\/12\/20170921_153116.jx3EHvaray0z.jpg","datePublished":"2024-12-30T18:35:39+00:00","dateModified":"2024-12-30T18:36:39+00:00","breadcrumb":{"@id":"https:\/\/stourm.news\/?p=3128#breadcrumb"},"inLanguage":"fr-FR","potentialAction":[{"@type":"ReadAction","target":["https:\/\/stourm.news\/?p=3128"]}]},{"@type":"ImageObject","inLanguage":"fr-FR","@id":"https:\/\/stourm.news\/?p=3128#primaryimage","url":"https:\/\/stourm.news\/wp-content\/uploads\/2024\/12\/20170921_153116.jx3EHvaray0z.jpg","contentUrl":"https:\/\/stourm.news\/wp-content\/uploads\/2024\/12\/20170921_153116.jx3EHvaray0z.jpg","width":640,"height":360},{"@type":"BreadcrumbList","@id":"https:\/\/stourm.news\/?p=3128#breadcrumb","itemListElement":[{"@type":"ListItem","position":1,"name":"Accueil","item":"https:\/\/stourm.news\/"},{"@type":"ListItem","position":2,"name":"Pays nantais : en danger de fermeture, la micro-cr\u00e8che brittophone Youn ha Solena appelle aux dons"}]},{"@type":"WebSite","@id":"https:\/\/stourm.news\/#website","url":"https:\/\/stourm.news\/","name":"Stourm","description":"Kazetenn Strollad Broadel Breizh","publisher":{"@id":"https:\/\/stourm.news\/#organization"},"potentialAction":[{"@type":"SearchAction","target":{"@type":"EntryPoint","urlTemplate":"https:\/\/stourm.news\/?s={search_term_string}"},"query-input":{"@type":"PropertyValueSpecification","valueRequired":true,"valueName":"search_term_string"}}],"inLanguage":"fr-FR"},{"@type":"Organization","@id":"https:\/\/stourm.news\/#organization","name":"Stourm","url":"https:\/\/stourm.news\/","logo":{"@type":"ImageObject","inLanguage":"fr-FR","@id":"https:\/\/stourm.news\/#\/schema\/logo\/image\/","url":"https:\/\/stourm.news\/wp-content\/uploads\/2025\/11\/cropped-Capture-decran-2025-11-28-a-15.19.07.png","contentUrl":"https:\/\/stourm.news\/wp-content\/uploads\/2025\/11\/cropped-Capture-decran-2025-11-28-a-15.19.07.png","width":1855,"height":383,"caption":"Stourm"},"image":{"@id":"https:\/\/stourm.news\/#\/schema\/logo\/image\/"},"sameAs":["https:\/\/www.facebook.com\/stourmnews\/"]},{"@type":"Person","@id":"https:\/\/stourm.news\/#\/schema\/person\/c3e1dc65988632e190969234ef046cf9","name":"La r\u00e9daction","image":{"@type":"ImageObject","inLanguage":"fr-FR","@id":"https:\/\/stourm.news\/#\/schema\/person\/image\/","url":"https:\/\/secure.gravatar.com\/avatar\/7463443f194b6b5fb706b074ca0ef59a0cfcfd720cb47764b0ec5a952ce422b3?s=96&d=mm&r=g","contentUrl":"https:\/\/secure.gravatar.com\/avatar\/7463443f194b6b5fb706b074ca0ef59a0cfcfd720cb47764b0ec5a952ce422b3?s=96&d=mm&r=g","caption":"La r\u00e9daction"},"sameAs":["https:\/\/stourm.news"],"url":"https:\/\/stourm.news\/?author=1"}]}},"_links":{"self":[{"href":"https:\/\/stourm.news\/index.php?rest_route=\/wp\/v2\/posts\/3128","targetHints":{"allow":["GET"]}}],"collection":[{"href":"https:\/\/stourm.news\/index.php?rest_route=\/wp\/v2\/posts"}],"about":[{"href":"https:\/\/stourm.news\/index.php?rest_route=\/wp\/v2\/types\/post"}],"author":[{"embeddable":true,"href":"https:\/\/stourm.news\/index.php?rest_route=\/wp\/v2\/users\/1"}],"replies":[{"embeddable":true,"href":"https:\/\/stourm.news\/index.php?rest_route=%2Fwp%2Fv2%2Fcomments&post=3128"}],"version-history":[{"count":2,"href":"https:\/\/stourm.news\/index.php?rest_route=\/wp\/v2\/posts\/3128\/revisions"}],"predecessor-version":[{"id":3131,"href":"https:\/\/stourm.news\/index.php?rest_route=\/wp\/v2\/posts\/3128\/revisions\/3131"}],"wp:featuredmedia":[{"embeddable":true,"href":"https:\/\/stourm.news\/index.php?rest_route=\/wp\/v2\/media\/3129"}],"wp:attachment":[{"href":"https:\/\/stourm.news\/index.php?rest_route=%2Fwp%2Fv2%2Fmedia&parent=3128"}],"wp:term":[{"taxonomy":"category","embeddable":true,"href":"https:\/\/stourm.news\/index.php?rest_route=%2Fwp%2Fv2%2Fcategories&post=3128"},{"taxonomy":"post_tag","embeddable":true,"href":"https:\/\/stourm.news\/index.php?rest_route=%2Fwp%2Fv2%2Ftags&post=3128"}],"curies":[{"name":"wp","href":"https:\/\/api.w.org\/{rel}","templated":true}]}}