{"id":3153,"date":"2025-01-03T15:57:17","date_gmt":"2025-01-03T15:57:17","guid":{"rendered":"https:\/\/stourm.news\/?p=3153"},"modified":"2025-01-03T15:57:17","modified_gmt":"2025-01-03T15:57:17","slug":"drogues-extra-europeens-a-rennes-les-riverains-du-quartier-multiculturel-du-blosne-en-ont-assez","status":"publish","type":"post","link":"https:\/\/stourm.news\/?p=3153","title":{"rendered":"Drogu\u00e9s extra-europ\u00e9ens \u00e0 Rennes : les riverains du quartier multiculturel du Blosne en ont assez"},"content":{"rendered":"<p style=\"text-align: justify;\">Dans le quartier du Blosne, \u00e0 Rennes, les riverains des all\u00e9es du Gacet et de Gen\u00e8ve vivent un v\u00e9ritable cauchemar. Squats, consommation de drogues en plein air et sentiment d\u2019ins\u00e9curit\u00e9 rythment leur quotidien. Ils alimentent une exasp\u00e9ration grandissante face \u00e0 ce qu\u2019ils estiment \u00eatre l\u2019inaction des autorit\u00e9s locales et m\u00e9tropolitaines.<\/p>\n<p style=\"text-align: justify;\">Le 17 septembre dernier, le gestionnaire des copropri\u00e9t\u00e9s Chesnelaie A-B-C-D, repr\u00e9sentant 170 logements, a pris la plume pour alerter Rennes M\u00e9tropole sur la situation pr\u00e9occupante. Dans ce courrier sans \u00e9quivoque, il d\u00e9crit une crise qui s\u2019aggrave de jour en jour. \u00ab\u2009Le contexte ne cesse d\u2019empirer depuis le d\u00e9but de l\u2019ann\u00e9e\u2009\u00bb, \u00e9crit le syndic. \u00ab\u2009Les services de la ville ne nettoyant pas la zone, je suis contraint de devoir demander \u00e0 des soci\u00e9t\u00e9s de venir \u00e9vacuer les encombrants, seringues et autres d\u00e9chets. Ces interventions, enti\u00e8rement \u00e0 la charge des copropri\u00e9taires, repr\u00e9sentent un co\u00fbt consid\u00e9rable : plus de 2\u2009400 euros depuis janvier.\u2009\u00bb<\/p>\n<p style=\"text-align: justify;\">La nuit, la situation prend des airs encore plus inqui\u00e9tants. \u00ab\u2009On voit des dealers se chauffer avec du bois de palette pour maintenir leur business la nuit. Personne ne bouge.\u2009\u00bb M\u00eame la vid\u00e9osurveillance, \u00e9tablie \u00e0 grands frais, semble inefficace. \u00ab\u2009Trois pyl\u00f4nes de cam\u00e9ras ont \u00e9t\u00e9 pos\u00e9s, mais en 24 heures, elles ont \u00e9t\u00e9 inutilisables. Les trafiquants les d\u00e9sactivent ou font des feux de camp \u00e0 leurs pieds\u2009\u00bb, d\u00e9plore-t-il.<\/p>\n<p>Source : <a href=\"https:\/\/www.rennes-infos-autrement.fr\/entre-squat-et-trafic-de-stupefiants-les-habitants-du-gacet-crient-a-labandon\/\">Rennes Info\u00a0<\/a><\/p>\n","protected":false},"excerpt":{"rendered":"<p>Dans le quartier du Blosne, \u00e0 Rennes, les riverains des all\u00e9es du Gacet et de Gen\u00e8ve vivent un v\u00e9ritable cauchemar. Squats, consommation de drogues en plein air et sentiment d\u2019ins\u00e9curit\u00e9 rythment leur quotidien. Ils alimentent une exasp\u00e9ration grandissante face \u00e0 ce qu\u2019ils estiment \u00eatre l\u2019inaction des autorit\u00e9s locales et m\u00e9tropolitaines. Le 17 septembre dernier, le [&hellip;]<\/p>\n","protected":false},"author":1,"featured_media":3154,"comment_status":"open","ping_status":"open","sticky":false,"template":"","format":"standard","meta":{"sb_editor_width":"","footnotes":""},"categories":[29,62,54],"tags":[],"class_list":["post-3153","post","type-post","status-publish","format-standard","has-post-thumbnail","hentry","category-drogue","category-revue-de-presse","category-societe"],"relative_dates":{"created":"1 an ago","modified":"1 an ago"},"yoast_head":"<!-- This site is optimized with the Yoast SEO plugin v26.3 - https:\/\/yoast.com\/wordpress\/plugins\/seo\/ -->\n<title>Drogu\u00e9s extra-europ\u00e9ens \u00e0 Rennes : les riverains du quartier multiculturel du Blosne en ont assez - STOURM<\/title>\n<meta name=\"robots\" content=\"index, follow, max-snippet:-1, max-image-preview:large, max-video-preview:-1\" \/>\n<link rel=\"canonical\" href=\"https:\/\/stourm.news\/?p=3153\" \/>\n<meta property=\"og:locale\" content=\"fr_FR\" \/>\n<meta property=\"og:type\" content=\"article\" \/>\n<meta property=\"og:title\" content=\"Drogu\u00e9s extra-europ\u00e9ens \u00e0 Rennes : les riverains du quartier multiculturel du Blosne en ont assez - STOURM\" \/>\n<meta property=\"og:description\" content=\"Dans le quartier du Blosne, \u00e0 Rennes, les riverains des all\u00e9es du Gacet et de Gen\u00e8ve vivent un v\u00e9ritable cauchemar. Squats, consommation de drogues en plein air et sentiment d\u2019ins\u00e9curit\u00e9 rythment leur quotidien. Ils alimentent une exasp\u00e9ration grandissante face \u00e0 ce qu\u2019ils estiment \u00eatre l\u2019inaction des autorit\u00e9s locales et m\u00e9tropolitaines. Le 17 septembre dernier, le [&hellip;]\" \/>\n<meta property=\"og:url\" content=\"https:\/\/stourm.news\/?p=3153\" \/>\n<meta property=\"og:site_name\" content=\"STOURM\" \/>\n<meta property=\"article:publisher\" content=\"https:\/\/www.facebook.com\/stourmnews\/\" \/>\n<meta property=\"article:published_time\" content=\"2025-01-03T15:57:17+00:00\" \/>\n<meta property=\"og:image\" content=\"https:\/\/stourm.news\/wp-content\/uploads\/2025\/01\/Capture-decran-2025-01-04-a-00.54.33.png\" \/>\n\t<meta property=\"og:image:width\" content=\"822\" \/>\n\t<meta property=\"og:image:height\" content=\"664\" \/>\n\t<meta property=\"og:image:type\" content=\"image\/png\" \/>\n<meta name=\"author\" content=\"La r\u00e9daction\" \/>\n<meta name=\"twitter:card\" content=\"summary_large_image\" \/>\n<meta name=\"twitter:label1\" content=\"\u00c9crit par\" \/>\n\t<meta name=\"twitter:data1\" content=\"La r\u00e9daction\" \/>\n\t<meta name=\"twitter:label2\" content=\"Dur\u00e9e de lecture estim\u00e9e\" \/>\n\t<meta name=\"twitter:data2\" content=\"2 minutes\" \/>\n<script type=\"application\/ld+json\" class=\"yoast-schema-graph\">{\"@context\":\"https:\/\/schema.org\",\"@graph\":[{\"@type\":\"Article\",\"@id\":\"https:\/\/stourm.news\/?p=3153#article\",\"isPartOf\":{\"@id\":\"https:\/\/stourm.news\/?p=3153\"},\"author\":{\"name\":\"La r\u00e9daction\",\"@id\":\"https:\/\/stourm.news\/#\/schema\/person\/c3e1dc65988632e190969234ef046cf9\"},\"headline\":\"Drogu\u00e9s extra-europ\u00e9ens \u00e0 Rennes : les riverains du quartier multiculturel du Blosne en ont assez\",\"datePublished\":\"2025-01-03T15:57:17+00:00\",\"mainEntityOfPage\":{\"@id\":\"https:\/\/stourm.news\/?p=3153\"},\"wordCount\":262,\"commentCount\":0,\"publisher\":{\"@id\":\"https:\/\/stourm.news\/#organization\"},\"image\":{\"@id\":\"https:\/\/stourm.news\/?p=3153#primaryimage\"},\"thumbnailUrl\":\"https:\/\/stourm.news\/wp-content\/uploads\/2025\/01\/Capture-decran-2025-01-04-a-00.54.33.png\",\"articleSection\":[\"Drogue\",\"Revue de presse\",\"Soci\u00e9t\u00e9\"],\"inLanguage\":\"fr-FR\",\"potentialAction\":[{\"@type\":\"CommentAction\",\"name\":\"Comment\",\"target\":[\"https:\/\/stourm.news\/?p=3153#respond\"]}]},{\"@type\":\"WebPage\",\"@id\":\"https:\/\/stourm.news\/?p=3153\",\"url\":\"https:\/\/stourm.news\/?p=3153\",\"name\":\"Drogu\u00e9s extra-europ\u00e9ens \u00e0 Rennes : les riverains du quartier multiculturel du Blosne en ont assez - STOURM\",\"isPartOf\":{\"@id\":\"https:\/\/stourm.news\/#website\"},\"primaryImageOfPage\":{\"@id\":\"https:\/\/stourm.news\/?p=3153#primaryimage\"},\"image\":{\"@id\":\"https:\/\/stourm.news\/?p=3153#primaryimage\"},\"thumbnailUrl\":\"https:\/\/stourm.news\/wp-content\/uploads\/2025\/01\/Capture-decran-2025-01-04-a-00.54.33.png\",\"datePublished\":\"2025-01-03T15:57:17+00:00\",\"breadcrumb\":{\"@id\":\"https:\/\/stourm.news\/?p=3153#breadcrumb\"},\"inLanguage\":\"fr-FR\",\"potentialAction\":[{\"@type\":\"ReadAction\",\"target\":[\"https:\/\/stourm.news\/?p=3153\"]}]},{\"@type\":\"ImageObject\",\"inLanguage\":\"fr-FR\",\"@id\":\"https:\/\/stourm.news\/?p=3153#primaryimage\",\"url\":\"https:\/\/stourm.news\/wp-content\/uploads\/2025\/01\/Capture-decran-2025-01-04-a-00.54.33.png\",\"contentUrl\":\"https:\/\/stourm.news\/wp-content\/uploads\/2025\/01\/Capture-decran-2025-01-04-a-00.54.33.png\",\"width\":822,\"height\":664},{\"@type\":\"BreadcrumbList\",\"@id\":\"https:\/\/stourm.news\/?p=3153#breadcrumb\",\"itemListElement\":[{\"@type\":\"ListItem\",\"position\":1,\"name\":\"Accueil\",\"item\":\"https:\/\/stourm.news\/\"},{\"@type\":\"ListItem\",\"position\":2,\"name\":\"Drogu\u00e9s extra-europ\u00e9ens \u00e0 Rennes : les riverains du quartier multiculturel du Blosne en ont assez\"}]},{\"@type\":\"WebSite\",\"@id\":\"https:\/\/stourm.news\/#website\",\"url\":\"https:\/\/stourm.news\/\",\"name\":\"Stourm\",\"description\":\"Kazetenn Strollad Broadel Breizh\",\"publisher\":{\"@id\":\"https:\/\/stourm.news\/#organization\"},\"potentialAction\":[{\"@type\":\"SearchAction\",\"target\":{\"@type\":\"EntryPoint\",\"urlTemplate\":\"https:\/\/stourm.news\/?s={search_term_string}\"},\"query-input\":{\"@type\":\"PropertyValueSpecification\",\"valueRequired\":true,\"valueName\":\"search_term_string\"}}],\"inLanguage\":\"fr-FR\"},{\"@type\":\"Organization\",\"@id\":\"https:\/\/stourm.news\/#organization\",\"name\":\"Stourm\",\"url\":\"https:\/\/stourm.news\/\",\"logo\":{\"@type\":\"ImageObject\",\"inLanguage\":\"fr-FR\",\"@id\":\"https:\/\/stourm.news\/#\/schema\/logo\/image\/\",\"url\":\"https:\/\/stourm.news\/wp-content\/uploads\/2025\/11\/cropped-Capture-decran-2025-11-28-a-15.19.07.png\",\"contentUrl\":\"https:\/\/stourm.news\/wp-content\/uploads\/2025\/11\/cropped-Capture-decran-2025-11-28-a-15.19.07.png\",\"width\":1855,\"height\":383,\"caption\":\"Stourm\"},\"image\":{\"@id\":\"https:\/\/stourm.news\/#\/schema\/logo\/image\/\"},\"sameAs\":[\"https:\/\/www.facebook.com\/stourmnews\/\"]},{\"@type\":\"Person\",\"@id\":\"https:\/\/stourm.news\/#\/schema\/person\/c3e1dc65988632e190969234ef046cf9\",\"name\":\"La r\u00e9daction\",\"image\":{\"@type\":\"ImageObject\",\"inLanguage\":\"fr-FR\",\"@id\":\"https:\/\/stourm.news\/#\/schema\/person\/image\/\",\"url\":\"https:\/\/secure.gravatar.com\/avatar\/7463443f194b6b5fb706b074ca0ef59a0cfcfd720cb47764b0ec5a952ce422b3?s=96&d=mm&r=g\",\"contentUrl\":\"https:\/\/secure.gravatar.com\/avatar\/7463443f194b6b5fb706b074ca0ef59a0cfcfd720cb47764b0ec5a952ce422b3?s=96&d=mm&r=g\",\"caption\":\"La r\u00e9daction\"},\"sameAs\":[\"https:\/\/stourm.news\"],\"url\":\"https:\/\/stourm.news\/?author=1\"}]}<\/script>\n<!-- \/ Yoast SEO plugin. -->","yoast_head_json":{"title":"Drogu\u00e9s extra-europ\u00e9ens \u00e0 Rennes : les riverains du quartier multiculturel du Blosne en ont assez - STOURM","robots":{"index":"index","follow":"follow","max-snippet":"max-snippet:-1","max-image-preview":"max-image-preview:large","max-video-preview":"max-video-preview:-1"},"canonical":"https:\/\/stourm.news\/?p=3153","og_locale":"fr_FR","og_type":"article","og_title":"Drogu\u00e9s extra-europ\u00e9ens \u00e0 Rennes : les riverains du quartier multiculturel du Blosne en ont assez - STOURM","og_description":"Dans le quartier du Blosne, \u00e0 Rennes, les riverains des all\u00e9es du Gacet et de Gen\u00e8ve vivent un v\u00e9ritable cauchemar. Squats, consommation de drogues en plein air et sentiment d\u2019ins\u00e9curit\u00e9 rythment leur quotidien. Ils alimentent une exasp\u00e9ration grandissante face \u00e0 ce qu\u2019ils estiment \u00eatre l\u2019inaction des autorit\u00e9s locales et m\u00e9tropolitaines. Le 17 septembre dernier, le [&hellip;]","og_url":"https:\/\/stourm.news\/?p=3153","og_site_name":"STOURM","article_publisher":"https:\/\/www.facebook.com\/stourmnews\/","article_published_time":"2025-01-03T15:57:17+00:00","og_image":[{"width":822,"height":664,"url":"https:\/\/stourm.news\/wp-content\/uploads\/2025\/01\/Capture-decran-2025-01-04-a-00.54.33.png","type":"image\/png"}],"author":"La r\u00e9daction","twitter_card":"summary_large_image","twitter_misc":{"\u00c9crit par":"La r\u00e9daction","Dur\u00e9e de lecture estim\u00e9e":"2 minutes"},"schema":{"@context":"https:\/\/schema.org","@graph":[{"@type":"Article","@id":"https:\/\/stourm.news\/?p=3153#article","isPartOf":{"@id":"https:\/\/stourm.news\/?p=3153"},"author":{"name":"La r\u00e9daction","@id":"https:\/\/stourm.news\/#\/schema\/person\/c3e1dc65988632e190969234ef046cf9"},"headline":"Drogu\u00e9s extra-europ\u00e9ens \u00e0 Rennes : les riverains du quartier multiculturel du Blosne en ont assez","datePublished":"2025-01-03T15:57:17+00:00","mainEntityOfPage":{"@id":"https:\/\/stourm.news\/?p=3153"},"wordCount":262,"commentCount":0,"publisher":{"@id":"https:\/\/stourm.news\/#organization"},"image":{"@id":"https:\/\/stourm.news\/?p=3153#primaryimage"},"thumbnailUrl":"https:\/\/stourm.news\/wp-content\/uploads\/2025\/01\/Capture-decran-2025-01-04-a-00.54.33.png","articleSection":["Drogue","Revue de presse","Soci\u00e9t\u00e9"],"inLanguage":"fr-FR","potentialAction":[{"@type":"CommentAction","name":"Comment","target":["https:\/\/stourm.news\/?p=3153#respond"]}]},{"@type":"WebPage","@id":"https:\/\/stourm.news\/?p=3153","url":"https:\/\/stourm.news\/?p=3153","name":"Drogu\u00e9s extra-europ\u00e9ens \u00e0 Rennes : les riverains du quartier multiculturel du Blosne en ont assez - STOURM","isPartOf":{"@id":"https:\/\/stourm.news\/#website"},"primaryImageOfPage":{"@id":"https:\/\/stourm.news\/?p=3153#primaryimage"},"image":{"@id":"https:\/\/stourm.news\/?p=3153#primaryimage"},"thumbnailUrl":"https:\/\/stourm.news\/wp-content\/uploads\/2025\/01\/Capture-decran-2025-01-04-a-00.54.33.png","datePublished":"2025-01-03T15:57:17+00:00","breadcrumb":{"@id":"https:\/\/stourm.news\/?p=3153#breadcrumb"},"inLanguage":"fr-FR","potentialAction":[{"@type":"ReadAction","target":["https:\/\/stourm.news\/?p=3153"]}]},{"@type":"ImageObject","inLanguage":"fr-FR","@id":"https:\/\/stourm.news\/?p=3153#primaryimage","url":"https:\/\/stourm.news\/wp-content\/uploads\/2025\/01\/Capture-decran-2025-01-04-a-00.54.33.png","contentUrl":"https:\/\/stourm.news\/wp-content\/uploads\/2025\/01\/Capture-decran-2025-01-04-a-00.54.33.png","width":822,"height":664},{"@type":"BreadcrumbList","@id":"https:\/\/stourm.news\/?p=3153#breadcrumb","itemListElement":[{"@type":"ListItem","position":1,"name":"Accueil","item":"https:\/\/stourm.news\/"},{"@type":"ListItem","position":2,"name":"Drogu\u00e9s extra-europ\u00e9ens \u00e0 Rennes : les riverains du quartier multiculturel du Blosne en ont assez"}]},{"@type":"WebSite","@id":"https:\/\/stourm.news\/#website","url":"https:\/\/stourm.news\/","name":"Stourm","description":"Kazetenn Strollad Broadel Breizh","publisher":{"@id":"https:\/\/stourm.news\/#organization"},"potentialAction":[{"@type":"SearchAction","target":{"@type":"EntryPoint","urlTemplate":"https:\/\/stourm.news\/?s={search_term_string}"},"query-input":{"@type":"PropertyValueSpecification","valueRequired":true,"valueName":"search_term_string"}}],"inLanguage":"fr-FR"},{"@type":"Organization","@id":"https:\/\/stourm.news\/#organization","name":"Stourm","url":"https:\/\/stourm.news\/","logo":{"@type":"ImageObject","inLanguage":"fr-FR","@id":"https:\/\/stourm.news\/#\/schema\/logo\/image\/","url":"https:\/\/stourm.news\/wp-content\/uploads\/2025\/11\/cropped-Capture-decran-2025-11-28-a-15.19.07.png","contentUrl":"https:\/\/stourm.news\/wp-content\/uploads\/2025\/11\/cropped-Capture-decran-2025-11-28-a-15.19.07.png","width":1855,"height":383,"caption":"Stourm"},"image":{"@id":"https:\/\/stourm.news\/#\/schema\/logo\/image\/"},"sameAs":["https:\/\/www.facebook.com\/stourmnews\/"]},{"@type":"Person","@id":"https:\/\/stourm.news\/#\/schema\/person\/c3e1dc65988632e190969234ef046cf9","name":"La r\u00e9daction","image":{"@type":"ImageObject","inLanguage":"fr-FR","@id":"https:\/\/stourm.news\/#\/schema\/person\/image\/","url":"https:\/\/secure.gravatar.com\/avatar\/7463443f194b6b5fb706b074ca0ef59a0cfcfd720cb47764b0ec5a952ce422b3?s=96&d=mm&r=g","contentUrl":"https:\/\/secure.gravatar.com\/avatar\/7463443f194b6b5fb706b074ca0ef59a0cfcfd720cb47764b0ec5a952ce422b3?s=96&d=mm&r=g","caption":"La r\u00e9daction"},"sameAs":["https:\/\/stourm.news"],"url":"https:\/\/stourm.news\/?author=1"}]}},"_links":{"self":[{"href":"https:\/\/stourm.news\/index.php?rest_route=\/wp\/v2\/posts\/3153","targetHints":{"allow":["GET"]}}],"collection":[{"href":"https:\/\/stourm.news\/index.php?rest_route=\/wp\/v2\/posts"}],"about":[{"href":"https:\/\/stourm.news\/index.php?rest_route=\/wp\/v2\/types\/post"}],"author":[{"embeddable":true,"href":"https:\/\/stourm.news\/index.php?rest_route=\/wp\/v2\/users\/1"}],"replies":[{"embeddable":true,"href":"https:\/\/stourm.news\/index.php?rest_route=%2Fwp%2Fv2%2Fcomments&post=3153"}],"version-history":[{"count":1,"href":"https:\/\/stourm.news\/index.php?rest_route=\/wp\/v2\/posts\/3153\/revisions"}],"predecessor-version":[{"id":3155,"href":"https:\/\/stourm.news\/index.php?rest_route=\/wp\/v2\/posts\/3153\/revisions\/3155"}],"wp:featuredmedia":[{"embeddable":true,"href":"https:\/\/stourm.news\/index.php?rest_route=\/wp\/v2\/media\/3154"}],"wp:attachment":[{"href":"https:\/\/stourm.news\/index.php?rest_route=%2Fwp%2Fv2%2Fmedia&parent=3153"}],"wp:term":[{"taxonomy":"category","embeddable":true,"href":"https:\/\/stourm.news\/index.php?rest_route=%2Fwp%2Fv2%2Fcategories&post=3153"},{"taxonomy":"post_tag","embeddable":true,"href":"https:\/\/stourm.news\/index.php?rest_route=%2Fwp%2Fv2%2Ftags&post=3153"}],"curies":[{"name":"wp","href":"https:\/\/api.w.org\/{rel}","templated":true}]}}