{"id":3156,"date":"2025-01-04T08:42:33","date_gmt":"2025-01-04T08:42:33","guid":{"rendered":"https:\/\/stourm.news\/?p=3156"},"modified":"2025-01-04T09:59:06","modified_gmt":"2025-01-04T09:59:06","slug":"brest-la-boucherie-halal-chez-wahid-etait-sous-ecoute-tuer-tout-un-village-en-une-nuit-figurait-au-programme-des-djihadistes-syriens","status":"publish","type":"post","link":"https:\/\/stourm.news\/?p=3156","title":{"rendered":"Brest : la boucherie halal \u00ab\u00a0Chez Wahid\u00a0\u00bb \u00e9tait sous \u00e9coute, \u00ab\u00a0Tuer tout un village en une nuit\u00a0\u00bb figurait au programme des djihadistes syriens"},"content":{"rendered":"<p style=\"text-align: justify;\">Six hommes devront r\u00e9pondre devant la justice <strong>d\u2019un projet d\u2019attentat<\/strong>, pr\u00e9par\u00e9 jusqu\u2019\u00e0 d\u00e9but 2020 dans une boucherie <strong>halal<\/strong> de Brest (Finist\u00e8re). Ce commerce, sous surveillance des services de renseignement, a permis d\u2019intercepter des conversations sur plusieurs ann\u00e9es, menant \u00e0 l\u2019arrestation de ces individus.<\/p>\n<p style=\"text-align: justify;\">Selon des informations rapport\u00e9es par France 3, cette boucherie, <strong>\u00ab Chez Wahid \u00bb<\/strong>, \u00e9tait identifi\u00e9e comme un lieu de rassemblement pour <strong>une cellule djihadiste<\/strong> pr\u00e9sum\u00e9e. Ces faits confirment les appr\u00e9hensions du comit\u00e9 interminist\u00e9riel de pr\u00e9vention de la d\u00e9linquance et de la radicalisation (CIPDR), qui redoutait que certains <strong>commerces communautaires<\/strong> puissent servir de foyers de <strong>radicalisation<\/strong>.<\/p>\n<p style=\"text-align: justify;\">L\u2019enqu\u00eate trouve son origine dans une information transmise par des services de renseignement \u00e9trangers en 2019. Cette alerte concernait <strong>un Syrien<\/strong> r\u00e9fugi\u00e9 en France depuis novembre 2015, <strong>Mohamad D.<\/strong>, connu sous le nom <strong>d\u2019Abou Omar Al-Falastini<\/strong>. Ag\u00e9 d\u2019une quarantaine d\u2019ann\u00e9es, il est suspect\u00e9 d\u2019avoir combattu pour <strong>l\u2019\u00c9tat islamique (EI)<\/strong>. Depuis, il a perdu son statut de r\u00e9fugi\u00e9.<\/p>\n<p style=\"text-align: justify;\">Les agents ont rapidement not\u00e9 sa fr\u00e9quentation assidue de <strong>\u00ab Chez Wahid \u00bb<\/strong>, tenu par <strong>Wahid B.<\/strong>, condamn\u00e9 en 2019 pour <strong>apologie du terrorisme<\/strong>. Le lieu \u00e9tait soup\u00e7onn\u00e9 d\u2019accueillir des r\u00e9unions li\u00e9es <strong>\u00e0 la mouvance islamiste radicale<\/strong> de Brest.<\/p>\n<p style=\"text-align: justify;\">Les \u00e9coutes men\u00e9es par les services de renseignement ont permis de d\u00e9celer plusieurs projets d\u2019attentats. Selon les informations du Monde, lors d\u2019une conversation, <strong>Mohamad D.<\/strong> \u00e9voque la possibilit\u00e9 de <strong>\u00ab tuer tout un village en une nuit \u00bb<\/strong>. Il alerte \u00e9galement <strong>Wahid B.<\/strong> sur la pr\u00e9sence d\u2019un informateur au sein de leur cercle.<\/p>\n<p style=\"text-align: justify;\">Un autre membre du groupe, Erwan M., <strong>converti \u00e0 l\u2019islam radical<\/strong>, a tent\u00e9 de brouiller les pistes. Il a ras\u00e9 sa barbe, modifi\u00e9 son comportement en pr\u00e9sence de <strong>\u00ab kouffars \u00bb (m\u00e9cr\u00e9ants)<\/strong> et demand\u00e9 \u00e0 sa femme de retirer le niqab pour ne pas attirer l\u2019attention.<\/p>\n<p style=\"text-align: justify;\">Parmi les cibles potentielles, des \u00e9v\u00e9nements comme un match de football \u00e0 Brest ou les festivit\u00e9s du Nouvel An chinois avaient \u00e9t\u00e9 envisag\u00e9s. Face \u00e0 l\u2019imminence d\u2019un passage \u00e0 l\u2019acte, les forces de l\u2019ordre ont interpell\u00e9 les suspects en janvier 2020.<\/p>\n<p style=\"text-align: justify;\">Au terme de trois ans et demi d\u2019instruction, deux juges antiterroristes ont d\u00e9cid\u00e9 de renvoyer six hommes devant la justice pour \u00ab association de malfaiteurs en relation avec une entreprise terroriste criminelle \u00bb. <strong>Mohamad D. et Wahid B.<\/strong> font partie des accus\u00e9s, selon un article du Monde paru le 3 janvier.<\/p>\n<p style=\"text-align: justify;\">Un des membres du groupe, <strong>Mehdi<\/strong>, seul \u00e0 avoir reconnu son intention de commettre un attentat, \u00e9tait mineur au moment des faits. Il compara\u00eetra devant la cour d\u2019assises sp\u00e9ciale des mineurs.<\/p>\n<p style=\"text-align: justify;\">Le proc\u00e8s de l\u2019ensemble des accus\u00e9s est pr\u00e9vu de mars \u00e0 avril 2025.<\/p>\n<p>Source : <a href=\"https:\/\/actuforcesdelordre.fr\/2025\/01\/04\/projets-dattentats-la-boucherie-halal-de-brest-etait-sous-ecoute-tuer-tout-un-village-en-une-nuit\/\">Actu forces de l&rsquo;ordre<\/a><\/p>\n","protected":false},"excerpt":{"rendered":"<p>Six hommes devront r\u00e9pondre devant la justice d\u2019un projet d\u2019attentat, pr\u00e9par\u00e9 jusqu\u2019\u00e0 d\u00e9but 2020 dans une boucherie halal de Brest (Finist\u00e8re). Ce commerce, sous surveillance des services de renseignement, a permis d\u2019intercepter des conversations sur plusieurs ann\u00e9es, menant \u00e0 l\u2019arrestation de ces individus. Selon des informations rapport\u00e9es par France 3, cette boucherie, \u00ab Chez Wahid [&hellip;]<\/p>\n","protected":false},"author":1,"featured_media":3157,"comment_status":"open","ping_status":"open","sticky":false,"template":"","format":"standard","meta":{"sb_editor_width":"","footnotes":""},"categories":[38,32,62],"tags":[],"class_list":["post-3156","post","type-post","status-publish","format-standard","has-post-thumbnail","hentry","category-finistere","category-islamisme","category-revue-de-presse"],"relative_dates":{"created":"1 an ago","modified":"1 an ago"},"yoast_head":"<!-- This site is optimized with the Yoast SEO plugin v26.3 - https:\/\/yoast.com\/wordpress\/plugins\/seo\/ -->\n<title>Brest : la boucherie halal &quot;Chez Wahid&quot; \u00e9tait sous \u00e9coute, &quot;Tuer tout un village en une nuit&quot; figurait au programme des djihadistes syriens - STOURM<\/title>\n<meta name=\"robots\" content=\"index, follow, max-snippet:-1, max-image-preview:large, max-video-preview:-1\" \/>\n<link rel=\"canonical\" href=\"https:\/\/stourm.news\/?p=3156\" \/>\n<meta property=\"og:locale\" content=\"fr_FR\" \/>\n<meta property=\"og:type\" content=\"article\" \/>\n<meta property=\"og:title\" content=\"Brest : la boucherie halal &quot;Chez Wahid&quot; \u00e9tait sous \u00e9coute, &quot;Tuer tout un village en une nuit&quot; figurait au programme des djihadistes syriens - STOURM\" \/>\n<meta property=\"og:description\" content=\"Six hommes devront r\u00e9pondre devant la justice d\u2019un projet d\u2019attentat, pr\u00e9par\u00e9 jusqu\u2019\u00e0 d\u00e9but 2020 dans une boucherie halal de Brest (Finist\u00e8re). Ce commerce, sous surveillance des services de renseignement, a permis d\u2019intercepter des conversations sur plusieurs ann\u00e9es, menant \u00e0 l\u2019arrestation de ces individus. Selon des informations rapport\u00e9es par France 3, cette boucherie, \u00ab Chez Wahid [&hellip;]\" \/>\n<meta property=\"og:url\" content=\"https:\/\/stourm.news\/?p=3156\" \/>\n<meta property=\"og:site_name\" content=\"STOURM\" \/>\n<meta property=\"article:publisher\" content=\"https:\/\/www.facebook.com\/stourmnews\/\" \/>\n<meta property=\"article:published_time\" content=\"2025-01-04T08:42:33+00:00\" \/>\n<meta property=\"article:modified_time\" content=\"2025-01-04T09:59:06+00:00\" \/>\n<meta property=\"og:image\" content=\"https:\/\/stourm.news\/wp-content\/uploads\/2025\/01\/epicerie_jaures_halal.jpg\" \/>\n\t<meta property=\"og:image:width\" content=\"600\" \/>\n\t<meta property=\"og:image:height\" content=\"368\" \/>\n\t<meta property=\"og:image:type\" content=\"image\/jpeg\" \/>\n<meta name=\"author\" content=\"La r\u00e9daction\" \/>\n<meta name=\"twitter:card\" content=\"summary_large_image\" \/>\n<meta name=\"twitter:label1\" content=\"\u00c9crit par\" \/>\n\t<meta name=\"twitter:data1\" content=\"La r\u00e9daction\" \/>\n\t<meta name=\"twitter:label2\" content=\"Dur\u00e9e de lecture estim\u00e9e\" \/>\n\t<meta name=\"twitter:data2\" content=\"3 minutes\" \/>\n<script type=\"application\/ld+json\" class=\"yoast-schema-graph\">{\"@context\":\"https:\/\/schema.org\",\"@graph\":[{\"@type\":\"Article\",\"@id\":\"https:\/\/stourm.news\/?p=3156#article\",\"isPartOf\":{\"@id\":\"https:\/\/stourm.news\/?p=3156\"},\"author\":{\"name\":\"La r\u00e9daction\",\"@id\":\"https:\/\/stourm.news\/#\/schema\/person\/c3e1dc65988632e190969234ef046cf9\"},\"headline\":\"Brest : la boucherie halal \u00ab\u00a0Chez Wahid\u00a0\u00bb \u00e9tait sous \u00e9coute, \u00ab\u00a0Tuer tout un village en une nuit\u00a0\u00bb figurait au programme des djihadistes syriens\",\"datePublished\":\"2025-01-04T08:42:33+00:00\",\"dateModified\":\"2025-01-04T09:59:06+00:00\",\"mainEntityOfPage\":{\"@id\":\"https:\/\/stourm.news\/?p=3156\"},\"wordCount\":490,\"commentCount\":0,\"publisher\":{\"@id\":\"https:\/\/stourm.news\/#organization\"},\"image\":{\"@id\":\"https:\/\/stourm.news\/?p=3156#primaryimage\"},\"thumbnailUrl\":\"https:\/\/stourm.news\/wp-content\/uploads\/2025\/01\/epicerie_jaures_halal.jpg\",\"articleSection\":[\"Finist\u00e8re\",\"Islamisme\",\"Revue de presse\"],\"inLanguage\":\"fr-FR\",\"potentialAction\":[{\"@type\":\"CommentAction\",\"name\":\"Comment\",\"target\":[\"https:\/\/stourm.news\/?p=3156#respond\"]}]},{\"@type\":\"WebPage\",\"@id\":\"https:\/\/stourm.news\/?p=3156\",\"url\":\"https:\/\/stourm.news\/?p=3156\",\"name\":\"Brest : la boucherie halal \\\"Chez Wahid\\\" \u00e9tait sous \u00e9coute, \\\"Tuer tout un village en une nuit\\\" figurait au programme des djihadistes syriens - STOURM\",\"isPartOf\":{\"@id\":\"https:\/\/stourm.news\/#website\"},\"primaryImageOfPage\":{\"@id\":\"https:\/\/stourm.news\/?p=3156#primaryimage\"},\"image\":{\"@id\":\"https:\/\/stourm.news\/?p=3156#primaryimage\"},\"thumbnailUrl\":\"https:\/\/stourm.news\/wp-content\/uploads\/2025\/01\/epicerie_jaures_halal.jpg\",\"datePublished\":\"2025-01-04T08:42:33+00:00\",\"dateModified\":\"2025-01-04T09:59:06+00:00\",\"breadcrumb\":{\"@id\":\"https:\/\/stourm.news\/?p=3156#breadcrumb\"},\"inLanguage\":\"fr-FR\",\"potentialAction\":[{\"@type\":\"ReadAction\",\"target\":[\"https:\/\/stourm.news\/?p=3156\"]}]},{\"@type\":\"ImageObject\",\"inLanguage\":\"fr-FR\",\"@id\":\"https:\/\/stourm.news\/?p=3156#primaryimage\",\"url\":\"https:\/\/stourm.news\/wp-content\/uploads\/2025\/01\/epicerie_jaures_halal.jpg\",\"contentUrl\":\"https:\/\/stourm.news\/wp-content\/uploads\/2025\/01\/epicerie_jaures_halal.jpg\",\"width\":600,\"height\":368},{\"@type\":\"BreadcrumbList\",\"@id\":\"https:\/\/stourm.news\/?p=3156#breadcrumb\",\"itemListElement\":[{\"@type\":\"ListItem\",\"position\":1,\"name\":\"Accueil\",\"item\":\"https:\/\/stourm.news\/\"},{\"@type\":\"ListItem\",\"position\":2,\"name\":\"Brest : la boucherie halal \u00ab\u00a0Chez Wahid\u00a0\u00bb \u00e9tait sous \u00e9coute, \u00ab\u00a0Tuer tout un village en une nuit\u00a0\u00bb figurait au programme des djihadistes syriens\"}]},{\"@type\":\"WebSite\",\"@id\":\"https:\/\/stourm.news\/#website\",\"url\":\"https:\/\/stourm.news\/\",\"name\":\"Stourm\",\"description\":\"Kazetenn Strollad Broadel Breizh\",\"publisher\":{\"@id\":\"https:\/\/stourm.news\/#organization\"},\"potentialAction\":[{\"@type\":\"SearchAction\",\"target\":{\"@type\":\"EntryPoint\",\"urlTemplate\":\"https:\/\/stourm.news\/?s={search_term_string}\"},\"query-input\":{\"@type\":\"PropertyValueSpecification\",\"valueRequired\":true,\"valueName\":\"search_term_string\"}}],\"inLanguage\":\"fr-FR\"},{\"@type\":\"Organization\",\"@id\":\"https:\/\/stourm.news\/#organization\",\"name\":\"Stourm\",\"url\":\"https:\/\/stourm.news\/\",\"logo\":{\"@type\":\"ImageObject\",\"inLanguage\":\"fr-FR\",\"@id\":\"https:\/\/stourm.news\/#\/schema\/logo\/image\/\",\"url\":\"https:\/\/stourm.news\/wp-content\/uploads\/2025\/11\/cropped-Capture-decran-2025-11-28-a-15.19.07.png\",\"contentUrl\":\"https:\/\/stourm.news\/wp-content\/uploads\/2025\/11\/cropped-Capture-decran-2025-11-28-a-15.19.07.png\",\"width\":1855,\"height\":383,\"caption\":\"Stourm\"},\"image\":{\"@id\":\"https:\/\/stourm.news\/#\/schema\/logo\/image\/\"},\"sameAs\":[\"https:\/\/www.facebook.com\/stourmnews\/\"]},{\"@type\":\"Person\",\"@id\":\"https:\/\/stourm.news\/#\/schema\/person\/c3e1dc65988632e190969234ef046cf9\",\"name\":\"La r\u00e9daction\",\"image\":{\"@type\":\"ImageObject\",\"inLanguage\":\"fr-FR\",\"@id\":\"https:\/\/stourm.news\/#\/schema\/person\/image\/\",\"url\":\"https:\/\/secure.gravatar.com\/avatar\/7463443f194b6b5fb706b074ca0ef59a0cfcfd720cb47764b0ec5a952ce422b3?s=96&d=mm&r=g\",\"contentUrl\":\"https:\/\/secure.gravatar.com\/avatar\/7463443f194b6b5fb706b074ca0ef59a0cfcfd720cb47764b0ec5a952ce422b3?s=96&d=mm&r=g\",\"caption\":\"La r\u00e9daction\"},\"sameAs\":[\"https:\/\/stourm.news\"],\"url\":\"https:\/\/stourm.news\/?author=1\"}]}<\/script>\n<!-- \/ Yoast SEO plugin. -->","yoast_head_json":{"title":"Brest : la boucherie halal \"Chez Wahid\" \u00e9tait sous \u00e9coute, \"Tuer tout un village en une nuit\" figurait au programme des djihadistes syriens - STOURM","robots":{"index":"index","follow":"follow","max-snippet":"max-snippet:-1","max-image-preview":"max-image-preview:large","max-video-preview":"max-video-preview:-1"},"canonical":"https:\/\/stourm.news\/?p=3156","og_locale":"fr_FR","og_type":"article","og_title":"Brest : la boucherie halal \"Chez Wahid\" \u00e9tait sous \u00e9coute, \"Tuer tout un village en une nuit\" figurait au programme des djihadistes syriens - STOURM","og_description":"Six hommes devront r\u00e9pondre devant la justice d\u2019un projet d\u2019attentat, pr\u00e9par\u00e9 jusqu\u2019\u00e0 d\u00e9but 2020 dans une boucherie halal de Brest (Finist\u00e8re). Ce commerce, sous surveillance des services de renseignement, a permis d\u2019intercepter des conversations sur plusieurs ann\u00e9es, menant \u00e0 l\u2019arrestation de ces individus. Selon des informations rapport\u00e9es par France 3, cette boucherie, \u00ab Chez Wahid [&hellip;]","og_url":"https:\/\/stourm.news\/?p=3156","og_site_name":"STOURM","article_publisher":"https:\/\/www.facebook.com\/stourmnews\/","article_published_time":"2025-01-04T08:42:33+00:00","article_modified_time":"2025-01-04T09:59:06+00:00","og_image":[{"width":600,"height":368,"url":"https:\/\/stourm.news\/wp-content\/uploads\/2025\/01\/epicerie_jaures_halal.jpg","type":"image\/jpeg"}],"author":"La r\u00e9daction","twitter_card":"summary_large_image","twitter_misc":{"\u00c9crit par":"La r\u00e9daction","Dur\u00e9e de lecture estim\u00e9e":"3 minutes"},"schema":{"@context":"https:\/\/schema.org","@graph":[{"@type":"Article","@id":"https:\/\/stourm.news\/?p=3156#article","isPartOf":{"@id":"https:\/\/stourm.news\/?p=3156"},"author":{"name":"La r\u00e9daction","@id":"https:\/\/stourm.news\/#\/schema\/person\/c3e1dc65988632e190969234ef046cf9"},"headline":"Brest : la boucherie halal \u00ab\u00a0Chez Wahid\u00a0\u00bb \u00e9tait sous \u00e9coute, \u00ab\u00a0Tuer tout un village en une nuit\u00a0\u00bb figurait au programme des djihadistes syriens","datePublished":"2025-01-04T08:42:33+00:00","dateModified":"2025-01-04T09:59:06+00:00","mainEntityOfPage":{"@id":"https:\/\/stourm.news\/?p=3156"},"wordCount":490,"commentCount":0,"publisher":{"@id":"https:\/\/stourm.news\/#organization"},"image":{"@id":"https:\/\/stourm.news\/?p=3156#primaryimage"},"thumbnailUrl":"https:\/\/stourm.news\/wp-content\/uploads\/2025\/01\/epicerie_jaures_halal.jpg","articleSection":["Finist\u00e8re","Islamisme","Revue de presse"],"inLanguage":"fr-FR","potentialAction":[{"@type":"CommentAction","name":"Comment","target":["https:\/\/stourm.news\/?p=3156#respond"]}]},{"@type":"WebPage","@id":"https:\/\/stourm.news\/?p=3156","url":"https:\/\/stourm.news\/?p=3156","name":"Brest : la boucherie halal \"Chez Wahid\" \u00e9tait sous \u00e9coute, \"Tuer tout un village en une nuit\" figurait au programme des djihadistes syriens - STOURM","isPartOf":{"@id":"https:\/\/stourm.news\/#website"},"primaryImageOfPage":{"@id":"https:\/\/stourm.news\/?p=3156#primaryimage"},"image":{"@id":"https:\/\/stourm.news\/?p=3156#primaryimage"},"thumbnailUrl":"https:\/\/stourm.news\/wp-content\/uploads\/2025\/01\/epicerie_jaures_halal.jpg","datePublished":"2025-01-04T08:42:33+00:00","dateModified":"2025-01-04T09:59:06+00:00","breadcrumb":{"@id":"https:\/\/stourm.news\/?p=3156#breadcrumb"},"inLanguage":"fr-FR","potentialAction":[{"@type":"ReadAction","target":["https:\/\/stourm.news\/?p=3156"]}]},{"@type":"ImageObject","inLanguage":"fr-FR","@id":"https:\/\/stourm.news\/?p=3156#primaryimage","url":"https:\/\/stourm.news\/wp-content\/uploads\/2025\/01\/epicerie_jaures_halal.jpg","contentUrl":"https:\/\/stourm.news\/wp-content\/uploads\/2025\/01\/epicerie_jaures_halal.jpg","width":600,"height":368},{"@type":"BreadcrumbList","@id":"https:\/\/stourm.news\/?p=3156#breadcrumb","itemListElement":[{"@type":"ListItem","position":1,"name":"Accueil","item":"https:\/\/stourm.news\/"},{"@type":"ListItem","position":2,"name":"Brest : la boucherie halal \u00ab\u00a0Chez Wahid\u00a0\u00bb \u00e9tait sous \u00e9coute, \u00ab\u00a0Tuer tout un village en une nuit\u00a0\u00bb figurait au programme des djihadistes syriens"}]},{"@type":"WebSite","@id":"https:\/\/stourm.news\/#website","url":"https:\/\/stourm.news\/","name":"Stourm","description":"Kazetenn Strollad Broadel Breizh","publisher":{"@id":"https:\/\/stourm.news\/#organization"},"potentialAction":[{"@type":"SearchAction","target":{"@type":"EntryPoint","urlTemplate":"https:\/\/stourm.news\/?s={search_term_string}"},"query-input":{"@type":"PropertyValueSpecification","valueRequired":true,"valueName":"search_term_string"}}],"inLanguage":"fr-FR"},{"@type":"Organization","@id":"https:\/\/stourm.news\/#organization","name":"Stourm","url":"https:\/\/stourm.news\/","logo":{"@type":"ImageObject","inLanguage":"fr-FR","@id":"https:\/\/stourm.news\/#\/schema\/logo\/image\/","url":"https:\/\/stourm.news\/wp-content\/uploads\/2025\/11\/cropped-Capture-decran-2025-11-28-a-15.19.07.png","contentUrl":"https:\/\/stourm.news\/wp-content\/uploads\/2025\/11\/cropped-Capture-decran-2025-11-28-a-15.19.07.png","width":1855,"height":383,"caption":"Stourm"},"image":{"@id":"https:\/\/stourm.news\/#\/schema\/logo\/image\/"},"sameAs":["https:\/\/www.facebook.com\/stourmnews\/"]},{"@type":"Person","@id":"https:\/\/stourm.news\/#\/schema\/person\/c3e1dc65988632e190969234ef046cf9","name":"La r\u00e9daction","image":{"@type":"ImageObject","inLanguage":"fr-FR","@id":"https:\/\/stourm.news\/#\/schema\/person\/image\/","url":"https:\/\/secure.gravatar.com\/avatar\/7463443f194b6b5fb706b074ca0ef59a0cfcfd720cb47764b0ec5a952ce422b3?s=96&d=mm&r=g","contentUrl":"https:\/\/secure.gravatar.com\/avatar\/7463443f194b6b5fb706b074ca0ef59a0cfcfd720cb47764b0ec5a952ce422b3?s=96&d=mm&r=g","caption":"La r\u00e9daction"},"sameAs":["https:\/\/stourm.news"],"url":"https:\/\/stourm.news\/?author=1"}]}},"_links":{"self":[{"href":"https:\/\/stourm.news\/index.php?rest_route=\/wp\/v2\/posts\/3156","targetHints":{"allow":["GET"]}}],"collection":[{"href":"https:\/\/stourm.news\/index.php?rest_route=\/wp\/v2\/posts"}],"about":[{"href":"https:\/\/stourm.news\/index.php?rest_route=\/wp\/v2\/types\/post"}],"author":[{"embeddable":true,"href":"https:\/\/stourm.news\/index.php?rest_route=\/wp\/v2\/users\/1"}],"replies":[{"embeddable":true,"href":"https:\/\/stourm.news\/index.php?rest_route=%2Fwp%2Fv2%2Fcomments&post=3156"}],"version-history":[{"count":1,"href":"https:\/\/stourm.news\/index.php?rest_route=\/wp\/v2\/posts\/3156\/revisions"}],"predecessor-version":[{"id":3158,"href":"https:\/\/stourm.news\/index.php?rest_route=\/wp\/v2\/posts\/3156\/revisions\/3158"}],"wp:featuredmedia":[{"embeddable":true,"href":"https:\/\/stourm.news\/index.php?rest_route=\/wp\/v2\/media\/3157"}],"wp:attachment":[{"href":"https:\/\/stourm.news\/index.php?rest_route=%2Fwp%2Fv2%2Fmedia&parent=3156"}],"wp:term":[{"taxonomy":"category","embeddable":true,"href":"https:\/\/stourm.news\/index.php?rest_route=%2Fwp%2Fv2%2Fcategories&post=3156"},{"taxonomy":"post_tag","embeddable":true,"href":"https:\/\/stourm.news\/index.php?rest_route=%2Fwp%2Fv2%2Ftags&post=3156"}],"curies":[{"name":"wp","href":"https:\/\/api.w.org\/{rel}","templated":true}]}}