{"id":3159,"date":"2025-01-04T10:03:14","date_gmt":"2025-01-04T10:03:14","guid":{"rendered":"https:\/\/stourm.news\/?p=3159"},"modified":"2025-01-04T10:03:14","modified_gmt":"2025-01-04T10:03:14","slug":"saint-nazaire-un-migrant-clandestin-arme-dun-couteau-menace-de-mort-des-policiers-il-ressort-libre-du-tribunal","status":"publish","type":"post","link":"https:\/\/stourm.news\/?p=3159","title":{"rendered":"Saint-Nazaire : un migrant clandestin arm\u00e9 d&rsquo;un couteau menace de mort des policiers, il ressort libre du tribunal"},"content":{"rendered":"<p style=\"text-align: justify;\">La sc\u00e8ne s\u2019est d\u00e9roul\u00e9e le 31 d\u00e9cembre, dans une laverie de <strong>Saint-Nazaire<\/strong> (Loire-Atlantique). Lors d\u2019un contr\u00f4le de police r\u00e9alis\u00e9 en ce mardi matin, aux abords de l\u2019\u00e9tablissement situ\u00e9 dans le quartier sensible de M\u00e9an-Penho\u00ebt, les forces de l\u2019ordre ont \u00e9t\u00e9 prises \u00e0 partie par un individu de 23 ans, <strong>sans-papiers et portant un couteau<\/strong>. En situation <strong>irr\u00e9guli\u00e8re<\/strong>, le jeune homme r\u00e9siste cependant \u00e0 son interpellation. Il regimbe et prof\u00e8re <strong>des menaces de mort<\/strong> \u00e0 l\u2019encontre des fonctionnaires de police qui cherchent \u00e0 le ma\u00eetriser, \u00e0 le menotter et \u00e0 l\u2019embarquer au commissariat. Remis, au bout du compte, entre les mains de la justice, il est ressorti libre le 2 janvier.<\/p>\n<p style=\"text-align: justify;\">Le suspect a \u00e9t\u00e9 entendu jeudi lors d\u2019une audience de comparution imm\u00e9diate au tribunal correctionnel de Saint-Nazaire. Le pr\u00e9venu assure n\u2019avoir fait que r\u00e9agir \u00e0 une intervention jug\u00e9e trop muscl\u00e9e des policiers, au moment de son interpellation. Comme le rappelle son avocate, Me Maud Les\u00e8ve, le dossier s\u2019en trouve r\u00e9duit \u00e0 parole contre parole, les fonctionnaires de police pr\u00e9sents lors de l\u2019op\u00e9ration n\u2019ayant pas allum\u00e9 leurs cam\u00e9ras-pi\u00e9tons. Les forces de l\u2019ordre \u00absont donc un peu juges et parties dans cette affaire. Forc\u00e9ment, leurs paroles ont plus de valeur que celle d\u2019une personne en situation irr\u00e9guli\u00e8re\u00bb, estime l\u2019avocate dans les colonnes de Ouest France .<\/p>\n<p style=\"text-align: justify;\">Le parquet de Saint-Nazaire a requis huit mois de prison ferme \u00e0 l\u2019encontre du jeune sans-papiers, <strong>d\u00e9j\u00e0 connu de la justice<\/strong> et donc poursuivi ce jour-l\u00e0 pour des faits de \u00abr\u00e9bellion\u00bb, d\u2019\u00aboutrages\u00bb et de \u00abmenaces de mort\u00bb \u00e0 l\u2019encontre de personnes d\u00e9positaires de l\u2019autorit\u00e9 publique. Soit un maintien en d\u00e9tention du pr\u00e9venu qui avait \u00e9t\u00e9 bri\u00e8vement incarc\u00e9r\u00e9 au terme de sa garde \u00e0 vue. Le verdict a \u00e9t\u00e9 tout autre, avec une condamnation <strong>\u00e0 un sursis simple de huit mois<\/strong>. Or, cette d\u00e9cision correspondrait \u00e0 une erreur judiciaire.<\/p>\n<p style=\"text-align: justify;\">\u00abLe juge a consid\u00e9r\u00e9 que la pr\u00e9c\u00e9dente condamnation du pr\u00e9venu n\u2019\u00e9tait pas d\u00e9finitive, alors qu\u2019elle avait bel et bien fait l\u2019objet d\u2019une signification \u00e0 parquet\u00bb, pr\u00e9cise au Figaro l\u2019avocate des policiers, Me Sylvie David, signifiant ainsi que le jeune homme n\u2019\u00e9tait pas \u00e9ligible \u00e0 une nouvelle peine de sursis simple. Le repr\u00e9sentant du minist\u00e8re public s\u2019en est \u00e9galement rendu compte et a annonc\u00e9 vouloir faire appel. L\u2019affaire sera tranch\u00e9e \u00e0 une date encore ind\u00e9termin\u00e9e \u00e0 la cour d\u2019appel de Rennes.<\/p>\n<p style=\"text-align: justify;\">Source : <a href=\"https:\/\/www.lefigaro.fr\/nantes\/saint-nazaire-un-sans-papiers-menace-de-mort-des-policiers-et-ressort-libre-du-tribunal-20250103\">Le Figaro<\/a><\/p>\n","protected":false},"excerpt":{"rendered":"<p>La sc\u00e8ne s\u2019est d\u00e9roul\u00e9e le 31 d\u00e9cembre, dans une laverie de Saint-Nazaire (Loire-Atlantique). Lors d\u2019un contr\u00f4le de police r\u00e9alis\u00e9 en ce mardi matin, aux abords de l\u2019\u00e9tablissement situ\u00e9 dans le quartier sensible de M\u00e9an-Penho\u00ebt, les forces de l\u2019ordre ont \u00e9t\u00e9 prises \u00e0 partie par un individu de 23 ans, sans-papiers et portant un couteau. En [&hellip;]<\/p>\n","protected":false},"author":1,"featured_media":3160,"comment_status":"open","ping_status":"open","sticky":false,"template":"","format":"standard","meta":{"sb_editor_width":"","footnotes":""},"categories":[31,33,42,62],"tags":[],"class_list":["post-3159","post","type-post","status-publish","format-standard","has-post-thumbnail","hentry","category-agression","category-immigration","category-loire-atlantique","category-revue-de-presse"],"relative_dates":{"created":"1 an ago","modified":"1 an ago"},"yoast_head":"<!-- This site is optimized with the Yoast SEO plugin v26.3 - https:\/\/yoast.com\/wordpress\/plugins\/seo\/ -->\n<title>Saint-Nazaire : un migrant clandestin arm\u00e9 d&#039;un couteau menace de mort des policiers, il ressort libre du tribunal - STOURM<\/title>\n<meta name=\"robots\" content=\"index, follow, max-snippet:-1, max-image-preview:large, max-video-preview:-1\" \/>\n<link rel=\"canonical\" href=\"https:\/\/stourm.news\/?p=3159\" \/>\n<meta property=\"og:locale\" content=\"fr_FR\" \/>\n<meta property=\"og:type\" content=\"article\" \/>\n<meta property=\"og:title\" content=\"Saint-Nazaire : un migrant clandestin arm\u00e9 d&#039;un couteau menace de mort des policiers, il ressort libre du tribunal - STOURM\" \/>\n<meta property=\"og:description\" content=\"La sc\u00e8ne s\u2019est d\u00e9roul\u00e9e le 31 d\u00e9cembre, dans une laverie de Saint-Nazaire (Loire-Atlantique). Lors d\u2019un contr\u00f4le de police r\u00e9alis\u00e9 en ce mardi matin, aux abords de l\u2019\u00e9tablissement situ\u00e9 dans le quartier sensible de M\u00e9an-Penho\u00ebt, les forces de l\u2019ordre ont \u00e9t\u00e9 prises \u00e0 partie par un individu de 23 ans, sans-papiers et portant un couteau. En [&hellip;]\" \/>\n<meta property=\"og:url\" content=\"https:\/\/stourm.news\/?p=3159\" \/>\n<meta property=\"og:site_name\" content=\"STOURM\" \/>\n<meta property=\"article:publisher\" content=\"https:\/\/www.facebook.com\/stourmnews\/\" \/>\n<meta property=\"article:published_time\" content=\"2025-01-04T10:03:14+00:00\" \/>\n<meta property=\"og:image\" content=\"https:\/\/stourm.news\/wp-content\/uploads\/2025\/01\/Pont-Mindin.jpg\" \/>\n\t<meta property=\"og:image:width\" content=\"1024\" \/>\n\t<meta property=\"og:image:height\" content=\"633\" \/>\n\t<meta property=\"og:image:type\" content=\"image\/jpeg\" \/>\n<meta name=\"author\" content=\"La r\u00e9daction\" \/>\n<meta name=\"twitter:card\" content=\"summary_large_image\" \/>\n<meta name=\"twitter:label1\" content=\"\u00c9crit par\" \/>\n\t<meta name=\"twitter:data1\" content=\"La r\u00e9daction\" \/>\n\t<meta name=\"twitter:label2\" content=\"Dur\u00e9e de lecture estim\u00e9e\" \/>\n\t<meta name=\"twitter:data2\" content=\"2 minutes\" \/>\n<script type=\"application\/ld+json\" class=\"yoast-schema-graph\">{\"@context\":\"https:\/\/schema.org\",\"@graph\":[{\"@type\":\"Article\",\"@id\":\"https:\/\/stourm.news\/?p=3159#article\",\"isPartOf\":{\"@id\":\"https:\/\/stourm.news\/?p=3159\"},\"author\":{\"name\":\"La r\u00e9daction\",\"@id\":\"https:\/\/stourm.news\/#\/schema\/person\/c3e1dc65988632e190969234ef046cf9\"},\"headline\":\"Saint-Nazaire : un migrant clandestin arm\u00e9 d&rsquo;un couteau menace de mort des policiers, il ressort libre du tribunal\",\"datePublished\":\"2025-01-04T10:03:14+00:00\",\"mainEntityOfPage\":{\"@id\":\"https:\/\/stourm.news\/?p=3159\"},\"wordCount\":455,\"commentCount\":0,\"publisher\":{\"@id\":\"https:\/\/stourm.news\/#organization\"},\"image\":{\"@id\":\"https:\/\/stourm.news\/?p=3159#primaryimage\"},\"thumbnailUrl\":\"https:\/\/stourm.news\/wp-content\/uploads\/2025\/01\/Pont-Mindin.jpg\",\"articleSection\":[\"Agression\",\"Immigration\",\"Loire-Atlantique\",\"Revue de presse\"],\"inLanguage\":\"fr-FR\",\"potentialAction\":[{\"@type\":\"CommentAction\",\"name\":\"Comment\",\"target\":[\"https:\/\/stourm.news\/?p=3159#respond\"]}]},{\"@type\":\"WebPage\",\"@id\":\"https:\/\/stourm.news\/?p=3159\",\"url\":\"https:\/\/stourm.news\/?p=3159\",\"name\":\"Saint-Nazaire : un migrant clandestin arm\u00e9 d'un couteau menace de mort des policiers, il ressort libre du tribunal - STOURM\",\"isPartOf\":{\"@id\":\"https:\/\/stourm.news\/#website\"},\"primaryImageOfPage\":{\"@id\":\"https:\/\/stourm.news\/?p=3159#primaryimage\"},\"image\":{\"@id\":\"https:\/\/stourm.news\/?p=3159#primaryimage\"},\"thumbnailUrl\":\"https:\/\/stourm.news\/wp-content\/uploads\/2025\/01\/Pont-Mindin.jpg\",\"datePublished\":\"2025-01-04T10:03:14+00:00\",\"breadcrumb\":{\"@id\":\"https:\/\/stourm.news\/?p=3159#breadcrumb\"},\"inLanguage\":\"fr-FR\",\"potentialAction\":[{\"@type\":\"ReadAction\",\"target\":[\"https:\/\/stourm.news\/?p=3159\"]}]},{\"@type\":\"ImageObject\",\"inLanguage\":\"fr-FR\",\"@id\":\"https:\/\/stourm.news\/?p=3159#primaryimage\",\"url\":\"https:\/\/stourm.news\/wp-content\/uploads\/2025\/01\/Pont-Mindin.jpg\",\"contentUrl\":\"https:\/\/stourm.news\/wp-content\/uploads\/2025\/01\/Pont-Mindin.jpg\",\"width\":1024,\"height\":633},{\"@type\":\"BreadcrumbList\",\"@id\":\"https:\/\/stourm.news\/?p=3159#breadcrumb\",\"itemListElement\":[{\"@type\":\"ListItem\",\"position\":1,\"name\":\"Accueil\",\"item\":\"https:\/\/stourm.news\/\"},{\"@type\":\"ListItem\",\"position\":2,\"name\":\"Saint-Nazaire : un migrant clandestin arm\u00e9 d&rsquo;un couteau menace de mort des policiers, il ressort libre du tribunal\"}]},{\"@type\":\"WebSite\",\"@id\":\"https:\/\/stourm.news\/#website\",\"url\":\"https:\/\/stourm.news\/\",\"name\":\"Stourm\",\"description\":\"Kazetenn Strollad Broadel Breizh\",\"publisher\":{\"@id\":\"https:\/\/stourm.news\/#organization\"},\"potentialAction\":[{\"@type\":\"SearchAction\",\"target\":{\"@type\":\"EntryPoint\",\"urlTemplate\":\"https:\/\/stourm.news\/?s={search_term_string}\"},\"query-input\":{\"@type\":\"PropertyValueSpecification\",\"valueRequired\":true,\"valueName\":\"search_term_string\"}}],\"inLanguage\":\"fr-FR\"},{\"@type\":\"Organization\",\"@id\":\"https:\/\/stourm.news\/#organization\",\"name\":\"Stourm\",\"url\":\"https:\/\/stourm.news\/\",\"logo\":{\"@type\":\"ImageObject\",\"inLanguage\":\"fr-FR\",\"@id\":\"https:\/\/stourm.news\/#\/schema\/logo\/image\/\",\"url\":\"https:\/\/stourm.news\/wp-content\/uploads\/2025\/11\/cropped-Capture-decran-2025-11-28-a-15.19.07.png\",\"contentUrl\":\"https:\/\/stourm.news\/wp-content\/uploads\/2025\/11\/cropped-Capture-decran-2025-11-28-a-15.19.07.png\",\"width\":1855,\"height\":383,\"caption\":\"Stourm\"},\"image\":{\"@id\":\"https:\/\/stourm.news\/#\/schema\/logo\/image\/\"},\"sameAs\":[\"https:\/\/www.facebook.com\/stourmnews\/\"]},{\"@type\":\"Person\",\"@id\":\"https:\/\/stourm.news\/#\/schema\/person\/c3e1dc65988632e190969234ef046cf9\",\"name\":\"La r\u00e9daction\",\"image\":{\"@type\":\"ImageObject\",\"inLanguage\":\"fr-FR\",\"@id\":\"https:\/\/stourm.news\/#\/schema\/person\/image\/\",\"url\":\"https:\/\/secure.gravatar.com\/avatar\/7463443f194b6b5fb706b074ca0ef59a0cfcfd720cb47764b0ec5a952ce422b3?s=96&d=mm&r=g\",\"contentUrl\":\"https:\/\/secure.gravatar.com\/avatar\/7463443f194b6b5fb706b074ca0ef59a0cfcfd720cb47764b0ec5a952ce422b3?s=96&d=mm&r=g\",\"caption\":\"La r\u00e9daction\"},\"sameAs\":[\"https:\/\/stourm.news\"],\"url\":\"https:\/\/stourm.news\/?author=1\"}]}<\/script>\n<!-- \/ Yoast SEO plugin. -->","yoast_head_json":{"title":"Saint-Nazaire : un migrant clandestin arm\u00e9 d'un couteau menace de mort des policiers, il ressort libre du tribunal - STOURM","robots":{"index":"index","follow":"follow","max-snippet":"max-snippet:-1","max-image-preview":"max-image-preview:large","max-video-preview":"max-video-preview:-1"},"canonical":"https:\/\/stourm.news\/?p=3159","og_locale":"fr_FR","og_type":"article","og_title":"Saint-Nazaire : un migrant clandestin arm\u00e9 d'un couteau menace de mort des policiers, il ressort libre du tribunal - STOURM","og_description":"La sc\u00e8ne s\u2019est d\u00e9roul\u00e9e le 31 d\u00e9cembre, dans une laverie de Saint-Nazaire (Loire-Atlantique). Lors d\u2019un contr\u00f4le de police r\u00e9alis\u00e9 en ce mardi matin, aux abords de l\u2019\u00e9tablissement situ\u00e9 dans le quartier sensible de M\u00e9an-Penho\u00ebt, les forces de l\u2019ordre ont \u00e9t\u00e9 prises \u00e0 partie par un individu de 23 ans, sans-papiers et portant un couteau. En [&hellip;]","og_url":"https:\/\/stourm.news\/?p=3159","og_site_name":"STOURM","article_publisher":"https:\/\/www.facebook.com\/stourmnews\/","article_published_time":"2025-01-04T10:03:14+00:00","og_image":[{"width":1024,"height":633,"url":"https:\/\/stourm.news\/wp-content\/uploads\/2025\/01\/Pont-Mindin.jpg","type":"image\/jpeg"}],"author":"La r\u00e9daction","twitter_card":"summary_large_image","twitter_misc":{"\u00c9crit par":"La r\u00e9daction","Dur\u00e9e de lecture estim\u00e9e":"2 minutes"},"schema":{"@context":"https:\/\/schema.org","@graph":[{"@type":"Article","@id":"https:\/\/stourm.news\/?p=3159#article","isPartOf":{"@id":"https:\/\/stourm.news\/?p=3159"},"author":{"name":"La r\u00e9daction","@id":"https:\/\/stourm.news\/#\/schema\/person\/c3e1dc65988632e190969234ef046cf9"},"headline":"Saint-Nazaire : un migrant clandestin arm\u00e9 d&rsquo;un couteau menace de mort des policiers, il ressort libre du tribunal","datePublished":"2025-01-04T10:03:14+00:00","mainEntityOfPage":{"@id":"https:\/\/stourm.news\/?p=3159"},"wordCount":455,"commentCount":0,"publisher":{"@id":"https:\/\/stourm.news\/#organization"},"image":{"@id":"https:\/\/stourm.news\/?p=3159#primaryimage"},"thumbnailUrl":"https:\/\/stourm.news\/wp-content\/uploads\/2025\/01\/Pont-Mindin.jpg","articleSection":["Agression","Immigration","Loire-Atlantique","Revue de presse"],"inLanguage":"fr-FR","potentialAction":[{"@type":"CommentAction","name":"Comment","target":["https:\/\/stourm.news\/?p=3159#respond"]}]},{"@type":"WebPage","@id":"https:\/\/stourm.news\/?p=3159","url":"https:\/\/stourm.news\/?p=3159","name":"Saint-Nazaire : un migrant clandestin arm\u00e9 d'un couteau menace de mort des policiers, il ressort libre du tribunal - STOURM","isPartOf":{"@id":"https:\/\/stourm.news\/#website"},"primaryImageOfPage":{"@id":"https:\/\/stourm.news\/?p=3159#primaryimage"},"image":{"@id":"https:\/\/stourm.news\/?p=3159#primaryimage"},"thumbnailUrl":"https:\/\/stourm.news\/wp-content\/uploads\/2025\/01\/Pont-Mindin.jpg","datePublished":"2025-01-04T10:03:14+00:00","breadcrumb":{"@id":"https:\/\/stourm.news\/?p=3159#breadcrumb"},"inLanguage":"fr-FR","potentialAction":[{"@type":"ReadAction","target":["https:\/\/stourm.news\/?p=3159"]}]},{"@type":"ImageObject","inLanguage":"fr-FR","@id":"https:\/\/stourm.news\/?p=3159#primaryimage","url":"https:\/\/stourm.news\/wp-content\/uploads\/2025\/01\/Pont-Mindin.jpg","contentUrl":"https:\/\/stourm.news\/wp-content\/uploads\/2025\/01\/Pont-Mindin.jpg","width":1024,"height":633},{"@type":"BreadcrumbList","@id":"https:\/\/stourm.news\/?p=3159#breadcrumb","itemListElement":[{"@type":"ListItem","position":1,"name":"Accueil","item":"https:\/\/stourm.news\/"},{"@type":"ListItem","position":2,"name":"Saint-Nazaire : un migrant clandestin arm\u00e9 d&rsquo;un couteau menace de mort des policiers, il ressort libre du tribunal"}]},{"@type":"WebSite","@id":"https:\/\/stourm.news\/#website","url":"https:\/\/stourm.news\/","name":"Stourm","description":"Kazetenn Strollad Broadel Breizh","publisher":{"@id":"https:\/\/stourm.news\/#organization"},"potentialAction":[{"@type":"SearchAction","target":{"@type":"EntryPoint","urlTemplate":"https:\/\/stourm.news\/?s={search_term_string}"},"query-input":{"@type":"PropertyValueSpecification","valueRequired":true,"valueName":"search_term_string"}}],"inLanguage":"fr-FR"},{"@type":"Organization","@id":"https:\/\/stourm.news\/#organization","name":"Stourm","url":"https:\/\/stourm.news\/","logo":{"@type":"ImageObject","inLanguage":"fr-FR","@id":"https:\/\/stourm.news\/#\/schema\/logo\/image\/","url":"https:\/\/stourm.news\/wp-content\/uploads\/2025\/11\/cropped-Capture-decran-2025-11-28-a-15.19.07.png","contentUrl":"https:\/\/stourm.news\/wp-content\/uploads\/2025\/11\/cropped-Capture-decran-2025-11-28-a-15.19.07.png","width":1855,"height":383,"caption":"Stourm"},"image":{"@id":"https:\/\/stourm.news\/#\/schema\/logo\/image\/"},"sameAs":["https:\/\/www.facebook.com\/stourmnews\/"]},{"@type":"Person","@id":"https:\/\/stourm.news\/#\/schema\/person\/c3e1dc65988632e190969234ef046cf9","name":"La r\u00e9daction","image":{"@type":"ImageObject","inLanguage":"fr-FR","@id":"https:\/\/stourm.news\/#\/schema\/person\/image\/","url":"https:\/\/secure.gravatar.com\/avatar\/7463443f194b6b5fb706b074ca0ef59a0cfcfd720cb47764b0ec5a952ce422b3?s=96&d=mm&r=g","contentUrl":"https:\/\/secure.gravatar.com\/avatar\/7463443f194b6b5fb706b074ca0ef59a0cfcfd720cb47764b0ec5a952ce422b3?s=96&d=mm&r=g","caption":"La r\u00e9daction"},"sameAs":["https:\/\/stourm.news"],"url":"https:\/\/stourm.news\/?author=1"}]}},"_links":{"self":[{"href":"https:\/\/stourm.news\/index.php?rest_route=\/wp\/v2\/posts\/3159","targetHints":{"allow":["GET"]}}],"collection":[{"href":"https:\/\/stourm.news\/index.php?rest_route=\/wp\/v2\/posts"}],"about":[{"href":"https:\/\/stourm.news\/index.php?rest_route=\/wp\/v2\/types\/post"}],"author":[{"embeddable":true,"href":"https:\/\/stourm.news\/index.php?rest_route=\/wp\/v2\/users\/1"}],"replies":[{"embeddable":true,"href":"https:\/\/stourm.news\/index.php?rest_route=%2Fwp%2Fv2%2Fcomments&post=3159"}],"version-history":[{"count":1,"href":"https:\/\/stourm.news\/index.php?rest_route=\/wp\/v2\/posts\/3159\/revisions"}],"predecessor-version":[{"id":3161,"href":"https:\/\/stourm.news\/index.php?rest_route=\/wp\/v2\/posts\/3159\/revisions\/3161"}],"wp:featuredmedia":[{"embeddable":true,"href":"https:\/\/stourm.news\/index.php?rest_route=\/wp\/v2\/media\/3160"}],"wp:attachment":[{"href":"https:\/\/stourm.news\/index.php?rest_route=%2Fwp%2Fv2%2Fmedia&parent=3159"}],"wp:term":[{"taxonomy":"category","embeddable":true,"href":"https:\/\/stourm.news\/index.php?rest_route=%2Fwp%2Fv2%2Fcategories&post=3159"},{"taxonomy":"post_tag","embeddable":true,"href":"https:\/\/stourm.news\/index.php?rest_route=%2Fwp%2Fv2%2Ftags&post=3159"}],"curies":[{"name":"wp","href":"https:\/\/api.w.org\/{rel}","templated":true}]}}