{"id":3169,"date":"2025-01-06T12:55:13","date_gmt":"2025-01-06T12:55:13","guid":{"rendered":"https:\/\/stourm.news\/?p=3169"},"modified":"2025-01-06T12:55:13","modified_gmt":"2025-01-06T12:55:13","slug":"linfluenceur-algerien-zazou-youcef-poursuivi-pour-apologie-du-terrorisme-place-en-detention-a-lorient","status":"publish","type":"post","link":"https:\/\/stourm.news\/?p=3169","title":{"rendered":"L\u2019influenceur alg\u00e9rien Zazou Youcef, poursuivi pour \u00ab apologie du terrorisme \u00bb, plac\u00e9 en d\u00e9tention \u00e0 Lorient"},"content":{"rendered":"<p style=\"text-align: justify;\">Apr\u00e8s 96 heures de garde \u00e0 vue, <strong>Youssef Aziria<\/strong>, le Tik Tokeur alg\u00e9rien bas\u00e9 \u00e0 Brest poursuivi pour \u00ab apologie du terrorisme \u00bb , a \u00e9t\u00e9 plac\u00e9, dimanche 5 janvier 2025, en d\u00e9tention provisoire \u00e0 la maison d\u2019arr\u00eat de Lorient (Morbihan). Le quartier d\u2019isolement de la maison d\u2019arr\u00eat de Brest n\u2019\u00e9tant pas a priori pas \u00ab assez \u00e9tanche \u00bb.<\/p>\n<p>Source : <a href=\"https:\/\/www.ouest-france.fr\/terrorisme\/linfluenceur-zazou-youcef-poursuivi-pour-apologie-du-terrorisme-place-en-detention-a-lorient-67cd1af6-cc15-11ef-a918-9f91756062b6\">Ouest-France<\/a><\/p>\n","protected":false},"excerpt":{"rendered":"<p>Apr\u00e8s 96 heures de garde \u00e0 vue, Youssef Aziria, le Tik Tokeur alg\u00e9rien bas\u00e9 \u00e0 Brest poursuivi pour \u00ab apologie du terrorisme \u00bb , a \u00e9t\u00e9 plac\u00e9, dimanche 5 janvier 2025, en d\u00e9tention provisoire \u00e0 la maison d\u2019arr\u00eat de Lorient (Morbihan). Le quartier d\u2019isolement de la maison d\u2019arr\u00eat de Brest n\u2019\u00e9tant pas a priori pas [&hellip;]<\/p>\n","protected":false},"author":1,"featured_media":3170,"comment_status":"open","ping_status":"open","sticky":false,"template":"","format":"standard","meta":{"sb_editor_width":"","footnotes":""},"categories":[52,38,33,62],"tags":[],"class_list":["post-3169","post","type-post","status-publish","format-standard","has-post-thumbnail","hentry","category-faits-divers","category-finistere","category-immigration","category-revue-de-presse"],"relative_dates":{"created":"1 an ago","modified":"1 an ago"},"yoast_head":"<!-- This site is optimized with the Yoast SEO plugin v26.3 - https:\/\/yoast.com\/wordpress\/plugins\/seo\/ -->\n<title>L\u2019influenceur alg\u00e9rien Zazou Youcef, poursuivi pour \u00ab apologie du terrorisme \u00bb, plac\u00e9 en d\u00e9tention \u00e0 Lorient - STOURM<\/title>\n<meta name=\"robots\" content=\"index, follow, max-snippet:-1, max-image-preview:large, max-video-preview:-1\" \/>\n<link rel=\"canonical\" href=\"https:\/\/stourm.news\/?p=3169\" \/>\n<meta property=\"og:locale\" content=\"fr_FR\" \/>\n<meta property=\"og:type\" content=\"article\" \/>\n<meta property=\"og:title\" content=\"L\u2019influenceur alg\u00e9rien Zazou Youcef, poursuivi pour \u00ab apologie du terrorisme \u00bb, plac\u00e9 en d\u00e9tention \u00e0 Lorient - STOURM\" \/>\n<meta property=\"og:description\" content=\"Apr\u00e8s 96 heures de garde \u00e0 vue, Youssef Aziria, le Tik Tokeur alg\u00e9rien bas\u00e9 \u00e0 Brest poursuivi pour \u00ab apologie du terrorisme \u00bb , a \u00e9t\u00e9 plac\u00e9, dimanche 5 janvier 2025, en d\u00e9tention provisoire \u00e0 la maison d\u2019arr\u00eat de Lorient (Morbihan). Le quartier d\u2019isolement de la maison d\u2019arr\u00eat de Brest n\u2019\u00e9tant pas a priori pas [&hellip;]\" \/>\n<meta property=\"og:url\" content=\"https:\/\/stourm.news\/?p=3169\" \/>\n<meta property=\"og:site_name\" content=\"STOURM\" \/>\n<meta property=\"article:publisher\" content=\"https:\/\/www.facebook.com\/stourmnews\/\" \/>\n<meta property=\"article:published_time\" content=\"2025-01-06T12:55:13+00:00\" \/>\n<meta property=\"og:image\" content=\"https:\/\/stourm.news\/wp-content\/uploads\/2025\/01\/image.png\" \/>\n\t<meta property=\"og:image:width\" content=\"885\" \/>\n\t<meta property=\"og:image:height\" content=\"500\" \/>\n\t<meta property=\"og:image:type\" content=\"image\/png\" \/>\n<meta name=\"author\" content=\"La r\u00e9daction\" \/>\n<meta name=\"twitter:card\" content=\"summary_large_image\" \/>\n<meta name=\"twitter:label1\" content=\"\u00c9crit par\" \/>\n\t<meta name=\"twitter:data1\" content=\"La r\u00e9daction\" \/>\n\t<meta name=\"twitter:label2\" content=\"Dur\u00e9e de lecture estim\u00e9e\" \/>\n\t<meta name=\"twitter:data2\" content=\"1 minute\" \/>\n<script type=\"application\/ld+json\" class=\"yoast-schema-graph\">{\"@context\":\"https:\/\/schema.org\",\"@graph\":[{\"@type\":\"Article\",\"@id\":\"https:\/\/stourm.news\/?p=3169#article\",\"isPartOf\":{\"@id\":\"https:\/\/stourm.news\/?p=3169\"},\"author\":{\"name\":\"La r\u00e9daction\",\"@id\":\"https:\/\/stourm.news\/#\/schema\/person\/c3e1dc65988632e190969234ef046cf9\"},\"headline\":\"L\u2019influenceur alg\u00e9rien Zazou Youcef, poursuivi pour \u00ab apologie du terrorisme \u00bb, plac\u00e9 en d\u00e9tention \u00e0 Lorient\",\"datePublished\":\"2025-01-06T12:55:13+00:00\",\"mainEntityOfPage\":{\"@id\":\"https:\/\/stourm.news\/?p=3169\"},\"wordCount\":75,\"commentCount\":0,\"publisher\":{\"@id\":\"https:\/\/stourm.news\/#organization\"},\"image\":{\"@id\":\"https:\/\/stourm.news\/?p=3169#primaryimage\"},\"thumbnailUrl\":\"https:\/\/stourm.news\/wp-content\/uploads\/2025\/01\/image.png\",\"articleSection\":[\"Faits divers\",\"Finist\u00e8re\",\"Immigration\",\"Revue de presse\"],\"inLanguage\":\"fr-FR\",\"potentialAction\":[{\"@type\":\"CommentAction\",\"name\":\"Comment\",\"target\":[\"https:\/\/stourm.news\/?p=3169#respond\"]}]},{\"@type\":\"WebPage\",\"@id\":\"https:\/\/stourm.news\/?p=3169\",\"url\":\"https:\/\/stourm.news\/?p=3169\",\"name\":\"L\u2019influenceur alg\u00e9rien Zazou Youcef, poursuivi pour \u00ab apologie du terrorisme \u00bb, plac\u00e9 en d\u00e9tention \u00e0 Lorient - STOURM\",\"isPartOf\":{\"@id\":\"https:\/\/stourm.news\/#website\"},\"primaryImageOfPage\":{\"@id\":\"https:\/\/stourm.news\/?p=3169#primaryimage\"},\"image\":{\"@id\":\"https:\/\/stourm.news\/?p=3169#primaryimage\"},\"thumbnailUrl\":\"https:\/\/stourm.news\/wp-content\/uploads\/2025\/01\/image.png\",\"datePublished\":\"2025-01-06T12:55:13+00:00\",\"breadcrumb\":{\"@id\":\"https:\/\/stourm.news\/?p=3169#breadcrumb\"},\"inLanguage\":\"fr-FR\",\"potentialAction\":[{\"@type\":\"ReadAction\",\"target\":[\"https:\/\/stourm.news\/?p=3169\"]}]},{\"@type\":\"ImageObject\",\"inLanguage\":\"fr-FR\",\"@id\":\"https:\/\/stourm.news\/?p=3169#primaryimage\",\"url\":\"https:\/\/stourm.news\/wp-content\/uploads\/2025\/01\/image.png\",\"contentUrl\":\"https:\/\/stourm.news\/wp-content\/uploads\/2025\/01\/image.png\",\"width\":885,\"height\":500},{\"@type\":\"BreadcrumbList\",\"@id\":\"https:\/\/stourm.news\/?p=3169#breadcrumb\",\"itemListElement\":[{\"@type\":\"ListItem\",\"position\":1,\"name\":\"Accueil\",\"item\":\"https:\/\/stourm.news\/\"},{\"@type\":\"ListItem\",\"position\":2,\"name\":\"L\u2019influenceur alg\u00e9rien Zazou Youcef, poursuivi pour \u00ab apologie du terrorisme \u00bb, plac\u00e9 en d\u00e9tention \u00e0 Lorient\"}]},{\"@type\":\"WebSite\",\"@id\":\"https:\/\/stourm.news\/#website\",\"url\":\"https:\/\/stourm.news\/\",\"name\":\"Stourm\",\"description\":\"Kazetenn Strollad Broadel Breizh\",\"publisher\":{\"@id\":\"https:\/\/stourm.news\/#organization\"},\"potentialAction\":[{\"@type\":\"SearchAction\",\"target\":{\"@type\":\"EntryPoint\",\"urlTemplate\":\"https:\/\/stourm.news\/?s={search_term_string}\"},\"query-input\":{\"@type\":\"PropertyValueSpecification\",\"valueRequired\":true,\"valueName\":\"search_term_string\"}}],\"inLanguage\":\"fr-FR\"},{\"@type\":\"Organization\",\"@id\":\"https:\/\/stourm.news\/#organization\",\"name\":\"Stourm\",\"url\":\"https:\/\/stourm.news\/\",\"logo\":{\"@type\":\"ImageObject\",\"inLanguage\":\"fr-FR\",\"@id\":\"https:\/\/stourm.news\/#\/schema\/logo\/image\/\",\"url\":\"https:\/\/stourm.news\/wp-content\/uploads\/2025\/11\/cropped-Capture-decran-2025-11-28-a-15.19.07.png\",\"contentUrl\":\"https:\/\/stourm.news\/wp-content\/uploads\/2025\/11\/cropped-Capture-decran-2025-11-28-a-15.19.07.png\",\"width\":1855,\"height\":383,\"caption\":\"Stourm\"},\"image\":{\"@id\":\"https:\/\/stourm.news\/#\/schema\/logo\/image\/\"},\"sameAs\":[\"https:\/\/www.facebook.com\/stourmnews\/\"]},{\"@type\":\"Person\",\"@id\":\"https:\/\/stourm.news\/#\/schema\/person\/c3e1dc65988632e190969234ef046cf9\",\"name\":\"La r\u00e9daction\",\"image\":{\"@type\":\"ImageObject\",\"inLanguage\":\"fr-FR\",\"@id\":\"https:\/\/stourm.news\/#\/schema\/person\/image\/\",\"url\":\"https:\/\/secure.gravatar.com\/avatar\/7463443f194b6b5fb706b074ca0ef59a0cfcfd720cb47764b0ec5a952ce422b3?s=96&d=mm&r=g\",\"contentUrl\":\"https:\/\/secure.gravatar.com\/avatar\/7463443f194b6b5fb706b074ca0ef59a0cfcfd720cb47764b0ec5a952ce422b3?s=96&d=mm&r=g\",\"caption\":\"La r\u00e9daction\"},\"sameAs\":[\"https:\/\/stourm.news\"],\"url\":\"https:\/\/stourm.news\/?author=1\"}]}<\/script>\n<!-- \/ Yoast SEO plugin. -->","yoast_head_json":{"title":"L\u2019influenceur alg\u00e9rien Zazou Youcef, poursuivi pour \u00ab apologie du terrorisme \u00bb, plac\u00e9 en d\u00e9tention \u00e0 Lorient - STOURM","robots":{"index":"index","follow":"follow","max-snippet":"max-snippet:-1","max-image-preview":"max-image-preview:large","max-video-preview":"max-video-preview:-1"},"canonical":"https:\/\/stourm.news\/?p=3169","og_locale":"fr_FR","og_type":"article","og_title":"L\u2019influenceur alg\u00e9rien Zazou Youcef, poursuivi pour \u00ab apologie du terrorisme \u00bb, plac\u00e9 en d\u00e9tention \u00e0 Lorient - STOURM","og_description":"Apr\u00e8s 96 heures de garde \u00e0 vue, Youssef Aziria, le Tik Tokeur alg\u00e9rien bas\u00e9 \u00e0 Brest poursuivi pour \u00ab apologie du terrorisme \u00bb , a \u00e9t\u00e9 plac\u00e9, dimanche 5 janvier 2025, en d\u00e9tention provisoire \u00e0 la maison d\u2019arr\u00eat de Lorient (Morbihan). Le quartier d\u2019isolement de la maison d\u2019arr\u00eat de Brest n\u2019\u00e9tant pas a priori pas [&hellip;]","og_url":"https:\/\/stourm.news\/?p=3169","og_site_name":"STOURM","article_publisher":"https:\/\/www.facebook.com\/stourmnews\/","article_published_time":"2025-01-06T12:55:13+00:00","og_image":[{"width":885,"height":500,"url":"https:\/\/stourm.news\/wp-content\/uploads\/2025\/01\/image.png","type":"image\/png"}],"author":"La r\u00e9daction","twitter_card":"summary_large_image","twitter_misc":{"\u00c9crit par":"La r\u00e9daction","Dur\u00e9e de lecture estim\u00e9e":"1 minute"},"schema":{"@context":"https:\/\/schema.org","@graph":[{"@type":"Article","@id":"https:\/\/stourm.news\/?p=3169#article","isPartOf":{"@id":"https:\/\/stourm.news\/?p=3169"},"author":{"name":"La r\u00e9daction","@id":"https:\/\/stourm.news\/#\/schema\/person\/c3e1dc65988632e190969234ef046cf9"},"headline":"L\u2019influenceur alg\u00e9rien Zazou Youcef, poursuivi pour \u00ab apologie du terrorisme \u00bb, plac\u00e9 en d\u00e9tention \u00e0 Lorient","datePublished":"2025-01-06T12:55:13+00:00","mainEntityOfPage":{"@id":"https:\/\/stourm.news\/?p=3169"},"wordCount":75,"commentCount":0,"publisher":{"@id":"https:\/\/stourm.news\/#organization"},"image":{"@id":"https:\/\/stourm.news\/?p=3169#primaryimage"},"thumbnailUrl":"https:\/\/stourm.news\/wp-content\/uploads\/2025\/01\/image.png","articleSection":["Faits divers","Finist\u00e8re","Immigration","Revue de presse"],"inLanguage":"fr-FR","potentialAction":[{"@type":"CommentAction","name":"Comment","target":["https:\/\/stourm.news\/?p=3169#respond"]}]},{"@type":"WebPage","@id":"https:\/\/stourm.news\/?p=3169","url":"https:\/\/stourm.news\/?p=3169","name":"L\u2019influenceur alg\u00e9rien Zazou Youcef, poursuivi pour \u00ab apologie du terrorisme \u00bb, plac\u00e9 en d\u00e9tention \u00e0 Lorient - STOURM","isPartOf":{"@id":"https:\/\/stourm.news\/#website"},"primaryImageOfPage":{"@id":"https:\/\/stourm.news\/?p=3169#primaryimage"},"image":{"@id":"https:\/\/stourm.news\/?p=3169#primaryimage"},"thumbnailUrl":"https:\/\/stourm.news\/wp-content\/uploads\/2025\/01\/image.png","datePublished":"2025-01-06T12:55:13+00:00","breadcrumb":{"@id":"https:\/\/stourm.news\/?p=3169#breadcrumb"},"inLanguage":"fr-FR","potentialAction":[{"@type":"ReadAction","target":["https:\/\/stourm.news\/?p=3169"]}]},{"@type":"ImageObject","inLanguage":"fr-FR","@id":"https:\/\/stourm.news\/?p=3169#primaryimage","url":"https:\/\/stourm.news\/wp-content\/uploads\/2025\/01\/image.png","contentUrl":"https:\/\/stourm.news\/wp-content\/uploads\/2025\/01\/image.png","width":885,"height":500},{"@type":"BreadcrumbList","@id":"https:\/\/stourm.news\/?p=3169#breadcrumb","itemListElement":[{"@type":"ListItem","position":1,"name":"Accueil","item":"https:\/\/stourm.news\/"},{"@type":"ListItem","position":2,"name":"L\u2019influenceur alg\u00e9rien Zazou Youcef, poursuivi pour \u00ab apologie du terrorisme \u00bb, plac\u00e9 en d\u00e9tention \u00e0 Lorient"}]},{"@type":"WebSite","@id":"https:\/\/stourm.news\/#website","url":"https:\/\/stourm.news\/","name":"Stourm","description":"Kazetenn Strollad Broadel Breizh","publisher":{"@id":"https:\/\/stourm.news\/#organization"},"potentialAction":[{"@type":"SearchAction","target":{"@type":"EntryPoint","urlTemplate":"https:\/\/stourm.news\/?s={search_term_string}"},"query-input":{"@type":"PropertyValueSpecification","valueRequired":true,"valueName":"search_term_string"}}],"inLanguage":"fr-FR"},{"@type":"Organization","@id":"https:\/\/stourm.news\/#organization","name":"Stourm","url":"https:\/\/stourm.news\/","logo":{"@type":"ImageObject","inLanguage":"fr-FR","@id":"https:\/\/stourm.news\/#\/schema\/logo\/image\/","url":"https:\/\/stourm.news\/wp-content\/uploads\/2025\/11\/cropped-Capture-decran-2025-11-28-a-15.19.07.png","contentUrl":"https:\/\/stourm.news\/wp-content\/uploads\/2025\/11\/cropped-Capture-decran-2025-11-28-a-15.19.07.png","width":1855,"height":383,"caption":"Stourm"},"image":{"@id":"https:\/\/stourm.news\/#\/schema\/logo\/image\/"},"sameAs":["https:\/\/www.facebook.com\/stourmnews\/"]},{"@type":"Person","@id":"https:\/\/stourm.news\/#\/schema\/person\/c3e1dc65988632e190969234ef046cf9","name":"La r\u00e9daction","image":{"@type":"ImageObject","inLanguage":"fr-FR","@id":"https:\/\/stourm.news\/#\/schema\/person\/image\/","url":"https:\/\/secure.gravatar.com\/avatar\/7463443f194b6b5fb706b074ca0ef59a0cfcfd720cb47764b0ec5a952ce422b3?s=96&d=mm&r=g","contentUrl":"https:\/\/secure.gravatar.com\/avatar\/7463443f194b6b5fb706b074ca0ef59a0cfcfd720cb47764b0ec5a952ce422b3?s=96&d=mm&r=g","caption":"La r\u00e9daction"},"sameAs":["https:\/\/stourm.news"],"url":"https:\/\/stourm.news\/?author=1"}]}},"_links":{"self":[{"href":"https:\/\/stourm.news\/index.php?rest_route=\/wp\/v2\/posts\/3169","targetHints":{"allow":["GET"]}}],"collection":[{"href":"https:\/\/stourm.news\/index.php?rest_route=\/wp\/v2\/posts"}],"about":[{"href":"https:\/\/stourm.news\/index.php?rest_route=\/wp\/v2\/types\/post"}],"author":[{"embeddable":true,"href":"https:\/\/stourm.news\/index.php?rest_route=\/wp\/v2\/users\/1"}],"replies":[{"embeddable":true,"href":"https:\/\/stourm.news\/index.php?rest_route=%2Fwp%2Fv2%2Fcomments&post=3169"}],"version-history":[{"count":1,"href":"https:\/\/stourm.news\/index.php?rest_route=\/wp\/v2\/posts\/3169\/revisions"}],"predecessor-version":[{"id":3171,"href":"https:\/\/stourm.news\/index.php?rest_route=\/wp\/v2\/posts\/3169\/revisions\/3171"}],"wp:featuredmedia":[{"embeddable":true,"href":"https:\/\/stourm.news\/index.php?rest_route=\/wp\/v2\/media\/3170"}],"wp:attachment":[{"href":"https:\/\/stourm.news\/index.php?rest_route=%2Fwp%2Fv2%2Fmedia&parent=3169"}],"wp:term":[{"taxonomy":"category","embeddable":true,"href":"https:\/\/stourm.news\/index.php?rest_route=%2Fwp%2Fv2%2Fcategories&post=3169"},{"taxonomy":"post_tag","embeddable":true,"href":"https:\/\/stourm.news\/index.php?rest_route=%2Fwp%2Fv2%2Ftags&post=3169"}],"curies":[{"name":"wp","href":"https:\/\/api.w.org\/{rel}","templated":true}]}}