{"id":3172,"date":"2025-01-06T13:04:42","date_gmt":"2025-01-06T13:04:42","guid":{"rendered":"https:\/\/stourm.news\/?p=3172"},"modified":"2025-01-06T13:04:42","modified_gmt":"2025-01-06T13:04:42","slug":"rennes-marseillisation-des-tirs-a-larme-automatique-en-pleine-journee-sur-cette-place-pietonne","status":"publish","type":"post","link":"https:\/\/stourm.news\/?p=3172","title":{"rendered":"Rennes : \u00ab Marseillisation \u00bb\u2026 Des tirs \u00e0 l\u2019arme automatique en pleine journ\u00e9e sur cette place pi\u00e9tonne"},"content":{"rendered":"<p style=\"text-align: justify;\">Il \u00e9tait un peu plus de 14 heures dimanche quand <strong>les d\u00e9tonations<\/strong> ont retenti sur la dalle Kennedy. Cette grande place pi\u00e9tonne de Rennes situ\u00e9e au c\u0153ur du quartier populaire de Villejean est souvent tr\u00e8s fr\u00e9quent\u00e9e, notamment par les usagers du m\u00e9tro. Heureusement, en ce dernier jour de vacances scolaires, il n\u2019y avait pas foule sur la dalle. La faute \u00e0 une m\u00e9t\u00e9o particuli\u00e8rement immonde. Un temps maussade qui n\u2019a pas emp\u00each\u00e9 un ou plusieurs individus <strong>de sortir les armes<\/strong>. Pendant quelques secondes, <strong>les tirs<\/strong> ont fait trembler tous les habitants du quartier de Villejean. <strong>\u00ab Une douzaine de douilles ont \u00e9t\u00e9 retrouv\u00e9es \u00bb<\/strong>, a fait savoir le procureur de la R\u00e9publique de Rennes Fr\u00e9d\u00e9ric Teillet, confirmant une information de Ouest-France.<\/p>\n<p style=\"text-align: justify;\">La Division de la criminalit\u00e9 organis\u00e9e et sp\u00e9cialis\u00e9e (DCOS, la nouvelle police judiciaire) et la Division de criminalit\u00e9 territoriale (DCT) ont \u00e9t\u00e9 saisies de l\u2019enqu\u00eate. \u00ab Il s\u2019agit tr\u00e8s vraisemblablement de violences <strong>pour le contr\u00f4le d\u2019un point de deal<\/strong> \u00bb, avance le procureur. Si les tirs n\u2019ont pas fait de bless\u00e9s, ils ont rappel\u00e9 aux habitants de Villejean que leur quartier restait gangren\u00e9 par <strong>le trafic de stup\u00e9fiants<\/strong>.<\/p>\n<p style=\"text-align: justify;\">D\u2019apr\u00e8s une source polici\u00e8re, <strong>des balles<\/strong> ont \u00e9t\u00e9 retrouv\u00e9es dans plusieurs appartements, notamment une dans un canap\u00e9. \u00ab Les tirs \u00e0 l\u2019arme automatique, c\u2019est devenu un sport national. Un jour, il y aura un drame \u00e0 Rennes. \u00c7a fait des mois qu\u2019on le dit mais que personne ne fait rien. Un jour, on aura un gamin qui prendra une balle dans une cour d\u2019\u00e9cole. Et l\u00e0, tout le monde en parlera \u00bb, d\u00e9nonce un policier, amer.<\/p>\n<p style=\"text-align: justify;\">Le 26 octobre, <strong>un enfant de 5 ans avait \u00e9t\u00e9 touch\u00e9 par des balles<\/strong> quand son p\u00e8re avait tent\u00e9 de fuir le quartier de Maurepas. <strong>Il sera handicap\u00e9 \u00e0 vie.<\/strong> L\u2019homme qui lui avait tir\u00e9 dessus a fini par \u00eatre retrouv\u00e9.<strong> Originaire de Mayotte<\/strong> et tout juste \u00e2g\u00e9 de 16 ans, ce jeune homme cherchait sans doute \u00e0 marquer le territoire de sa bande. Dimanche, <strong>les tirs<\/strong> de la dalle Kennedy avaient sans doute le m\u00eame objectif. \u00ab C\u2019est clairement pour montrer les muscles. Les mecs se baladent en pleine journ\u00e9e <strong>avec une arme longue<\/strong>. C\u2019est sans doute une bande rivale qui voulait reprendre le point de deal. Sortir les armes, ce n\u2019est jamais bon pour le business des mecs qui ont le march\u00e9. \u00c7a attire les policiers, \u00e7a fait fuir les clients \u00bb, estime un autre policier exp\u00e9riment\u00e9.<\/p>\n<p style=\"text-align: justify;\">Ces <strong>nouveaux tirs<\/strong> perp\u00e9tr\u00e9s en plein jour ont fait r\u00e9agir le syndicat de policiers Alliance, qui crie \u00e0 qui veut l\u2019entendre que Rennes doit \u00eatre class\u00e9e en \u00ab secteur difficile \u00bb comme Marseille ou Lyon mais aussi plus r\u00e9cemment Nice ou Grenoble. \u00ab On parle avant tout de la s\u00e9curit\u00e9 des Rennais ! Il y a de plus en plus de gens dans cette ville qui n\u2019osent plus sortir le soir. On a une <strong>\u00ab marseillisation \u00bb<\/strong> de la d\u00e9linquance mais on n\u2019a pas les moyens d\u2019y faire face. <strong>Il nous faut plus d\u2019effectifs<\/strong> \u00bb, mart\u00e8le Fr\u00e9d\u00e9ric Gallet, d\u00e9l\u00e9gu\u00e9 du syndicat Alliance.<\/p>\n<p style=\"text-align: justify;\">Un policier de terrain abonde. \u00ab Quand on arrive dans certains quartiers, ils sont deux fois plus que nous. Ils nous rigolent au nez \u00bb. M\u00eame quand ils sont interpell\u00e9s, ces jeunes dealers peuvent dormir tranquilles au moins jusqu\u2019en 2026, date des premi\u00e8res convocations au tribunal.<\/p>\n<p style=\"text-align: justify;\">Source : <a href=\"https:\/\/www.20minutes.fr\/rennes\/4132194-20250106-rennes-devenu-sport-local-tirs-arme-automatique-pleine-journee-place-pietonne\">20 Minutes<\/a><\/p>\n","protected":false},"excerpt":{"rendered":"<p>Il \u00e9tait un peu plus de 14 heures dimanche quand les d\u00e9tonations ont retenti sur la dalle Kennedy. Cette grande place pi\u00e9tonne de Rennes situ\u00e9e au c\u0153ur du quartier populaire de Villejean est souvent tr\u00e8s fr\u00e9quent\u00e9e, notamment par les usagers du m\u00e9tro. Heureusement, en ce dernier jour de vacances scolaires, il n\u2019y avait pas foule [&hellip;]<\/p>\n","protected":false},"author":1,"featured_media":3173,"comment_status":"open","ping_status":"open","sticky":false,"template":"","format":"standard","meta":{"sb_editor_width":"","footnotes":""},"categories":[29,52,41,62],"tags":[],"class_list":["post-3172","post","type-post","status-publish","format-standard","has-post-thumbnail","hentry","category-drogue","category-faits-divers","category-ille-et-vilaine","category-revue-de-presse"],"relative_dates":{"created":"1 an ago","modified":"1 an ago"},"yoast_head":"<!-- This site is optimized with the Yoast SEO plugin v26.3 - https:\/\/yoast.com\/wordpress\/plugins\/seo\/ -->\n<title>Rennes : \u00ab Marseillisation \u00bb\u2026 Des tirs \u00e0 l\u2019arme automatique en pleine journ\u00e9e sur cette place pi\u00e9tonne - STOURM<\/title>\n<meta name=\"robots\" content=\"index, follow, max-snippet:-1, max-image-preview:large, max-video-preview:-1\" \/>\n<link rel=\"canonical\" href=\"https:\/\/stourm.news\/?p=3172\" \/>\n<meta property=\"og:locale\" content=\"fr_FR\" \/>\n<meta property=\"og:type\" content=\"article\" \/>\n<meta property=\"og:title\" content=\"Rennes : \u00ab Marseillisation \u00bb\u2026 Des tirs \u00e0 l\u2019arme automatique en pleine journ\u00e9e sur cette place pi\u00e9tonne - STOURM\" \/>\n<meta property=\"og:description\" content=\"Il \u00e9tait un peu plus de 14 heures dimanche quand les d\u00e9tonations ont retenti sur la dalle Kennedy. Cette grande place pi\u00e9tonne de Rennes situ\u00e9e au c\u0153ur du quartier populaire de Villejean est souvent tr\u00e8s fr\u00e9quent\u00e9e, notamment par les usagers du m\u00e9tro. Heureusement, en ce dernier jour de vacances scolaires, il n\u2019y avait pas foule [&hellip;]\" \/>\n<meta property=\"og:url\" content=\"https:\/\/stourm.news\/?p=3172\" \/>\n<meta property=\"og:site_name\" content=\"STOURM\" \/>\n<meta property=\"article:publisher\" content=\"https:\/\/www.facebook.com\/stourmnews\/\" \/>\n<meta property=\"article:published_time\" content=\"2025-01-06T13:04:42+00:00\" \/>\n<meta property=\"og:image\" content=\"https:\/\/stourm.news\/wp-content\/uploads\/2025\/01\/1444x920_patrouilles-police-desormais-quotidiennes-quartier-villejean.jpeg\" \/>\n\t<meta property=\"og:image:width\" content=\"1444\" \/>\n\t<meta property=\"og:image:height\" content=\"920\" \/>\n\t<meta property=\"og:image:type\" content=\"image\/jpeg\" \/>\n<meta name=\"author\" content=\"La r\u00e9daction\" \/>\n<meta name=\"twitter:card\" content=\"summary_large_image\" \/>\n<meta name=\"twitter:label1\" content=\"\u00c9crit par\" \/>\n\t<meta name=\"twitter:data1\" content=\"La r\u00e9daction\" \/>\n\t<meta name=\"twitter:label2\" content=\"Dur\u00e9e de lecture estim\u00e9e\" \/>\n\t<meta name=\"twitter:data2\" content=\"3 minutes\" \/>\n<script type=\"application\/ld+json\" class=\"yoast-schema-graph\">{\"@context\":\"https:\/\/schema.org\",\"@graph\":[{\"@type\":\"Article\",\"@id\":\"https:\/\/stourm.news\/?p=3172#article\",\"isPartOf\":{\"@id\":\"https:\/\/stourm.news\/?p=3172\"},\"author\":{\"name\":\"La r\u00e9daction\",\"@id\":\"https:\/\/stourm.news\/#\/schema\/person\/c3e1dc65988632e190969234ef046cf9\"},\"headline\":\"Rennes : \u00ab Marseillisation \u00bb\u2026 Des tirs \u00e0 l\u2019arme automatique en pleine journ\u00e9e sur cette place pi\u00e9tonne\",\"datePublished\":\"2025-01-06T13:04:42+00:00\",\"mainEntityOfPage\":{\"@id\":\"https:\/\/stourm.news\/?p=3172\"},\"wordCount\":610,\"commentCount\":0,\"publisher\":{\"@id\":\"https:\/\/stourm.news\/#organization\"},\"image\":{\"@id\":\"https:\/\/stourm.news\/?p=3172#primaryimage\"},\"thumbnailUrl\":\"https:\/\/stourm.news\/wp-content\/uploads\/2025\/01\/1444x920_patrouilles-police-desormais-quotidiennes-quartier-villejean.jpeg\",\"articleSection\":[\"Drogue\",\"Faits divers\",\"Ille-et-Vilaine\",\"Revue de presse\"],\"inLanguage\":\"fr-FR\",\"potentialAction\":[{\"@type\":\"CommentAction\",\"name\":\"Comment\",\"target\":[\"https:\/\/stourm.news\/?p=3172#respond\"]}]},{\"@type\":\"WebPage\",\"@id\":\"https:\/\/stourm.news\/?p=3172\",\"url\":\"https:\/\/stourm.news\/?p=3172\",\"name\":\"Rennes : \u00ab Marseillisation \u00bb\u2026 Des tirs \u00e0 l\u2019arme automatique en pleine journ\u00e9e sur cette place pi\u00e9tonne - STOURM\",\"isPartOf\":{\"@id\":\"https:\/\/stourm.news\/#website\"},\"primaryImageOfPage\":{\"@id\":\"https:\/\/stourm.news\/?p=3172#primaryimage\"},\"image\":{\"@id\":\"https:\/\/stourm.news\/?p=3172#primaryimage\"},\"thumbnailUrl\":\"https:\/\/stourm.news\/wp-content\/uploads\/2025\/01\/1444x920_patrouilles-police-desormais-quotidiennes-quartier-villejean.jpeg\",\"datePublished\":\"2025-01-06T13:04:42+00:00\",\"breadcrumb\":{\"@id\":\"https:\/\/stourm.news\/?p=3172#breadcrumb\"},\"inLanguage\":\"fr-FR\",\"potentialAction\":[{\"@type\":\"ReadAction\",\"target\":[\"https:\/\/stourm.news\/?p=3172\"]}]},{\"@type\":\"ImageObject\",\"inLanguage\":\"fr-FR\",\"@id\":\"https:\/\/stourm.news\/?p=3172#primaryimage\",\"url\":\"https:\/\/stourm.news\/wp-content\/uploads\/2025\/01\/1444x920_patrouilles-police-desormais-quotidiennes-quartier-villejean.jpeg\",\"contentUrl\":\"https:\/\/stourm.news\/wp-content\/uploads\/2025\/01\/1444x920_patrouilles-police-desormais-quotidiennes-quartier-villejean.jpeg\",\"width\":1444,\"height\":920},{\"@type\":\"BreadcrumbList\",\"@id\":\"https:\/\/stourm.news\/?p=3172#breadcrumb\",\"itemListElement\":[{\"@type\":\"ListItem\",\"position\":1,\"name\":\"Accueil\",\"item\":\"https:\/\/stourm.news\/\"},{\"@type\":\"ListItem\",\"position\":2,\"name\":\"Rennes : \u00ab Marseillisation \u00bb\u2026 Des tirs \u00e0 l\u2019arme automatique en pleine journ\u00e9e sur cette place pi\u00e9tonne\"}]},{\"@type\":\"WebSite\",\"@id\":\"https:\/\/stourm.news\/#website\",\"url\":\"https:\/\/stourm.news\/\",\"name\":\"Stourm\",\"description\":\"Kazetenn Strollad Broadel Breizh\",\"publisher\":{\"@id\":\"https:\/\/stourm.news\/#organization\"},\"potentialAction\":[{\"@type\":\"SearchAction\",\"target\":{\"@type\":\"EntryPoint\",\"urlTemplate\":\"https:\/\/stourm.news\/?s={search_term_string}\"},\"query-input\":{\"@type\":\"PropertyValueSpecification\",\"valueRequired\":true,\"valueName\":\"search_term_string\"}}],\"inLanguage\":\"fr-FR\"},{\"@type\":\"Organization\",\"@id\":\"https:\/\/stourm.news\/#organization\",\"name\":\"Stourm\",\"url\":\"https:\/\/stourm.news\/\",\"logo\":{\"@type\":\"ImageObject\",\"inLanguage\":\"fr-FR\",\"@id\":\"https:\/\/stourm.news\/#\/schema\/logo\/image\/\",\"url\":\"https:\/\/stourm.news\/wp-content\/uploads\/2025\/11\/cropped-Capture-decran-2025-11-28-a-15.19.07.png\",\"contentUrl\":\"https:\/\/stourm.news\/wp-content\/uploads\/2025\/11\/cropped-Capture-decran-2025-11-28-a-15.19.07.png\",\"width\":1855,\"height\":383,\"caption\":\"Stourm\"},\"image\":{\"@id\":\"https:\/\/stourm.news\/#\/schema\/logo\/image\/\"},\"sameAs\":[\"https:\/\/www.facebook.com\/stourmnews\/\"]},{\"@type\":\"Person\",\"@id\":\"https:\/\/stourm.news\/#\/schema\/person\/c3e1dc65988632e190969234ef046cf9\",\"name\":\"La r\u00e9daction\",\"image\":{\"@type\":\"ImageObject\",\"inLanguage\":\"fr-FR\",\"@id\":\"https:\/\/stourm.news\/#\/schema\/person\/image\/\",\"url\":\"https:\/\/secure.gravatar.com\/avatar\/7463443f194b6b5fb706b074ca0ef59a0cfcfd720cb47764b0ec5a952ce422b3?s=96&d=mm&r=g\",\"contentUrl\":\"https:\/\/secure.gravatar.com\/avatar\/7463443f194b6b5fb706b074ca0ef59a0cfcfd720cb47764b0ec5a952ce422b3?s=96&d=mm&r=g\",\"caption\":\"La r\u00e9daction\"},\"sameAs\":[\"https:\/\/stourm.news\"],\"url\":\"https:\/\/stourm.news\/?author=1\"}]}<\/script>\n<!-- \/ Yoast SEO plugin. -->","yoast_head_json":{"title":"Rennes : \u00ab Marseillisation \u00bb\u2026 Des tirs \u00e0 l\u2019arme automatique en pleine journ\u00e9e sur cette place pi\u00e9tonne - STOURM","robots":{"index":"index","follow":"follow","max-snippet":"max-snippet:-1","max-image-preview":"max-image-preview:large","max-video-preview":"max-video-preview:-1"},"canonical":"https:\/\/stourm.news\/?p=3172","og_locale":"fr_FR","og_type":"article","og_title":"Rennes : \u00ab Marseillisation \u00bb\u2026 Des tirs \u00e0 l\u2019arme automatique en pleine journ\u00e9e sur cette place pi\u00e9tonne - STOURM","og_description":"Il \u00e9tait un peu plus de 14 heures dimanche quand les d\u00e9tonations ont retenti sur la dalle Kennedy. Cette grande place pi\u00e9tonne de Rennes situ\u00e9e au c\u0153ur du quartier populaire de Villejean est souvent tr\u00e8s fr\u00e9quent\u00e9e, notamment par les usagers du m\u00e9tro. Heureusement, en ce dernier jour de vacances scolaires, il n\u2019y avait pas foule [&hellip;]","og_url":"https:\/\/stourm.news\/?p=3172","og_site_name":"STOURM","article_publisher":"https:\/\/www.facebook.com\/stourmnews\/","article_published_time":"2025-01-06T13:04:42+00:00","og_image":[{"width":1444,"height":920,"url":"https:\/\/stourm.news\/wp-content\/uploads\/2025\/01\/1444x920_patrouilles-police-desormais-quotidiennes-quartier-villejean.jpeg","type":"image\/jpeg"}],"author":"La r\u00e9daction","twitter_card":"summary_large_image","twitter_misc":{"\u00c9crit par":"La r\u00e9daction","Dur\u00e9e de lecture estim\u00e9e":"3 minutes"},"schema":{"@context":"https:\/\/schema.org","@graph":[{"@type":"Article","@id":"https:\/\/stourm.news\/?p=3172#article","isPartOf":{"@id":"https:\/\/stourm.news\/?p=3172"},"author":{"name":"La r\u00e9daction","@id":"https:\/\/stourm.news\/#\/schema\/person\/c3e1dc65988632e190969234ef046cf9"},"headline":"Rennes : \u00ab Marseillisation \u00bb\u2026 Des tirs \u00e0 l\u2019arme automatique en pleine journ\u00e9e sur cette place pi\u00e9tonne","datePublished":"2025-01-06T13:04:42+00:00","mainEntityOfPage":{"@id":"https:\/\/stourm.news\/?p=3172"},"wordCount":610,"commentCount":0,"publisher":{"@id":"https:\/\/stourm.news\/#organization"},"image":{"@id":"https:\/\/stourm.news\/?p=3172#primaryimage"},"thumbnailUrl":"https:\/\/stourm.news\/wp-content\/uploads\/2025\/01\/1444x920_patrouilles-police-desormais-quotidiennes-quartier-villejean.jpeg","articleSection":["Drogue","Faits divers","Ille-et-Vilaine","Revue de presse"],"inLanguage":"fr-FR","potentialAction":[{"@type":"CommentAction","name":"Comment","target":["https:\/\/stourm.news\/?p=3172#respond"]}]},{"@type":"WebPage","@id":"https:\/\/stourm.news\/?p=3172","url":"https:\/\/stourm.news\/?p=3172","name":"Rennes : \u00ab Marseillisation \u00bb\u2026 Des tirs \u00e0 l\u2019arme automatique en pleine journ\u00e9e sur cette place pi\u00e9tonne - STOURM","isPartOf":{"@id":"https:\/\/stourm.news\/#website"},"primaryImageOfPage":{"@id":"https:\/\/stourm.news\/?p=3172#primaryimage"},"image":{"@id":"https:\/\/stourm.news\/?p=3172#primaryimage"},"thumbnailUrl":"https:\/\/stourm.news\/wp-content\/uploads\/2025\/01\/1444x920_patrouilles-police-desormais-quotidiennes-quartier-villejean.jpeg","datePublished":"2025-01-06T13:04:42+00:00","breadcrumb":{"@id":"https:\/\/stourm.news\/?p=3172#breadcrumb"},"inLanguage":"fr-FR","potentialAction":[{"@type":"ReadAction","target":["https:\/\/stourm.news\/?p=3172"]}]},{"@type":"ImageObject","inLanguage":"fr-FR","@id":"https:\/\/stourm.news\/?p=3172#primaryimage","url":"https:\/\/stourm.news\/wp-content\/uploads\/2025\/01\/1444x920_patrouilles-police-desormais-quotidiennes-quartier-villejean.jpeg","contentUrl":"https:\/\/stourm.news\/wp-content\/uploads\/2025\/01\/1444x920_patrouilles-police-desormais-quotidiennes-quartier-villejean.jpeg","width":1444,"height":920},{"@type":"BreadcrumbList","@id":"https:\/\/stourm.news\/?p=3172#breadcrumb","itemListElement":[{"@type":"ListItem","position":1,"name":"Accueil","item":"https:\/\/stourm.news\/"},{"@type":"ListItem","position":2,"name":"Rennes : \u00ab Marseillisation \u00bb\u2026 Des tirs \u00e0 l\u2019arme automatique en pleine journ\u00e9e sur cette place pi\u00e9tonne"}]},{"@type":"WebSite","@id":"https:\/\/stourm.news\/#website","url":"https:\/\/stourm.news\/","name":"Stourm","description":"Kazetenn Strollad Broadel Breizh","publisher":{"@id":"https:\/\/stourm.news\/#organization"},"potentialAction":[{"@type":"SearchAction","target":{"@type":"EntryPoint","urlTemplate":"https:\/\/stourm.news\/?s={search_term_string}"},"query-input":{"@type":"PropertyValueSpecification","valueRequired":true,"valueName":"search_term_string"}}],"inLanguage":"fr-FR"},{"@type":"Organization","@id":"https:\/\/stourm.news\/#organization","name":"Stourm","url":"https:\/\/stourm.news\/","logo":{"@type":"ImageObject","inLanguage":"fr-FR","@id":"https:\/\/stourm.news\/#\/schema\/logo\/image\/","url":"https:\/\/stourm.news\/wp-content\/uploads\/2025\/11\/cropped-Capture-decran-2025-11-28-a-15.19.07.png","contentUrl":"https:\/\/stourm.news\/wp-content\/uploads\/2025\/11\/cropped-Capture-decran-2025-11-28-a-15.19.07.png","width":1855,"height":383,"caption":"Stourm"},"image":{"@id":"https:\/\/stourm.news\/#\/schema\/logo\/image\/"},"sameAs":["https:\/\/www.facebook.com\/stourmnews\/"]},{"@type":"Person","@id":"https:\/\/stourm.news\/#\/schema\/person\/c3e1dc65988632e190969234ef046cf9","name":"La r\u00e9daction","image":{"@type":"ImageObject","inLanguage":"fr-FR","@id":"https:\/\/stourm.news\/#\/schema\/person\/image\/","url":"https:\/\/secure.gravatar.com\/avatar\/7463443f194b6b5fb706b074ca0ef59a0cfcfd720cb47764b0ec5a952ce422b3?s=96&d=mm&r=g","contentUrl":"https:\/\/secure.gravatar.com\/avatar\/7463443f194b6b5fb706b074ca0ef59a0cfcfd720cb47764b0ec5a952ce422b3?s=96&d=mm&r=g","caption":"La r\u00e9daction"},"sameAs":["https:\/\/stourm.news"],"url":"https:\/\/stourm.news\/?author=1"}]}},"_links":{"self":[{"href":"https:\/\/stourm.news\/index.php?rest_route=\/wp\/v2\/posts\/3172","targetHints":{"allow":["GET"]}}],"collection":[{"href":"https:\/\/stourm.news\/index.php?rest_route=\/wp\/v2\/posts"}],"about":[{"href":"https:\/\/stourm.news\/index.php?rest_route=\/wp\/v2\/types\/post"}],"author":[{"embeddable":true,"href":"https:\/\/stourm.news\/index.php?rest_route=\/wp\/v2\/users\/1"}],"replies":[{"embeddable":true,"href":"https:\/\/stourm.news\/index.php?rest_route=%2Fwp%2Fv2%2Fcomments&post=3172"}],"version-history":[{"count":1,"href":"https:\/\/stourm.news\/index.php?rest_route=\/wp\/v2\/posts\/3172\/revisions"}],"predecessor-version":[{"id":3174,"href":"https:\/\/stourm.news\/index.php?rest_route=\/wp\/v2\/posts\/3172\/revisions\/3174"}],"wp:featuredmedia":[{"embeddable":true,"href":"https:\/\/stourm.news\/index.php?rest_route=\/wp\/v2\/media\/3173"}],"wp:attachment":[{"href":"https:\/\/stourm.news\/index.php?rest_route=%2Fwp%2Fv2%2Fmedia&parent=3172"}],"wp:term":[{"taxonomy":"category","embeddable":true,"href":"https:\/\/stourm.news\/index.php?rest_route=%2Fwp%2Fv2%2Fcategories&post=3172"},{"taxonomy":"post_tag","embeddable":true,"href":"https:\/\/stourm.news\/index.php?rest_route=%2Fwp%2Fv2%2Ftags&post=3172"}],"curies":[{"name":"wp","href":"https:\/\/api.w.org\/{rel}","templated":true}]}}