{"id":3175,"date":"2025-01-06T14:36:15","date_gmt":"2025-01-06T14:36:15","guid":{"rendered":"https:\/\/stourm.news\/?p=3175"},"modified":"2025-01-06T14:36:15","modified_gmt":"2025-01-06T14:36:15","slug":"breizh-na-pas-de-frontieres-elle-na-quun-front-editorial","status":"publish","type":"post","link":"https:\/\/stourm.news\/?p=3175","title":{"rendered":"Breizh n&rsquo;a pas de fronti\u00e8res, elle n&rsquo;a qu&rsquo;un front ! (\u00c9ditorial)"},"content":{"rendered":"<p style=\"text-align: justify;\">La Bretagne historique est une notion qui est g\u00e9n\u00e9ralement oppos\u00e9e \u00e0 la Bretagne \u00ab\u00a0administrative\u00a0\u00bb actuelle compos\u00e9e de ses quatre d\u00e9partements. Elle int\u00e8gre en plus de la \u00ab\u00a0Bretagne administrative\u00a0\u00bb le d\u00e9partement de Loire-Atlantique et sa capitale, Naoned. Cette expression est pourtant insatisfaisante : les fronti\u00e8res de la Bretagne ont boug\u00e9 \u00e0 travers l&rsquo;histoire, si bien que l&rsquo;essence de la Bretagne ne saurait \u00eatre cantonn\u00e9e \u00e0 une fronti\u00e8re fixe.<\/p>\n<p><strong>L&rsquo;Emsav, une conception dynamique de la Bretagne<\/strong><\/p>\n<p style=\"text-align: justify;\">La conception fondamentale de la Bretagne que d\u00e9veloppe l&rsquo;Emsav ne saurait \u00eatre fig\u00e9e sans trahir l&rsquo;impulsion qui est \u00e0 l&rsquo;origine de la formation de l&rsquo;\u00c9tat breton. D\u00e8s le d\u00e9part, Breizh est le fruit d&rsquo;un effort de lib\u00e9ration des territoires et populations celtiques, bretonnes et continentales, sous la direction de l&rsquo;\u00e9lite guerri\u00e8re bretonne. \u00a0Lorsqu&rsquo;elle est finalement unifi\u00e9e politiquement par Nomino\u00eb puis Erispo\u00eb au 9e si\u00e8cle, la Bretagne entreprend imm\u00e9diatement une pouss\u00e9e vers l&rsquo;Est afin de lib\u00e9rer les territoires qui sont encore sous le joug des barbares francs. Les succ\u00e8s fulgurants des rois bretons aboutissent \u00e0 la lib\u00e9ration des pays rennais et nantais, puis \u00e0 la p\u00e9n\u00e9tration en profondeur en Anjou, en Vend\u00e9e, et dans l&rsquo;actuelle Normandie alors menac\u00e9e par les barbares scandinaves.<\/p>\n<p><img fetchpriority=\"high\" decoding=\"async\" class=\"alignnone size-medium\" src=\"https:\/\/geobreizh.bzh\/wp-content\/uploads\/2020\/05\/Geobreizh_Bretagne_royaume-breton_carte_fra.jpg\" width=\"1500\" height=\"1189\" \/><\/p>\n<p style=\"text-align: justify;\">L&rsquo;Emsav ne doit pas raisonner en termes aussi limitatifs que ceux d\u00e9velopp\u00e9s par le r\u00e9gionalisme \u00e0 propos de la \u00ab\u00a0r\u00e9unification\u00a0\u00bb. Si celle-ci est n\u00e9cessaire, l&rsquo;Emsav doit conserver la dynamique de civilisation celtique que la Bretagne porte depuis 15 si\u00e8cles et dont les Bretons sont les b\u00e2tisseurs. Concr\u00e8tement, nous devons regarder bien au del\u00e0 des fronti\u00e8res actuellement admises par la vulgate provincialiste et penser Breizh comme force de r\u00e9organisation et de renaissance des territoires celtiques qui avoisinent notre p\u00e9ninsule.<\/p>\n<p><strong>Une politique de puissance<\/strong><\/p>\n<p style=\"text-align: justify;\">\u00c0 cette qu\u00eate de puissance r\u00e9g\u00e9n\u00e9ratrice doit correspondre une politique. Il est essentiel pour la Bretagne de renouer avec une des parties constitutives de la grande nation brittonique qu&rsquo;est la Cornouailles de Grande-Bretagne actuelle. Les Bretons doivent \u00e0 nouveau exercer leur souverainet\u00e9 sur les deux rives de la Manche (Mor Breizh), voie maritime majeure d&rsquo;Europe. Cette l\u00e9gitime n\u00e9cessit\u00e9 d\u00e9bouche naturellement sur le d\u00e9veloppement de relations \u00e9troites avec les nationalistes cornouaillais afin de raviver la m\u00e9moire nationale commune, pr\u00e9lude \u00e0 une politique strat\u00e9gique coordonn\u00e9e ult\u00e9rieure.<\/p>\n<p><img decoding=\"async\" class=\"alignnone wp-image-3176 size-full\" src=\"https:\/\/stourm.news\/wp-content\/uploads\/2025\/01\/ntjmtp60g7rb1-scaled.webp\" alt=\"\" width=\"2308\" height=\"2560\" srcset=\"https:\/\/stourm.news\/wp-content\/uploads\/2025\/01\/ntjmtp60g7rb1-scaled.webp 2308w, https:\/\/stourm.news\/wp-content\/uploads\/2025\/01\/ntjmtp60g7rb1-271x300.webp 271w, https:\/\/stourm.news\/wp-content\/uploads\/2025\/01\/ntjmtp60g7rb1-923x1024.webp 923w, https:\/\/stourm.news\/wp-content\/uploads\/2025\/01\/ntjmtp60g7rb1-768x852.webp 768w, https:\/\/stourm.news\/wp-content\/uploads\/2025\/01\/ntjmtp60g7rb1-1385x1536.webp 1385w, https:\/\/stourm.news\/wp-content\/uploads\/2025\/01\/ntjmtp60g7rb1-1847x2048.webp 1847w\" sizes=\"(max-width: 2308px) 100vw, 2308px\" \/><\/p>\n<p style=\"text-align: justify;\">Ceci est un exemple de la fa\u00e7on dont nous devons conserver le rapport fondamental \u00e0 notre espace g\u00e9ographique et politique qu&rsquo;en avaient les rois de Bretagne. Nous devons raisonner en terme d&rsquo;expansion de notre culture, par opposition \u00e0 une conception exclusivement d\u00e9fensive qui ne saurait susciter l&rsquo;attrait des masses bretonnes. Une telle approche, marqu\u00e9e par l&rsquo;admission d&rsquo;une faiblesse fondamentale, ne conf\u00e8re pas le prestige indispensable \u00e0 la force d&rsquo;une culture. Si les Bretons acceptent la francisation, ce n&rsquo;est pas seulement par habitude, mais aussi par la force d&rsquo;attraction globale de l&rsquo;\u00c9tat fran\u00e7ais et de sa politique de domination. Une politique de domination identique doit lui \u00eatre oppos\u00e9e. \u00c0 travers l&rsquo;histoire, les cultures dynamiques sont expansionnistes et renforcent par l\u00e0-m\u00eame leur propre coeur. La vue des fronti\u00e8res atteintes par le royaume de Bretagne au 10e si\u00e8cle remplit les Bretons d&rsquo;un sentiment de puissance endormi qui leur fait cruellement d\u00e9faut d&rsquo;ordinaire.<\/p>\n<p><strong>Renaissance culturelle et prestige<\/strong><\/p>\n<p style=\"text-align: justify;\">La langue bretonne, bien que concentr\u00e9e en Bretagne occidentale \u00e0 notre \u00e9poque, a autrefois couvert une bien plus grande partie du territoire, avant de reculer sous l&rsquo;effet de l&rsquo;occupation fran\u00e7aise. Aujourd&rsquo;hui, des Bretons promeuvent son enseignement \u00e0 Roazhon ou Naoned. Demain, le breton doit \u00eatre enseign\u00e9 au del\u00e0 de ces fronti\u00e8res comme vecteur de l&rsquo;\u00e9veil celtique des populations de souche celtique qui vivent \u00e0 nos marches. Cela s&rsquo;inscrit non seulement dans la dynamique historique que poursuivaient les monarques bretons, mais impulse \u00e9galement l&rsquo;indispensable influence que l&rsquo;\u00c9tat breton doit rechercher dans ses p\u00e9riph\u00e9ries pour se renforcer.<\/p>\n<p style=\"text-align: justify;\">L\u2019\u00e9largissement des fronti\u00e8res donnerait \u00e0 la Bretagne et \u00e0 son \u00e9tat une assise \u00e9conomique et g\u00e9ographique renforc\u00e9e. En incluant Naoned, la Bretagne retrouverait d\u00e9j\u00e0 son principal port, essentiel pour son d\u00e9veloppement \u00e9conomique et commercial. Par une relation strat\u00e9gique avec la Cornouailles, celle-ci offrirait un acc\u00e8s aux peuples celtiques des \u00eeles britanniques dont la Bretagne est le flan continental. En structurant ses marches (Cotentin, Anjou, Vend\u00e9e) gr\u00e2ce \u00e0 diverses initiatives, tant \u00e9conomiques que culturelles, la Bretagne formerait un glacis protecteur et une zone o\u00f9 sa culture pourrait s&rsquo;enraciner.<\/p>\n<p style=\"text-align: justify;\">L&rsquo;expansion de la Bretagne dans sa zone d&rsquo;influence maximale redonnerait le sentiment de son r\u00f4le historique \u00e0 notre peuple dont les traditions et les droits ont \u00e9t\u00e9 effac\u00e9s ou marginalis\u00e9s par la France. Dans la lutte entre les peuples et les cultures pour la survie qui demeure la r\u00e8gle, le fort doit constamment affirmer son influence. Pour Breizh, survivre passe par une volont\u00e9 de domination affirm\u00e9e et une rupture avec l&rsquo;attitude prostr\u00e9e qui l&rsquo;a trop longtemps paralys\u00e9e.<\/p>\n<p style=\"text-align: right;\"><strong>Ewen Broc&rsquo;han<\/strong><\/p>\n<p style=\"text-align: justify;\">\n","protected":false},"excerpt":{"rendered":"<p>La Bretagne historique est une notion qui est g\u00e9n\u00e9ralement oppos\u00e9e \u00e0 la Bretagne \u00ab\u00a0administrative\u00a0\u00bb actuelle compos\u00e9e de ses quatre d\u00e9partements. Elle int\u00e8gre en plus de la \u00ab\u00a0Bretagne administrative\u00a0\u00bb le d\u00e9partement de Loire-Atlantique et sa capitale, Naoned. Cette expression est pourtant insatisfaisante : les fronti\u00e8res de la Bretagne ont boug\u00e9 \u00e0 travers l&rsquo;histoire, si bien que [&hellip;]<\/p>\n","protected":false},"author":1,"featured_media":3177,"comment_status":"open","ping_status":"open","sticky":false,"template":"","format":"standard","meta":{"sb_editor_width":"","footnotes":""},"categories":[63,65],"tags":[],"class_list":["post-3175","post","type-post","status-publish","format-standard","has-post-thumbnail","hentry","category-editorial","category-principale"],"relative_dates":{"created":"1 an ago","modified":"1 an ago"},"yoast_head":"<!-- This site is optimized with the Yoast SEO plugin v26.3 - https:\/\/yoast.com\/wordpress\/plugins\/seo\/ -->\n<title>Breizh n&#039;a pas de fronti\u00e8res, elle n&#039;a qu&#039;un front ! (\u00c9ditorial) - STOURM<\/title>\n<meta name=\"robots\" content=\"index, follow, max-snippet:-1, max-image-preview:large, max-video-preview:-1\" \/>\n<link rel=\"canonical\" href=\"https:\/\/stourm.news\/?p=3175\" \/>\n<meta property=\"og:locale\" content=\"fr_FR\" \/>\n<meta property=\"og:type\" content=\"article\" \/>\n<meta property=\"og:title\" content=\"Breizh n&#039;a pas de fronti\u00e8res, elle n&#039;a qu&#039;un front ! (\u00c9ditorial) - STOURM\" \/>\n<meta property=\"og:description\" content=\"La Bretagne historique est une notion qui est g\u00e9n\u00e9ralement oppos\u00e9e \u00e0 la Bretagne \u00ab\u00a0administrative\u00a0\u00bb actuelle compos\u00e9e de ses quatre d\u00e9partements. Elle int\u00e8gre en plus de la \u00ab\u00a0Bretagne administrative\u00a0\u00bb le d\u00e9partement de Loire-Atlantique et sa capitale, Naoned. Cette expression est pourtant insatisfaisante : les fronti\u00e8res de la Bretagne ont boug\u00e9 \u00e0 travers l&rsquo;histoire, si bien que [&hellip;]\" \/>\n<meta property=\"og:url\" content=\"https:\/\/stourm.news\/?p=3175\" \/>\n<meta property=\"og:site_name\" content=\"STOURM\" \/>\n<meta property=\"article:publisher\" content=\"https:\/\/www.facebook.com\/stourmnews\/\" \/>\n<meta property=\"article:published_time\" content=\"2025-01-06T14:36:15+00:00\" \/>\n<meta property=\"og:image\" content=\"https:\/\/stourm.news\/wp-content\/uploads\/2025\/01\/Capture-decran-2025-01-06-a-23.12.43.png\" \/>\n\t<meta property=\"og:image:width\" content=\"1052\" \/>\n\t<meta property=\"og:image:height\" content=\"764\" \/>\n\t<meta property=\"og:image:type\" content=\"image\/png\" \/>\n<meta name=\"author\" content=\"La r\u00e9daction\" \/>\n<meta name=\"twitter:card\" content=\"summary_large_image\" \/>\n<meta name=\"twitter:label1\" content=\"\u00c9crit par\" \/>\n\t<meta name=\"twitter:data1\" content=\"La r\u00e9daction\" \/>\n\t<meta name=\"twitter:label2\" content=\"Dur\u00e9e de lecture estim\u00e9e\" \/>\n\t<meta name=\"twitter:data2\" content=\"5 minutes\" \/>\n<script type=\"application\/ld+json\" class=\"yoast-schema-graph\">{\"@context\":\"https:\/\/schema.org\",\"@graph\":[{\"@type\":\"Article\",\"@id\":\"https:\/\/stourm.news\/?p=3175#article\",\"isPartOf\":{\"@id\":\"https:\/\/stourm.news\/?p=3175\"},\"author\":{\"name\":\"La r\u00e9daction\",\"@id\":\"https:\/\/stourm.news\/#\/schema\/person\/c3e1dc65988632e190969234ef046cf9\"},\"headline\":\"Breizh n&rsquo;a pas de fronti\u00e8res, elle n&rsquo;a qu&rsquo;un front ! (\u00c9ditorial)\",\"datePublished\":\"2025-01-06T14:36:15+00:00\",\"mainEntityOfPage\":{\"@id\":\"https:\/\/stourm.news\/?p=3175\"},\"wordCount\":892,\"commentCount\":0,\"publisher\":{\"@id\":\"https:\/\/stourm.news\/#organization\"},\"image\":{\"@id\":\"https:\/\/stourm.news\/?p=3175#primaryimage\"},\"thumbnailUrl\":\"https:\/\/stourm.news\/wp-content\/uploads\/2025\/01\/Capture-decran-2025-01-06-a-23.12.43.png\",\"articleSection\":[\"Editorial\",\"Principale\"],\"inLanguage\":\"fr-FR\",\"potentialAction\":[{\"@type\":\"CommentAction\",\"name\":\"Comment\",\"target\":[\"https:\/\/stourm.news\/?p=3175#respond\"]}]},{\"@type\":\"WebPage\",\"@id\":\"https:\/\/stourm.news\/?p=3175\",\"url\":\"https:\/\/stourm.news\/?p=3175\",\"name\":\"Breizh n'a pas de fronti\u00e8res, elle n'a qu'un front ! (\u00c9ditorial) - STOURM\",\"isPartOf\":{\"@id\":\"https:\/\/stourm.news\/#website\"},\"primaryImageOfPage\":{\"@id\":\"https:\/\/stourm.news\/?p=3175#primaryimage\"},\"image\":{\"@id\":\"https:\/\/stourm.news\/?p=3175#primaryimage\"},\"thumbnailUrl\":\"https:\/\/stourm.news\/wp-content\/uploads\/2025\/01\/Capture-decran-2025-01-06-a-23.12.43.png\",\"datePublished\":\"2025-01-06T14:36:15+00:00\",\"breadcrumb\":{\"@id\":\"https:\/\/stourm.news\/?p=3175#breadcrumb\"},\"inLanguage\":\"fr-FR\",\"potentialAction\":[{\"@type\":\"ReadAction\",\"target\":[\"https:\/\/stourm.news\/?p=3175\"]}]},{\"@type\":\"ImageObject\",\"inLanguage\":\"fr-FR\",\"@id\":\"https:\/\/stourm.news\/?p=3175#primaryimage\",\"url\":\"https:\/\/stourm.news\/wp-content\/uploads\/2025\/01\/Capture-decran-2025-01-06-a-23.12.43.png\",\"contentUrl\":\"https:\/\/stourm.news\/wp-content\/uploads\/2025\/01\/Capture-decran-2025-01-06-a-23.12.43.png\",\"width\":1052,\"height\":764},{\"@type\":\"BreadcrumbList\",\"@id\":\"https:\/\/stourm.news\/?p=3175#breadcrumb\",\"itemListElement\":[{\"@type\":\"ListItem\",\"position\":1,\"name\":\"Accueil\",\"item\":\"https:\/\/stourm.news\/\"},{\"@type\":\"ListItem\",\"position\":2,\"name\":\"Breizh n&rsquo;a pas de fronti\u00e8res, elle n&rsquo;a qu&rsquo;un front ! (\u00c9ditorial)\"}]},{\"@type\":\"WebSite\",\"@id\":\"https:\/\/stourm.news\/#website\",\"url\":\"https:\/\/stourm.news\/\",\"name\":\"Stourm\",\"description\":\"Kazetenn Strollad Broadel Breizh\",\"publisher\":{\"@id\":\"https:\/\/stourm.news\/#organization\"},\"potentialAction\":[{\"@type\":\"SearchAction\",\"target\":{\"@type\":\"EntryPoint\",\"urlTemplate\":\"https:\/\/stourm.news\/?s={search_term_string}\"},\"query-input\":{\"@type\":\"PropertyValueSpecification\",\"valueRequired\":true,\"valueName\":\"search_term_string\"}}],\"inLanguage\":\"fr-FR\"},{\"@type\":\"Organization\",\"@id\":\"https:\/\/stourm.news\/#organization\",\"name\":\"Stourm\",\"url\":\"https:\/\/stourm.news\/\",\"logo\":{\"@type\":\"ImageObject\",\"inLanguage\":\"fr-FR\",\"@id\":\"https:\/\/stourm.news\/#\/schema\/logo\/image\/\",\"url\":\"https:\/\/stourm.news\/wp-content\/uploads\/2025\/11\/cropped-Capture-decran-2025-11-28-a-15.19.07.png\",\"contentUrl\":\"https:\/\/stourm.news\/wp-content\/uploads\/2025\/11\/cropped-Capture-decran-2025-11-28-a-15.19.07.png\",\"width\":1855,\"height\":383,\"caption\":\"Stourm\"},\"image\":{\"@id\":\"https:\/\/stourm.news\/#\/schema\/logo\/image\/\"},\"sameAs\":[\"https:\/\/www.facebook.com\/stourmnews\/\"]},{\"@type\":\"Person\",\"@id\":\"https:\/\/stourm.news\/#\/schema\/person\/c3e1dc65988632e190969234ef046cf9\",\"name\":\"La r\u00e9daction\",\"image\":{\"@type\":\"ImageObject\",\"inLanguage\":\"fr-FR\",\"@id\":\"https:\/\/stourm.news\/#\/schema\/person\/image\/\",\"url\":\"https:\/\/secure.gravatar.com\/avatar\/7463443f194b6b5fb706b074ca0ef59a0cfcfd720cb47764b0ec5a952ce422b3?s=96&d=mm&r=g\",\"contentUrl\":\"https:\/\/secure.gravatar.com\/avatar\/7463443f194b6b5fb706b074ca0ef59a0cfcfd720cb47764b0ec5a952ce422b3?s=96&d=mm&r=g\",\"caption\":\"La r\u00e9daction\"},\"sameAs\":[\"https:\/\/stourm.news\"],\"url\":\"https:\/\/stourm.news\/?author=1\"}]}<\/script>\n<!-- \/ Yoast SEO plugin. -->","yoast_head_json":{"title":"Breizh n'a pas de fronti\u00e8res, elle n'a qu'un front ! (\u00c9ditorial) - STOURM","robots":{"index":"index","follow":"follow","max-snippet":"max-snippet:-1","max-image-preview":"max-image-preview:large","max-video-preview":"max-video-preview:-1"},"canonical":"https:\/\/stourm.news\/?p=3175","og_locale":"fr_FR","og_type":"article","og_title":"Breizh n'a pas de fronti\u00e8res, elle n'a qu'un front ! (\u00c9ditorial) - STOURM","og_description":"La Bretagne historique est une notion qui est g\u00e9n\u00e9ralement oppos\u00e9e \u00e0 la Bretagne \u00ab\u00a0administrative\u00a0\u00bb actuelle compos\u00e9e de ses quatre d\u00e9partements. Elle int\u00e8gre en plus de la \u00ab\u00a0Bretagne administrative\u00a0\u00bb le d\u00e9partement de Loire-Atlantique et sa capitale, Naoned. Cette expression est pourtant insatisfaisante : les fronti\u00e8res de la Bretagne ont boug\u00e9 \u00e0 travers l&rsquo;histoire, si bien que [&hellip;]","og_url":"https:\/\/stourm.news\/?p=3175","og_site_name":"STOURM","article_publisher":"https:\/\/www.facebook.com\/stourmnews\/","article_published_time":"2025-01-06T14:36:15+00:00","og_image":[{"width":1052,"height":764,"url":"https:\/\/stourm.news\/wp-content\/uploads\/2025\/01\/Capture-decran-2025-01-06-a-23.12.43.png","type":"image\/png"}],"author":"La r\u00e9daction","twitter_card":"summary_large_image","twitter_misc":{"\u00c9crit par":"La r\u00e9daction","Dur\u00e9e de lecture estim\u00e9e":"5 minutes"},"schema":{"@context":"https:\/\/schema.org","@graph":[{"@type":"Article","@id":"https:\/\/stourm.news\/?p=3175#article","isPartOf":{"@id":"https:\/\/stourm.news\/?p=3175"},"author":{"name":"La r\u00e9daction","@id":"https:\/\/stourm.news\/#\/schema\/person\/c3e1dc65988632e190969234ef046cf9"},"headline":"Breizh n&rsquo;a pas de fronti\u00e8res, elle n&rsquo;a qu&rsquo;un front ! (\u00c9ditorial)","datePublished":"2025-01-06T14:36:15+00:00","mainEntityOfPage":{"@id":"https:\/\/stourm.news\/?p=3175"},"wordCount":892,"commentCount":0,"publisher":{"@id":"https:\/\/stourm.news\/#organization"},"image":{"@id":"https:\/\/stourm.news\/?p=3175#primaryimage"},"thumbnailUrl":"https:\/\/stourm.news\/wp-content\/uploads\/2025\/01\/Capture-decran-2025-01-06-a-23.12.43.png","articleSection":["Editorial","Principale"],"inLanguage":"fr-FR","potentialAction":[{"@type":"CommentAction","name":"Comment","target":["https:\/\/stourm.news\/?p=3175#respond"]}]},{"@type":"WebPage","@id":"https:\/\/stourm.news\/?p=3175","url":"https:\/\/stourm.news\/?p=3175","name":"Breizh n'a pas de fronti\u00e8res, elle n'a qu'un front ! (\u00c9ditorial) - STOURM","isPartOf":{"@id":"https:\/\/stourm.news\/#website"},"primaryImageOfPage":{"@id":"https:\/\/stourm.news\/?p=3175#primaryimage"},"image":{"@id":"https:\/\/stourm.news\/?p=3175#primaryimage"},"thumbnailUrl":"https:\/\/stourm.news\/wp-content\/uploads\/2025\/01\/Capture-decran-2025-01-06-a-23.12.43.png","datePublished":"2025-01-06T14:36:15+00:00","breadcrumb":{"@id":"https:\/\/stourm.news\/?p=3175#breadcrumb"},"inLanguage":"fr-FR","potentialAction":[{"@type":"ReadAction","target":["https:\/\/stourm.news\/?p=3175"]}]},{"@type":"ImageObject","inLanguage":"fr-FR","@id":"https:\/\/stourm.news\/?p=3175#primaryimage","url":"https:\/\/stourm.news\/wp-content\/uploads\/2025\/01\/Capture-decran-2025-01-06-a-23.12.43.png","contentUrl":"https:\/\/stourm.news\/wp-content\/uploads\/2025\/01\/Capture-decran-2025-01-06-a-23.12.43.png","width":1052,"height":764},{"@type":"BreadcrumbList","@id":"https:\/\/stourm.news\/?p=3175#breadcrumb","itemListElement":[{"@type":"ListItem","position":1,"name":"Accueil","item":"https:\/\/stourm.news\/"},{"@type":"ListItem","position":2,"name":"Breizh n&rsquo;a pas de fronti\u00e8res, elle n&rsquo;a qu&rsquo;un front ! (\u00c9ditorial)"}]},{"@type":"WebSite","@id":"https:\/\/stourm.news\/#website","url":"https:\/\/stourm.news\/","name":"Stourm","description":"Kazetenn Strollad Broadel Breizh","publisher":{"@id":"https:\/\/stourm.news\/#organization"},"potentialAction":[{"@type":"SearchAction","target":{"@type":"EntryPoint","urlTemplate":"https:\/\/stourm.news\/?s={search_term_string}"},"query-input":{"@type":"PropertyValueSpecification","valueRequired":true,"valueName":"search_term_string"}}],"inLanguage":"fr-FR"},{"@type":"Organization","@id":"https:\/\/stourm.news\/#organization","name":"Stourm","url":"https:\/\/stourm.news\/","logo":{"@type":"ImageObject","inLanguage":"fr-FR","@id":"https:\/\/stourm.news\/#\/schema\/logo\/image\/","url":"https:\/\/stourm.news\/wp-content\/uploads\/2025\/11\/cropped-Capture-decran-2025-11-28-a-15.19.07.png","contentUrl":"https:\/\/stourm.news\/wp-content\/uploads\/2025\/11\/cropped-Capture-decran-2025-11-28-a-15.19.07.png","width":1855,"height":383,"caption":"Stourm"},"image":{"@id":"https:\/\/stourm.news\/#\/schema\/logo\/image\/"},"sameAs":["https:\/\/www.facebook.com\/stourmnews\/"]},{"@type":"Person","@id":"https:\/\/stourm.news\/#\/schema\/person\/c3e1dc65988632e190969234ef046cf9","name":"La r\u00e9daction","image":{"@type":"ImageObject","inLanguage":"fr-FR","@id":"https:\/\/stourm.news\/#\/schema\/person\/image\/","url":"https:\/\/secure.gravatar.com\/avatar\/7463443f194b6b5fb706b074ca0ef59a0cfcfd720cb47764b0ec5a952ce422b3?s=96&d=mm&r=g","contentUrl":"https:\/\/secure.gravatar.com\/avatar\/7463443f194b6b5fb706b074ca0ef59a0cfcfd720cb47764b0ec5a952ce422b3?s=96&d=mm&r=g","caption":"La r\u00e9daction"},"sameAs":["https:\/\/stourm.news"],"url":"https:\/\/stourm.news\/?author=1"}]}},"_links":{"self":[{"href":"https:\/\/stourm.news\/index.php?rest_route=\/wp\/v2\/posts\/3175","targetHints":{"allow":["GET"]}}],"collection":[{"href":"https:\/\/stourm.news\/index.php?rest_route=\/wp\/v2\/posts"}],"about":[{"href":"https:\/\/stourm.news\/index.php?rest_route=\/wp\/v2\/types\/post"}],"author":[{"embeddable":true,"href":"https:\/\/stourm.news\/index.php?rest_route=\/wp\/v2\/users\/1"}],"replies":[{"embeddable":true,"href":"https:\/\/stourm.news\/index.php?rest_route=%2Fwp%2Fv2%2Fcomments&post=3175"}],"version-history":[{"count":1,"href":"https:\/\/stourm.news\/index.php?rest_route=\/wp\/v2\/posts\/3175\/revisions"}],"predecessor-version":[{"id":3178,"href":"https:\/\/stourm.news\/index.php?rest_route=\/wp\/v2\/posts\/3175\/revisions\/3178"}],"wp:featuredmedia":[{"embeddable":true,"href":"https:\/\/stourm.news\/index.php?rest_route=\/wp\/v2\/media\/3177"}],"wp:attachment":[{"href":"https:\/\/stourm.news\/index.php?rest_route=%2Fwp%2Fv2%2Fmedia&parent=3175"}],"wp:term":[{"taxonomy":"category","embeddable":true,"href":"https:\/\/stourm.news\/index.php?rest_route=%2Fwp%2Fv2%2Fcategories&post=3175"},{"taxonomy":"post_tag","embeddable":true,"href":"https:\/\/stourm.news\/index.php?rest_route=%2Fwp%2Fv2%2Ftags&post=3175"}],"curies":[{"name":"wp","href":"https:\/\/api.w.org\/{rel}","templated":true}]}}