{"id":3179,"date":"2025-01-07T07:16:28","date_gmt":"2025-01-07T07:16:28","guid":{"rendered":"https:\/\/stourm.news\/?p=3179"},"modified":"2025-01-07T07:16:28","modified_gmt":"2025-01-07T07:16:28","slug":"refus-de-la-mairie-dhennebont-la-lutte-pour-une-ecole-diwan-devient-un-symbole-de-la-resistance-linguistique-bretonne","status":"publish","type":"post","link":"https:\/\/stourm.news\/?p=3179","title":{"rendered":"Refus de la mairie d&rsquo;Hennebont : la lutte pour une \u00e9cole Diwan devient un symbole de la r\u00e9sistance linguistique bretonne"},"content":{"rendered":"<p style=\"text-align: justify;\">Ils esp\u00e9raient offrir une rentr\u00e9e en breton \u00e0 leurs enfants d\u00e8s septembre 2025. Mais la mairie d\u2019Hennebont, fid\u00e8le \u00e0 une politique de m\u00e9pris envers la langue et la culture bretonnes, a oppos\u00e9 un refus cat\u00e9gorique au projet d\u2019\u00e9cole Diwan port\u00e9 par le comit\u00e9 Bugale ar Blavezh. Apr\u00e8s deux ann\u00e9es de rendez-vous infructueux et de promesses creuses, le rejet de ce projet incarne une nouvelle attaque contre l\u2019avenir linguistique de la Bretagne.<\/p>\n<p style=\"text-align: justify;\">Dans un communiqu\u00e9, le comit\u00e9 Bugale ar Blavezh d\u00e9nonce l\u2019hypocrisie flagrante de la municipalit\u00e9, qui pr\u00e9tend d\u00e9fendre le d\u00e9veloppement durable et le respect des cultures locales \u00e0 travers son agenda 21, tout en sabordant un projet \u00e9ducatif essentiel \u00e0 la survie du breton.<\/p>\n<p style=\"text-align: justify;\"><strong>Un appel \u00e0 la mobilisation populaire pour d\u00e9fendre la langue bretonne<\/strong><\/p>\n<p style=\"text-align: justify;\">Bugale ar Blavezh appelle les habitants d\u2019Hennebont et des environs \u00e0 la solidarit\u00e9 et \u00e0 l\u2019action. Ils invitent toutes celles et ceux qui souhaitent soutenir la cr\u00e9ation de l\u2019\u00e9cole Diwan \u00e0 proposer des solutions concr\u00e8tes : terrains, b\u00e2timents ou toute id\u00e9e permettant de contourner les obstacles pos\u00e9s par la mairie.<\/p>\n<p style=\"text-align: justify;\">Ce projet ne concerne pas uniquement Hennebont, mais l\u2019avenir de la Bretagne tout enti\u00e8re. Chaque \u00e9cole Diwan est une forteresse culturelle, un acte de d\u00e9fiance face \u00e0 la centralisation fran\u00e7aise qui \u00e9touffe les langues r\u00e9gionales et uniformise les esprits.<\/p>\n<p style=\"text-align: justify;\"><strong>Pour un avenir en breton, lib\u00e9rons-nous des freins institutionnels<\/strong><\/p>\n<p style=\"text-align: justify;\">Cette lutte pour une \u00e9cole bretonnante met en lumi\u00e8re une r\u00e9alit\u00e9 plus large : l\u2019\u00c9tat fran\u00e7ais et ses relais locaux n\u2019ont jamais eu pour objectif de laisser prosp\u00e9rer la culture bretonne. Les refus, retards et pr\u00e9textes administratifs ne sont que des outils d\u2019une politique d\u2019assimilation orchestr\u00e9e depuis Paris. Il est temps que les Bretons prennent leur destin en main.<\/p>\n<p style=\"text-align: justify;\">Pour soutenir ce projet et contribuer activement \u00e0 la renaissance bretonne, contactez le comit\u00e9 Bugale ar Blavezh par courriel \u00e0 <strong>ks.diwan.blavezh@gmail.com<\/strong> ou par t\u00e9l\u00e9phone au 06 23 35 92 85. Ensemble, faisons de cette \u00e9cole une r\u00e9alit\u00e9 et posons une pierre de plus \u00e0 l\u2019\u00e9difice d\u2019une Bretagne libre et fi\u00e8re de ses racines.<\/p>\n<p style=\"text-align: right;\"><b>Budig Gourmaelon<\/b><\/p>\n","protected":false},"excerpt":{"rendered":"<p>Ils esp\u00e9raient offrir une rentr\u00e9e en breton \u00e0 leurs enfants d\u00e8s septembre 2025. Mais la mairie d\u2019Hennebont, fid\u00e8le \u00e0 une politique de m\u00e9pris envers la langue et la culture bretonnes, a oppos\u00e9 un refus cat\u00e9gorique au projet d\u2019\u00e9cole Diwan port\u00e9 par le comit\u00e9 Bugale ar Blavezh. Apr\u00e8s deux ann\u00e9es de rendez-vous infructueux et de promesses [&hellip;]<\/p>\n","protected":false},"author":1,"featured_media":3180,"comment_status":"open","ping_status":"open","sticky":false,"template":"","format":"standard","meta":{"sb_editor_width":"","footnotes":""},"categories":[58,65],"tags":[],"class_list":["post-3179","post","type-post","status-publish","format-standard","has-post-thumbnail","hentry","category-breizh","category-principale"],"relative_dates":{"created":"1 an ago","modified":"1 an ago"},"yoast_head":"<!-- This site is optimized with the Yoast SEO plugin v26.3 - https:\/\/yoast.com\/wordpress\/plugins\/seo\/ -->\n<title>Refus de la mairie d&#039;Hennebont : la lutte pour une \u00e9cole Diwan devient un symbole de la r\u00e9sistance linguistique bretonne - STOURM<\/title>\n<meta name=\"robots\" content=\"index, follow, max-snippet:-1, max-image-preview:large, max-video-preview:-1\" \/>\n<link rel=\"canonical\" href=\"https:\/\/stourm.news\/?p=3179\" \/>\n<meta property=\"og:locale\" content=\"fr_FR\" \/>\n<meta property=\"og:type\" content=\"article\" \/>\n<meta property=\"og:title\" content=\"Refus de la mairie d&#039;Hennebont : la lutte pour une \u00e9cole Diwan devient un symbole de la r\u00e9sistance linguistique bretonne - STOURM\" \/>\n<meta property=\"og:description\" content=\"Ils esp\u00e9raient offrir une rentr\u00e9e en breton \u00e0 leurs enfants d\u00e8s septembre 2025. Mais la mairie d\u2019Hennebont, fid\u00e8le \u00e0 une politique de m\u00e9pris envers la langue et la culture bretonnes, a oppos\u00e9 un refus cat\u00e9gorique au projet d\u2019\u00e9cole Diwan port\u00e9 par le comit\u00e9 Bugale ar Blavezh. Apr\u00e8s deux ann\u00e9es de rendez-vous infructueux et de promesses [&hellip;]\" \/>\n<meta property=\"og:url\" content=\"https:\/\/stourm.news\/?p=3179\" \/>\n<meta property=\"og:site_name\" content=\"STOURM\" \/>\n<meta property=\"article:publisher\" content=\"https:\/\/www.facebook.com\/stourmnews\/\" \/>\n<meta property=\"article:published_time\" content=\"2025-01-07T07:16:28+00:00\" \/>\n<meta property=\"og:image\" content=\"https:\/\/stourm.news\/wp-content\/uploads\/2025\/01\/GRWtLt5WUAA340X.jpg\" \/>\n\t<meta property=\"og:image:width\" content=\"2048\" \/>\n\t<meta property=\"og:image:height\" content=\"1536\" \/>\n\t<meta property=\"og:image:type\" content=\"image\/jpeg\" \/>\n<meta name=\"author\" content=\"La r\u00e9daction\" \/>\n<meta name=\"twitter:card\" content=\"summary_large_image\" \/>\n<meta name=\"twitter:label1\" content=\"\u00c9crit par\" \/>\n\t<meta name=\"twitter:data1\" content=\"La r\u00e9daction\" \/>\n\t<meta name=\"twitter:label2\" content=\"Dur\u00e9e de lecture estim\u00e9e\" \/>\n\t<meta name=\"twitter:data2\" content=\"2 minutes\" \/>\n<script type=\"application\/ld+json\" class=\"yoast-schema-graph\">{\"@context\":\"https:\/\/schema.org\",\"@graph\":[{\"@type\":\"Article\",\"@id\":\"https:\/\/stourm.news\/?p=3179#article\",\"isPartOf\":{\"@id\":\"https:\/\/stourm.news\/?p=3179\"},\"author\":{\"name\":\"La r\u00e9daction\",\"@id\":\"https:\/\/stourm.news\/#\/schema\/person\/c3e1dc65988632e190969234ef046cf9\"},\"headline\":\"Refus de la mairie d&rsquo;Hennebont : la lutte pour une \u00e9cole Diwan devient un symbole de la r\u00e9sistance linguistique bretonne\",\"datePublished\":\"2025-01-07T07:16:28+00:00\",\"mainEntityOfPage\":{\"@id\":\"https:\/\/stourm.news\/?p=3179\"},\"wordCount\":388,\"commentCount\":0,\"publisher\":{\"@id\":\"https:\/\/stourm.news\/#organization\"},\"image\":{\"@id\":\"https:\/\/stourm.news\/?p=3179#primaryimage\"},\"thumbnailUrl\":\"https:\/\/stourm.news\/wp-content\/uploads\/2025\/01\/GRWtLt5WUAA340X.jpg\",\"articleSection\":[\"Breizh\",\"Principale\"],\"inLanguage\":\"fr-FR\",\"potentialAction\":[{\"@type\":\"CommentAction\",\"name\":\"Comment\",\"target\":[\"https:\/\/stourm.news\/?p=3179#respond\"]}]},{\"@type\":\"WebPage\",\"@id\":\"https:\/\/stourm.news\/?p=3179\",\"url\":\"https:\/\/stourm.news\/?p=3179\",\"name\":\"Refus de la mairie d'Hennebont : la lutte pour une \u00e9cole Diwan devient un symbole de la r\u00e9sistance linguistique bretonne - STOURM\",\"isPartOf\":{\"@id\":\"https:\/\/stourm.news\/#website\"},\"primaryImageOfPage\":{\"@id\":\"https:\/\/stourm.news\/?p=3179#primaryimage\"},\"image\":{\"@id\":\"https:\/\/stourm.news\/?p=3179#primaryimage\"},\"thumbnailUrl\":\"https:\/\/stourm.news\/wp-content\/uploads\/2025\/01\/GRWtLt5WUAA340X.jpg\",\"datePublished\":\"2025-01-07T07:16:28+00:00\",\"breadcrumb\":{\"@id\":\"https:\/\/stourm.news\/?p=3179#breadcrumb\"},\"inLanguage\":\"fr-FR\",\"potentialAction\":[{\"@type\":\"ReadAction\",\"target\":[\"https:\/\/stourm.news\/?p=3179\"]}]},{\"@type\":\"ImageObject\",\"inLanguage\":\"fr-FR\",\"@id\":\"https:\/\/stourm.news\/?p=3179#primaryimage\",\"url\":\"https:\/\/stourm.news\/wp-content\/uploads\/2025\/01\/GRWtLt5WUAA340X.jpg\",\"contentUrl\":\"https:\/\/stourm.news\/wp-content\/uploads\/2025\/01\/GRWtLt5WUAA340X.jpg\",\"width\":2048,\"height\":1536},{\"@type\":\"BreadcrumbList\",\"@id\":\"https:\/\/stourm.news\/?p=3179#breadcrumb\",\"itemListElement\":[{\"@type\":\"ListItem\",\"position\":1,\"name\":\"Accueil\",\"item\":\"https:\/\/stourm.news\/\"},{\"@type\":\"ListItem\",\"position\":2,\"name\":\"Refus de la mairie d&rsquo;Hennebont : la lutte pour une \u00e9cole Diwan devient un symbole de la r\u00e9sistance linguistique bretonne\"}]},{\"@type\":\"WebSite\",\"@id\":\"https:\/\/stourm.news\/#website\",\"url\":\"https:\/\/stourm.news\/\",\"name\":\"Stourm\",\"description\":\"Kazetenn Strollad Broadel Breizh\",\"publisher\":{\"@id\":\"https:\/\/stourm.news\/#organization\"},\"potentialAction\":[{\"@type\":\"SearchAction\",\"target\":{\"@type\":\"EntryPoint\",\"urlTemplate\":\"https:\/\/stourm.news\/?s={search_term_string}\"},\"query-input\":{\"@type\":\"PropertyValueSpecification\",\"valueRequired\":true,\"valueName\":\"search_term_string\"}}],\"inLanguage\":\"fr-FR\"},{\"@type\":\"Organization\",\"@id\":\"https:\/\/stourm.news\/#organization\",\"name\":\"Stourm\",\"url\":\"https:\/\/stourm.news\/\",\"logo\":{\"@type\":\"ImageObject\",\"inLanguage\":\"fr-FR\",\"@id\":\"https:\/\/stourm.news\/#\/schema\/logo\/image\/\",\"url\":\"https:\/\/stourm.news\/wp-content\/uploads\/2025\/11\/cropped-Capture-decran-2025-11-28-a-15.19.07.png\",\"contentUrl\":\"https:\/\/stourm.news\/wp-content\/uploads\/2025\/11\/cropped-Capture-decran-2025-11-28-a-15.19.07.png\",\"width\":1855,\"height\":383,\"caption\":\"Stourm\"},\"image\":{\"@id\":\"https:\/\/stourm.news\/#\/schema\/logo\/image\/\"},\"sameAs\":[\"https:\/\/www.facebook.com\/stourmnews\/\"]},{\"@type\":\"Person\",\"@id\":\"https:\/\/stourm.news\/#\/schema\/person\/c3e1dc65988632e190969234ef046cf9\",\"name\":\"La r\u00e9daction\",\"image\":{\"@type\":\"ImageObject\",\"inLanguage\":\"fr-FR\",\"@id\":\"https:\/\/stourm.news\/#\/schema\/person\/image\/\",\"url\":\"https:\/\/secure.gravatar.com\/avatar\/7463443f194b6b5fb706b074ca0ef59a0cfcfd720cb47764b0ec5a952ce422b3?s=96&d=mm&r=g\",\"contentUrl\":\"https:\/\/secure.gravatar.com\/avatar\/7463443f194b6b5fb706b074ca0ef59a0cfcfd720cb47764b0ec5a952ce422b3?s=96&d=mm&r=g\",\"caption\":\"La r\u00e9daction\"},\"sameAs\":[\"https:\/\/stourm.news\"],\"url\":\"https:\/\/stourm.news\/?author=1\"}]}<\/script>\n<!-- \/ Yoast SEO plugin. -->","yoast_head_json":{"title":"Refus de la mairie d'Hennebont : la lutte pour une \u00e9cole Diwan devient un symbole de la r\u00e9sistance linguistique bretonne - STOURM","robots":{"index":"index","follow":"follow","max-snippet":"max-snippet:-1","max-image-preview":"max-image-preview:large","max-video-preview":"max-video-preview:-1"},"canonical":"https:\/\/stourm.news\/?p=3179","og_locale":"fr_FR","og_type":"article","og_title":"Refus de la mairie d'Hennebont : la lutte pour une \u00e9cole Diwan devient un symbole de la r\u00e9sistance linguistique bretonne - STOURM","og_description":"Ils esp\u00e9raient offrir une rentr\u00e9e en breton \u00e0 leurs enfants d\u00e8s septembre 2025. Mais la mairie d\u2019Hennebont, fid\u00e8le \u00e0 une politique de m\u00e9pris envers la langue et la culture bretonnes, a oppos\u00e9 un refus cat\u00e9gorique au projet d\u2019\u00e9cole Diwan port\u00e9 par le comit\u00e9 Bugale ar Blavezh. Apr\u00e8s deux ann\u00e9es de rendez-vous infructueux et de promesses [&hellip;]","og_url":"https:\/\/stourm.news\/?p=3179","og_site_name":"STOURM","article_publisher":"https:\/\/www.facebook.com\/stourmnews\/","article_published_time":"2025-01-07T07:16:28+00:00","og_image":[{"width":2048,"height":1536,"url":"https:\/\/stourm.news\/wp-content\/uploads\/2025\/01\/GRWtLt5WUAA340X.jpg","type":"image\/jpeg"}],"author":"La r\u00e9daction","twitter_card":"summary_large_image","twitter_misc":{"\u00c9crit par":"La r\u00e9daction","Dur\u00e9e de lecture estim\u00e9e":"2 minutes"},"schema":{"@context":"https:\/\/schema.org","@graph":[{"@type":"Article","@id":"https:\/\/stourm.news\/?p=3179#article","isPartOf":{"@id":"https:\/\/stourm.news\/?p=3179"},"author":{"name":"La r\u00e9daction","@id":"https:\/\/stourm.news\/#\/schema\/person\/c3e1dc65988632e190969234ef046cf9"},"headline":"Refus de la mairie d&rsquo;Hennebont : la lutte pour une \u00e9cole Diwan devient un symbole de la r\u00e9sistance linguistique bretonne","datePublished":"2025-01-07T07:16:28+00:00","mainEntityOfPage":{"@id":"https:\/\/stourm.news\/?p=3179"},"wordCount":388,"commentCount":0,"publisher":{"@id":"https:\/\/stourm.news\/#organization"},"image":{"@id":"https:\/\/stourm.news\/?p=3179#primaryimage"},"thumbnailUrl":"https:\/\/stourm.news\/wp-content\/uploads\/2025\/01\/GRWtLt5WUAA340X.jpg","articleSection":["Breizh","Principale"],"inLanguage":"fr-FR","potentialAction":[{"@type":"CommentAction","name":"Comment","target":["https:\/\/stourm.news\/?p=3179#respond"]}]},{"@type":"WebPage","@id":"https:\/\/stourm.news\/?p=3179","url":"https:\/\/stourm.news\/?p=3179","name":"Refus de la mairie d'Hennebont : la lutte pour une \u00e9cole Diwan devient un symbole de la r\u00e9sistance linguistique bretonne - STOURM","isPartOf":{"@id":"https:\/\/stourm.news\/#website"},"primaryImageOfPage":{"@id":"https:\/\/stourm.news\/?p=3179#primaryimage"},"image":{"@id":"https:\/\/stourm.news\/?p=3179#primaryimage"},"thumbnailUrl":"https:\/\/stourm.news\/wp-content\/uploads\/2025\/01\/GRWtLt5WUAA340X.jpg","datePublished":"2025-01-07T07:16:28+00:00","breadcrumb":{"@id":"https:\/\/stourm.news\/?p=3179#breadcrumb"},"inLanguage":"fr-FR","potentialAction":[{"@type":"ReadAction","target":["https:\/\/stourm.news\/?p=3179"]}]},{"@type":"ImageObject","inLanguage":"fr-FR","@id":"https:\/\/stourm.news\/?p=3179#primaryimage","url":"https:\/\/stourm.news\/wp-content\/uploads\/2025\/01\/GRWtLt5WUAA340X.jpg","contentUrl":"https:\/\/stourm.news\/wp-content\/uploads\/2025\/01\/GRWtLt5WUAA340X.jpg","width":2048,"height":1536},{"@type":"BreadcrumbList","@id":"https:\/\/stourm.news\/?p=3179#breadcrumb","itemListElement":[{"@type":"ListItem","position":1,"name":"Accueil","item":"https:\/\/stourm.news\/"},{"@type":"ListItem","position":2,"name":"Refus de la mairie d&rsquo;Hennebont : la lutte pour une \u00e9cole Diwan devient un symbole de la r\u00e9sistance linguistique bretonne"}]},{"@type":"WebSite","@id":"https:\/\/stourm.news\/#website","url":"https:\/\/stourm.news\/","name":"Stourm","description":"Kazetenn Strollad Broadel Breizh","publisher":{"@id":"https:\/\/stourm.news\/#organization"},"potentialAction":[{"@type":"SearchAction","target":{"@type":"EntryPoint","urlTemplate":"https:\/\/stourm.news\/?s={search_term_string}"},"query-input":{"@type":"PropertyValueSpecification","valueRequired":true,"valueName":"search_term_string"}}],"inLanguage":"fr-FR"},{"@type":"Organization","@id":"https:\/\/stourm.news\/#organization","name":"Stourm","url":"https:\/\/stourm.news\/","logo":{"@type":"ImageObject","inLanguage":"fr-FR","@id":"https:\/\/stourm.news\/#\/schema\/logo\/image\/","url":"https:\/\/stourm.news\/wp-content\/uploads\/2025\/11\/cropped-Capture-decran-2025-11-28-a-15.19.07.png","contentUrl":"https:\/\/stourm.news\/wp-content\/uploads\/2025\/11\/cropped-Capture-decran-2025-11-28-a-15.19.07.png","width":1855,"height":383,"caption":"Stourm"},"image":{"@id":"https:\/\/stourm.news\/#\/schema\/logo\/image\/"},"sameAs":["https:\/\/www.facebook.com\/stourmnews\/"]},{"@type":"Person","@id":"https:\/\/stourm.news\/#\/schema\/person\/c3e1dc65988632e190969234ef046cf9","name":"La r\u00e9daction","image":{"@type":"ImageObject","inLanguage":"fr-FR","@id":"https:\/\/stourm.news\/#\/schema\/person\/image\/","url":"https:\/\/secure.gravatar.com\/avatar\/7463443f194b6b5fb706b074ca0ef59a0cfcfd720cb47764b0ec5a952ce422b3?s=96&d=mm&r=g","contentUrl":"https:\/\/secure.gravatar.com\/avatar\/7463443f194b6b5fb706b074ca0ef59a0cfcfd720cb47764b0ec5a952ce422b3?s=96&d=mm&r=g","caption":"La r\u00e9daction"},"sameAs":["https:\/\/stourm.news"],"url":"https:\/\/stourm.news\/?author=1"}]}},"_links":{"self":[{"href":"https:\/\/stourm.news\/index.php?rest_route=\/wp\/v2\/posts\/3179","targetHints":{"allow":["GET"]}}],"collection":[{"href":"https:\/\/stourm.news\/index.php?rest_route=\/wp\/v2\/posts"}],"about":[{"href":"https:\/\/stourm.news\/index.php?rest_route=\/wp\/v2\/types\/post"}],"author":[{"embeddable":true,"href":"https:\/\/stourm.news\/index.php?rest_route=\/wp\/v2\/users\/1"}],"replies":[{"embeddable":true,"href":"https:\/\/stourm.news\/index.php?rest_route=%2Fwp%2Fv2%2Fcomments&post=3179"}],"version-history":[{"count":1,"href":"https:\/\/stourm.news\/index.php?rest_route=\/wp\/v2\/posts\/3179\/revisions"}],"predecessor-version":[{"id":3181,"href":"https:\/\/stourm.news\/index.php?rest_route=\/wp\/v2\/posts\/3179\/revisions\/3181"}],"wp:featuredmedia":[{"embeddable":true,"href":"https:\/\/stourm.news\/index.php?rest_route=\/wp\/v2\/media\/3180"}],"wp:attachment":[{"href":"https:\/\/stourm.news\/index.php?rest_route=%2Fwp%2Fv2%2Fmedia&parent=3179"}],"wp:term":[{"taxonomy":"category","embeddable":true,"href":"https:\/\/stourm.news\/index.php?rest_route=%2Fwp%2Fv2%2Fcategories&post=3179"},{"taxonomy":"post_tag","embeddable":true,"href":"https:\/\/stourm.news\/index.php?rest_route=%2Fwp%2Fv2%2Ftags&post=3179"}],"curies":[{"name":"wp","href":"https:\/\/api.w.org\/{rel}","templated":true}]}}