{"id":3183,"date":"2025-01-09T06:16:14","date_gmt":"2025-01-09T06:16:14","guid":{"rendered":"https:\/\/stourm.news\/?p=3183"},"modified":"2025-01-09T06:26:10","modified_gmt":"2025-01-09T06:26:10","slug":"jean-marie-le-pen-volonte-esprit-et-qualites-dun-chef-breton-editorial","status":"publish","type":"post","link":"https:\/\/stourm.news\/?p=3183","title":{"rendered":"Jean-Marie Le Pen, volont\u00e9, esprit et qualit\u00e9s d&rsquo;un chef breton (\u00c9ditorial)"},"content":{"rendered":"<p style=\"text-align: justify;\">Il \u00e9tait le Breton le plus connu et le plus marquant de la France de l&rsquo;apr\u00e8s-guerre et, paradoxalement, un homme absent de la vie bretonne. Jean-Marie Le Pen a men\u00e9 une vie en France, et m\u00eame pour la France, et il s&rsquo;appr\u00eate \u00e0 pr\u00e9sent \u00e0 une mort d&rsquo;\u00e9ternit\u00e9 dans la terre de Bretagne, \u00e0 Drinded-Karnag (Trinit\u00e9-sur-Mer), o\u00f9 il est n\u00e9 en 1928. Cette absence a fait de Jean-Marie Le Pen une ombre port\u00e9e sur une Bretagne qui l&rsquo;a vu pour de loin, presque en \u00e9tranger, au fil des soubresauts de la vie politique fran\u00e7aise.<\/p>\n<p style=\"text-align: justify;\">Et pourtant son nom, qui tonne comme un coup de canon, Le Pen, <em>Ar Pen<\/em>, le chef, rappelait \u00e0 tous les Bretons que le principal tribun de France \u00e9tait un homme de leur peuple, aussi lointain f\u00fbt-il d&rsquo;eux. Hormis les sections les plus politis\u00e9es de la gauche fran\u00e7aise, il n&rsquo;y avait pas d&rsquo;animosit\u00e9 personnelle \u00e0 l&rsquo;encontre de Jean-Marie Le Pen en Bretagne pour laquelle il restait un personnage inaccessible.<\/p>\n<p><img fetchpriority=\"high\" decoding=\"async\" class=\"size-medium aligncenter\" src=\"https:\/\/www.parismatch.com\/lmnr\/f\/webp\/r\/837,1255,000000,forcex,center-middle\/img\/var\/pm\/public\/media\/image\/2025\/01\/07\/13\/m0090664.jpg?VersionId=mNGWzGksf9LzobC1LnjBZ068SSSb2a_X\" width=\"837\" height=\"1255\" \/><\/p>\n<p style=\"text-align: justify;\">Comme beaucoup de Bretons, fils de cap-hornier, Jean-Marie Le Pen est n\u00e9 face \u00e0 l&rsquo;oc\u00e9an, ce qui, indubitablement, l&rsquo;a plac\u00e9 devant l&rsquo;immensit\u00e9 des grands espaces et la possibilit\u00e9 du voyage. Dans la Bretagne archa\u00efque et travers\u00e9e par la tension de la terre et de la mer, cette possibilit\u00e9, dans l&rsquo;entre-deux-guerres, passait invariablement par la flotte de guerre fran\u00e7aise, fil d&rsquo;acier reliant les parts d&rsquo;un empire mondial allant de Brest jusqu&rsquo;au Tonkin. Ces navires, dont la modernit\u00e9 tranchait avec les conditions sommaires des Bretons du littoral, fascinent le jeune Breton et lui sugg\u00e8rent que, contrairement \u00e0 l&rsquo;Am\u00e9rique, l&rsquo;avenir est \u00e0 l&rsquo;Est. En France.<\/p>\n<p><img decoding=\"async\" class=\"alignnone size-medium\" src=\"https:\/\/topwar.ru\/uploads\/posts\/2020-05\/1589494079_emile-bertin_18.jpg\" width=\"1280\" height=\"898\" \/><\/p>\n<p style=\"text-align: justify;\">Le Pen veut une possibilit\u00e9 \u00e0 sa mesure et se tourne vers cet empire fran\u00e7ais toujours en manque d&rsquo;hommes. \u00c0 regarder de plus pr\u00e8s pourtant, Le Pen est une figure tragique. Esp\u00e9rant entrer dans une \u00e9pop\u00e9e glorieuse, l&rsquo;\u00e9pop\u00e9e fran\u00e7aise, elle se d\u00e9robe sans cesse sous ses pieds. Son parcours accompagne celui de la grande d\u00e9faite de la France comme puissance mondiale. La d\u00e9faite de 1940 d&rsquo;abord, la d\u00e9confiture coloniale ensuite. Quand il se porte volontaire en 1953 pour combattre en Indochine, il est trop tard : le dernier avion partant pour Dien Bien Phu part peu avant son arriv\u00e9e \u00e0 l&rsquo;a\u00e9roport.<\/p>\n<p><img decoding=\"async\" class=\"alignnone size-medium\" src=\"https:\/\/lesjours.fr\/ressources\/image\/ep1-homme-violent-img-2.jpeg\" width=\"1920\" height=\"1290\" \/><\/p>\n<p style=\"text-align: justify;\">Se r\u00e9engageant en 1957 pour participer \u00e0 la guerre d&rsquo;Alg\u00e9rie, il n&rsquo;y reste que quelques mois. Alors que De Gaulle s&rsquo;appr\u00eate \u00e0 liquider l&#8217;empire colonial, Le Pen affirme : \u00ab\u00a0Si demain l&rsquo;Alg\u00e9rie devient ind\u00e9pendante, alors je soutiendrais l&rsquo;ind\u00e9pendance de la Bretagne\u00a0\u00bb. Il n&rsquo;en fera rien, bien s\u00fbr, mais exprime la conscience d&rsquo;un d\u00e9litement g\u00e9n\u00e9ral. Il soutient l&rsquo;OAS dans une futile tentative d&rsquo;enrayer la d\u00e9sint\u00e9gration d&rsquo;un empire d&rsquo;un autre temps avant d&rsquo;admettre l&rsquo;in\u00e9luctable.<\/p>\n<p><img loading=\"lazy\" decoding=\"async\" class=\"alignnone size-medium\" src=\"https:\/\/lesjours.fr\/ressources\/image\/ep1-homme-violent-img-header.jpeg\" width=\"1920\" height=\"2039\" \/><\/p>\n<p style=\"text-align: justify;\">R\u00e9duites \u00e0 ses fronti\u00e8res continentales, la France n&rsquo;est plus alors qu&rsquo;un th\u00e9\u00e2tre d&rsquo;affrontement domestique o\u00f9 Le Pen devient un pont entre les anciens d\u00e9fenseurs de l&#8217;empire et une nouvelle opposition d\u00e9coulant directement des retomb\u00e9es de l&rsquo;entreprise coloniale : l&rsquo;immigration du tiers-monde, notamment d&rsquo;Alg\u00e9rie. L\u00e0 aussi, malgr\u00e9 un intense engagement face \u00e0 la d\u00e9ch\u00e9ance qu&rsquo;il d\u00e9nonce sans cesse, 40 ans d&rsquo;engagement n&#8217;emp\u00eacheront pas le bouleversement d\u00e9mographique de se d\u00e9ployer. La destin\u00e9e a voulu que les qualit\u00e9s bretonnes de l&rsquo;homme Le Pen le placent \u00e0 la t\u00eate du nationalisme fran\u00e7ais au moment o\u00f9 la nation fran\u00e7aise elle-m\u00eame entamait son irr\u00e9versible dissolution.<\/p>\n<p><img loading=\"lazy\" decoding=\"async\" class=\"alignnone size-medium\" src=\"https:\/\/focus.courrierinternational.com\/2025\/01\/08\/0\/0\/3105\/2067\/1280\/0\/60\/0\/5ab3e1e_sirius-fs-upload-1-fryjzpgot0ii-1736337662366-079-img0700021562.jpg\" width=\"1280\" height=\"852\" \/><\/p>\n<p style=\"text-align: justify;\">Le Pen n&rsquo;en demeure pas moins un conqu\u00e9rant breton qui a atteint son but personnel et r\u00e9organis\u00e9 la politique fran\u00e7aise autour de lui et de son nom, un paradoxe dans une France qui a entrepris d&rsquo;\u00e9radiquer la nationalit\u00e9 et la langue bretonne. \u00c0 l&rsquo;\u00e9chec de son entreprise politique quant \u00e0 ses buts se cumulait donc le succ\u00e8s individuel d&rsquo;un aventurier avec sa volont\u00e9 et sa bonne \u00e9toile pour unique boussole.<\/p>\n<p style=\"text-align: justify;\">Pour l&rsquo;Emsav, le rapport \u00e0 un tel homme est aussi ambivalent que celui qu&rsquo;il nourrit \u00e0 l&rsquo;\u00e9gard de Duguesclin, Breton aux talents et \u00e0 la bravoure remarquables qui porta aussi les armes contre la Bretagne, sans toutefois y mettre d&rsquo;ardeur, voire en restreignant la force fran\u00e7aise contre elle. Une analyse superficielle, et m\u00eame m\u00e9diocre, voudrait r\u00e9duire l&rsquo;homme Le Pen au chef du nationalisme fran\u00e7ais dans son versant le plus int\u00e9gral, donc le plus antagoniste aux int\u00e9r\u00eats, \u00e0 la cause de la nation bretonne. Indiscutablement, longtemps la Bretagne laissa Le Pen indiff\u00e9rent. L\u00e0 aussi, comme pour de nombreux Bretons, la Bretagne d\u00e9class\u00e9e ne repr\u00e9sentait pas un futur possible, mais une limite, une entrave. S&rsquo;exprimait l&rsquo;angoisse instinctive d&rsquo;\u00eatre priv\u00e9 d&rsquo;une r\u00e9ussite qu&rsquo;ils ne pouvaient envisager que dans le cadre fran\u00e7ais. Aujourd&rsquo;hui, Paris n&rsquo;est plus un aimant, mais un repoussoir que nombre de Bretons cherchent \u00e0 fuir. La Bretagne redevient progressivement d\u00e9sirable.<\/p>\n<p style=\"text-align: justify;\">Il y a aussi chez ceux des Bretons qui ont critiqu\u00e9 Le Pen plus que le rejet d&rsquo;un homme, il y a celui d&rsquo;un caract\u00e8re. L&rsquo;esprit rebelle, audacieux et brutal de ceux qui dominent et bouleversent. C&rsquo;en \u00e9tait trop pour une soci\u00e9t\u00e9 bretonne compos\u00e9e de notables frileux, sans imagination et subordonn\u00e9s aux \u00e9mois d&rsquo;une gauche post-chr\u00e9tienne b\u00ealante. En somme, Le Pen \u00e9tait trop breton d&rsquo;attitude pour cette Bretagne \u00e9touff\u00e9e et \u00e9touffante devenue trop fran\u00e7aise. En r\u00e9alit\u00e9, la Bretagne d&rsquo;apr\u00e8s-guerre n&rsquo;\u00e9tait pas \u00e0 la mesure d&rsquo;un homme d&rsquo;une ampleur telle que celle de Le Pen. Il d\u00e9range parce qu&rsquo;il dessine en creux les insuffisances de la Bretagne du 20e si\u00e8cle, incapable de s&rsquo;affirmer et d&rsquo;\u00eatre un champ de possibilit\u00e9s pour ses fils audacieux et aventuriers. C&rsquo;est cet \u00e9chec de la Bretagne \u00e0 offrir \u00e0 ses hommes entreprenants les moyens de leurs ambitions qui, \u00e0 bien des \u00e9gards, blessent ceux qui, contrairement \u00e0 Le Pen, sont \u00ab\u00a0rest\u00e9s\u00a0\u00bb en Bretagne pour rien n&rsquo;y entreprendre de d\u00e9cisif.<\/p>\n<p><img loading=\"lazy\" decoding=\"async\" class=\"alignnone size-medium\" src=\"https:\/\/images.rtl.fr\/~c\/1155v769\/rtl\/www\/1584326-jean-marie-le-pen-devant-sa-maison-de-la-trinite-sur-mer.jpg\" width=\"1155\" height=\"769\" \/><\/p>\n<p style=\"text-align: justify;\">Un tel proc\u00e8s fait \u00e0 l&rsquo;homme Le Pen ne peut \u00eatre juste, car il deviendrait alors celui de tous les Bretons qui, sans avenir, dans un pays rendu pauvre par l&rsquo;encagement fran\u00e7ais, ont d\u00fb quitter le pays, souvent \u00e0 regret, pour se donner un futur. \u00c0 Paris, un million de Le Pen ont suivi \u00e0 leur fa\u00e7on le m\u00eame chemin.On peut et on doit regretter que la Bretagne nationale n&rsquo;ait pas dispos\u00e9 d&rsquo;un Le Pen pour porter avec la m\u00eame \u00e9nergie l&rsquo;id\u00e9e de la renaissance de notre nation, mais il ne faut pas dissocier les parcours individuels des situations historiques qui les ont vu na\u00eetre.<\/p>\n<p style=\"text-align: justify;\">Il y aurait pire : rejeter les qualit\u00e9s extraordinairement bretonnes de Le Pen que sont la volont\u00e9, le courage, la force, le sens de l&rsquo;honneur, l&rsquo;id\u00e9alisme, la loyaut\u00e9. S&rsquo;ajoute \u00e0 cela un physique breton, une masse d&rsquo;une densit\u00e9 granitique associ\u00e9e \u00e0 un caract\u00e8re identique : monolithe pensant avec le coeur et les tripes, contre vents et mar\u00e9es. Le Pen, en r\u00e9alit\u00e9, n&rsquo;\u00e9tait fran\u00e7ais que de mots et d&rsquo;intention. Tout, chez lui, est breton dans sa mani\u00e8re d&rsquo;\u00eatre, par ses emportements sanguins venus de la terre ancestrale, lourds et profonds, et qui tranche avec les mani\u00e8res pr\u00e9cieuses et calculatrices des Fran\u00e7ais.<\/p>\n<p><img loading=\"lazy\" decoding=\"async\" class=\"alignnone size-medium\" src=\"https:\/\/challenges.fr\/static\/s3fs-public\/2019-04\/000-7o2up.jpg?VersionId=oFlhIJWxO5jsIlsg9i.cxOT8n12BGjn5\" width=\"1024\" height=\"682\" \/><\/p>\n<p style=\"text-align: justify;\">S&rsquo;il fallait comparer Le Pen \u00e0 un autre Breton, ce n&rsquo;est pas Duguesclin qu&rsquo;il faut citer, mais Jord Kadoudal, n\u00e9 \u00e0 Brec&rsquo;h, \u00e0 20 kilom\u00e8tres de la maison natale de l&rsquo;homme de la Trinit\u00e9. Une adh\u00e9sion visc\u00e9rale, jusqu&rsquo;\u00e0 la na\u00efvet\u00e9, \u00e0 l&rsquo;ordre h\u00e9rit\u00e9 de la tradition au beau milieu de l&rsquo;effondrement d&rsquo;un monde, une virilit\u00e9 combative, une t\u00e9nacit\u00e9, un id\u00e9al et une volont\u00e9. En ces temps p\u00e9rilleux, la nation bretonne regagnera sa place dans l&rsquo;histoire quand elle saura trouver et mettre \u00e0 son service les hommes d&rsquo;une telle qualit\u00e9 pour la mener. Qu&rsquo;il plaise \u00e0 la Providence de donner \u00e0 la Bretagne des chefs de cette trempe.<\/p>\n<p style=\"text-align: right;\"><strong>Ewen Broc&rsquo;han<\/strong><\/p>\n","protected":false},"excerpt":{"rendered":"<p>Il \u00e9tait le Breton le plus connu et le plus marquant de la France de l&rsquo;apr\u00e8s-guerre et, paradoxalement, un homme absent de la vie bretonne. Jean-Marie Le Pen a men\u00e9 une vie en France, et m\u00eame pour la France, et il s&rsquo;appr\u00eate \u00e0 pr\u00e9sent \u00e0 une mort d&rsquo;\u00e9ternit\u00e9 dans la terre de Bretagne, \u00e0 Drinded-Karnag [&hellip;]<\/p>\n","protected":false},"author":1,"featured_media":3184,"comment_status":"open","ping_status":"open","sticky":false,"template":"","format":"standard","meta":{"sb_editor_width":"","footnotes":""},"categories":[63,65],"tags":[],"class_list":["post-3183","post","type-post","status-publish","format-standard","has-post-thumbnail","hentry","category-editorial","category-principale"],"relative_dates":{"created":"1 an ago","modified":"1 an ago"},"yoast_head":"<!-- This site is optimized with the Yoast SEO plugin v26.3 - https:\/\/yoast.com\/wordpress\/plugins\/seo\/ -->\n<title>Jean-Marie Le Pen, volont\u00e9, esprit et qualit\u00e9s d&#039;un chef breton (\u00c9ditorial) - STOURM<\/title>\n<meta name=\"robots\" content=\"index, follow, max-snippet:-1, max-image-preview:large, max-video-preview:-1\" \/>\n<link rel=\"canonical\" href=\"https:\/\/stourm.news\/?p=3183\" \/>\n<meta property=\"og:locale\" content=\"fr_FR\" \/>\n<meta property=\"og:type\" content=\"article\" \/>\n<meta property=\"og:title\" content=\"Jean-Marie Le Pen, volont\u00e9, esprit et qualit\u00e9s d&#039;un chef breton (\u00c9ditorial) - STOURM\" \/>\n<meta property=\"og:description\" content=\"Il \u00e9tait le Breton le plus connu et le plus marquant de la France de l&rsquo;apr\u00e8s-guerre et, paradoxalement, un homme absent de la vie bretonne. Jean-Marie Le Pen a men\u00e9 une vie en France, et m\u00eame pour la France, et il s&rsquo;appr\u00eate \u00e0 pr\u00e9sent \u00e0 une mort d&rsquo;\u00e9ternit\u00e9 dans la terre de Bretagne, \u00e0 Drinded-Karnag [&hellip;]\" \/>\n<meta property=\"og:url\" content=\"https:\/\/stourm.news\/?p=3183\" \/>\n<meta property=\"og:site_name\" content=\"STOURM\" \/>\n<meta property=\"article:publisher\" content=\"https:\/\/www.facebook.com\/stourmnews\/\" \/>\n<meta property=\"article:published_time\" content=\"2025-01-09T06:16:14+00:00\" \/>\n<meta property=\"article:modified_time\" content=\"2025-01-09T06:26:10+00:00\" \/>\n<meta property=\"og:image\" content=\"https:\/\/stourm.news\/wp-content\/uploads\/2025\/01\/FXWQICEBLFBR7PWJR5LVZ5454E-scaled.jpg\" \/>\n\t<meta property=\"og:image:width\" content=\"2560\" \/>\n\t<meta property=\"og:image:height\" content=\"1744\" \/>\n\t<meta property=\"og:image:type\" content=\"image\/jpeg\" \/>\n<meta name=\"author\" content=\"La r\u00e9daction\" \/>\n<meta name=\"twitter:card\" content=\"summary_large_image\" \/>\n<meta name=\"twitter:label1\" content=\"\u00c9crit par\" \/>\n\t<meta name=\"twitter:data1\" content=\"La r\u00e9daction\" \/>\n\t<meta name=\"twitter:label2\" content=\"Dur\u00e9e de lecture estim\u00e9e\" \/>\n\t<meta name=\"twitter:data2\" content=\"8 minutes\" \/>\n<script type=\"application\/ld+json\" class=\"yoast-schema-graph\">{\"@context\":\"https:\/\/schema.org\",\"@graph\":[{\"@type\":\"Article\",\"@id\":\"https:\/\/stourm.news\/?p=3183#article\",\"isPartOf\":{\"@id\":\"https:\/\/stourm.news\/?p=3183\"},\"author\":{\"name\":\"La r\u00e9daction\",\"@id\":\"https:\/\/stourm.news\/#\/schema\/person\/c3e1dc65988632e190969234ef046cf9\"},\"headline\":\"Jean-Marie Le Pen, volont\u00e9, esprit et qualit\u00e9s d&rsquo;un chef breton (\u00c9ditorial)\",\"datePublished\":\"2025-01-09T06:16:14+00:00\",\"dateModified\":\"2025-01-09T06:26:10+00:00\",\"mainEntityOfPage\":{\"@id\":\"https:\/\/stourm.news\/?p=3183\"},\"wordCount\":1418,\"commentCount\":0,\"publisher\":{\"@id\":\"https:\/\/stourm.news\/#organization\"},\"image\":{\"@id\":\"https:\/\/stourm.news\/?p=3183#primaryimage\"},\"thumbnailUrl\":\"https:\/\/stourm.news\/wp-content\/uploads\/2025\/01\/FXWQICEBLFBR7PWJR5LVZ5454E-scaled.jpg\",\"articleSection\":[\"Editorial\",\"Principale\"],\"inLanguage\":\"fr-FR\",\"potentialAction\":[{\"@type\":\"CommentAction\",\"name\":\"Comment\",\"target\":[\"https:\/\/stourm.news\/?p=3183#respond\"]}]},{\"@type\":\"WebPage\",\"@id\":\"https:\/\/stourm.news\/?p=3183\",\"url\":\"https:\/\/stourm.news\/?p=3183\",\"name\":\"Jean-Marie Le Pen, volont\u00e9, esprit et qualit\u00e9s d'un chef breton (\u00c9ditorial) - STOURM\",\"isPartOf\":{\"@id\":\"https:\/\/stourm.news\/#website\"},\"primaryImageOfPage\":{\"@id\":\"https:\/\/stourm.news\/?p=3183#primaryimage\"},\"image\":{\"@id\":\"https:\/\/stourm.news\/?p=3183#primaryimage\"},\"thumbnailUrl\":\"https:\/\/stourm.news\/wp-content\/uploads\/2025\/01\/FXWQICEBLFBR7PWJR5LVZ5454E-scaled.jpg\",\"datePublished\":\"2025-01-09T06:16:14+00:00\",\"dateModified\":\"2025-01-09T06:26:10+00:00\",\"breadcrumb\":{\"@id\":\"https:\/\/stourm.news\/?p=3183#breadcrumb\"},\"inLanguage\":\"fr-FR\",\"potentialAction\":[{\"@type\":\"ReadAction\",\"target\":[\"https:\/\/stourm.news\/?p=3183\"]}]},{\"@type\":\"ImageObject\",\"inLanguage\":\"fr-FR\",\"@id\":\"https:\/\/stourm.news\/?p=3183#primaryimage\",\"url\":\"https:\/\/stourm.news\/wp-content\/uploads\/2025\/01\/FXWQICEBLFBR7PWJR5LVZ5454E-scaled.jpg\",\"contentUrl\":\"https:\/\/stourm.news\/wp-content\/uploads\/2025\/01\/FXWQICEBLFBR7PWJR5LVZ5454E-scaled.jpg\",\"width\":2560,\"height\":1744,\"caption\":\"Jean-Marie Le Pen \u00e0 Alger, pendant la Guerre d'Alg\u00e9rie, en pleine discussion avec un groupe de civils et de militaires, dont, probablement, le G\u00e9n\u00e9ral Jacques Massu (\u00e0 droite, sur la photo) et, peut-\u00eatre, le Colonel Roger Trinquier (de dos) en 1957.\"},{\"@type\":\"BreadcrumbList\",\"@id\":\"https:\/\/stourm.news\/?p=3183#breadcrumb\",\"itemListElement\":[{\"@type\":\"ListItem\",\"position\":1,\"name\":\"Accueil\",\"item\":\"https:\/\/stourm.news\/\"},{\"@type\":\"ListItem\",\"position\":2,\"name\":\"Jean-Marie Le Pen, volont\u00e9, esprit et qualit\u00e9s d&rsquo;un chef breton (\u00c9ditorial)\"}]},{\"@type\":\"WebSite\",\"@id\":\"https:\/\/stourm.news\/#website\",\"url\":\"https:\/\/stourm.news\/\",\"name\":\"Stourm\",\"description\":\"Kazetenn Strollad Broadel Breizh\",\"publisher\":{\"@id\":\"https:\/\/stourm.news\/#organization\"},\"potentialAction\":[{\"@type\":\"SearchAction\",\"target\":{\"@type\":\"EntryPoint\",\"urlTemplate\":\"https:\/\/stourm.news\/?s={search_term_string}\"},\"query-input\":{\"@type\":\"PropertyValueSpecification\",\"valueRequired\":true,\"valueName\":\"search_term_string\"}}],\"inLanguage\":\"fr-FR\"},{\"@type\":\"Organization\",\"@id\":\"https:\/\/stourm.news\/#organization\",\"name\":\"Stourm\",\"url\":\"https:\/\/stourm.news\/\",\"logo\":{\"@type\":\"ImageObject\",\"inLanguage\":\"fr-FR\",\"@id\":\"https:\/\/stourm.news\/#\/schema\/logo\/image\/\",\"url\":\"https:\/\/stourm.news\/wp-content\/uploads\/2025\/11\/cropped-Capture-decran-2025-11-28-a-15.19.07.png\",\"contentUrl\":\"https:\/\/stourm.news\/wp-content\/uploads\/2025\/11\/cropped-Capture-decran-2025-11-28-a-15.19.07.png\",\"width\":1855,\"height\":383,\"caption\":\"Stourm\"},\"image\":{\"@id\":\"https:\/\/stourm.news\/#\/schema\/logo\/image\/\"},\"sameAs\":[\"https:\/\/www.facebook.com\/stourmnews\/\"]},{\"@type\":\"Person\",\"@id\":\"https:\/\/stourm.news\/#\/schema\/person\/c3e1dc65988632e190969234ef046cf9\",\"name\":\"La r\u00e9daction\",\"image\":{\"@type\":\"ImageObject\",\"inLanguage\":\"fr-FR\",\"@id\":\"https:\/\/stourm.news\/#\/schema\/person\/image\/\",\"url\":\"https:\/\/secure.gravatar.com\/avatar\/7463443f194b6b5fb706b074ca0ef59a0cfcfd720cb47764b0ec5a952ce422b3?s=96&d=mm&r=g\",\"contentUrl\":\"https:\/\/secure.gravatar.com\/avatar\/7463443f194b6b5fb706b074ca0ef59a0cfcfd720cb47764b0ec5a952ce422b3?s=96&d=mm&r=g\",\"caption\":\"La r\u00e9daction\"},\"sameAs\":[\"https:\/\/stourm.news\"],\"url\":\"https:\/\/stourm.news\/?author=1\"}]}<\/script>\n<!-- \/ Yoast SEO plugin. -->","yoast_head_json":{"title":"Jean-Marie Le Pen, volont\u00e9, esprit et qualit\u00e9s d'un chef breton (\u00c9ditorial) - STOURM","robots":{"index":"index","follow":"follow","max-snippet":"max-snippet:-1","max-image-preview":"max-image-preview:large","max-video-preview":"max-video-preview:-1"},"canonical":"https:\/\/stourm.news\/?p=3183","og_locale":"fr_FR","og_type":"article","og_title":"Jean-Marie Le Pen, volont\u00e9, esprit et qualit\u00e9s d'un chef breton (\u00c9ditorial) - STOURM","og_description":"Il \u00e9tait le Breton le plus connu et le plus marquant de la France de l&rsquo;apr\u00e8s-guerre et, paradoxalement, un homme absent de la vie bretonne. Jean-Marie Le Pen a men\u00e9 une vie en France, et m\u00eame pour la France, et il s&rsquo;appr\u00eate \u00e0 pr\u00e9sent \u00e0 une mort d&rsquo;\u00e9ternit\u00e9 dans la terre de Bretagne, \u00e0 Drinded-Karnag [&hellip;]","og_url":"https:\/\/stourm.news\/?p=3183","og_site_name":"STOURM","article_publisher":"https:\/\/www.facebook.com\/stourmnews\/","article_published_time":"2025-01-09T06:16:14+00:00","article_modified_time":"2025-01-09T06:26:10+00:00","og_image":[{"width":2560,"height":1744,"url":"https:\/\/stourm.news\/wp-content\/uploads\/2025\/01\/FXWQICEBLFBR7PWJR5LVZ5454E-scaled.jpg","type":"image\/jpeg"}],"author":"La r\u00e9daction","twitter_card":"summary_large_image","twitter_misc":{"\u00c9crit par":"La r\u00e9daction","Dur\u00e9e de lecture estim\u00e9e":"8 minutes"},"schema":{"@context":"https:\/\/schema.org","@graph":[{"@type":"Article","@id":"https:\/\/stourm.news\/?p=3183#article","isPartOf":{"@id":"https:\/\/stourm.news\/?p=3183"},"author":{"name":"La r\u00e9daction","@id":"https:\/\/stourm.news\/#\/schema\/person\/c3e1dc65988632e190969234ef046cf9"},"headline":"Jean-Marie Le Pen, volont\u00e9, esprit et qualit\u00e9s d&rsquo;un chef breton (\u00c9ditorial)","datePublished":"2025-01-09T06:16:14+00:00","dateModified":"2025-01-09T06:26:10+00:00","mainEntityOfPage":{"@id":"https:\/\/stourm.news\/?p=3183"},"wordCount":1418,"commentCount":0,"publisher":{"@id":"https:\/\/stourm.news\/#organization"},"image":{"@id":"https:\/\/stourm.news\/?p=3183#primaryimage"},"thumbnailUrl":"https:\/\/stourm.news\/wp-content\/uploads\/2025\/01\/FXWQICEBLFBR7PWJR5LVZ5454E-scaled.jpg","articleSection":["Editorial","Principale"],"inLanguage":"fr-FR","potentialAction":[{"@type":"CommentAction","name":"Comment","target":["https:\/\/stourm.news\/?p=3183#respond"]}]},{"@type":"WebPage","@id":"https:\/\/stourm.news\/?p=3183","url":"https:\/\/stourm.news\/?p=3183","name":"Jean-Marie Le Pen, volont\u00e9, esprit et qualit\u00e9s d'un chef breton (\u00c9ditorial) - STOURM","isPartOf":{"@id":"https:\/\/stourm.news\/#website"},"primaryImageOfPage":{"@id":"https:\/\/stourm.news\/?p=3183#primaryimage"},"image":{"@id":"https:\/\/stourm.news\/?p=3183#primaryimage"},"thumbnailUrl":"https:\/\/stourm.news\/wp-content\/uploads\/2025\/01\/FXWQICEBLFBR7PWJR5LVZ5454E-scaled.jpg","datePublished":"2025-01-09T06:16:14+00:00","dateModified":"2025-01-09T06:26:10+00:00","breadcrumb":{"@id":"https:\/\/stourm.news\/?p=3183#breadcrumb"},"inLanguage":"fr-FR","potentialAction":[{"@type":"ReadAction","target":["https:\/\/stourm.news\/?p=3183"]}]},{"@type":"ImageObject","inLanguage":"fr-FR","@id":"https:\/\/stourm.news\/?p=3183#primaryimage","url":"https:\/\/stourm.news\/wp-content\/uploads\/2025\/01\/FXWQICEBLFBR7PWJR5LVZ5454E-scaled.jpg","contentUrl":"https:\/\/stourm.news\/wp-content\/uploads\/2025\/01\/FXWQICEBLFBR7PWJR5LVZ5454E-scaled.jpg","width":2560,"height":1744,"caption":"Jean-Marie Le Pen \u00e0 Alger, pendant la Guerre d'Alg\u00e9rie, en pleine discussion avec un groupe de civils et de militaires, dont, probablement, le G\u00e9n\u00e9ral Jacques Massu (\u00e0 droite, sur la photo) et, peut-\u00eatre, le Colonel Roger Trinquier (de dos) en 1957."},{"@type":"BreadcrumbList","@id":"https:\/\/stourm.news\/?p=3183#breadcrumb","itemListElement":[{"@type":"ListItem","position":1,"name":"Accueil","item":"https:\/\/stourm.news\/"},{"@type":"ListItem","position":2,"name":"Jean-Marie Le Pen, volont\u00e9, esprit et qualit\u00e9s d&rsquo;un chef breton (\u00c9ditorial)"}]},{"@type":"WebSite","@id":"https:\/\/stourm.news\/#website","url":"https:\/\/stourm.news\/","name":"Stourm","description":"Kazetenn Strollad Broadel Breizh","publisher":{"@id":"https:\/\/stourm.news\/#organization"},"potentialAction":[{"@type":"SearchAction","target":{"@type":"EntryPoint","urlTemplate":"https:\/\/stourm.news\/?s={search_term_string}"},"query-input":{"@type":"PropertyValueSpecification","valueRequired":true,"valueName":"search_term_string"}}],"inLanguage":"fr-FR"},{"@type":"Organization","@id":"https:\/\/stourm.news\/#organization","name":"Stourm","url":"https:\/\/stourm.news\/","logo":{"@type":"ImageObject","inLanguage":"fr-FR","@id":"https:\/\/stourm.news\/#\/schema\/logo\/image\/","url":"https:\/\/stourm.news\/wp-content\/uploads\/2025\/11\/cropped-Capture-decran-2025-11-28-a-15.19.07.png","contentUrl":"https:\/\/stourm.news\/wp-content\/uploads\/2025\/11\/cropped-Capture-decran-2025-11-28-a-15.19.07.png","width":1855,"height":383,"caption":"Stourm"},"image":{"@id":"https:\/\/stourm.news\/#\/schema\/logo\/image\/"},"sameAs":["https:\/\/www.facebook.com\/stourmnews\/"]},{"@type":"Person","@id":"https:\/\/stourm.news\/#\/schema\/person\/c3e1dc65988632e190969234ef046cf9","name":"La r\u00e9daction","image":{"@type":"ImageObject","inLanguage":"fr-FR","@id":"https:\/\/stourm.news\/#\/schema\/person\/image\/","url":"https:\/\/secure.gravatar.com\/avatar\/7463443f194b6b5fb706b074ca0ef59a0cfcfd720cb47764b0ec5a952ce422b3?s=96&d=mm&r=g","contentUrl":"https:\/\/secure.gravatar.com\/avatar\/7463443f194b6b5fb706b074ca0ef59a0cfcfd720cb47764b0ec5a952ce422b3?s=96&d=mm&r=g","caption":"La r\u00e9daction"},"sameAs":["https:\/\/stourm.news"],"url":"https:\/\/stourm.news\/?author=1"}]}},"_links":{"self":[{"href":"https:\/\/stourm.news\/index.php?rest_route=\/wp\/v2\/posts\/3183","targetHints":{"allow":["GET"]}}],"collection":[{"href":"https:\/\/stourm.news\/index.php?rest_route=\/wp\/v2\/posts"}],"about":[{"href":"https:\/\/stourm.news\/index.php?rest_route=\/wp\/v2\/types\/post"}],"author":[{"embeddable":true,"href":"https:\/\/stourm.news\/index.php?rest_route=\/wp\/v2\/users\/1"}],"replies":[{"embeddable":true,"href":"https:\/\/stourm.news\/index.php?rest_route=%2Fwp%2Fv2%2Fcomments&post=3183"}],"version-history":[{"count":2,"href":"https:\/\/stourm.news\/index.php?rest_route=\/wp\/v2\/posts\/3183\/revisions"}],"predecessor-version":[{"id":3186,"href":"https:\/\/stourm.news\/index.php?rest_route=\/wp\/v2\/posts\/3183\/revisions\/3186"}],"wp:featuredmedia":[{"embeddable":true,"href":"https:\/\/stourm.news\/index.php?rest_route=\/wp\/v2\/media\/3184"}],"wp:attachment":[{"href":"https:\/\/stourm.news\/index.php?rest_route=%2Fwp%2Fv2%2Fmedia&parent=3183"}],"wp:term":[{"taxonomy":"category","embeddable":true,"href":"https:\/\/stourm.news\/index.php?rest_route=%2Fwp%2Fv2%2Fcategories&post=3183"},{"taxonomy":"post_tag","embeddable":true,"href":"https:\/\/stourm.news\/index.php?rest_route=%2Fwp%2Fv2%2Ftags&post=3183"}],"curies":[{"name":"wp","href":"https:\/\/api.w.org\/{rel}","templated":true}]}}