{"id":3187,"date":"2025-01-09T12:20:05","date_gmt":"2025-01-09T12:20:05","guid":{"rendered":"https:\/\/stourm.news\/?p=3187"},"modified":"2025-01-09T12:20:05","modified_gmt":"2025-01-09T12:20:05","slug":"emsav-9-janvier-1930-naissance-de-per-loquet-journaliste-activiste-militant-culturel","status":"publish","type":"post","link":"https:\/\/stourm.news\/?p=3187","title":{"rendered":"Emsav : 9 janvier 1930, naissance de Per Loquet, journaliste, activiste, militant culturel"},"content":{"rendered":"<p style=\"text-align: justify;\"><strong>EMSAV &#8211;<\/strong> Pierre Loquet participe d\u00e8s l\u2019\u00e2ge de quatorze ans \u00e0 des actions de la R\u00e9sistance. Parti \u00e0 Angers en 1945 pour suivre des cours d\u2019horticulture, il devient paysagiste-p\u00e9pini\u00e9riste. Il adh\u00e8re un temps \u00e0 la Jeunesse ouvri\u00e8re chr\u00e9tienne.<\/p>\n<p style=\"text-align: justify;\">En 1946, il adh\u00e8re au cercle celtique d\u2019Angers, milite \u00e0 Avel an Trec\u2019h et se charge de trouver des militants pour <em>Le Peuple breton<\/em>, mouvement et revue lanc\u00e9s par Joseph Martray. De retour \u00e0 Gu\u00e9rande, il fonde avec Jean Le Bihen et Georges Auclair le cercle celtique Bro Gwenrann, en 1949. Membre du Mouvement pour l&rsquo;Organisation de la Bretagne (MOB) d\u00e8s 1957, il est quelque temps responsable du journal <em>L&rsquo;Avenir de la Bretagne<\/em>. Localement, il milite pour la d\u00e9fense des marais de Gu\u00e9rande et le retour de la Loire-Atlantique dans la r\u00e9gion Bretagne.<\/p>\n<p style=\"text-align: justify;\">Il est arr\u00eat\u00e9 \u00e0 l\u2019occasion d\u2019une tentative d\u2019attentat contre la DDA de Nantes, fin juillet 1975, avec deux autres militants de Gu\u00e9rande, Dominique Crochard et G\u00e9rard Coriton. Cet attentat n\u2019a pas \u00e9t\u00e9 ex\u00e9cut\u00e9 afin de respecter les consignes du FLB-ARB de tout arr\u00eater lors de la pr\u00e9sence de personnes sur les lieux de l\u2019action. Condamn\u00e9 par la justice, il fut incarc\u00e9r\u00e9 onze mois, en 1976, pour avoir particip\u00e9 \u00e0 cette tentative de l\u2019Arm\u00e9e r\u00e9volutionnaire bretonne (ARB). Il fut lib\u00e9r\u00e9 apr\u00e8s avoir observ\u00e9 43 jours de gr\u00e8ve de la faim. En 1977, il quitte Gu\u00e9rande pour le Pays de L\u00e9on o\u00f9 il travaille au Cr\u00e9dit mutuel de Bretagne, dont il a dirig\u00e9 le restaurant de r\u00e9ception en qualit\u00e9 de Majordome. Il a \u00e9t\u00e9 l\u2019un des hommes qui ont permis l\u2019\u00e9mission de ch\u00e8ques en breton. Revenu \u00e0 Gu\u00e9rande, il se bat pour le cadre de vie dans la presqu&rsquo;\u00eele.<\/p>\n<p style=\"text-align: justify;\">Il est membre de l\u2019Institut culturel de Bretagne, sections protection de la nature et environnement et Relations interceltiques. Il se dit \u00ab d&rsquo;abord breton et europ\u00e9en, puis fran\u00e7ais par la force des choses \u00bb et a pr\u00e9sid\u00e9 Skoazell Vreizh de 1978 \u00e0 2006. Il est le tr\u00e9sorier de l\u2019association historique bretonne, Dalc\u2019homp Sonj, et membre de l\u2019ordre de l\u2019Hermine, depuis 1998. En 2003, il cr\u00e9e le Festival du livre en Bretagne \u00e0 Gu\u00e9rande. Cette manifestation se d\u00e9roule fin novembre et met en valeur les \u00e9crivains et \u00e9diteurs de la Bretagne historique.<\/p>\n<p style=\"text-align: justify;\">P\u00ear Loquet est fondateur en 2016 de l\u2019association VigiBretagne-EvezhBreizh dont le si\u00e8ge est \u00e0 Gu\u00e9rande, association qui agit pour la r\u00e9unification administrative de la Bretagne.<\/p>\n<p style=\"text-align: right;\"><strong>Olwen Kerdrel<\/strong><\/p>\n","protected":false},"excerpt":{"rendered":"<p>EMSAV &#8211; Pierre Loquet participe d\u00e8s l\u2019\u00e2ge de quatorze ans \u00e0 des actions de la R\u00e9sistance. Parti \u00e0 Angers en 1945 pour suivre des cours d\u2019horticulture, il devient paysagiste-p\u00e9pini\u00e9riste. Il adh\u00e8re un temps \u00e0 la Jeunesse ouvri\u00e8re chr\u00e9tienne. En 1946, il adh\u00e8re au cercle celtique d\u2019Angers, milite \u00e0 Avel an Trec\u2019h et se charge de [&hellip;]<\/p>\n","protected":false},"author":1,"featured_media":3188,"comment_status":"open","ping_status":"open","sticky":false,"template":"","format":"standard","meta":{"sb_editor_width":"","footnotes":""},"categories":[74,50,65],"tags":[],"class_list":["post-3187","post","type-post","status-publish","format-standard","has-post-thumbnail","hentry","category-emsav","category-histoire-de-bretagne","category-principale"],"relative_dates":{"created":"1 an ago","modified":"1 an ago"},"yoast_head":"<!-- This site is optimized with the Yoast SEO plugin v26.3 - https:\/\/yoast.com\/wordpress\/plugins\/seo\/ -->\n<title>Emsav : 9 janvier 1930, naissance de Per Loquet, journaliste, activiste, militant culturel - STOURM<\/title>\n<meta name=\"robots\" content=\"index, follow, max-snippet:-1, max-image-preview:large, max-video-preview:-1\" \/>\n<link rel=\"canonical\" href=\"https:\/\/stourm.news\/?p=3187\" \/>\n<meta property=\"og:locale\" content=\"fr_FR\" \/>\n<meta property=\"og:type\" content=\"article\" \/>\n<meta property=\"og:title\" content=\"Emsav : 9 janvier 1930, naissance de Per Loquet, journaliste, activiste, militant culturel - STOURM\" \/>\n<meta property=\"og:description\" content=\"EMSAV &#8211; Pierre Loquet participe d\u00e8s l\u2019\u00e2ge de quatorze ans \u00e0 des actions de la R\u00e9sistance. Parti \u00e0 Angers en 1945 pour suivre des cours d\u2019horticulture, il devient paysagiste-p\u00e9pini\u00e9riste. Il adh\u00e8re un temps \u00e0 la Jeunesse ouvri\u00e8re chr\u00e9tienne. En 1946, il adh\u00e8re au cercle celtique d\u2019Angers, milite \u00e0 Avel an Trec\u2019h et se charge de [&hellip;]\" \/>\n<meta property=\"og:url\" content=\"https:\/\/stourm.news\/?p=3187\" \/>\n<meta property=\"og:site_name\" content=\"STOURM\" \/>\n<meta property=\"article:publisher\" content=\"https:\/\/www.facebook.com\/stourmnews\/\" \/>\n<meta property=\"article:published_time\" content=\"2025-01-09T12:20:05+00:00\" \/>\n<meta property=\"og:image\" content=\"https:\/\/stourm.news\/wp-content\/uploads\/2025\/01\/Capture-decran-2025-01-09-a-21.19.33.png\" \/>\n\t<meta property=\"og:image:width\" content=\"1062\" \/>\n\t<meta property=\"og:image:height\" content=\"754\" \/>\n\t<meta property=\"og:image:type\" content=\"image\/png\" \/>\n<meta name=\"author\" content=\"La r\u00e9daction\" \/>\n<meta name=\"twitter:card\" content=\"summary_large_image\" \/>\n<meta name=\"twitter:label1\" content=\"\u00c9crit par\" \/>\n\t<meta name=\"twitter:data1\" content=\"La r\u00e9daction\" \/>\n\t<meta name=\"twitter:label2\" content=\"Dur\u00e9e de lecture estim\u00e9e\" \/>\n\t<meta name=\"twitter:data2\" content=\"3 minutes\" \/>\n<script type=\"application\/ld+json\" class=\"yoast-schema-graph\">{\"@context\":\"https:\/\/schema.org\",\"@graph\":[{\"@type\":\"Article\",\"@id\":\"https:\/\/stourm.news\/?p=3187#article\",\"isPartOf\":{\"@id\":\"https:\/\/stourm.news\/?p=3187\"},\"author\":{\"name\":\"La r\u00e9daction\",\"@id\":\"https:\/\/stourm.news\/#\/schema\/person\/c3e1dc65988632e190969234ef046cf9\"},\"headline\":\"Emsav : 9 janvier 1930, naissance de Per Loquet, journaliste, activiste, militant culturel\",\"datePublished\":\"2025-01-09T12:20:05+00:00\",\"mainEntityOfPage\":{\"@id\":\"https:\/\/stourm.news\/?p=3187\"},\"wordCount\":445,\"commentCount\":0,\"publisher\":{\"@id\":\"https:\/\/stourm.news\/#organization\"},\"image\":{\"@id\":\"https:\/\/stourm.news\/?p=3187#primaryimage\"},\"thumbnailUrl\":\"https:\/\/stourm.news\/wp-content\/uploads\/2025\/01\/Capture-decran-2025-01-09-a-21.19.33.png\",\"articleSection\":[\"Emsav\",\"Histoire de Bretagne\",\"Principale\"],\"inLanguage\":\"fr-FR\",\"potentialAction\":[{\"@type\":\"CommentAction\",\"name\":\"Comment\",\"target\":[\"https:\/\/stourm.news\/?p=3187#respond\"]}]},{\"@type\":\"WebPage\",\"@id\":\"https:\/\/stourm.news\/?p=3187\",\"url\":\"https:\/\/stourm.news\/?p=3187\",\"name\":\"Emsav : 9 janvier 1930, naissance de Per Loquet, journaliste, activiste, militant culturel - STOURM\",\"isPartOf\":{\"@id\":\"https:\/\/stourm.news\/#website\"},\"primaryImageOfPage\":{\"@id\":\"https:\/\/stourm.news\/?p=3187#primaryimage\"},\"image\":{\"@id\":\"https:\/\/stourm.news\/?p=3187#primaryimage\"},\"thumbnailUrl\":\"https:\/\/stourm.news\/wp-content\/uploads\/2025\/01\/Capture-decran-2025-01-09-a-21.19.33.png\",\"datePublished\":\"2025-01-09T12:20:05+00:00\",\"breadcrumb\":{\"@id\":\"https:\/\/stourm.news\/?p=3187#breadcrumb\"},\"inLanguage\":\"fr-FR\",\"potentialAction\":[{\"@type\":\"ReadAction\",\"target\":[\"https:\/\/stourm.news\/?p=3187\"]}]},{\"@type\":\"ImageObject\",\"inLanguage\":\"fr-FR\",\"@id\":\"https:\/\/stourm.news\/?p=3187#primaryimage\",\"url\":\"https:\/\/stourm.news\/wp-content\/uploads\/2025\/01\/Capture-decran-2025-01-09-a-21.19.33.png\",\"contentUrl\":\"https:\/\/stourm.news\/wp-content\/uploads\/2025\/01\/Capture-decran-2025-01-09-a-21.19.33.png\",\"width\":1062,\"height\":754},{\"@type\":\"BreadcrumbList\",\"@id\":\"https:\/\/stourm.news\/?p=3187#breadcrumb\",\"itemListElement\":[{\"@type\":\"ListItem\",\"position\":1,\"name\":\"Accueil\",\"item\":\"https:\/\/stourm.news\/\"},{\"@type\":\"ListItem\",\"position\":2,\"name\":\"Emsav : 9 janvier 1930, naissance de Per Loquet, journaliste, activiste, militant culturel\"}]},{\"@type\":\"WebSite\",\"@id\":\"https:\/\/stourm.news\/#website\",\"url\":\"https:\/\/stourm.news\/\",\"name\":\"Stourm\",\"description\":\"Kazetenn Strollad Broadel Breizh\",\"publisher\":{\"@id\":\"https:\/\/stourm.news\/#organization\"},\"potentialAction\":[{\"@type\":\"SearchAction\",\"target\":{\"@type\":\"EntryPoint\",\"urlTemplate\":\"https:\/\/stourm.news\/?s={search_term_string}\"},\"query-input\":{\"@type\":\"PropertyValueSpecification\",\"valueRequired\":true,\"valueName\":\"search_term_string\"}}],\"inLanguage\":\"fr-FR\"},{\"@type\":\"Organization\",\"@id\":\"https:\/\/stourm.news\/#organization\",\"name\":\"Stourm\",\"url\":\"https:\/\/stourm.news\/\",\"logo\":{\"@type\":\"ImageObject\",\"inLanguage\":\"fr-FR\",\"@id\":\"https:\/\/stourm.news\/#\/schema\/logo\/image\/\",\"url\":\"https:\/\/stourm.news\/wp-content\/uploads\/2025\/11\/cropped-Capture-decran-2025-11-28-a-15.19.07.png\",\"contentUrl\":\"https:\/\/stourm.news\/wp-content\/uploads\/2025\/11\/cropped-Capture-decran-2025-11-28-a-15.19.07.png\",\"width\":1855,\"height\":383,\"caption\":\"Stourm\"},\"image\":{\"@id\":\"https:\/\/stourm.news\/#\/schema\/logo\/image\/\"},\"sameAs\":[\"https:\/\/www.facebook.com\/stourmnews\/\"]},{\"@type\":\"Person\",\"@id\":\"https:\/\/stourm.news\/#\/schema\/person\/c3e1dc65988632e190969234ef046cf9\",\"name\":\"La r\u00e9daction\",\"image\":{\"@type\":\"ImageObject\",\"inLanguage\":\"fr-FR\",\"@id\":\"https:\/\/stourm.news\/#\/schema\/person\/image\/\",\"url\":\"https:\/\/secure.gravatar.com\/avatar\/7463443f194b6b5fb706b074ca0ef59a0cfcfd720cb47764b0ec5a952ce422b3?s=96&d=mm&r=g\",\"contentUrl\":\"https:\/\/secure.gravatar.com\/avatar\/7463443f194b6b5fb706b074ca0ef59a0cfcfd720cb47764b0ec5a952ce422b3?s=96&d=mm&r=g\",\"caption\":\"La r\u00e9daction\"},\"sameAs\":[\"https:\/\/stourm.news\"],\"url\":\"https:\/\/stourm.news\/?author=1\"}]}<\/script>\n<!-- \/ Yoast SEO plugin. -->","yoast_head_json":{"title":"Emsav : 9 janvier 1930, naissance de Per Loquet, journaliste, activiste, militant culturel - STOURM","robots":{"index":"index","follow":"follow","max-snippet":"max-snippet:-1","max-image-preview":"max-image-preview:large","max-video-preview":"max-video-preview:-1"},"canonical":"https:\/\/stourm.news\/?p=3187","og_locale":"fr_FR","og_type":"article","og_title":"Emsav : 9 janvier 1930, naissance de Per Loquet, journaliste, activiste, militant culturel - STOURM","og_description":"EMSAV &#8211; Pierre Loquet participe d\u00e8s l\u2019\u00e2ge de quatorze ans \u00e0 des actions de la R\u00e9sistance. Parti \u00e0 Angers en 1945 pour suivre des cours d\u2019horticulture, il devient paysagiste-p\u00e9pini\u00e9riste. Il adh\u00e8re un temps \u00e0 la Jeunesse ouvri\u00e8re chr\u00e9tienne. En 1946, il adh\u00e8re au cercle celtique d\u2019Angers, milite \u00e0 Avel an Trec\u2019h et se charge de [&hellip;]","og_url":"https:\/\/stourm.news\/?p=3187","og_site_name":"STOURM","article_publisher":"https:\/\/www.facebook.com\/stourmnews\/","article_published_time":"2025-01-09T12:20:05+00:00","og_image":[{"width":1062,"height":754,"url":"https:\/\/stourm.news\/wp-content\/uploads\/2025\/01\/Capture-decran-2025-01-09-a-21.19.33.png","type":"image\/png"}],"author":"La r\u00e9daction","twitter_card":"summary_large_image","twitter_misc":{"\u00c9crit par":"La r\u00e9daction","Dur\u00e9e de lecture estim\u00e9e":"3 minutes"},"schema":{"@context":"https:\/\/schema.org","@graph":[{"@type":"Article","@id":"https:\/\/stourm.news\/?p=3187#article","isPartOf":{"@id":"https:\/\/stourm.news\/?p=3187"},"author":{"name":"La r\u00e9daction","@id":"https:\/\/stourm.news\/#\/schema\/person\/c3e1dc65988632e190969234ef046cf9"},"headline":"Emsav : 9 janvier 1930, naissance de Per Loquet, journaliste, activiste, militant culturel","datePublished":"2025-01-09T12:20:05+00:00","mainEntityOfPage":{"@id":"https:\/\/stourm.news\/?p=3187"},"wordCount":445,"commentCount":0,"publisher":{"@id":"https:\/\/stourm.news\/#organization"},"image":{"@id":"https:\/\/stourm.news\/?p=3187#primaryimage"},"thumbnailUrl":"https:\/\/stourm.news\/wp-content\/uploads\/2025\/01\/Capture-decran-2025-01-09-a-21.19.33.png","articleSection":["Emsav","Histoire de Bretagne","Principale"],"inLanguage":"fr-FR","potentialAction":[{"@type":"CommentAction","name":"Comment","target":["https:\/\/stourm.news\/?p=3187#respond"]}]},{"@type":"WebPage","@id":"https:\/\/stourm.news\/?p=3187","url":"https:\/\/stourm.news\/?p=3187","name":"Emsav : 9 janvier 1930, naissance de Per Loquet, journaliste, activiste, militant culturel - STOURM","isPartOf":{"@id":"https:\/\/stourm.news\/#website"},"primaryImageOfPage":{"@id":"https:\/\/stourm.news\/?p=3187#primaryimage"},"image":{"@id":"https:\/\/stourm.news\/?p=3187#primaryimage"},"thumbnailUrl":"https:\/\/stourm.news\/wp-content\/uploads\/2025\/01\/Capture-decran-2025-01-09-a-21.19.33.png","datePublished":"2025-01-09T12:20:05+00:00","breadcrumb":{"@id":"https:\/\/stourm.news\/?p=3187#breadcrumb"},"inLanguage":"fr-FR","potentialAction":[{"@type":"ReadAction","target":["https:\/\/stourm.news\/?p=3187"]}]},{"@type":"ImageObject","inLanguage":"fr-FR","@id":"https:\/\/stourm.news\/?p=3187#primaryimage","url":"https:\/\/stourm.news\/wp-content\/uploads\/2025\/01\/Capture-decran-2025-01-09-a-21.19.33.png","contentUrl":"https:\/\/stourm.news\/wp-content\/uploads\/2025\/01\/Capture-decran-2025-01-09-a-21.19.33.png","width":1062,"height":754},{"@type":"BreadcrumbList","@id":"https:\/\/stourm.news\/?p=3187#breadcrumb","itemListElement":[{"@type":"ListItem","position":1,"name":"Accueil","item":"https:\/\/stourm.news\/"},{"@type":"ListItem","position":2,"name":"Emsav : 9 janvier 1930, naissance de Per Loquet, journaliste, activiste, militant culturel"}]},{"@type":"WebSite","@id":"https:\/\/stourm.news\/#website","url":"https:\/\/stourm.news\/","name":"Stourm","description":"Kazetenn Strollad Broadel Breizh","publisher":{"@id":"https:\/\/stourm.news\/#organization"},"potentialAction":[{"@type":"SearchAction","target":{"@type":"EntryPoint","urlTemplate":"https:\/\/stourm.news\/?s={search_term_string}"},"query-input":{"@type":"PropertyValueSpecification","valueRequired":true,"valueName":"search_term_string"}}],"inLanguage":"fr-FR"},{"@type":"Organization","@id":"https:\/\/stourm.news\/#organization","name":"Stourm","url":"https:\/\/stourm.news\/","logo":{"@type":"ImageObject","inLanguage":"fr-FR","@id":"https:\/\/stourm.news\/#\/schema\/logo\/image\/","url":"https:\/\/stourm.news\/wp-content\/uploads\/2025\/11\/cropped-Capture-decran-2025-11-28-a-15.19.07.png","contentUrl":"https:\/\/stourm.news\/wp-content\/uploads\/2025\/11\/cropped-Capture-decran-2025-11-28-a-15.19.07.png","width":1855,"height":383,"caption":"Stourm"},"image":{"@id":"https:\/\/stourm.news\/#\/schema\/logo\/image\/"},"sameAs":["https:\/\/www.facebook.com\/stourmnews\/"]},{"@type":"Person","@id":"https:\/\/stourm.news\/#\/schema\/person\/c3e1dc65988632e190969234ef046cf9","name":"La r\u00e9daction","image":{"@type":"ImageObject","inLanguage":"fr-FR","@id":"https:\/\/stourm.news\/#\/schema\/person\/image\/","url":"https:\/\/secure.gravatar.com\/avatar\/7463443f194b6b5fb706b074ca0ef59a0cfcfd720cb47764b0ec5a952ce422b3?s=96&d=mm&r=g","contentUrl":"https:\/\/secure.gravatar.com\/avatar\/7463443f194b6b5fb706b074ca0ef59a0cfcfd720cb47764b0ec5a952ce422b3?s=96&d=mm&r=g","caption":"La r\u00e9daction"},"sameAs":["https:\/\/stourm.news"],"url":"https:\/\/stourm.news\/?author=1"}]}},"_links":{"self":[{"href":"https:\/\/stourm.news\/index.php?rest_route=\/wp\/v2\/posts\/3187","targetHints":{"allow":["GET"]}}],"collection":[{"href":"https:\/\/stourm.news\/index.php?rest_route=\/wp\/v2\/posts"}],"about":[{"href":"https:\/\/stourm.news\/index.php?rest_route=\/wp\/v2\/types\/post"}],"author":[{"embeddable":true,"href":"https:\/\/stourm.news\/index.php?rest_route=\/wp\/v2\/users\/1"}],"replies":[{"embeddable":true,"href":"https:\/\/stourm.news\/index.php?rest_route=%2Fwp%2Fv2%2Fcomments&post=3187"}],"version-history":[{"count":1,"href":"https:\/\/stourm.news\/index.php?rest_route=\/wp\/v2\/posts\/3187\/revisions"}],"predecessor-version":[{"id":3189,"href":"https:\/\/stourm.news\/index.php?rest_route=\/wp\/v2\/posts\/3187\/revisions\/3189"}],"wp:featuredmedia":[{"embeddable":true,"href":"https:\/\/stourm.news\/index.php?rest_route=\/wp\/v2\/media\/3188"}],"wp:attachment":[{"href":"https:\/\/stourm.news\/index.php?rest_route=%2Fwp%2Fv2%2Fmedia&parent=3187"}],"wp:term":[{"taxonomy":"category","embeddable":true,"href":"https:\/\/stourm.news\/index.php?rest_route=%2Fwp%2Fv2%2Fcategories&post=3187"},{"taxonomy":"post_tag","embeddable":true,"href":"https:\/\/stourm.news\/index.php?rest_route=%2Fwp%2Fv2%2Ftags&post=3187"}],"curies":[{"name":"wp","href":"https:\/\/api.w.org\/{rel}","templated":true}]}}