{"id":3190,"date":"2025-01-09T17:48:48","date_gmt":"2025-01-09T17:48:48","guid":{"rendered":"https:\/\/stourm.news\/?p=3190"},"modified":"2025-01-09T17:48:48","modified_gmt":"2025-01-09T17:48:48","slug":"kemper-quimper-des-ambulanciers-menaces-au-couteau-au-cours-dune-intervention-des-agressions-de-plus-en-plus-frequentes-dans-le-finistere","status":"publish","type":"post","link":"https:\/\/stourm.news\/?p=3190","title":{"rendered":"Kemper (Quimper) : des ambulanciers menac\u00e9s au couteau au cours d\u2019une intervention, \u00ab\u00a0des agressions de plus en plus fr\u00e9quentes\u00a0\u00bb dans le Finist\u00e8re"},"content":{"rendered":"<p style=\"text-align: justify;\">Lucie (pr\u00e9nom modifi\u00e9), 23 ans, effectuait un remplacement de nuit pour une garde Samu. Elle est ambulanci\u00e8re depuis un an et demi et effectue habituellement des transports programm\u00e9s de jour. \u00ab\u2009J\u2019avais envie de d\u00e9couvrir la nuit, le m\u00e9tier c\u00f4t\u00e9 urgences\u2009\u00bb, raconte-t-elle. Ce mercredi \u00e0 21h30, elle et son coll\u00e8gue ont \u00e9t\u00e9 appel\u00e9s par le 15 pour aller porter secours \u00e0 un homme alcoolis\u00e9 qui disait avoir pris des m\u00e9dicaments pour en finir.<\/p>\n<p style=\"text-align: justify;\"><strong>Conduit menott\u00e9 aux urgences<\/strong><\/p>\n<p style=\"text-align: justify;\">\u00ab\u2009L\u2019homme d\u2019une cinquantaine d\u2019ann\u00e9es \u00e9tait tr\u00e8s calme au d\u00e9but. Mais quand il a vu notre gyrophare dehors, il s\u2019est mis en t\u00eate que nous \u00e9tions des policiers et qu\u2019on lui avait menti. Il est alors all\u00e9 chercher <strong>un couteau<\/strong> dans la cuisine. <strong>Il nous a menac\u00e9s.\u2009<\/strong>\u00bb<\/p>\n<p style=\"text-align: justify;\">Les deux ambulanciers sont tr\u00e8s vite sortis du logement. Ont regagn\u00e9 leur v\u00e9hicule et se sont d\u00e9plac\u00e9s avant de recontacter le 15 puis la police. \u00ab\u2009Arriv\u00e9s sur place dans les dix minutes suivantes, les policiers ont interpell\u00e9 le Monsieur et l\u2019ont menott\u00e9. Nous l\u2019avons ensuite conduit aux urgences.<strong> Il a continu\u00e9 \u00e0 insulter les policiers\u2009<\/strong>\u00bb, poursuit Lucie.<\/p>\n<p style=\"text-align: justify;\"><strong>Agressions de plus en plus fr\u00e9quentes<\/strong><\/p>\n<p style=\"text-align: justify;\">La jeune femme reconna\u00eet qu\u2019il \u00e9tait difficile de savoir si l\u2019homme aurait pu vraiment leur faire du mal. \u00ab\u2009Mais j\u2019ai vu <strong>l\u2019intention dans ses gestes, dans son regard.<\/strong> Je me suis sentie en danger. Et j\u2019ai \u00e9t\u00e9 tr\u00e8s choqu\u00e9e d\u2019\u00eatre agress\u00e9e alors que je venais pour aider. J\u2019ai fait une crise d\u2019angoisse.\u2009\u00bb La jeune femme, examin\u00e9e aux urgences, s\u2019est vu prescrire un arr\u00eat de travail de quatre jours. Elle a d\u00e9pos\u00e9 plainte.<\/p>\n<p style=\"text-align: justify;\">\u00ab\u2009Cette agression ne remet pas en cause ma vocation pour ce m\u00e9tier que j\u2019ai d\u00e9couvert lors d\u2019un stage au lyc\u00e9e et que j\u2019exerce avec passion. Mais je ne suis pas pr\u00eate \u00e0 reprendre de nuit\u2009\u00bb, regrette Lucie.<\/p>\n<p style=\"text-align: justify;\">L\u2019ambulanci\u00e8re et ses coll\u00e8gues disent que ce type d\u2019agression contre les \u00e9quipes de secours <strong>est de plus en plus fr\u00e9quent<\/strong>. Ce que constate effectivement le pr\u00e9fet du Finist\u00e8re.<\/p>\n<p>Source : <a href=\"https:\/\/actu.fr\/bretagne\/quimper_29232\/a-quimper-des-ambulanciers-menaces-au-couteau-au-cours-dune-intervention_62097471.html\">Actu.fr<\/a><\/p>\n","protected":false},"excerpt":{"rendered":"<p>Lucie (pr\u00e9nom modifi\u00e9), 23 ans, effectuait un remplacement de nuit pour une garde Samu. Elle est ambulanci\u00e8re depuis un an et demi et effectue habituellement des transports programm\u00e9s de jour. \u00ab\u2009J\u2019avais envie de d\u00e9couvrir la nuit, le m\u00e9tier c\u00f4t\u00e9 urgences\u2009\u00bb, raconte-t-elle. Ce mercredi \u00e0 21h30, elle et son coll\u00e8gue ont \u00e9t\u00e9 appel\u00e9s par le 15 [&hellip;]<\/p>\n","protected":false},"author":1,"featured_media":3191,"comment_status":"open","ping_status":"open","sticky":false,"template":"","format":"standard","meta":{"sb_editor_width":"","footnotes":""},"categories":[31,62],"tags":[],"class_list":["post-3190","post","type-post","status-publish","format-standard","has-post-thumbnail","hentry","category-agression","category-revue-de-presse"],"relative_dates":{"created":"1 an ago","modified":"1 an ago"},"yoast_head":"<!-- This site is optimized with the Yoast SEO plugin v26.3 - https:\/\/yoast.com\/wordpress\/plugins\/seo\/ -->\n<title>Kemper (Quimper) : des ambulanciers menac\u00e9s au couteau au cours d\u2019une intervention, &quot;des agressions de plus en plus fr\u00e9quentes&quot; dans le Finist\u00e8re - STOURM<\/title>\n<meta name=\"robots\" content=\"index, follow, max-snippet:-1, max-image-preview:large, max-video-preview:-1\" \/>\n<link rel=\"canonical\" href=\"https:\/\/stourm.news\/?p=3190\" \/>\n<meta property=\"og:locale\" content=\"fr_FR\" \/>\n<meta property=\"og:type\" content=\"article\" \/>\n<meta property=\"og:title\" content=\"Kemper (Quimper) : des ambulanciers menac\u00e9s au couteau au cours d\u2019une intervention, &quot;des agressions de plus en plus fr\u00e9quentes&quot; dans le Finist\u00e8re - STOURM\" \/>\n<meta property=\"og:description\" content=\"Lucie (pr\u00e9nom modifi\u00e9), 23 ans, effectuait un remplacement de nuit pour une garde Samu. Elle est ambulanci\u00e8re depuis un an et demi et effectue habituellement des transports programm\u00e9s de jour. \u00ab\u2009J\u2019avais envie de d\u00e9couvrir la nuit, le m\u00e9tier c\u00f4t\u00e9 urgences\u2009\u00bb, raconte-t-elle. Ce mercredi \u00e0 21h30, elle et son coll\u00e8gue ont \u00e9t\u00e9 appel\u00e9s par le 15 [&hellip;]\" \/>\n<meta property=\"og:url\" content=\"https:\/\/stourm.news\/?p=3190\" \/>\n<meta property=\"og:site_name\" content=\"STOURM\" \/>\n<meta property=\"article:publisher\" content=\"https:\/\/www.facebook.com\/stourmnews\/\" \/>\n<meta property=\"article:published_time\" content=\"2025-01-09T17:48:48+00:00\" \/>\n<meta property=\"og:image\" content=\"https:\/\/stourm.news\/wp-content\/uploads\/2025\/01\/f34313a167d56084313a167d5eb431v-960x640-1.jpg\" \/>\n\t<meta property=\"og:image:width\" content=\"960\" \/>\n\t<meta property=\"og:image:height\" content=\"640\" \/>\n\t<meta property=\"og:image:type\" content=\"image\/jpeg\" \/>\n<meta name=\"author\" content=\"La r\u00e9daction\" \/>\n<meta name=\"twitter:card\" content=\"summary_large_image\" \/>\n<meta name=\"twitter:label1\" content=\"\u00c9crit par\" \/>\n\t<meta name=\"twitter:data1\" content=\"La r\u00e9daction\" \/>\n\t<meta name=\"twitter:label2\" content=\"Dur\u00e9e de lecture estim\u00e9e\" \/>\n\t<meta name=\"twitter:data2\" content=\"2 minutes\" \/>\n<script type=\"application\/ld+json\" class=\"yoast-schema-graph\">{\"@context\":\"https:\/\/schema.org\",\"@graph\":[{\"@type\":\"Article\",\"@id\":\"https:\/\/stourm.news\/?p=3190#article\",\"isPartOf\":{\"@id\":\"https:\/\/stourm.news\/?p=3190\"},\"author\":{\"name\":\"La r\u00e9daction\",\"@id\":\"https:\/\/stourm.news\/#\/schema\/person\/c3e1dc65988632e190969234ef046cf9\"},\"headline\":\"Kemper (Quimper) : des ambulanciers menac\u00e9s au couteau au cours d\u2019une intervention, \u00ab\u00a0des agressions de plus en plus fr\u00e9quentes\u00a0\u00bb dans le Finist\u00e8re\",\"datePublished\":\"2025-01-09T17:48:48+00:00\",\"mainEntityOfPage\":{\"@id\":\"https:\/\/stourm.news\/?p=3190\"},\"wordCount\":401,\"commentCount\":0,\"publisher\":{\"@id\":\"https:\/\/stourm.news\/#organization\"},\"image\":{\"@id\":\"https:\/\/stourm.news\/?p=3190#primaryimage\"},\"thumbnailUrl\":\"https:\/\/stourm.news\/wp-content\/uploads\/2025\/01\/f34313a167d56084313a167d5eb431v-960x640-1.jpg\",\"articleSection\":[\"Agression\",\"Revue de presse\"],\"inLanguage\":\"fr-FR\",\"potentialAction\":[{\"@type\":\"CommentAction\",\"name\":\"Comment\",\"target\":[\"https:\/\/stourm.news\/?p=3190#respond\"]}]},{\"@type\":\"WebPage\",\"@id\":\"https:\/\/stourm.news\/?p=3190\",\"url\":\"https:\/\/stourm.news\/?p=3190\",\"name\":\"Kemper (Quimper) : des ambulanciers menac\u00e9s au couteau au cours d\u2019une intervention, \\\"des agressions de plus en plus fr\u00e9quentes\\\" dans le Finist\u00e8re - STOURM\",\"isPartOf\":{\"@id\":\"https:\/\/stourm.news\/#website\"},\"primaryImageOfPage\":{\"@id\":\"https:\/\/stourm.news\/?p=3190#primaryimage\"},\"image\":{\"@id\":\"https:\/\/stourm.news\/?p=3190#primaryimage\"},\"thumbnailUrl\":\"https:\/\/stourm.news\/wp-content\/uploads\/2025\/01\/f34313a167d56084313a167d5eb431v-960x640-1.jpg\",\"datePublished\":\"2025-01-09T17:48:48+00:00\",\"breadcrumb\":{\"@id\":\"https:\/\/stourm.news\/?p=3190#breadcrumb\"},\"inLanguage\":\"fr-FR\",\"potentialAction\":[{\"@type\":\"ReadAction\",\"target\":[\"https:\/\/stourm.news\/?p=3190\"]}]},{\"@type\":\"ImageObject\",\"inLanguage\":\"fr-FR\",\"@id\":\"https:\/\/stourm.news\/?p=3190#primaryimage\",\"url\":\"https:\/\/stourm.news\/wp-content\/uploads\/2025\/01\/f34313a167d56084313a167d5eb431v-960x640-1.jpg\",\"contentUrl\":\"https:\/\/stourm.news\/wp-content\/uploads\/2025\/01\/f34313a167d56084313a167d5eb431v-960x640-1.jpg\",\"width\":960,\"height\":640},{\"@type\":\"BreadcrumbList\",\"@id\":\"https:\/\/stourm.news\/?p=3190#breadcrumb\",\"itemListElement\":[{\"@type\":\"ListItem\",\"position\":1,\"name\":\"Accueil\",\"item\":\"https:\/\/stourm.news\/\"},{\"@type\":\"ListItem\",\"position\":2,\"name\":\"Kemper (Quimper) : des ambulanciers menac\u00e9s au couteau au cours d\u2019une intervention, \u00ab\u00a0des agressions de plus en plus fr\u00e9quentes\u00a0\u00bb dans le Finist\u00e8re\"}]},{\"@type\":\"WebSite\",\"@id\":\"https:\/\/stourm.news\/#website\",\"url\":\"https:\/\/stourm.news\/\",\"name\":\"Stourm\",\"description\":\"Kazetenn Strollad Broadel Breizh\",\"publisher\":{\"@id\":\"https:\/\/stourm.news\/#organization\"},\"potentialAction\":[{\"@type\":\"SearchAction\",\"target\":{\"@type\":\"EntryPoint\",\"urlTemplate\":\"https:\/\/stourm.news\/?s={search_term_string}\"},\"query-input\":{\"@type\":\"PropertyValueSpecification\",\"valueRequired\":true,\"valueName\":\"search_term_string\"}}],\"inLanguage\":\"fr-FR\"},{\"@type\":\"Organization\",\"@id\":\"https:\/\/stourm.news\/#organization\",\"name\":\"Stourm\",\"url\":\"https:\/\/stourm.news\/\",\"logo\":{\"@type\":\"ImageObject\",\"inLanguage\":\"fr-FR\",\"@id\":\"https:\/\/stourm.news\/#\/schema\/logo\/image\/\",\"url\":\"https:\/\/stourm.news\/wp-content\/uploads\/2025\/11\/cropped-Capture-decran-2025-11-28-a-15.19.07.png\",\"contentUrl\":\"https:\/\/stourm.news\/wp-content\/uploads\/2025\/11\/cropped-Capture-decran-2025-11-28-a-15.19.07.png\",\"width\":1855,\"height\":383,\"caption\":\"Stourm\"},\"image\":{\"@id\":\"https:\/\/stourm.news\/#\/schema\/logo\/image\/\"},\"sameAs\":[\"https:\/\/www.facebook.com\/stourmnews\/\"]},{\"@type\":\"Person\",\"@id\":\"https:\/\/stourm.news\/#\/schema\/person\/c3e1dc65988632e190969234ef046cf9\",\"name\":\"La r\u00e9daction\",\"image\":{\"@type\":\"ImageObject\",\"inLanguage\":\"fr-FR\",\"@id\":\"https:\/\/stourm.news\/#\/schema\/person\/image\/\",\"url\":\"https:\/\/secure.gravatar.com\/avatar\/7463443f194b6b5fb706b074ca0ef59a0cfcfd720cb47764b0ec5a952ce422b3?s=96&d=mm&r=g\",\"contentUrl\":\"https:\/\/secure.gravatar.com\/avatar\/7463443f194b6b5fb706b074ca0ef59a0cfcfd720cb47764b0ec5a952ce422b3?s=96&d=mm&r=g\",\"caption\":\"La r\u00e9daction\"},\"sameAs\":[\"https:\/\/stourm.news\"],\"url\":\"https:\/\/stourm.news\/?author=1\"}]}<\/script>\n<!-- \/ Yoast SEO plugin. -->","yoast_head_json":{"title":"Kemper (Quimper) : des ambulanciers menac\u00e9s au couteau au cours d\u2019une intervention, \"des agressions de plus en plus fr\u00e9quentes\" dans le Finist\u00e8re - STOURM","robots":{"index":"index","follow":"follow","max-snippet":"max-snippet:-1","max-image-preview":"max-image-preview:large","max-video-preview":"max-video-preview:-1"},"canonical":"https:\/\/stourm.news\/?p=3190","og_locale":"fr_FR","og_type":"article","og_title":"Kemper (Quimper) : des ambulanciers menac\u00e9s au couteau au cours d\u2019une intervention, \"des agressions de plus en plus fr\u00e9quentes\" dans le Finist\u00e8re - STOURM","og_description":"Lucie (pr\u00e9nom modifi\u00e9), 23 ans, effectuait un remplacement de nuit pour une garde Samu. Elle est ambulanci\u00e8re depuis un an et demi et effectue habituellement des transports programm\u00e9s de jour. \u00ab\u2009J\u2019avais envie de d\u00e9couvrir la nuit, le m\u00e9tier c\u00f4t\u00e9 urgences\u2009\u00bb, raconte-t-elle. Ce mercredi \u00e0 21h30, elle et son coll\u00e8gue ont \u00e9t\u00e9 appel\u00e9s par le 15 [&hellip;]","og_url":"https:\/\/stourm.news\/?p=3190","og_site_name":"STOURM","article_publisher":"https:\/\/www.facebook.com\/stourmnews\/","article_published_time":"2025-01-09T17:48:48+00:00","og_image":[{"width":960,"height":640,"url":"https:\/\/stourm.news\/wp-content\/uploads\/2025\/01\/f34313a167d56084313a167d5eb431v-960x640-1.jpg","type":"image\/jpeg"}],"author":"La r\u00e9daction","twitter_card":"summary_large_image","twitter_misc":{"\u00c9crit par":"La r\u00e9daction","Dur\u00e9e de lecture estim\u00e9e":"2 minutes"},"schema":{"@context":"https:\/\/schema.org","@graph":[{"@type":"Article","@id":"https:\/\/stourm.news\/?p=3190#article","isPartOf":{"@id":"https:\/\/stourm.news\/?p=3190"},"author":{"name":"La r\u00e9daction","@id":"https:\/\/stourm.news\/#\/schema\/person\/c3e1dc65988632e190969234ef046cf9"},"headline":"Kemper (Quimper) : des ambulanciers menac\u00e9s au couteau au cours d\u2019une intervention, \u00ab\u00a0des agressions de plus en plus fr\u00e9quentes\u00a0\u00bb dans le Finist\u00e8re","datePublished":"2025-01-09T17:48:48+00:00","mainEntityOfPage":{"@id":"https:\/\/stourm.news\/?p=3190"},"wordCount":401,"commentCount":0,"publisher":{"@id":"https:\/\/stourm.news\/#organization"},"image":{"@id":"https:\/\/stourm.news\/?p=3190#primaryimage"},"thumbnailUrl":"https:\/\/stourm.news\/wp-content\/uploads\/2025\/01\/f34313a167d56084313a167d5eb431v-960x640-1.jpg","articleSection":["Agression","Revue de presse"],"inLanguage":"fr-FR","potentialAction":[{"@type":"CommentAction","name":"Comment","target":["https:\/\/stourm.news\/?p=3190#respond"]}]},{"@type":"WebPage","@id":"https:\/\/stourm.news\/?p=3190","url":"https:\/\/stourm.news\/?p=3190","name":"Kemper (Quimper) : des ambulanciers menac\u00e9s au couteau au cours d\u2019une intervention, \"des agressions de plus en plus fr\u00e9quentes\" dans le Finist\u00e8re - STOURM","isPartOf":{"@id":"https:\/\/stourm.news\/#website"},"primaryImageOfPage":{"@id":"https:\/\/stourm.news\/?p=3190#primaryimage"},"image":{"@id":"https:\/\/stourm.news\/?p=3190#primaryimage"},"thumbnailUrl":"https:\/\/stourm.news\/wp-content\/uploads\/2025\/01\/f34313a167d56084313a167d5eb431v-960x640-1.jpg","datePublished":"2025-01-09T17:48:48+00:00","breadcrumb":{"@id":"https:\/\/stourm.news\/?p=3190#breadcrumb"},"inLanguage":"fr-FR","potentialAction":[{"@type":"ReadAction","target":["https:\/\/stourm.news\/?p=3190"]}]},{"@type":"ImageObject","inLanguage":"fr-FR","@id":"https:\/\/stourm.news\/?p=3190#primaryimage","url":"https:\/\/stourm.news\/wp-content\/uploads\/2025\/01\/f34313a167d56084313a167d5eb431v-960x640-1.jpg","contentUrl":"https:\/\/stourm.news\/wp-content\/uploads\/2025\/01\/f34313a167d56084313a167d5eb431v-960x640-1.jpg","width":960,"height":640},{"@type":"BreadcrumbList","@id":"https:\/\/stourm.news\/?p=3190#breadcrumb","itemListElement":[{"@type":"ListItem","position":1,"name":"Accueil","item":"https:\/\/stourm.news\/"},{"@type":"ListItem","position":2,"name":"Kemper (Quimper) : des ambulanciers menac\u00e9s au couteau au cours d\u2019une intervention, \u00ab\u00a0des agressions de plus en plus fr\u00e9quentes\u00a0\u00bb dans le Finist\u00e8re"}]},{"@type":"WebSite","@id":"https:\/\/stourm.news\/#website","url":"https:\/\/stourm.news\/","name":"Stourm","description":"Kazetenn Strollad Broadel Breizh","publisher":{"@id":"https:\/\/stourm.news\/#organization"},"potentialAction":[{"@type":"SearchAction","target":{"@type":"EntryPoint","urlTemplate":"https:\/\/stourm.news\/?s={search_term_string}"},"query-input":{"@type":"PropertyValueSpecification","valueRequired":true,"valueName":"search_term_string"}}],"inLanguage":"fr-FR"},{"@type":"Organization","@id":"https:\/\/stourm.news\/#organization","name":"Stourm","url":"https:\/\/stourm.news\/","logo":{"@type":"ImageObject","inLanguage":"fr-FR","@id":"https:\/\/stourm.news\/#\/schema\/logo\/image\/","url":"https:\/\/stourm.news\/wp-content\/uploads\/2025\/11\/cropped-Capture-decran-2025-11-28-a-15.19.07.png","contentUrl":"https:\/\/stourm.news\/wp-content\/uploads\/2025\/11\/cropped-Capture-decran-2025-11-28-a-15.19.07.png","width":1855,"height":383,"caption":"Stourm"},"image":{"@id":"https:\/\/stourm.news\/#\/schema\/logo\/image\/"},"sameAs":["https:\/\/www.facebook.com\/stourmnews\/"]},{"@type":"Person","@id":"https:\/\/stourm.news\/#\/schema\/person\/c3e1dc65988632e190969234ef046cf9","name":"La r\u00e9daction","image":{"@type":"ImageObject","inLanguage":"fr-FR","@id":"https:\/\/stourm.news\/#\/schema\/person\/image\/","url":"https:\/\/secure.gravatar.com\/avatar\/7463443f194b6b5fb706b074ca0ef59a0cfcfd720cb47764b0ec5a952ce422b3?s=96&d=mm&r=g","contentUrl":"https:\/\/secure.gravatar.com\/avatar\/7463443f194b6b5fb706b074ca0ef59a0cfcfd720cb47764b0ec5a952ce422b3?s=96&d=mm&r=g","caption":"La r\u00e9daction"},"sameAs":["https:\/\/stourm.news"],"url":"https:\/\/stourm.news\/?author=1"}]}},"_links":{"self":[{"href":"https:\/\/stourm.news\/index.php?rest_route=\/wp\/v2\/posts\/3190","targetHints":{"allow":["GET"]}}],"collection":[{"href":"https:\/\/stourm.news\/index.php?rest_route=\/wp\/v2\/posts"}],"about":[{"href":"https:\/\/stourm.news\/index.php?rest_route=\/wp\/v2\/types\/post"}],"author":[{"embeddable":true,"href":"https:\/\/stourm.news\/index.php?rest_route=\/wp\/v2\/users\/1"}],"replies":[{"embeddable":true,"href":"https:\/\/stourm.news\/index.php?rest_route=%2Fwp%2Fv2%2Fcomments&post=3190"}],"version-history":[{"count":1,"href":"https:\/\/stourm.news\/index.php?rest_route=\/wp\/v2\/posts\/3190\/revisions"}],"predecessor-version":[{"id":3192,"href":"https:\/\/stourm.news\/index.php?rest_route=\/wp\/v2\/posts\/3190\/revisions\/3192"}],"wp:featuredmedia":[{"embeddable":true,"href":"https:\/\/stourm.news\/index.php?rest_route=\/wp\/v2\/media\/3191"}],"wp:attachment":[{"href":"https:\/\/stourm.news\/index.php?rest_route=%2Fwp%2Fv2%2Fmedia&parent=3190"}],"wp:term":[{"taxonomy":"category","embeddable":true,"href":"https:\/\/stourm.news\/index.php?rest_route=%2Fwp%2Fv2%2Fcategories&post=3190"},{"taxonomy":"post_tag","embeddable":true,"href":"https:\/\/stourm.news\/index.php?rest_route=%2Fwp%2Fv2%2Ftags&post=3190"}],"curies":[{"name":"wp","href":"https:\/\/api.w.org\/{rel}","templated":true}]}}