{"id":3201,"date":"2025-01-15T10:58:47","date_gmt":"2025-01-15T10:58:47","guid":{"rendered":"https:\/\/stourm.news\/?p=3201"},"modified":"2025-01-15T10:58:47","modified_gmt":"2025-01-15T10:58:47","slug":"alan-stivell-pour-sauver-la-langue-bretonne-la-bretagne-doit-acceder-a-lautonomie","status":"publish","type":"post","link":"https:\/\/stourm.news\/?p=3201","title":{"rendered":"Alan Stivell : \u00ab\u00a0Pour sauver la langue bretonne, la Bretagne doit acc\u00e9der \u00e0 l\u2019autonomie\u00a0\u00bb"},"content":{"rendered":"<p style=\"text-align: justify;\">Dans un entretien avec le journal fran\u00e7ais L&rsquo;Express, Alan Stivell appelle \u00e0 la co-officialisation de la langue bretonne gr\u00e2ce \u00e0 une autonomie de la Bretagne.<\/p>\n<p style=\"text-align: justify;\"><strong>\u00ab\u00a0Certes, des milliers d\u2019enfants et d\u2019adultes apprennent cette langue ; certes, des dizaines de milliers de personnes participent \u00e0 des festo\u00f9-noz ; certes, les pr\u00e9noms bretons sont en vogue ; certes, des artistes comme Nolwenn Leroy ou moi-m\u00eame avons rencontr\u00e9 un grand succ\u00e8s\u2026 Il y a donc eu des progr\u00e8s incontestables et il faut s\u2019en r\u00e9jouir, d\u2019autant qu\u2019ils n\u2019ont jamais \u00e9t\u00e9 donn\u00e9s, mais conquis par des militants. Mais cela suffit-il ? Ma r\u00e9ponse est \u00ab\u00a0non\u00a0\u00bb car le pronostic vital du breton reste engag\u00e9. Il n\u2019a pas d\u2019avenir s\u2019il n\u2019est pas utilis\u00e9 dans l\u2019administration, enseign\u00e9 dans toutes les \u00e9coles, etc. Autrement dit : il doit devenir langue co-officielle. Et cela suppose aussi l\u2019autonomie.\u00a0\u00bb<\/strong><\/p>\n<p style=\"text-align: justify;\">Ces appels, bien s\u00fbr, sont toujours utiles, mais largement insuffisants, surtout de la part d&rsquo;Alan Stivell qui a complaisamment jou\u00e9 le r\u00f4le de faire-valoir \u00e0 la gauche hexagonale, tout particuli\u00e8rement le Parti socialiste, fonci\u00e8rement hostile aux int\u00e9r\u00eats fondamentaux de la nation bretonne. Enfoncer des portes ouvertes ne suffit plus et des positions politiques fermes sont d\u00e9sormais n\u00e9cessaires pour que la Bretagne ne soit plus \u00e9cras\u00e9e sous le poids de partis hexagonaux, de nature coloniale chez nous.<\/p>\n<p style=\"text-align: right;\"><strong>Ewen Broc&rsquo;han<\/strong><\/p>\n","protected":false},"excerpt":{"rendered":"<p>Dans un entretien avec le journal fran\u00e7ais L&rsquo;Express, Alan Stivell appelle \u00e0 la co-officialisation de la langue bretonne gr\u00e2ce \u00e0 une autonomie de la Bretagne. \u00ab\u00a0Certes, des milliers d\u2019enfants et d\u2019adultes apprennent cette langue ; certes, des dizaines de milliers de personnes participent \u00e0 des festo\u00f9-noz ; certes, les pr\u00e9noms bretons sont en vogue ; [&hellip;]<\/p>\n","protected":false},"author":1,"featured_media":3202,"comment_status":"open","ping_status":"open","sticky":false,"template":"","format":"standard","meta":{"sb_editor_width":"","footnotes":""},"categories":[63,46,65],"tags":[],"class_list":["post-3201","post","type-post","status-publish","format-standard","has-post-thumbnail","hentry","category-editorial","category-independance","category-principale"],"relative_dates":{"created":"1 an ago","modified":"1 an ago"},"yoast_head":"<!-- This site is optimized with the Yoast SEO plugin v26.3 - https:\/\/yoast.com\/wordpress\/plugins\/seo\/ -->\n<title>Alan Stivell : &quot;Pour sauver la langue bretonne, la Bretagne doit acc\u00e9der \u00e0 l\u2019autonomie&quot; - STOURM<\/title>\n<meta name=\"robots\" content=\"index, follow, max-snippet:-1, max-image-preview:large, max-video-preview:-1\" \/>\n<link rel=\"canonical\" href=\"https:\/\/stourm.news\/?p=3201\" \/>\n<meta property=\"og:locale\" content=\"fr_FR\" \/>\n<meta property=\"og:type\" content=\"article\" \/>\n<meta property=\"og:title\" content=\"Alan Stivell : &quot;Pour sauver la langue bretonne, la Bretagne doit acc\u00e9der \u00e0 l\u2019autonomie&quot; - STOURM\" \/>\n<meta property=\"og:description\" content=\"Dans un entretien avec le journal fran\u00e7ais L&rsquo;Express, Alan Stivell appelle \u00e0 la co-officialisation de la langue bretonne gr\u00e2ce \u00e0 une autonomie de la Bretagne. \u00ab\u00a0Certes, des milliers d\u2019enfants et d\u2019adultes apprennent cette langue ; certes, des dizaines de milliers de personnes participent \u00e0 des festo\u00f9-noz ; certes, les pr\u00e9noms bretons sont en vogue ; [&hellip;]\" \/>\n<meta property=\"og:url\" content=\"https:\/\/stourm.news\/?p=3201\" \/>\n<meta property=\"og:site_name\" content=\"STOURM\" \/>\n<meta property=\"article:publisher\" content=\"https:\/\/www.facebook.com\/stourmnews\/\" \/>\n<meta property=\"article:published_time\" content=\"2025-01-15T10:58:47+00:00\" \/>\n<meta name=\"author\" content=\"La r\u00e9daction\" \/>\n<meta name=\"twitter:card\" content=\"summary_large_image\" \/>\n<meta name=\"twitter:label1\" content=\"\u00c9crit par\" \/>\n\t<meta name=\"twitter:data1\" content=\"La r\u00e9daction\" \/>\n\t<meta name=\"twitter:label2\" content=\"Dur\u00e9e de lecture estim\u00e9e\" \/>\n\t<meta name=\"twitter:data2\" content=\"2 minutes\" \/>\n<script type=\"application\/ld+json\" class=\"yoast-schema-graph\">{\"@context\":\"https:\/\/schema.org\",\"@graph\":[{\"@type\":\"Article\",\"@id\":\"https:\/\/stourm.news\/?p=3201#article\",\"isPartOf\":{\"@id\":\"https:\/\/stourm.news\/?p=3201\"},\"author\":{\"name\":\"La r\u00e9daction\",\"@id\":\"https:\/\/stourm.news\/#\/schema\/person\/c3e1dc65988632e190969234ef046cf9\"},\"headline\":\"Alan Stivell : \u00ab\u00a0Pour sauver la langue bretonne, la Bretagne doit acc\u00e9der \u00e0 l\u2019autonomie\u00a0\u00bb\",\"datePublished\":\"2025-01-15T10:58:47+00:00\",\"mainEntityOfPage\":{\"@id\":\"https:\/\/stourm.news\/?p=3201\"},\"wordCount\":254,\"commentCount\":0,\"publisher\":{\"@id\":\"https:\/\/stourm.news\/#organization\"},\"image\":{\"@id\":\"https:\/\/stourm.news\/?p=3201#primaryimage\"},\"thumbnailUrl\":\"https:\/\/stourm.news\/wp-content\/uploads\/2025\/01\/G6Y4WSJEFVGDNEEY6MSIEOBTFA.avif\",\"articleSection\":[\"Editorial\",\"Ind\u00e9pendance\",\"Principale\"],\"inLanguage\":\"fr-FR\",\"potentialAction\":[{\"@type\":\"CommentAction\",\"name\":\"Comment\",\"target\":[\"https:\/\/stourm.news\/?p=3201#respond\"]}]},{\"@type\":\"WebPage\",\"@id\":\"https:\/\/stourm.news\/?p=3201\",\"url\":\"https:\/\/stourm.news\/?p=3201\",\"name\":\"Alan Stivell : \\\"Pour sauver la langue bretonne, la Bretagne doit acc\u00e9der \u00e0 l\u2019autonomie\\\" - STOURM\",\"isPartOf\":{\"@id\":\"https:\/\/stourm.news\/#website\"},\"primaryImageOfPage\":{\"@id\":\"https:\/\/stourm.news\/?p=3201#primaryimage\"},\"image\":{\"@id\":\"https:\/\/stourm.news\/?p=3201#primaryimage\"},\"thumbnailUrl\":\"https:\/\/stourm.news\/wp-content\/uploads\/2025\/01\/G6Y4WSJEFVGDNEEY6MSIEOBTFA.avif\",\"datePublished\":\"2025-01-15T10:58:47+00:00\",\"breadcrumb\":{\"@id\":\"https:\/\/stourm.news\/?p=3201#breadcrumb\"},\"inLanguage\":\"fr-FR\",\"potentialAction\":[{\"@type\":\"ReadAction\",\"target\":[\"https:\/\/stourm.news\/?p=3201\"]}]},{\"@type\":\"ImageObject\",\"inLanguage\":\"fr-FR\",\"@id\":\"https:\/\/stourm.news\/?p=3201#primaryimage\",\"url\":\"https:\/\/stourm.news\/wp-content\/uploads\/2025\/01\/G6Y4WSJEFVGDNEEY6MSIEOBTFA.avif\",\"contentUrl\":\"https:\/\/stourm.news\/wp-content\/uploads\/2025\/01\/G6Y4WSJEFVGDNEEY6MSIEOBTFA.avif\",\"width\":1200,\"height\":630},{\"@type\":\"BreadcrumbList\",\"@id\":\"https:\/\/stourm.news\/?p=3201#breadcrumb\",\"itemListElement\":[{\"@type\":\"ListItem\",\"position\":1,\"name\":\"Accueil\",\"item\":\"https:\/\/stourm.news\/\"},{\"@type\":\"ListItem\",\"position\":2,\"name\":\"Alan Stivell : \u00ab\u00a0Pour sauver la langue bretonne, la Bretagne doit acc\u00e9der \u00e0 l\u2019autonomie\u00a0\u00bb\"}]},{\"@type\":\"WebSite\",\"@id\":\"https:\/\/stourm.news\/#website\",\"url\":\"https:\/\/stourm.news\/\",\"name\":\"Stourm\",\"description\":\"Kazetenn Strollad Broadel Breizh\",\"publisher\":{\"@id\":\"https:\/\/stourm.news\/#organization\"},\"potentialAction\":[{\"@type\":\"SearchAction\",\"target\":{\"@type\":\"EntryPoint\",\"urlTemplate\":\"https:\/\/stourm.news\/?s={search_term_string}\"},\"query-input\":{\"@type\":\"PropertyValueSpecification\",\"valueRequired\":true,\"valueName\":\"search_term_string\"}}],\"inLanguage\":\"fr-FR\"},{\"@type\":\"Organization\",\"@id\":\"https:\/\/stourm.news\/#organization\",\"name\":\"Stourm\",\"url\":\"https:\/\/stourm.news\/\",\"logo\":{\"@type\":\"ImageObject\",\"inLanguage\":\"fr-FR\",\"@id\":\"https:\/\/stourm.news\/#\/schema\/logo\/image\/\",\"url\":\"https:\/\/stourm.news\/wp-content\/uploads\/2025\/11\/cropped-Capture-decran-2025-11-28-a-15.19.07.png\",\"contentUrl\":\"https:\/\/stourm.news\/wp-content\/uploads\/2025\/11\/cropped-Capture-decran-2025-11-28-a-15.19.07.png\",\"width\":1855,\"height\":383,\"caption\":\"Stourm\"},\"image\":{\"@id\":\"https:\/\/stourm.news\/#\/schema\/logo\/image\/\"},\"sameAs\":[\"https:\/\/www.facebook.com\/stourmnews\/\"]},{\"@type\":\"Person\",\"@id\":\"https:\/\/stourm.news\/#\/schema\/person\/c3e1dc65988632e190969234ef046cf9\",\"name\":\"La r\u00e9daction\",\"image\":{\"@type\":\"ImageObject\",\"inLanguage\":\"fr-FR\",\"@id\":\"https:\/\/stourm.news\/#\/schema\/person\/image\/\",\"url\":\"https:\/\/secure.gravatar.com\/avatar\/7463443f194b6b5fb706b074ca0ef59a0cfcfd720cb47764b0ec5a952ce422b3?s=96&d=mm&r=g\",\"contentUrl\":\"https:\/\/secure.gravatar.com\/avatar\/7463443f194b6b5fb706b074ca0ef59a0cfcfd720cb47764b0ec5a952ce422b3?s=96&d=mm&r=g\",\"caption\":\"La r\u00e9daction\"},\"sameAs\":[\"https:\/\/stourm.news\"],\"url\":\"https:\/\/stourm.news\/?author=1\"}]}<\/script>\n<!-- \/ Yoast SEO plugin. -->","yoast_head_json":{"title":"Alan Stivell : \"Pour sauver la langue bretonne, la Bretagne doit acc\u00e9der \u00e0 l\u2019autonomie\" - STOURM","robots":{"index":"index","follow":"follow","max-snippet":"max-snippet:-1","max-image-preview":"max-image-preview:large","max-video-preview":"max-video-preview:-1"},"canonical":"https:\/\/stourm.news\/?p=3201","og_locale":"fr_FR","og_type":"article","og_title":"Alan Stivell : \"Pour sauver la langue bretonne, la Bretagne doit acc\u00e9der \u00e0 l\u2019autonomie\" - STOURM","og_description":"Dans un entretien avec le journal fran\u00e7ais L&rsquo;Express, Alan Stivell appelle \u00e0 la co-officialisation de la langue bretonne gr\u00e2ce \u00e0 une autonomie de la Bretagne. \u00ab\u00a0Certes, des milliers d\u2019enfants et d\u2019adultes apprennent cette langue ; certes, des dizaines de milliers de personnes participent \u00e0 des festo\u00f9-noz ; certes, les pr\u00e9noms bretons sont en vogue ; [&hellip;]","og_url":"https:\/\/stourm.news\/?p=3201","og_site_name":"STOURM","article_publisher":"https:\/\/www.facebook.com\/stourmnews\/","article_published_time":"2025-01-15T10:58:47+00:00","author":"La r\u00e9daction","twitter_card":"summary_large_image","twitter_misc":{"\u00c9crit par":"La r\u00e9daction","Dur\u00e9e de lecture estim\u00e9e":"2 minutes"},"schema":{"@context":"https:\/\/schema.org","@graph":[{"@type":"Article","@id":"https:\/\/stourm.news\/?p=3201#article","isPartOf":{"@id":"https:\/\/stourm.news\/?p=3201"},"author":{"name":"La r\u00e9daction","@id":"https:\/\/stourm.news\/#\/schema\/person\/c3e1dc65988632e190969234ef046cf9"},"headline":"Alan Stivell : \u00ab\u00a0Pour sauver la langue bretonne, la Bretagne doit acc\u00e9der \u00e0 l\u2019autonomie\u00a0\u00bb","datePublished":"2025-01-15T10:58:47+00:00","mainEntityOfPage":{"@id":"https:\/\/stourm.news\/?p=3201"},"wordCount":254,"commentCount":0,"publisher":{"@id":"https:\/\/stourm.news\/#organization"},"image":{"@id":"https:\/\/stourm.news\/?p=3201#primaryimage"},"thumbnailUrl":"https:\/\/stourm.news\/wp-content\/uploads\/2025\/01\/G6Y4WSJEFVGDNEEY6MSIEOBTFA.avif","articleSection":["Editorial","Ind\u00e9pendance","Principale"],"inLanguage":"fr-FR","potentialAction":[{"@type":"CommentAction","name":"Comment","target":["https:\/\/stourm.news\/?p=3201#respond"]}]},{"@type":"WebPage","@id":"https:\/\/stourm.news\/?p=3201","url":"https:\/\/stourm.news\/?p=3201","name":"Alan Stivell : \"Pour sauver la langue bretonne, la Bretagne doit acc\u00e9der \u00e0 l\u2019autonomie\" - STOURM","isPartOf":{"@id":"https:\/\/stourm.news\/#website"},"primaryImageOfPage":{"@id":"https:\/\/stourm.news\/?p=3201#primaryimage"},"image":{"@id":"https:\/\/stourm.news\/?p=3201#primaryimage"},"thumbnailUrl":"https:\/\/stourm.news\/wp-content\/uploads\/2025\/01\/G6Y4WSJEFVGDNEEY6MSIEOBTFA.avif","datePublished":"2025-01-15T10:58:47+00:00","breadcrumb":{"@id":"https:\/\/stourm.news\/?p=3201#breadcrumb"},"inLanguage":"fr-FR","potentialAction":[{"@type":"ReadAction","target":["https:\/\/stourm.news\/?p=3201"]}]},{"@type":"ImageObject","inLanguage":"fr-FR","@id":"https:\/\/stourm.news\/?p=3201#primaryimage","url":"https:\/\/stourm.news\/wp-content\/uploads\/2025\/01\/G6Y4WSJEFVGDNEEY6MSIEOBTFA.avif","contentUrl":"https:\/\/stourm.news\/wp-content\/uploads\/2025\/01\/G6Y4WSJEFVGDNEEY6MSIEOBTFA.avif","width":1200,"height":630},{"@type":"BreadcrumbList","@id":"https:\/\/stourm.news\/?p=3201#breadcrumb","itemListElement":[{"@type":"ListItem","position":1,"name":"Accueil","item":"https:\/\/stourm.news\/"},{"@type":"ListItem","position":2,"name":"Alan Stivell : \u00ab\u00a0Pour sauver la langue bretonne, la Bretagne doit acc\u00e9der \u00e0 l\u2019autonomie\u00a0\u00bb"}]},{"@type":"WebSite","@id":"https:\/\/stourm.news\/#website","url":"https:\/\/stourm.news\/","name":"Stourm","description":"Kazetenn Strollad Broadel Breizh","publisher":{"@id":"https:\/\/stourm.news\/#organization"},"potentialAction":[{"@type":"SearchAction","target":{"@type":"EntryPoint","urlTemplate":"https:\/\/stourm.news\/?s={search_term_string}"},"query-input":{"@type":"PropertyValueSpecification","valueRequired":true,"valueName":"search_term_string"}}],"inLanguage":"fr-FR"},{"@type":"Organization","@id":"https:\/\/stourm.news\/#organization","name":"Stourm","url":"https:\/\/stourm.news\/","logo":{"@type":"ImageObject","inLanguage":"fr-FR","@id":"https:\/\/stourm.news\/#\/schema\/logo\/image\/","url":"https:\/\/stourm.news\/wp-content\/uploads\/2025\/11\/cropped-Capture-decran-2025-11-28-a-15.19.07.png","contentUrl":"https:\/\/stourm.news\/wp-content\/uploads\/2025\/11\/cropped-Capture-decran-2025-11-28-a-15.19.07.png","width":1855,"height":383,"caption":"Stourm"},"image":{"@id":"https:\/\/stourm.news\/#\/schema\/logo\/image\/"},"sameAs":["https:\/\/www.facebook.com\/stourmnews\/"]},{"@type":"Person","@id":"https:\/\/stourm.news\/#\/schema\/person\/c3e1dc65988632e190969234ef046cf9","name":"La r\u00e9daction","image":{"@type":"ImageObject","inLanguage":"fr-FR","@id":"https:\/\/stourm.news\/#\/schema\/person\/image\/","url":"https:\/\/secure.gravatar.com\/avatar\/7463443f194b6b5fb706b074ca0ef59a0cfcfd720cb47764b0ec5a952ce422b3?s=96&d=mm&r=g","contentUrl":"https:\/\/secure.gravatar.com\/avatar\/7463443f194b6b5fb706b074ca0ef59a0cfcfd720cb47764b0ec5a952ce422b3?s=96&d=mm&r=g","caption":"La r\u00e9daction"},"sameAs":["https:\/\/stourm.news"],"url":"https:\/\/stourm.news\/?author=1"}]}},"_links":{"self":[{"href":"https:\/\/stourm.news\/index.php?rest_route=\/wp\/v2\/posts\/3201","targetHints":{"allow":["GET"]}}],"collection":[{"href":"https:\/\/stourm.news\/index.php?rest_route=\/wp\/v2\/posts"}],"about":[{"href":"https:\/\/stourm.news\/index.php?rest_route=\/wp\/v2\/types\/post"}],"author":[{"embeddable":true,"href":"https:\/\/stourm.news\/index.php?rest_route=\/wp\/v2\/users\/1"}],"replies":[{"embeddable":true,"href":"https:\/\/stourm.news\/index.php?rest_route=%2Fwp%2Fv2%2Fcomments&post=3201"}],"version-history":[{"count":1,"href":"https:\/\/stourm.news\/index.php?rest_route=\/wp\/v2\/posts\/3201\/revisions"}],"predecessor-version":[{"id":3203,"href":"https:\/\/stourm.news\/index.php?rest_route=\/wp\/v2\/posts\/3201\/revisions\/3203"}],"wp:featuredmedia":[{"embeddable":true,"href":"https:\/\/stourm.news\/index.php?rest_route=\/wp\/v2\/media\/3202"}],"wp:attachment":[{"href":"https:\/\/stourm.news\/index.php?rest_route=%2Fwp%2Fv2%2Fmedia&parent=3201"}],"wp:term":[{"taxonomy":"category","embeddable":true,"href":"https:\/\/stourm.news\/index.php?rest_route=%2Fwp%2Fv2%2Fcategories&post=3201"},{"taxonomy":"post_tag","embeddable":true,"href":"https:\/\/stourm.news\/index.php?rest_route=%2Fwp%2Fv2%2Ftags&post=3201"}],"curies":[{"name":"wp","href":"https:\/\/api.w.org\/{rel}","templated":true}]}}