{"id":3206,"date":"2025-01-16T15:31:05","date_gmt":"2025-01-16T15:31:05","guid":{"rendered":"https:\/\/stourm.news\/?p=3206"},"modified":"2025-01-16T15:31:05","modified_gmt":"2025-01-16T15:31:05","slug":"video-les-tribus-bretonnes-de-lile-de-bretagne-partie-2","status":"publish","type":"post","link":"https:\/\/stourm.news\/?p=3206","title":{"rendered":"Vid\u00e9o : les tribus bretonnes de l&rsquo;\u00eele de Bretagne (partie 2)"},"content":{"rendered":"<p style=\"text-align: justify;\">Apr\u00e8s la premi\u00e8re partie de l&rsquo;histoire des tribus brittoniques de l&rsquo;\u00eele de Bretagne, voici la seconde partie consacr\u00e9e aux tribus du nord. Cette pr\u00e9sentation permet aux Bretons de conna\u00eetre les racines de leur peuple avant leur installation en Armorique pour y d\u00e9fendre l&rsquo;ordre celtique face aux envahisseurs barbares.<\/p>\n<p><iframe id=\"odysee-iframe\" style=\"width: 100%; aspect-ratio: 16 \/ 9;\" src=\"https:\/\/odysee.com\/$\/embed\/@PNB-SBB:2\/tribusbretonnes2:1?r=9hKoS4MuvrzVL1uXLqH26cZu3YU7WorA\" allowfullscreen=\"allowfullscreen\"><\/iframe><\/p>\n<p style=\"text-align: justify;\">Les Celtes de Grande-Bretagne constituent un groupe \u00e9nigmatique, dont la langue et la culture celtiques fascinent de nombreuses personnes depuis des si\u00e8cles, tant en Angleterre, en \u00c9cosse et au Pays de Galles que dans le monde ext\u00e9rieur.<br \/>\nL&rsquo;histoire de ces tribus celtes est souvent pass\u00e9e sous silence, mais cette vid\u00e9o a pour but de changer cela. Je vais vous donner un bref aper\u00e7u des Britanniques et de leurs tribus brythoniques du nord de la Grande-Bretagne, en les rattachant \u00e0 l&rsquo;histoire de l&rsquo;Angleterre, \u00e0 l&rsquo;histoire de l&rsquo;\u00c9cosse et m\u00eame \u00e0 l&rsquo;histoire du Pays de Galles.<\/p>\n<p style=\"text-align: justify;\">Les tribus dont il est question dans cette vid\u00e9o sont, en Angleterre, les Brigantes, avec leur reine Cartimandua, leur roi Venutius et leur roi Vellocatus, les Parisii li\u00e9s \u00e0 la Gaule, les Gabrantovices et les Sentantii, les Carvetii du nord de l&rsquo;Angleterre, et les Lopocares, Tectoverdi et Corionototae, \u00e0 peine mentionn\u00e9s.<\/p>\n<p style=\"text-align: justify;\">En \u00c9cosse, les tribus celtes comprennent les riches Votadini (plus tard Gododdin dans la po\u00e9sie galloise), les rebelles Selgovae et les moins mentionn\u00e9s Novantae et Damnonii dans le sud-ouest. Au nord, en Cal\u00e9donie, les Epidii, Creones, Carnonacae, Caerenii, Cornavii, Lugi, Smertae, Decantae, Vacomagi, Taezali, Venicones, et enfin les Caledonii.<\/p>\n<div class=\"notranslate markdown-preview markdown-preview--description\" dir=\"auto\">\n<p style=\"text-align: justify;\">Chapitres :<br \/>\n<button class=\"button button--link button--external-link\" title=\"0:00\" type=\"button\" aria-label=\"0:00\"><span class=\"button__content\"><span class=\"button__label\" dir=\"auto\">0:00<\/span><\/span><\/button>\u00a0&#8211; Introduction<br \/>\n<button class=\"button button--link button--external-link\" title=\"0:52\" type=\"button\" aria-label=\"0:52\"><span class=\"button__content\"><span class=\"button__label\" dir=\"auto\">0:52<\/span><\/span><\/button>\u00a0&#8211; L&rsquo;Angleterre : Les Brigantes<br \/>\n<button class=\"button button--link button--external-link\" title=\"6:00\" type=\"button\" aria-label=\"6:00\"><span class=\"button__content\"><span class=\"button__label\" dir=\"auto\">6:00<\/span><\/span><\/button>\u00a0&#8211; Les Parisii, Gabrantovices et Setantii<br \/>\n<button class=\"button button--link button--external-link\" title=\"10:05\" type=\"button\" aria-label=\"10:05\"><span class=\"button__content\"><span class=\"button__label\" dir=\"auto\">10:05<\/span><\/span><\/button>\u00a0&#8211; Les Carvetii, les Lopocares, les Tectoverdi et les Corionototae<br \/>\n<button class=\"button button--link button--external-link\" title=\"12:05\" type=\"button\" aria-label=\"12:05\"><span class=\"button__content\"><span class=\"button__label\" dir=\"auto\">12:05<\/span><\/span><\/button>\u00a0&#8211; L&rsquo;Ecosse : Les Votadini, Selgovae, Novantae et Damnonii<br \/>\n<button class=\"button button--link button--external-link\" title=\"15:06\" type=\"button\" aria-label=\"15:06\"><span class=\"button__content\"><span class=\"button__label\" dir=\"auto\">15:06<\/span><\/span><\/button>\u00a0&#8211; Les Epidii, Creones, Carnonacae, Caerenii, Cornavii, Lugi, Smertae, Decantae, Vacomagi, Taezali, Venicones et Caledonii<\/p>\n<p style=\"text-align: justify;\">Sources :<br \/>\nBarrow, G. (1990). The tribes of North Britain revisited. Proceedings of the Society of Antiquaries of Scotland, 119, 161-163.<\/p>\n<p style=\"text-align: justify;\">Breeze, A. (2006). Three Celtic Toponyms : Setantii, Blencathra et Pen-y-Ghent. Northern History, 43:1, 161-165<\/p>\n<p style=\"text-align: justify;\">Breeze, D.J. (2008). Civil government in the North : the Carvetii, Brigantes and Rome. Transactions of the Cumberland and Westmorland Antiquarian and Archaeological Society, 8, pp.63-72.<\/p>\n<p style=\"text-align: justify;\">Charles-Edwards, T.M. (2013). Wales and the Britons, 350-1064. Oxford : OUP, pp.34-35.<\/p>\n<p style=\"text-align: justify;\">Cunliffe, B. (2004). Iron Age Communities in Britain. Routledge.<\/p>\n<p style=\"text-align: justify;\">Cunliffe, B.W. (2012). Britain begins. Oxford : Oxford University Press, pp.1-5.<\/p>\n<p style=\"text-align: justify;\">James, S. (2005). Le monde des Celtes. Londres ; New York : Thames &amp; Hudson, pp. 47-48.<\/p>\n<p style=\"text-align: justify;\">Mann, J. et Breeze, D. (1988). Ptol\u00e9m\u00e9e, Tacite et les tribus du nord de la Grande-Bretagne. Proceedings of the Society of Antiquaries of Scotland, 117, 85-91.<\/p>\n<p style=\"text-align: justify;\">McCarthy, M. (2005). Rerigonium : a lost &lsquo;city&rsquo; of the Novantae. Proceedings of the Society of Antiquaries of Scotland, 134, 119-129.<\/p>\n<p style=\"text-align: justify;\">N. J. Highham (1987) Brigantia Revisited, Northern History, 23:1, 1-19.<\/p>\n<p style=\"text-align: justify;\">Porter, J. (1876). History of the Fylde of Lancashire. pp.3-5.<\/p>\n<p style=\"text-align: justify;\">Sources principales :<br \/>\nLa \u00ab G\u00e9ographie \u00bb de Ptol\u00e9m\u00e9e :<br \/>\n<a class=\"button button--link button--external-link\" title=\"https:\/\/penelope.uchicago.edu\/Thayer\/..\" href=\"https:\/\/penelope.uchicago.edu\/\" target=\"_blank\" rel=\"noopener noreferrer\" aria-label=\"https:\/\/penelope.uchicago.edu\/Thayer\/..\"><span class=\"button__content\"><span class=\"button__label\" dir=\"auto\">https:\/\/penelope.uchicago.edu\/Thayer\/..<\/span><\/span><\/a>.<\/p>\n<p style=\"text-align: justify;\">Les \u00ab Annales \u00bb de Tacite :<br \/>\n<a class=\"button button--link button--external-link\" title=\"https:\/\/en.wikisource.org\/wiki\/The_An...\" href=\"https:\/\/en.wikisource.org\/wiki\/The_An...\" target=\"_blank\" rel=\"noopener noreferrer\" aria-label=\"https:\/\/en.wikisource.org\/wiki\/The_An...\"><span class=\"button__content\"><span class=\"button__label\" dir=\"auto\">https:\/\/en.wikisource.org\/wiki\/The_An&#8230;<\/span><\/span><\/a>)<\/p>\n<p style=\"text-align: justify;\">Agricola \u00bb de Tacite :\u00a0<a class=\"button button--link button--external-link\" title=\"https:\/\/en.wikisource.org\/wiki\/Agricola\" href=\"https:\/\/en.wikisource.org\/wiki\/Agricola\" target=\"_blank\" rel=\"noopener noreferrer\" aria-label=\"https:\/\/en.wikisource.org\/wiki\/Agricola\"><span class=\"button__content\"><span class=\"button__label\" dir=\"auto\">https:\/\/en.wikisource.org\/wiki\/Agricola<\/span><\/span><\/a><\/p>\n<p style=\"text-align: justify;\">La musique est une gracieuset\u00e9 de l&rsquo;audioth\u00e8que YouTube :<br \/>\nEther Oar &#8211; The Whole Other<br \/>\nNamaste par Audionautix est prot\u00e9g\u00e9 par une licence Creative Commons Attribution 4.0.\u00a0<a class=\"button button--link button--external-link\" title=\"https:\/\/creativecommons.org\/licenses\/...\" href=\"https:\/\/creativecommons.org\/licenses\/...\" target=\"_blank\" rel=\"noopener noreferrer\" aria-label=\"https:\/\/creativecommons.org\/licenses\/...\"><span class=\"button__content\"><span class=\"button__label\" dir=\"auto\">https:\/\/creativecommons.org\/licenses\/&#8230;<\/span><\/span><\/a>.<br \/>\nArtiste :\u00a0<a class=\"button button--link button--external-link\" title=\"http:\/\/audionautix.com\/\" href=\"http:\/\/audionautix.com\/\" target=\"_blank\" rel=\"noopener noreferrer\" aria-label=\"http:\/\/audionautix.com\/\"><span class=\"button__content\"><span class=\"button__label\" dir=\"auto\">http:\/\/audionautix.com\/<\/span><\/span><\/a><br \/>\nJune &#8211; Bobby Richards<br \/>\nBesoin psychique &#8211; Chasams<br \/>\nDark Matter &#8211; Chasams<br \/>\nLeoforos Alexandras &#8211; Dan Bodan<br \/>\nNouvelle Terre &#8211; ALBIS<\/p>\n<p style=\"text-align: justify;\">Carte en miniature :<\/p>\n<p style=\"text-align: justify;\">\u00a9 OpenStreetMap contributors, sous licence CC BY-SA :\u00a0<a class=\"button button--link button--external-link\" title=\"https:\/\/www.openstreetmap.org\/copyright\" href=\"https:\/\/www.openstreetmap.org\/copyright\" target=\"_blank\" rel=\"noopener noreferrer\" aria-label=\"https:\/\/www.openstreetmap.org\/copyright\"><span class=\"button__content\"><span class=\"button__label\" dir=\"auto\">https:\/\/www.openstreetmap.org\/copyright<\/span><\/span><\/a><br \/>\n<a class=\"button button--link button--external-link\" title=\"https:\/\/www.floodmap.net\/\" href=\"https:\/\/www.floodmap.net\/\" target=\"_blank\" rel=\"noopener noreferrer\" aria-label=\"https:\/\/www.floodmap.net\/\"><span class=\"button__content\"><span class=\"button__label\" dir=\"auto\">https:\/\/www.floodmap.net\/<\/span><\/span><\/a><\/p>\n<p style=\"text-align: justify;\">Images :<br \/>\nImages satellites de Google Earth (avec cr\u00e9dit pr\u00e9sent dans le coin).<br \/>\nPendentif et deux accessoires de harnais. Deux anneaux, des d\u00e9bris m\u00e9talliques, un lingot et une al\u00e8ne. Perle. Anneau, t\u00eate de hache, perle et d\u00e9chets de fonte. &#8211; CC BY 2.0 <a class=\"button button--link button--external-link\" title=\"https:\/\/creativecommons.org\/licenses\/..\" href=\"https:\/\/creativecommons.org\/\" target=\"_blank\" rel=\"noopener noreferrer\" aria-label=\"https:\/\/creativecommons.org\/licenses\/..\"><span class=\"button__content\"><span class=\"button__label\" dir=\"auto\">https:\/\/creativecommons.org\/licenses\/..<\/span><\/span><\/a>. via le Portable Antiquities Scheme. <a class=\"button button--link button--external-link\" title=\"https:\/\/finds.org.uk\/\" href=\"https:\/\/finds.org.uk\/\" target=\"_blank\" rel=\"noopener noreferrer\" aria-label=\"https:\/\/finds.org.uk\/\"><span class=\"button__content\"><span class=\"button__label\" dir=\"auto\">https:\/\/finds.org.uk\/<\/span><\/span><\/a><\/p>\n<p style=\"text-align: justify;\">Toutes les autres images sont du domaine public, via la British Library, la National Library of Wales, le Yale Center for British Art, le Rijksmuseum, le Minneapolis Institute of Art et le Digital Commonwealth.<\/p>\n<\/div>\n<div class=\"file-detail\"><\/div>\n","protected":false},"excerpt":{"rendered":"<p>Apr\u00e8s la premi\u00e8re partie de l&rsquo;histoire des tribus brittoniques de l&rsquo;\u00eele de Bretagne, voici la seconde partie consacr\u00e9e aux tribus du nord. Cette pr\u00e9sentation permet aux Bretons de conna\u00eetre les racines de leur peuple avant leur installation en Armorique pour y d\u00e9fendre l&rsquo;ordre celtique face aux envahisseurs barbares. Les Celtes de Grande-Bretagne constituent un groupe [&hellip;]<\/p>\n","protected":false},"author":1,"featured_media":3207,"comment_status":"open","ping_status":"open","sticky":false,"template":"","format":"standard","meta":{"sb_editor_width":"","footnotes":""},"categories":[50,65],"tags":[],"class_list":["post-3206","post","type-post","status-publish","format-standard","has-post-thumbnail","hentry","category-histoire-de-bretagne","category-principale"],"relative_dates":{"created":"1 an ago","modified":"1 an ago"},"yoast_head":"<!-- This site is optimized with the Yoast SEO plugin v26.3 - https:\/\/yoast.com\/wordpress\/plugins\/seo\/ -->\n<title>Vid\u00e9o : les tribus bretonnes de l&#039;\u00eele de Bretagne (partie 2) - STOURM<\/title>\n<meta name=\"robots\" content=\"index, follow, max-snippet:-1, max-image-preview:large, max-video-preview:-1\" \/>\n<link rel=\"canonical\" href=\"https:\/\/stourm.news\/?p=3206\" \/>\n<meta property=\"og:locale\" content=\"fr_FR\" \/>\n<meta property=\"og:type\" content=\"article\" \/>\n<meta property=\"og:title\" content=\"Vid\u00e9o : les tribus bretonnes de l&#039;\u00eele de Bretagne (partie 2) - STOURM\" \/>\n<meta property=\"og:description\" content=\"Apr\u00e8s la premi\u00e8re partie de l&rsquo;histoire des tribus brittoniques de l&rsquo;\u00eele de Bretagne, voici la seconde partie consacr\u00e9e aux tribus du nord. Cette pr\u00e9sentation permet aux Bretons de conna\u00eetre les racines de leur peuple avant leur installation en Armorique pour y d\u00e9fendre l&rsquo;ordre celtique face aux envahisseurs barbares. Les Celtes de Grande-Bretagne constituent un groupe [&hellip;]\" \/>\n<meta property=\"og:url\" content=\"https:\/\/stourm.news\/?p=3206\" \/>\n<meta property=\"og:site_name\" content=\"STOURM\" \/>\n<meta property=\"article:publisher\" content=\"https:\/\/www.facebook.com\/stourmnews\/\" \/>\n<meta property=\"article:published_time\" content=\"2025-01-16T15:31:05+00:00\" \/>\n<meta property=\"og:image\" content=\"https:\/\/stourm.news\/wp-content\/uploads\/2025\/01\/Designer-131.jpeg\" \/>\n\t<meta property=\"og:image:width\" content=\"1792\" \/>\n\t<meta property=\"og:image:height\" content=\"1024\" \/>\n\t<meta property=\"og:image:type\" content=\"image\/jpeg\" \/>\n<meta name=\"author\" content=\"La r\u00e9daction\" \/>\n<meta name=\"twitter:card\" content=\"summary_large_image\" \/>\n<meta name=\"twitter:label1\" content=\"\u00c9crit par\" \/>\n\t<meta name=\"twitter:data1\" content=\"La r\u00e9daction\" \/>\n\t<meta name=\"twitter:label2\" content=\"Dur\u00e9e de lecture estim\u00e9e\" \/>\n\t<meta name=\"twitter:data2\" content=\"4 minutes\" \/>\n<script type=\"application\/ld+json\" class=\"yoast-schema-graph\">{\"@context\":\"https:\/\/schema.org\",\"@graph\":[{\"@type\":\"Article\",\"@id\":\"https:\/\/stourm.news\/?p=3206#article\",\"isPartOf\":{\"@id\":\"https:\/\/stourm.news\/?p=3206\"},\"author\":{\"name\":\"La r\u00e9daction\",\"@id\":\"https:\/\/stourm.news\/#\/schema\/person\/c3e1dc65988632e190969234ef046cf9\"},\"headline\":\"Vid\u00e9o : les tribus bretonnes de l&rsquo;\u00eele de Bretagne (partie 2)\",\"datePublished\":\"2025-01-16T15:31:05+00:00\",\"mainEntityOfPage\":{\"@id\":\"https:\/\/stourm.news\/?p=3206\"},\"wordCount\":690,\"commentCount\":0,\"publisher\":{\"@id\":\"https:\/\/stourm.news\/#organization\"},\"image\":{\"@id\":\"https:\/\/stourm.news\/?p=3206#primaryimage\"},\"thumbnailUrl\":\"https:\/\/stourm.news\/wp-content\/uploads\/2025\/01\/Designer-131.jpeg\",\"articleSection\":[\"Histoire de Bretagne\",\"Principale\"],\"inLanguage\":\"fr-FR\",\"potentialAction\":[{\"@type\":\"CommentAction\",\"name\":\"Comment\",\"target\":[\"https:\/\/stourm.news\/?p=3206#respond\"]}]},{\"@type\":\"WebPage\",\"@id\":\"https:\/\/stourm.news\/?p=3206\",\"url\":\"https:\/\/stourm.news\/?p=3206\",\"name\":\"Vid\u00e9o : les tribus bretonnes de l'\u00eele de Bretagne (partie 2) - STOURM\",\"isPartOf\":{\"@id\":\"https:\/\/stourm.news\/#website\"},\"primaryImageOfPage\":{\"@id\":\"https:\/\/stourm.news\/?p=3206#primaryimage\"},\"image\":{\"@id\":\"https:\/\/stourm.news\/?p=3206#primaryimage\"},\"thumbnailUrl\":\"https:\/\/stourm.news\/wp-content\/uploads\/2025\/01\/Designer-131.jpeg\",\"datePublished\":\"2025-01-16T15:31:05+00:00\",\"breadcrumb\":{\"@id\":\"https:\/\/stourm.news\/?p=3206#breadcrumb\"},\"inLanguage\":\"fr-FR\",\"potentialAction\":[{\"@type\":\"ReadAction\",\"target\":[\"https:\/\/stourm.news\/?p=3206\"]}]},{\"@type\":\"ImageObject\",\"inLanguage\":\"fr-FR\",\"@id\":\"https:\/\/stourm.news\/?p=3206#primaryimage\",\"url\":\"https:\/\/stourm.news\/wp-content\/uploads\/2025\/01\/Designer-131.jpeg\",\"contentUrl\":\"https:\/\/stourm.news\/wp-content\/uploads\/2025\/01\/Designer-131.jpeg\",\"width\":1792,\"height\":1024},{\"@type\":\"BreadcrumbList\",\"@id\":\"https:\/\/stourm.news\/?p=3206#breadcrumb\",\"itemListElement\":[{\"@type\":\"ListItem\",\"position\":1,\"name\":\"Accueil\",\"item\":\"https:\/\/stourm.news\/\"},{\"@type\":\"ListItem\",\"position\":2,\"name\":\"Vid\u00e9o : les tribus bretonnes de l&rsquo;\u00eele de Bretagne (partie 2)\"}]},{\"@type\":\"WebSite\",\"@id\":\"https:\/\/stourm.news\/#website\",\"url\":\"https:\/\/stourm.news\/\",\"name\":\"Stourm\",\"description\":\"Kazetenn Strollad Broadel Breizh\",\"publisher\":{\"@id\":\"https:\/\/stourm.news\/#organization\"},\"potentialAction\":[{\"@type\":\"SearchAction\",\"target\":{\"@type\":\"EntryPoint\",\"urlTemplate\":\"https:\/\/stourm.news\/?s={search_term_string}\"},\"query-input\":{\"@type\":\"PropertyValueSpecification\",\"valueRequired\":true,\"valueName\":\"search_term_string\"}}],\"inLanguage\":\"fr-FR\"},{\"@type\":\"Organization\",\"@id\":\"https:\/\/stourm.news\/#organization\",\"name\":\"Stourm\",\"url\":\"https:\/\/stourm.news\/\",\"logo\":{\"@type\":\"ImageObject\",\"inLanguage\":\"fr-FR\",\"@id\":\"https:\/\/stourm.news\/#\/schema\/logo\/image\/\",\"url\":\"https:\/\/stourm.news\/wp-content\/uploads\/2025\/11\/cropped-Capture-decran-2025-11-28-a-15.19.07.png\",\"contentUrl\":\"https:\/\/stourm.news\/wp-content\/uploads\/2025\/11\/cropped-Capture-decran-2025-11-28-a-15.19.07.png\",\"width\":1855,\"height\":383,\"caption\":\"Stourm\"},\"image\":{\"@id\":\"https:\/\/stourm.news\/#\/schema\/logo\/image\/\"},\"sameAs\":[\"https:\/\/www.facebook.com\/stourmnews\/\"]},{\"@type\":\"Person\",\"@id\":\"https:\/\/stourm.news\/#\/schema\/person\/c3e1dc65988632e190969234ef046cf9\",\"name\":\"La r\u00e9daction\",\"image\":{\"@type\":\"ImageObject\",\"inLanguage\":\"fr-FR\",\"@id\":\"https:\/\/stourm.news\/#\/schema\/person\/image\/\",\"url\":\"https:\/\/secure.gravatar.com\/avatar\/7463443f194b6b5fb706b074ca0ef59a0cfcfd720cb47764b0ec5a952ce422b3?s=96&d=mm&r=g\",\"contentUrl\":\"https:\/\/secure.gravatar.com\/avatar\/7463443f194b6b5fb706b074ca0ef59a0cfcfd720cb47764b0ec5a952ce422b3?s=96&d=mm&r=g\",\"caption\":\"La r\u00e9daction\"},\"sameAs\":[\"https:\/\/stourm.news\"],\"url\":\"https:\/\/stourm.news\/?author=1\"}]}<\/script>\n<!-- \/ Yoast SEO plugin. -->","yoast_head_json":{"title":"Vid\u00e9o : les tribus bretonnes de l'\u00eele de Bretagne (partie 2) - STOURM","robots":{"index":"index","follow":"follow","max-snippet":"max-snippet:-1","max-image-preview":"max-image-preview:large","max-video-preview":"max-video-preview:-1"},"canonical":"https:\/\/stourm.news\/?p=3206","og_locale":"fr_FR","og_type":"article","og_title":"Vid\u00e9o : les tribus bretonnes de l'\u00eele de Bretagne (partie 2) - STOURM","og_description":"Apr\u00e8s la premi\u00e8re partie de l&rsquo;histoire des tribus brittoniques de l&rsquo;\u00eele de Bretagne, voici la seconde partie consacr\u00e9e aux tribus du nord. Cette pr\u00e9sentation permet aux Bretons de conna\u00eetre les racines de leur peuple avant leur installation en Armorique pour y d\u00e9fendre l&rsquo;ordre celtique face aux envahisseurs barbares. Les Celtes de Grande-Bretagne constituent un groupe [&hellip;]","og_url":"https:\/\/stourm.news\/?p=3206","og_site_name":"STOURM","article_publisher":"https:\/\/www.facebook.com\/stourmnews\/","article_published_time":"2025-01-16T15:31:05+00:00","og_image":[{"width":1792,"height":1024,"url":"https:\/\/stourm.news\/wp-content\/uploads\/2025\/01\/Designer-131.jpeg","type":"image\/jpeg"}],"author":"La r\u00e9daction","twitter_card":"summary_large_image","twitter_misc":{"\u00c9crit par":"La r\u00e9daction","Dur\u00e9e de lecture estim\u00e9e":"4 minutes"},"schema":{"@context":"https:\/\/schema.org","@graph":[{"@type":"Article","@id":"https:\/\/stourm.news\/?p=3206#article","isPartOf":{"@id":"https:\/\/stourm.news\/?p=3206"},"author":{"name":"La r\u00e9daction","@id":"https:\/\/stourm.news\/#\/schema\/person\/c3e1dc65988632e190969234ef046cf9"},"headline":"Vid\u00e9o : les tribus bretonnes de l&rsquo;\u00eele de Bretagne (partie 2)","datePublished":"2025-01-16T15:31:05+00:00","mainEntityOfPage":{"@id":"https:\/\/stourm.news\/?p=3206"},"wordCount":690,"commentCount":0,"publisher":{"@id":"https:\/\/stourm.news\/#organization"},"image":{"@id":"https:\/\/stourm.news\/?p=3206#primaryimage"},"thumbnailUrl":"https:\/\/stourm.news\/wp-content\/uploads\/2025\/01\/Designer-131.jpeg","articleSection":["Histoire de Bretagne","Principale"],"inLanguage":"fr-FR","potentialAction":[{"@type":"CommentAction","name":"Comment","target":["https:\/\/stourm.news\/?p=3206#respond"]}]},{"@type":"WebPage","@id":"https:\/\/stourm.news\/?p=3206","url":"https:\/\/stourm.news\/?p=3206","name":"Vid\u00e9o : les tribus bretonnes de l'\u00eele de Bretagne (partie 2) - STOURM","isPartOf":{"@id":"https:\/\/stourm.news\/#website"},"primaryImageOfPage":{"@id":"https:\/\/stourm.news\/?p=3206#primaryimage"},"image":{"@id":"https:\/\/stourm.news\/?p=3206#primaryimage"},"thumbnailUrl":"https:\/\/stourm.news\/wp-content\/uploads\/2025\/01\/Designer-131.jpeg","datePublished":"2025-01-16T15:31:05+00:00","breadcrumb":{"@id":"https:\/\/stourm.news\/?p=3206#breadcrumb"},"inLanguage":"fr-FR","potentialAction":[{"@type":"ReadAction","target":["https:\/\/stourm.news\/?p=3206"]}]},{"@type":"ImageObject","inLanguage":"fr-FR","@id":"https:\/\/stourm.news\/?p=3206#primaryimage","url":"https:\/\/stourm.news\/wp-content\/uploads\/2025\/01\/Designer-131.jpeg","contentUrl":"https:\/\/stourm.news\/wp-content\/uploads\/2025\/01\/Designer-131.jpeg","width":1792,"height":1024},{"@type":"BreadcrumbList","@id":"https:\/\/stourm.news\/?p=3206#breadcrumb","itemListElement":[{"@type":"ListItem","position":1,"name":"Accueil","item":"https:\/\/stourm.news\/"},{"@type":"ListItem","position":2,"name":"Vid\u00e9o : les tribus bretonnes de l&rsquo;\u00eele de Bretagne (partie 2)"}]},{"@type":"WebSite","@id":"https:\/\/stourm.news\/#website","url":"https:\/\/stourm.news\/","name":"Stourm","description":"Kazetenn Strollad Broadel Breizh","publisher":{"@id":"https:\/\/stourm.news\/#organization"},"potentialAction":[{"@type":"SearchAction","target":{"@type":"EntryPoint","urlTemplate":"https:\/\/stourm.news\/?s={search_term_string}"},"query-input":{"@type":"PropertyValueSpecification","valueRequired":true,"valueName":"search_term_string"}}],"inLanguage":"fr-FR"},{"@type":"Organization","@id":"https:\/\/stourm.news\/#organization","name":"Stourm","url":"https:\/\/stourm.news\/","logo":{"@type":"ImageObject","inLanguage":"fr-FR","@id":"https:\/\/stourm.news\/#\/schema\/logo\/image\/","url":"https:\/\/stourm.news\/wp-content\/uploads\/2025\/11\/cropped-Capture-decran-2025-11-28-a-15.19.07.png","contentUrl":"https:\/\/stourm.news\/wp-content\/uploads\/2025\/11\/cropped-Capture-decran-2025-11-28-a-15.19.07.png","width":1855,"height":383,"caption":"Stourm"},"image":{"@id":"https:\/\/stourm.news\/#\/schema\/logo\/image\/"},"sameAs":["https:\/\/www.facebook.com\/stourmnews\/"]},{"@type":"Person","@id":"https:\/\/stourm.news\/#\/schema\/person\/c3e1dc65988632e190969234ef046cf9","name":"La r\u00e9daction","image":{"@type":"ImageObject","inLanguage":"fr-FR","@id":"https:\/\/stourm.news\/#\/schema\/person\/image\/","url":"https:\/\/secure.gravatar.com\/avatar\/7463443f194b6b5fb706b074ca0ef59a0cfcfd720cb47764b0ec5a952ce422b3?s=96&d=mm&r=g","contentUrl":"https:\/\/secure.gravatar.com\/avatar\/7463443f194b6b5fb706b074ca0ef59a0cfcfd720cb47764b0ec5a952ce422b3?s=96&d=mm&r=g","caption":"La r\u00e9daction"},"sameAs":["https:\/\/stourm.news"],"url":"https:\/\/stourm.news\/?author=1"}]}},"_links":{"self":[{"href":"https:\/\/stourm.news\/index.php?rest_route=\/wp\/v2\/posts\/3206","targetHints":{"allow":["GET"]}}],"collection":[{"href":"https:\/\/stourm.news\/index.php?rest_route=\/wp\/v2\/posts"}],"about":[{"href":"https:\/\/stourm.news\/index.php?rest_route=\/wp\/v2\/types\/post"}],"author":[{"embeddable":true,"href":"https:\/\/stourm.news\/index.php?rest_route=\/wp\/v2\/users\/1"}],"replies":[{"embeddable":true,"href":"https:\/\/stourm.news\/index.php?rest_route=%2Fwp%2Fv2%2Fcomments&post=3206"}],"version-history":[{"count":1,"href":"https:\/\/stourm.news\/index.php?rest_route=\/wp\/v2\/posts\/3206\/revisions"}],"predecessor-version":[{"id":3208,"href":"https:\/\/stourm.news\/index.php?rest_route=\/wp\/v2\/posts\/3206\/revisions\/3208"}],"wp:featuredmedia":[{"embeddable":true,"href":"https:\/\/stourm.news\/index.php?rest_route=\/wp\/v2\/media\/3207"}],"wp:attachment":[{"href":"https:\/\/stourm.news\/index.php?rest_route=%2Fwp%2Fv2%2Fmedia&parent=3206"}],"wp:term":[{"taxonomy":"category","embeddable":true,"href":"https:\/\/stourm.news\/index.php?rest_route=%2Fwp%2Fv2%2Fcategories&post=3206"},{"taxonomy":"post_tag","embeddable":true,"href":"https:\/\/stourm.news\/index.php?rest_route=%2Fwp%2Fv2%2Ftags&post=3206"}],"curies":[{"name":"wp","href":"https:\/\/api.w.org\/{rel}","templated":true}]}}