{"id":3209,"date":"2025-01-16T16:12:06","date_gmt":"2025-01-16T16:12:06","guid":{"rendered":"https:\/\/stourm.news\/?p=3209"},"modified":"2025-01-16T16:12:06","modified_gmt":"2025-01-16T16:12:06","slug":"loudeac-deux-pretres-congolais-vises-par-une-plainte-pour-viol","status":"publish","type":"post","link":"https:\/\/stourm.news\/?p=3209","title":{"rendered":"Loud\u00e9ac : deux pr\u00eatres congolais vis\u00e9s par une plainte pour viol"},"content":{"rendered":"<p style=\"text-align: justify;\">\u00ab Je pense \u00e0 eux tous les jours. \u00bb Derri\u00e8re le comptoir de sa bijouterie, Ir\u00e8ne accuse le coup. Avec tendresse, elle pointe du doigt les visages des deux pr\u00eatres qu\u2019elle \u00ab adore \u00bb sur une vieille photo d\u00e9coup\u00e9e dans le journal local qu\u2019elle a pris soin de conserver pr\u00e9cieusement sous Plexiglas. L\u2019annonce de leur suspension par l\u2019\u00e9v\u00eaque de Saint-Brieuc et Tr\u00e9guier (C\u00f4tes-d\u2019Armor), Denis Moutel, l\u2019a vraiment choqu\u00e9e.<\/p>\n<p style=\"text-align: justify;\">Dans un communiqu\u00e9 dat\u00e9 du 11 janvier, ce dernier r\u00e9v\u00e8le qu\u2019avant No\u00ebl, \u00ab deux femmes adultes se sont manifest\u00e9es aupr\u00e8s de l\u2019\u00c9glise <strong>pour se plaindre de leur comportement<\/strong>. Conform\u00e9ment au protocole sign\u00e9 entre le dioc\u00e8se et le parquet de Saint-Brieuc, j\u2019ai inform\u00e9 le procureur de la R\u00e9publique. \u00bb<\/p>\n<p style=\"text-align: justify;\">Les faits qui leur sont reproch\u00e9s sont <strong>graves<\/strong>. Selon le procureur de la R\u00e9publique de Saint-Brieuc, Nicolas Heitz, \u00ab une enqu\u00eate pr\u00e9liminaire est en cours du chef de <strong>viols<\/strong> \u00e0 la suite d\u2019une plainte d\u2019une victime majeure \u00bb. Les investigations, sous la direction du parquet de Saint-Brieuc, ont \u00e9t\u00e9 confi\u00e9es \u00e0 la brigade de recherches de la compagnie de gendarmerie Saint-Brieuc. Le procureur pr\u00e9cise au Parisien que la plainte \u00ab a \u00e9t\u00e9 d\u00e9pos\u00e9e contre deux pr\u00eatres diff\u00e9rents \u00bb.<\/p>\n<p style=\"text-align: justify;\">\u00ab On est tous touch\u00e9s et meurtris \u00bb<\/p>\n<p style=\"text-align: justify;\">Ir\u00e8ne avait vu l\u2019un d\u2019entre eux quelques jours avant les r\u00e9v\u00e9lations. \u00ab Ils passaient souvent tous les deux me voir, me dire bonjour. Ils b\u00e9nissaient aussi les croix que je vendais \u00bb, explique-t-elle. Charg\u00e9e d\u2019ouvrir et de fermer l\u2019\u00e9glise tous les jours, elle d\u00e9crit deux hommes \u00ab tr\u00e8s bien int\u00e9gr\u00e9s \u00bb \u00e0 la personnalit\u00e9 diff\u00e9rente, l\u2019un d\u2019entre eux plut\u00f4t r\u00e9serv\u00e9 et l\u2019autre blagueur.<\/p>\n<p style=\"text-align: justify;\"><strong>Originaires du Congo<\/strong> et membres de la congr\u00e9gation des Missionnaires serviteurs des pauvres, ils \u00e9taient arriv\u00e9s en centre Bretagne en 2019 dans le cadre d\u2019une coop\u00e9ration. Le plus \u00e2g\u00e9 venait d\u2019\u00eatre nomm\u00e9, il y a quelques mois seulement, cur\u00e9 des paroisses de Loud\u00e9ac, Pl\u00e9met, Plouguenast et M\u00fbr-Uzel.<\/p>\n<p style=\"text-align: justify;\">\u00ab On est tous touch\u00e9s et meurtris, confie Kristel, la boulang\u00e8re. C\u2019est un drame aussi bien pour les victimes pr\u00e9sum\u00e9es que pour les pr\u00eatres dont la r\u00e9putation est entach\u00e9e. \u00bb Elle, pourtant, n\u2019a rien \u00e0 leur reprocher. Cette catholique a \u00e9t\u00e9 confess\u00e9e \u00e0 deux reprises par le cur\u00e9. \u00ab On \u00e9tait seuls dans l\u2019oratoire, assis l\u2019un \u00e0 c\u00f4t\u00e9 de l\u2019autre. Il aurait pu en profiter. Il m\u2019a seulement \u00e9cout\u00e9e, sans m\u00eame me regarder. \u00bb<\/p>\n<p style=\"text-align: justify;\">Les deux pr\u00eatres, \u00ab pr\u00e9sum\u00e9s innocents \u00bb, ont quitt\u00e9 le presbyt\u00e8re<\/p>\n<p style=\"text-align: justify;\">C\u2019est aussi l\u2019incr\u00e9dulit\u00e9 qui pr\u00e9vaut \u00e0 la Maison paroissiale ou au presbyt\u00e8re o\u00f9 un b\u00e9n\u00e9vole, occup\u00e9 \u00e0 d\u00e9sherber, salue la transparence dont a fait preuve l\u2019\u00e9v\u00eaque. Ce dernier est venu dimanche dernier \u00e0 Loud\u00e9ac \u00e0 la rencontre des fid\u00e8les pour les informer \u00e0 l\u2019occasion de la messe.<\/p>\n<p style=\"text-align: justify;\">Dans son communiqu\u00e9, il tient \u00e0 assurer les deux femmes qui ont d\u00e9nonc\u00e9 les faits de son soutien, de sa disponibilit\u00e9 et de sa pri\u00e8re. \u00ab Pour elles comme pour leurs proches, je souhaite que la v\u00e9rit\u00e9 soit faite sur les agissements d\u00e9nonc\u00e9s. \u00bb Selon le dioc\u00e8se de Saint-Brieuc, les deux pr\u00eatres, \u00ab pr\u00e9sum\u00e9s innocents \u00bb, ont quitt\u00e9 le presbyt\u00e8re o\u00f9 ils \u00e9taient jusqu\u2019alors log\u00e9s.<\/p>\n<p>Source : <a href=\"https:\/\/archive.is\/nAdkq#selection-2681.0-2755.377\">Le Parisien<\/a><\/p>\n","protected":false},"excerpt":{"rendered":"<p>\u00ab Je pense \u00e0 eux tous les jours. \u00bb Derri\u00e8re le comptoir de sa bijouterie, Ir\u00e8ne accuse le coup. Avec tendresse, elle pointe du doigt les visages des deux pr\u00eatres qu\u2019elle \u00ab adore \u00bb sur une vieille photo d\u00e9coup\u00e9e dans le journal local qu\u2019elle a pris soin de conserver pr\u00e9cieusement sous Plexiglas. L\u2019annonce de leur [&hellip;]<\/p>\n","protected":false},"author":1,"featured_media":3210,"comment_status":"open","ping_status":"open","sticky":false,"template":"","format":"standard","meta":{"sb_editor_width":"","footnotes":""},"categories":[34,62,30],"tags":[],"class_list":["post-3209","post","type-post","status-publish","format-standard","has-post-thumbnail","hentry","category-agression-sexuelle","category-revue-de-presse","category-viol"],"relative_dates":{"created":"1 an ago","modified":"1 an ago"},"yoast_head":"<!-- This site is optimized with the Yoast SEO plugin v26.3 - https:\/\/yoast.com\/wordpress\/plugins\/seo\/ -->\n<title>Loud\u00e9ac : deux pr\u00eatres congolais vis\u00e9s par une plainte pour viol - STOURM<\/title>\n<meta name=\"robots\" content=\"index, follow, max-snippet:-1, max-image-preview:large, max-video-preview:-1\" \/>\n<link rel=\"canonical\" href=\"https:\/\/stourm.news\/?p=3209\" \/>\n<meta property=\"og:locale\" content=\"fr_FR\" \/>\n<meta property=\"og:type\" content=\"article\" \/>\n<meta property=\"og:title\" content=\"Loud\u00e9ac : deux pr\u00eatres congolais vis\u00e9s par une plainte pour viol - STOURM\" \/>\n<meta property=\"og:description\" content=\"\u00ab Je pense \u00e0 eux tous les jours. \u00bb Derri\u00e8re le comptoir de sa bijouterie, Ir\u00e8ne accuse le coup. Avec tendresse, elle pointe du doigt les visages des deux pr\u00eatres qu\u2019elle \u00ab adore \u00bb sur une vieille photo d\u00e9coup\u00e9e dans le journal local qu\u2019elle a pris soin de conserver pr\u00e9cieusement sous Plexiglas. L\u2019annonce de leur [&hellip;]\" \/>\n<meta property=\"og:url\" content=\"https:\/\/stourm.news\/?p=3209\" \/>\n<meta property=\"og:site_name\" content=\"STOURM\" \/>\n<meta property=\"article:publisher\" content=\"https:\/\/www.facebook.com\/stourmnews\/\" \/>\n<meta property=\"article:published_time\" content=\"2025-01-16T16:12:06+00:00\" \/>\n<meta property=\"og:image\" content=\"https:\/\/stourm.news\/wp-content\/uploads\/2025\/01\/QYZXU5OR6RA3RIDMTU7DKKKXMI.jpg\" \/>\n\t<meta property=\"og:image:width\" content=\"932\" \/>\n\t<meta property=\"og:image:height\" content=\"582\" \/>\n\t<meta property=\"og:image:type\" content=\"image\/jpeg\" \/>\n<meta name=\"author\" content=\"La r\u00e9daction\" \/>\n<meta name=\"twitter:card\" content=\"summary_large_image\" \/>\n<meta name=\"twitter:label1\" content=\"\u00c9crit par\" \/>\n\t<meta name=\"twitter:data1\" content=\"La r\u00e9daction\" \/>\n\t<meta name=\"twitter:label2\" content=\"Dur\u00e9e de lecture estim\u00e9e\" \/>\n\t<meta name=\"twitter:data2\" content=\"3 minutes\" \/>\n<script type=\"application\/ld+json\" class=\"yoast-schema-graph\">{\"@context\":\"https:\/\/schema.org\",\"@graph\":[{\"@type\":\"Article\",\"@id\":\"https:\/\/stourm.news\/?p=3209#article\",\"isPartOf\":{\"@id\":\"https:\/\/stourm.news\/?p=3209\"},\"author\":{\"name\":\"La r\u00e9daction\",\"@id\":\"https:\/\/stourm.news\/#\/schema\/person\/c3e1dc65988632e190969234ef046cf9\"},\"headline\":\"Loud\u00e9ac : deux pr\u00eatres congolais vis\u00e9s par une plainte pour viol\",\"datePublished\":\"2025-01-16T16:12:06+00:00\",\"mainEntityOfPage\":{\"@id\":\"https:\/\/stourm.news\/?p=3209\"},\"wordCount\":597,\"commentCount\":0,\"publisher\":{\"@id\":\"https:\/\/stourm.news\/#organization\"},\"image\":{\"@id\":\"https:\/\/stourm.news\/?p=3209#primaryimage\"},\"thumbnailUrl\":\"https:\/\/stourm.news\/wp-content\/uploads\/2025\/01\/QYZXU5OR6RA3RIDMTU7DKKKXMI.jpg\",\"articleSection\":[\"Agression sexuelle\",\"Revue de presse\",\"Viol\"],\"inLanguage\":\"fr-FR\",\"potentialAction\":[{\"@type\":\"CommentAction\",\"name\":\"Comment\",\"target\":[\"https:\/\/stourm.news\/?p=3209#respond\"]}]},{\"@type\":\"WebPage\",\"@id\":\"https:\/\/stourm.news\/?p=3209\",\"url\":\"https:\/\/stourm.news\/?p=3209\",\"name\":\"Loud\u00e9ac : deux pr\u00eatres congolais vis\u00e9s par une plainte pour viol - STOURM\",\"isPartOf\":{\"@id\":\"https:\/\/stourm.news\/#website\"},\"primaryImageOfPage\":{\"@id\":\"https:\/\/stourm.news\/?p=3209#primaryimage\"},\"image\":{\"@id\":\"https:\/\/stourm.news\/?p=3209#primaryimage\"},\"thumbnailUrl\":\"https:\/\/stourm.news\/wp-content\/uploads\/2025\/01\/QYZXU5OR6RA3RIDMTU7DKKKXMI.jpg\",\"datePublished\":\"2025-01-16T16:12:06+00:00\",\"breadcrumb\":{\"@id\":\"https:\/\/stourm.news\/?p=3209#breadcrumb\"},\"inLanguage\":\"fr-FR\",\"potentialAction\":[{\"@type\":\"ReadAction\",\"target\":[\"https:\/\/stourm.news\/?p=3209\"]}]},{\"@type\":\"ImageObject\",\"inLanguage\":\"fr-FR\",\"@id\":\"https:\/\/stourm.news\/?p=3209#primaryimage\",\"url\":\"https:\/\/stourm.news\/wp-content\/uploads\/2025\/01\/QYZXU5OR6RA3RIDMTU7DKKKXMI.jpg\",\"contentUrl\":\"https:\/\/stourm.news\/wp-content\/uploads\/2025\/01\/QYZXU5OR6RA3RIDMTU7DKKKXMI.jpg\",\"width\":932,\"height\":582,\"caption\":\"Une enqu\u00eate pour viols a \u00e9t\u00e9 ouverte contre deux pr\u00eatres de la zone pastorale de Loud\u00e9ac (C\u00f4tes-d\u2019Armor), \u00e0 la suite d\u2019accusations \u00e9mises par deux femmes.\"},{\"@type\":\"BreadcrumbList\",\"@id\":\"https:\/\/stourm.news\/?p=3209#breadcrumb\",\"itemListElement\":[{\"@type\":\"ListItem\",\"position\":1,\"name\":\"Accueil\",\"item\":\"https:\/\/stourm.news\/\"},{\"@type\":\"ListItem\",\"position\":2,\"name\":\"Loud\u00e9ac : deux pr\u00eatres congolais vis\u00e9s par une plainte pour viol\"}]},{\"@type\":\"WebSite\",\"@id\":\"https:\/\/stourm.news\/#website\",\"url\":\"https:\/\/stourm.news\/\",\"name\":\"Stourm\",\"description\":\"Kazetenn Strollad Broadel Breizh\",\"publisher\":{\"@id\":\"https:\/\/stourm.news\/#organization\"},\"potentialAction\":[{\"@type\":\"SearchAction\",\"target\":{\"@type\":\"EntryPoint\",\"urlTemplate\":\"https:\/\/stourm.news\/?s={search_term_string}\"},\"query-input\":{\"@type\":\"PropertyValueSpecification\",\"valueRequired\":true,\"valueName\":\"search_term_string\"}}],\"inLanguage\":\"fr-FR\"},{\"@type\":\"Organization\",\"@id\":\"https:\/\/stourm.news\/#organization\",\"name\":\"Stourm\",\"url\":\"https:\/\/stourm.news\/\",\"logo\":{\"@type\":\"ImageObject\",\"inLanguage\":\"fr-FR\",\"@id\":\"https:\/\/stourm.news\/#\/schema\/logo\/image\/\",\"url\":\"https:\/\/stourm.news\/wp-content\/uploads\/2025\/11\/cropped-Capture-decran-2025-11-28-a-15.19.07.png\",\"contentUrl\":\"https:\/\/stourm.news\/wp-content\/uploads\/2025\/11\/cropped-Capture-decran-2025-11-28-a-15.19.07.png\",\"width\":1855,\"height\":383,\"caption\":\"Stourm\"},\"image\":{\"@id\":\"https:\/\/stourm.news\/#\/schema\/logo\/image\/\"},\"sameAs\":[\"https:\/\/www.facebook.com\/stourmnews\/\"]},{\"@type\":\"Person\",\"@id\":\"https:\/\/stourm.news\/#\/schema\/person\/c3e1dc65988632e190969234ef046cf9\",\"name\":\"La r\u00e9daction\",\"image\":{\"@type\":\"ImageObject\",\"inLanguage\":\"fr-FR\",\"@id\":\"https:\/\/stourm.news\/#\/schema\/person\/image\/\",\"url\":\"https:\/\/secure.gravatar.com\/avatar\/7463443f194b6b5fb706b074ca0ef59a0cfcfd720cb47764b0ec5a952ce422b3?s=96&d=mm&r=g\",\"contentUrl\":\"https:\/\/secure.gravatar.com\/avatar\/7463443f194b6b5fb706b074ca0ef59a0cfcfd720cb47764b0ec5a952ce422b3?s=96&d=mm&r=g\",\"caption\":\"La r\u00e9daction\"},\"sameAs\":[\"https:\/\/stourm.news\"],\"url\":\"https:\/\/stourm.news\/?author=1\"}]}<\/script>\n<!-- \/ Yoast SEO plugin. -->","yoast_head_json":{"title":"Loud\u00e9ac : deux pr\u00eatres congolais vis\u00e9s par une plainte pour viol - STOURM","robots":{"index":"index","follow":"follow","max-snippet":"max-snippet:-1","max-image-preview":"max-image-preview:large","max-video-preview":"max-video-preview:-1"},"canonical":"https:\/\/stourm.news\/?p=3209","og_locale":"fr_FR","og_type":"article","og_title":"Loud\u00e9ac : deux pr\u00eatres congolais vis\u00e9s par une plainte pour viol - STOURM","og_description":"\u00ab Je pense \u00e0 eux tous les jours. \u00bb Derri\u00e8re le comptoir de sa bijouterie, Ir\u00e8ne accuse le coup. Avec tendresse, elle pointe du doigt les visages des deux pr\u00eatres qu\u2019elle \u00ab adore \u00bb sur une vieille photo d\u00e9coup\u00e9e dans le journal local qu\u2019elle a pris soin de conserver pr\u00e9cieusement sous Plexiglas. L\u2019annonce de leur [&hellip;]","og_url":"https:\/\/stourm.news\/?p=3209","og_site_name":"STOURM","article_publisher":"https:\/\/www.facebook.com\/stourmnews\/","article_published_time":"2025-01-16T16:12:06+00:00","og_image":[{"width":932,"height":582,"url":"https:\/\/stourm.news\/wp-content\/uploads\/2025\/01\/QYZXU5OR6RA3RIDMTU7DKKKXMI.jpg","type":"image\/jpeg"}],"author":"La r\u00e9daction","twitter_card":"summary_large_image","twitter_misc":{"\u00c9crit par":"La r\u00e9daction","Dur\u00e9e de lecture estim\u00e9e":"3 minutes"},"schema":{"@context":"https:\/\/schema.org","@graph":[{"@type":"Article","@id":"https:\/\/stourm.news\/?p=3209#article","isPartOf":{"@id":"https:\/\/stourm.news\/?p=3209"},"author":{"name":"La r\u00e9daction","@id":"https:\/\/stourm.news\/#\/schema\/person\/c3e1dc65988632e190969234ef046cf9"},"headline":"Loud\u00e9ac : deux pr\u00eatres congolais vis\u00e9s par une plainte pour viol","datePublished":"2025-01-16T16:12:06+00:00","mainEntityOfPage":{"@id":"https:\/\/stourm.news\/?p=3209"},"wordCount":597,"commentCount":0,"publisher":{"@id":"https:\/\/stourm.news\/#organization"},"image":{"@id":"https:\/\/stourm.news\/?p=3209#primaryimage"},"thumbnailUrl":"https:\/\/stourm.news\/wp-content\/uploads\/2025\/01\/QYZXU5OR6RA3RIDMTU7DKKKXMI.jpg","articleSection":["Agression sexuelle","Revue de presse","Viol"],"inLanguage":"fr-FR","potentialAction":[{"@type":"CommentAction","name":"Comment","target":["https:\/\/stourm.news\/?p=3209#respond"]}]},{"@type":"WebPage","@id":"https:\/\/stourm.news\/?p=3209","url":"https:\/\/stourm.news\/?p=3209","name":"Loud\u00e9ac : deux pr\u00eatres congolais vis\u00e9s par une plainte pour viol - STOURM","isPartOf":{"@id":"https:\/\/stourm.news\/#website"},"primaryImageOfPage":{"@id":"https:\/\/stourm.news\/?p=3209#primaryimage"},"image":{"@id":"https:\/\/stourm.news\/?p=3209#primaryimage"},"thumbnailUrl":"https:\/\/stourm.news\/wp-content\/uploads\/2025\/01\/QYZXU5OR6RA3RIDMTU7DKKKXMI.jpg","datePublished":"2025-01-16T16:12:06+00:00","breadcrumb":{"@id":"https:\/\/stourm.news\/?p=3209#breadcrumb"},"inLanguage":"fr-FR","potentialAction":[{"@type":"ReadAction","target":["https:\/\/stourm.news\/?p=3209"]}]},{"@type":"ImageObject","inLanguage":"fr-FR","@id":"https:\/\/stourm.news\/?p=3209#primaryimage","url":"https:\/\/stourm.news\/wp-content\/uploads\/2025\/01\/QYZXU5OR6RA3RIDMTU7DKKKXMI.jpg","contentUrl":"https:\/\/stourm.news\/wp-content\/uploads\/2025\/01\/QYZXU5OR6RA3RIDMTU7DKKKXMI.jpg","width":932,"height":582,"caption":"Une enqu\u00eate pour viols a \u00e9t\u00e9 ouverte contre deux pr\u00eatres de la zone pastorale de Loud\u00e9ac (C\u00f4tes-d\u2019Armor), \u00e0 la suite d\u2019accusations \u00e9mises par deux femmes."},{"@type":"BreadcrumbList","@id":"https:\/\/stourm.news\/?p=3209#breadcrumb","itemListElement":[{"@type":"ListItem","position":1,"name":"Accueil","item":"https:\/\/stourm.news\/"},{"@type":"ListItem","position":2,"name":"Loud\u00e9ac : deux pr\u00eatres congolais vis\u00e9s par une plainte pour viol"}]},{"@type":"WebSite","@id":"https:\/\/stourm.news\/#website","url":"https:\/\/stourm.news\/","name":"Stourm","description":"Kazetenn Strollad Broadel Breizh","publisher":{"@id":"https:\/\/stourm.news\/#organization"},"potentialAction":[{"@type":"SearchAction","target":{"@type":"EntryPoint","urlTemplate":"https:\/\/stourm.news\/?s={search_term_string}"},"query-input":{"@type":"PropertyValueSpecification","valueRequired":true,"valueName":"search_term_string"}}],"inLanguage":"fr-FR"},{"@type":"Organization","@id":"https:\/\/stourm.news\/#organization","name":"Stourm","url":"https:\/\/stourm.news\/","logo":{"@type":"ImageObject","inLanguage":"fr-FR","@id":"https:\/\/stourm.news\/#\/schema\/logo\/image\/","url":"https:\/\/stourm.news\/wp-content\/uploads\/2025\/11\/cropped-Capture-decran-2025-11-28-a-15.19.07.png","contentUrl":"https:\/\/stourm.news\/wp-content\/uploads\/2025\/11\/cropped-Capture-decran-2025-11-28-a-15.19.07.png","width":1855,"height":383,"caption":"Stourm"},"image":{"@id":"https:\/\/stourm.news\/#\/schema\/logo\/image\/"},"sameAs":["https:\/\/www.facebook.com\/stourmnews\/"]},{"@type":"Person","@id":"https:\/\/stourm.news\/#\/schema\/person\/c3e1dc65988632e190969234ef046cf9","name":"La r\u00e9daction","image":{"@type":"ImageObject","inLanguage":"fr-FR","@id":"https:\/\/stourm.news\/#\/schema\/person\/image\/","url":"https:\/\/secure.gravatar.com\/avatar\/7463443f194b6b5fb706b074ca0ef59a0cfcfd720cb47764b0ec5a952ce422b3?s=96&d=mm&r=g","contentUrl":"https:\/\/secure.gravatar.com\/avatar\/7463443f194b6b5fb706b074ca0ef59a0cfcfd720cb47764b0ec5a952ce422b3?s=96&d=mm&r=g","caption":"La r\u00e9daction"},"sameAs":["https:\/\/stourm.news"],"url":"https:\/\/stourm.news\/?author=1"}]}},"_links":{"self":[{"href":"https:\/\/stourm.news\/index.php?rest_route=\/wp\/v2\/posts\/3209","targetHints":{"allow":["GET"]}}],"collection":[{"href":"https:\/\/stourm.news\/index.php?rest_route=\/wp\/v2\/posts"}],"about":[{"href":"https:\/\/stourm.news\/index.php?rest_route=\/wp\/v2\/types\/post"}],"author":[{"embeddable":true,"href":"https:\/\/stourm.news\/index.php?rest_route=\/wp\/v2\/users\/1"}],"replies":[{"embeddable":true,"href":"https:\/\/stourm.news\/index.php?rest_route=%2Fwp%2Fv2%2Fcomments&post=3209"}],"version-history":[{"count":1,"href":"https:\/\/stourm.news\/index.php?rest_route=\/wp\/v2\/posts\/3209\/revisions"}],"predecessor-version":[{"id":3211,"href":"https:\/\/stourm.news\/index.php?rest_route=\/wp\/v2\/posts\/3209\/revisions\/3211"}],"wp:featuredmedia":[{"embeddable":true,"href":"https:\/\/stourm.news\/index.php?rest_route=\/wp\/v2\/media\/3210"}],"wp:attachment":[{"href":"https:\/\/stourm.news\/index.php?rest_route=%2Fwp%2Fv2%2Fmedia&parent=3209"}],"wp:term":[{"taxonomy":"category","embeddable":true,"href":"https:\/\/stourm.news\/index.php?rest_route=%2Fwp%2Fv2%2Fcategories&post=3209"},{"taxonomy":"post_tag","embeddable":true,"href":"https:\/\/stourm.news\/index.php?rest_route=%2Fwp%2Fv2%2Ftags&post=3209"}],"curies":[{"name":"wp","href":"https:\/\/api.w.org\/{rel}","templated":true}]}}