{"id":3212,"date":"2025-01-16T16:17:01","date_gmt":"2025-01-16T16:17:01","guid":{"rendered":"https:\/\/stourm.news\/?p=3212"},"modified":"2025-01-16T16:17:01","modified_gmt":"2025-01-16T16:17:01","slug":"alcool-au-volant-le-maire-de-carhaix-condamne-a-135-euros-damende-et-a-suivre-un-stage-de-sensibilisation","status":"publish","type":"post","link":"https:\/\/stourm.news\/?p=3212","title":{"rendered":"Alcool au volant : le maire de Carhaix condamn\u00e9 \u00e0 135 euros d&rsquo;amende et \u00e0 suivre un stage de sensibilisation"},"content":{"rendered":"<p style=\"text-align: justify;\">Christian Troadec comparaissait ce jeudi devant le d\u00e9l\u00e9gu\u00e9 du procureur de la R\u00e9publique de Lorient, pr\u00e8s d&rsquo;un an apr\u00e8s avoir \u00e9t\u00e9 contr\u00f4l\u00e9 par les gendarmes avec un taux d&rsquo;alcool\u00e9mie de 1,06 gramme par litre de sang, soit plus du double du taux autoris\u00e9 (0,5g\/litre de sang). Peu avant, le maire de Carhaix avait perdu le contr\u00f4le de sa voiture et termin\u00e9 sa course dans le jardin d&rsquo;une propri\u00e9t\u00e9 priv\u00e9e, sur la d\u00e9partementale au niveau de Plo\u00ebrdut, dans le Morbihan. Le magistrat l&rsquo;a condamn\u00e9 \u00e0 135 euros d&rsquo;amende et un stage de sensibilisation \u00e0 la s\u00e9curit\u00e9 routi\u00e8re.<\/p>\n<p style=\"text-align: justify;\">Le maire de Carhaix avait alors expliqu\u00e9 qu&rsquo;il avait voulu \u00ab\u00a0\u00e9viter un animal\u00a0\u00bb, et reconnu qu&rsquo;il avait probablement **bu \u00ab\u00a0un verre de trop\u00a0\u00bb. **Apr\u00e8s cet accident, le pr\u00e9sident du conseil r\u00e9gional de Bretagne, Lo\u00efg Chesnais-Girard, lui avait retir\u00e9 toutes ses d\u00e9l\u00e9gations r\u00e9gionales. Christian Troadec \u00e9tait alors vice-pr\u00e9sident charg\u00e9 des langues de Bretagne et des Bretons du monde. Le pr\u00e9sident de r\u00e9gion avait d\u00e9plor\u00e9 un \u00ab\u00a0accident grave\u00a0\u00bb survenu \u00ab\u00a0sous l&#8217;emprise de l&rsquo;alcool\u00a0\u00bb. Christian Troadec est toujours conseiller r\u00e9gional.<\/p>\n<p>Source : <a href=\"https:\/\/www.francebleu.fr\/infos\/faits-divers-justice\/le-maire-de-carhaix-condamne-a-135-euros-d-amende-et-a-suivre-un-stage-de-sensibilisation-2936624\">Ici Armorique<\/a><\/p>\n","protected":false},"excerpt":{"rendered":"<p>Christian Troadec comparaissait ce jeudi devant le d\u00e9l\u00e9gu\u00e9 du procureur de la R\u00e9publique de Lorient, pr\u00e8s d&rsquo;un an apr\u00e8s avoir \u00e9t\u00e9 contr\u00f4l\u00e9 par les gendarmes avec un taux d&rsquo;alcool\u00e9mie de 1,06 gramme par litre de sang, soit plus du double du taux autoris\u00e9 (0,5g\/litre de sang). Peu avant, le maire de Carhaix avait perdu le [&hellip;]<\/p>\n","protected":false},"author":1,"featured_media":3213,"comment_status":"open","ping_status":"open","sticky":false,"template":"","format":"standard","meta":{"sb_editor_width":"","footnotes":""},"categories":[52,38,62],"tags":[],"class_list":["post-3212","post","type-post","status-publish","format-standard","has-post-thumbnail","hentry","category-faits-divers","category-finistere","category-revue-de-presse"],"relative_dates":{"created":"1 an ago","modified":"1 an ago"},"yoast_head":"<!-- This site is optimized with the Yoast SEO plugin v26.3 - https:\/\/yoast.com\/wordpress\/plugins\/seo\/ -->\n<title>Alcool au volant : le maire de Carhaix condamn\u00e9 \u00e0 135 euros d&#039;amende et \u00e0 suivre un stage de sensibilisation - STOURM<\/title>\n<meta name=\"robots\" content=\"index, follow, max-snippet:-1, max-image-preview:large, max-video-preview:-1\" \/>\n<link rel=\"canonical\" href=\"https:\/\/stourm.news\/?p=3212\" \/>\n<meta property=\"og:locale\" content=\"fr_FR\" \/>\n<meta property=\"og:type\" content=\"article\" \/>\n<meta property=\"og:title\" content=\"Alcool au volant : le maire de Carhaix condamn\u00e9 \u00e0 135 euros d&#039;amende et \u00e0 suivre un stage de sensibilisation - STOURM\" \/>\n<meta property=\"og:description\" content=\"Christian Troadec comparaissait ce jeudi devant le d\u00e9l\u00e9gu\u00e9 du procureur de la R\u00e9publique de Lorient, pr\u00e8s d&rsquo;un an apr\u00e8s avoir \u00e9t\u00e9 contr\u00f4l\u00e9 par les gendarmes avec un taux d&rsquo;alcool\u00e9mie de 1,06 gramme par litre de sang, soit plus du double du taux autoris\u00e9 (0,5g\/litre de sang). Peu avant, le maire de Carhaix avait perdu le [&hellip;]\" \/>\n<meta property=\"og:url\" content=\"https:\/\/stourm.news\/?p=3212\" \/>\n<meta property=\"og:site_name\" content=\"STOURM\" \/>\n<meta property=\"article:publisher\" content=\"https:\/\/www.facebook.com\/stourmnews\/\" \/>\n<meta property=\"article:published_time\" content=\"2025-01-16T16:17:01+00:00\" \/>\n<meta property=\"og:image\" content=\"https:\/\/stourm.news\/wp-content\/uploads\/2025\/01\/1200x680_sc_maxnewsspecialtwo022806.webp\" \/>\n\t<meta property=\"og:image:width\" content=\"1200\" \/>\n\t<meta property=\"og:image:height\" content=\"680\" \/>\n\t<meta property=\"og:image:type\" content=\"image\/webp\" \/>\n<meta name=\"author\" content=\"La r\u00e9daction\" \/>\n<meta name=\"twitter:card\" content=\"summary_large_image\" \/>\n<meta name=\"twitter:label1\" content=\"\u00c9crit par\" \/>\n\t<meta name=\"twitter:data1\" content=\"La r\u00e9daction\" \/>\n\t<meta name=\"twitter:label2\" content=\"Dur\u00e9e de lecture estim\u00e9e\" \/>\n\t<meta name=\"twitter:data2\" content=\"1 minute\" \/>\n<script type=\"application\/ld+json\" class=\"yoast-schema-graph\">{\"@context\":\"https:\/\/schema.org\",\"@graph\":[{\"@type\":\"Article\",\"@id\":\"https:\/\/stourm.news\/?p=3212#article\",\"isPartOf\":{\"@id\":\"https:\/\/stourm.news\/?p=3212\"},\"author\":{\"name\":\"La r\u00e9daction\",\"@id\":\"https:\/\/stourm.news\/#\/schema\/person\/c3e1dc65988632e190969234ef046cf9\"},\"headline\":\"Alcool au volant : le maire de Carhaix condamn\u00e9 \u00e0 135 euros d&rsquo;amende et \u00e0 suivre un stage de sensibilisation\",\"datePublished\":\"2025-01-16T16:17:01+00:00\",\"mainEntityOfPage\":{\"@id\":\"https:\/\/stourm.news\/?p=3212\"},\"wordCount\":225,\"commentCount\":0,\"publisher\":{\"@id\":\"https:\/\/stourm.news\/#organization\"},\"image\":{\"@id\":\"https:\/\/stourm.news\/?p=3212#primaryimage\"},\"thumbnailUrl\":\"https:\/\/stourm.news\/wp-content\/uploads\/2025\/01\/1200x680_sc_maxnewsspecialtwo022806.webp\",\"articleSection\":[\"Faits divers\",\"Finist\u00e8re\",\"Revue de presse\"],\"inLanguage\":\"fr-FR\",\"potentialAction\":[{\"@type\":\"CommentAction\",\"name\":\"Comment\",\"target\":[\"https:\/\/stourm.news\/?p=3212#respond\"]}]},{\"@type\":\"WebPage\",\"@id\":\"https:\/\/stourm.news\/?p=3212\",\"url\":\"https:\/\/stourm.news\/?p=3212\",\"name\":\"Alcool au volant : le maire de Carhaix condamn\u00e9 \u00e0 135 euros d'amende et \u00e0 suivre un stage de sensibilisation - STOURM\",\"isPartOf\":{\"@id\":\"https:\/\/stourm.news\/#website\"},\"primaryImageOfPage\":{\"@id\":\"https:\/\/stourm.news\/?p=3212#primaryimage\"},\"image\":{\"@id\":\"https:\/\/stourm.news\/?p=3212#primaryimage\"},\"thumbnailUrl\":\"https:\/\/stourm.news\/wp-content\/uploads\/2025\/01\/1200x680_sc_maxnewsspecialtwo022806.webp\",\"datePublished\":\"2025-01-16T16:17:01+00:00\",\"breadcrumb\":{\"@id\":\"https:\/\/stourm.news\/?p=3212#breadcrumb\"},\"inLanguage\":\"fr-FR\",\"potentialAction\":[{\"@type\":\"ReadAction\",\"target\":[\"https:\/\/stourm.news\/?p=3212\"]}]},{\"@type\":\"ImageObject\",\"inLanguage\":\"fr-FR\",\"@id\":\"https:\/\/stourm.news\/?p=3212#primaryimage\",\"url\":\"https:\/\/stourm.news\/wp-content\/uploads\/2025\/01\/1200x680_sc_maxnewsspecialtwo022806.webp\",\"contentUrl\":\"https:\/\/stourm.news\/wp-content\/uploads\/2025\/01\/1200x680_sc_maxnewsspecialtwo022806.webp\",\"width\":1200,\"height\":680},{\"@type\":\"BreadcrumbList\",\"@id\":\"https:\/\/stourm.news\/?p=3212#breadcrumb\",\"itemListElement\":[{\"@type\":\"ListItem\",\"position\":1,\"name\":\"Accueil\",\"item\":\"https:\/\/stourm.news\/\"},{\"@type\":\"ListItem\",\"position\":2,\"name\":\"Alcool au volant : le maire de Carhaix condamn\u00e9 \u00e0 135 euros d&rsquo;amende et \u00e0 suivre un stage de sensibilisation\"}]},{\"@type\":\"WebSite\",\"@id\":\"https:\/\/stourm.news\/#website\",\"url\":\"https:\/\/stourm.news\/\",\"name\":\"Stourm\",\"description\":\"Kazetenn Strollad Broadel Breizh\",\"publisher\":{\"@id\":\"https:\/\/stourm.news\/#organization\"},\"potentialAction\":[{\"@type\":\"SearchAction\",\"target\":{\"@type\":\"EntryPoint\",\"urlTemplate\":\"https:\/\/stourm.news\/?s={search_term_string}\"},\"query-input\":{\"@type\":\"PropertyValueSpecification\",\"valueRequired\":true,\"valueName\":\"search_term_string\"}}],\"inLanguage\":\"fr-FR\"},{\"@type\":\"Organization\",\"@id\":\"https:\/\/stourm.news\/#organization\",\"name\":\"Stourm\",\"url\":\"https:\/\/stourm.news\/\",\"logo\":{\"@type\":\"ImageObject\",\"inLanguage\":\"fr-FR\",\"@id\":\"https:\/\/stourm.news\/#\/schema\/logo\/image\/\",\"url\":\"https:\/\/stourm.news\/wp-content\/uploads\/2025\/11\/cropped-Capture-decran-2025-11-28-a-15.19.07.png\",\"contentUrl\":\"https:\/\/stourm.news\/wp-content\/uploads\/2025\/11\/cropped-Capture-decran-2025-11-28-a-15.19.07.png\",\"width\":1855,\"height\":383,\"caption\":\"Stourm\"},\"image\":{\"@id\":\"https:\/\/stourm.news\/#\/schema\/logo\/image\/\"},\"sameAs\":[\"https:\/\/www.facebook.com\/stourmnews\/\"]},{\"@type\":\"Person\",\"@id\":\"https:\/\/stourm.news\/#\/schema\/person\/c3e1dc65988632e190969234ef046cf9\",\"name\":\"La r\u00e9daction\",\"image\":{\"@type\":\"ImageObject\",\"inLanguage\":\"fr-FR\",\"@id\":\"https:\/\/stourm.news\/#\/schema\/person\/image\/\",\"url\":\"https:\/\/secure.gravatar.com\/avatar\/7463443f194b6b5fb706b074ca0ef59a0cfcfd720cb47764b0ec5a952ce422b3?s=96&d=mm&r=g\",\"contentUrl\":\"https:\/\/secure.gravatar.com\/avatar\/7463443f194b6b5fb706b074ca0ef59a0cfcfd720cb47764b0ec5a952ce422b3?s=96&d=mm&r=g\",\"caption\":\"La r\u00e9daction\"},\"sameAs\":[\"https:\/\/stourm.news\"],\"url\":\"https:\/\/stourm.news\/?author=1\"}]}<\/script>\n<!-- \/ Yoast SEO plugin. -->","yoast_head_json":{"title":"Alcool au volant : le maire de Carhaix condamn\u00e9 \u00e0 135 euros d'amende et \u00e0 suivre un stage de sensibilisation - STOURM","robots":{"index":"index","follow":"follow","max-snippet":"max-snippet:-1","max-image-preview":"max-image-preview:large","max-video-preview":"max-video-preview:-1"},"canonical":"https:\/\/stourm.news\/?p=3212","og_locale":"fr_FR","og_type":"article","og_title":"Alcool au volant : le maire de Carhaix condamn\u00e9 \u00e0 135 euros d'amende et \u00e0 suivre un stage de sensibilisation - STOURM","og_description":"Christian Troadec comparaissait ce jeudi devant le d\u00e9l\u00e9gu\u00e9 du procureur de la R\u00e9publique de Lorient, pr\u00e8s d&rsquo;un an apr\u00e8s avoir \u00e9t\u00e9 contr\u00f4l\u00e9 par les gendarmes avec un taux d&rsquo;alcool\u00e9mie de 1,06 gramme par litre de sang, soit plus du double du taux autoris\u00e9 (0,5g\/litre de sang). Peu avant, le maire de Carhaix avait perdu le [&hellip;]","og_url":"https:\/\/stourm.news\/?p=3212","og_site_name":"STOURM","article_publisher":"https:\/\/www.facebook.com\/stourmnews\/","article_published_time":"2025-01-16T16:17:01+00:00","og_image":[{"width":1200,"height":680,"url":"https:\/\/stourm.news\/wp-content\/uploads\/2025\/01\/1200x680_sc_maxnewsspecialtwo022806.webp","type":"image\/webp"}],"author":"La r\u00e9daction","twitter_card":"summary_large_image","twitter_misc":{"\u00c9crit par":"La r\u00e9daction","Dur\u00e9e de lecture estim\u00e9e":"1 minute"},"schema":{"@context":"https:\/\/schema.org","@graph":[{"@type":"Article","@id":"https:\/\/stourm.news\/?p=3212#article","isPartOf":{"@id":"https:\/\/stourm.news\/?p=3212"},"author":{"name":"La r\u00e9daction","@id":"https:\/\/stourm.news\/#\/schema\/person\/c3e1dc65988632e190969234ef046cf9"},"headline":"Alcool au volant : le maire de Carhaix condamn\u00e9 \u00e0 135 euros d&rsquo;amende et \u00e0 suivre un stage de sensibilisation","datePublished":"2025-01-16T16:17:01+00:00","mainEntityOfPage":{"@id":"https:\/\/stourm.news\/?p=3212"},"wordCount":225,"commentCount":0,"publisher":{"@id":"https:\/\/stourm.news\/#organization"},"image":{"@id":"https:\/\/stourm.news\/?p=3212#primaryimage"},"thumbnailUrl":"https:\/\/stourm.news\/wp-content\/uploads\/2025\/01\/1200x680_sc_maxnewsspecialtwo022806.webp","articleSection":["Faits divers","Finist\u00e8re","Revue de presse"],"inLanguage":"fr-FR","potentialAction":[{"@type":"CommentAction","name":"Comment","target":["https:\/\/stourm.news\/?p=3212#respond"]}]},{"@type":"WebPage","@id":"https:\/\/stourm.news\/?p=3212","url":"https:\/\/stourm.news\/?p=3212","name":"Alcool au volant : le maire de Carhaix condamn\u00e9 \u00e0 135 euros d'amende et \u00e0 suivre un stage de sensibilisation - STOURM","isPartOf":{"@id":"https:\/\/stourm.news\/#website"},"primaryImageOfPage":{"@id":"https:\/\/stourm.news\/?p=3212#primaryimage"},"image":{"@id":"https:\/\/stourm.news\/?p=3212#primaryimage"},"thumbnailUrl":"https:\/\/stourm.news\/wp-content\/uploads\/2025\/01\/1200x680_sc_maxnewsspecialtwo022806.webp","datePublished":"2025-01-16T16:17:01+00:00","breadcrumb":{"@id":"https:\/\/stourm.news\/?p=3212#breadcrumb"},"inLanguage":"fr-FR","potentialAction":[{"@type":"ReadAction","target":["https:\/\/stourm.news\/?p=3212"]}]},{"@type":"ImageObject","inLanguage":"fr-FR","@id":"https:\/\/stourm.news\/?p=3212#primaryimage","url":"https:\/\/stourm.news\/wp-content\/uploads\/2025\/01\/1200x680_sc_maxnewsspecialtwo022806.webp","contentUrl":"https:\/\/stourm.news\/wp-content\/uploads\/2025\/01\/1200x680_sc_maxnewsspecialtwo022806.webp","width":1200,"height":680},{"@type":"BreadcrumbList","@id":"https:\/\/stourm.news\/?p=3212#breadcrumb","itemListElement":[{"@type":"ListItem","position":1,"name":"Accueil","item":"https:\/\/stourm.news\/"},{"@type":"ListItem","position":2,"name":"Alcool au volant : le maire de Carhaix condamn\u00e9 \u00e0 135 euros d&rsquo;amende et \u00e0 suivre un stage de sensibilisation"}]},{"@type":"WebSite","@id":"https:\/\/stourm.news\/#website","url":"https:\/\/stourm.news\/","name":"Stourm","description":"Kazetenn Strollad Broadel Breizh","publisher":{"@id":"https:\/\/stourm.news\/#organization"},"potentialAction":[{"@type":"SearchAction","target":{"@type":"EntryPoint","urlTemplate":"https:\/\/stourm.news\/?s={search_term_string}"},"query-input":{"@type":"PropertyValueSpecification","valueRequired":true,"valueName":"search_term_string"}}],"inLanguage":"fr-FR"},{"@type":"Organization","@id":"https:\/\/stourm.news\/#organization","name":"Stourm","url":"https:\/\/stourm.news\/","logo":{"@type":"ImageObject","inLanguage":"fr-FR","@id":"https:\/\/stourm.news\/#\/schema\/logo\/image\/","url":"https:\/\/stourm.news\/wp-content\/uploads\/2025\/11\/cropped-Capture-decran-2025-11-28-a-15.19.07.png","contentUrl":"https:\/\/stourm.news\/wp-content\/uploads\/2025\/11\/cropped-Capture-decran-2025-11-28-a-15.19.07.png","width":1855,"height":383,"caption":"Stourm"},"image":{"@id":"https:\/\/stourm.news\/#\/schema\/logo\/image\/"},"sameAs":["https:\/\/www.facebook.com\/stourmnews\/"]},{"@type":"Person","@id":"https:\/\/stourm.news\/#\/schema\/person\/c3e1dc65988632e190969234ef046cf9","name":"La r\u00e9daction","image":{"@type":"ImageObject","inLanguage":"fr-FR","@id":"https:\/\/stourm.news\/#\/schema\/person\/image\/","url":"https:\/\/secure.gravatar.com\/avatar\/7463443f194b6b5fb706b074ca0ef59a0cfcfd720cb47764b0ec5a952ce422b3?s=96&d=mm&r=g","contentUrl":"https:\/\/secure.gravatar.com\/avatar\/7463443f194b6b5fb706b074ca0ef59a0cfcfd720cb47764b0ec5a952ce422b3?s=96&d=mm&r=g","caption":"La r\u00e9daction"},"sameAs":["https:\/\/stourm.news"],"url":"https:\/\/stourm.news\/?author=1"}]}},"_links":{"self":[{"href":"https:\/\/stourm.news\/index.php?rest_route=\/wp\/v2\/posts\/3212","targetHints":{"allow":["GET"]}}],"collection":[{"href":"https:\/\/stourm.news\/index.php?rest_route=\/wp\/v2\/posts"}],"about":[{"href":"https:\/\/stourm.news\/index.php?rest_route=\/wp\/v2\/types\/post"}],"author":[{"embeddable":true,"href":"https:\/\/stourm.news\/index.php?rest_route=\/wp\/v2\/users\/1"}],"replies":[{"embeddable":true,"href":"https:\/\/stourm.news\/index.php?rest_route=%2Fwp%2Fv2%2Fcomments&post=3212"}],"version-history":[{"count":1,"href":"https:\/\/stourm.news\/index.php?rest_route=\/wp\/v2\/posts\/3212\/revisions"}],"predecessor-version":[{"id":3214,"href":"https:\/\/stourm.news\/index.php?rest_route=\/wp\/v2\/posts\/3212\/revisions\/3214"}],"wp:featuredmedia":[{"embeddable":true,"href":"https:\/\/stourm.news\/index.php?rest_route=\/wp\/v2\/media\/3213"}],"wp:attachment":[{"href":"https:\/\/stourm.news\/index.php?rest_route=%2Fwp%2Fv2%2Fmedia&parent=3212"}],"wp:term":[{"taxonomy":"category","embeddable":true,"href":"https:\/\/stourm.news\/index.php?rest_route=%2Fwp%2Fv2%2Fcategories&post=3212"},{"taxonomy":"post_tag","embeddable":true,"href":"https:\/\/stourm.news\/index.php?rest_route=%2Fwp%2Fv2%2Ftags&post=3212"}],"curies":[{"name":"wp","href":"https:\/\/api.w.org\/{rel}","templated":true}]}}