{"id":3216,"date":"2025-01-20T16:09:38","date_gmt":"2025-01-20T16:09:38","guid":{"rendered":"https:\/\/stourm.news\/?p=3216"},"modified":"2025-01-20T16:09:38","modified_gmt":"2025-01-20T16:09:38","slug":"avec-seulement-107000-locuteurs-en-2024-le-temps-est-venu-dune-revolution-linguistique-pour-sauver-et-faire-renaitre-la-langue-bretonne-editorial","status":"publish","type":"post","link":"https:\/\/stourm.news\/?p=3216","title":{"rendered":"Avec seulement 107,000 locuteurs en 2024, le temps est venu d&rsquo;une r\u00e9volution linguistique pour sauver et faire rena\u00eetre la langue bretonne (\u00c9ditorial)"},"content":{"rendered":"<p style=\"text-align: justify;\">La langue bretonne est en danger de disparition. Le nombre de locuteurs a \u00e9t\u00e9 divis\u00e9 par deux en seulement 6 ans. Rien ou presque n&rsquo;est fait au niveau politique pour enrayer sa disparition pure et simple, bien au contraire.<\/p>\n<blockquote class=\"twitter-tweet\">\n<p dir=\"ltr\" lang=\"fr\">Ne chom ken nemet 107 000 brezhoneger e 2024 ! \ud83d\ude15 \/ Il n&rsquo;y a plus que 107 000 locuteurs en langue bretonne en 2024 (contre 214 000 en 2018)<br \/>\nPet a vrezhonegerien e 2050 ? \/ Combien en 2050 ? \ud83e\udea6 <a href=\"https:\/\/t.co\/d3gWA31XVf\">pic.twitter.com\/d3gWA31XVf<\/a><\/p>\n<p>\u2014 Brezhoweb (@brezhoweb) <a href=\"https:\/\/twitter.com\/brezhoweb\/status\/1881354864942567790?ref_src=twsrc%5Etfw\">January 20, 2025<\/a><\/p><\/blockquote>\n<p><script async src=\"https:\/\/platform.twitter.com\/widgets.js\" charset=\"utf-8\"><\/script><\/p>\n<p style=\"text-align: justify;\">La Bretagne a besoin d&rsquo;une r\u00e9volution linguistique qui ne peut-\u00eatre pr\u00e9c\u00e9d\u00e9e que d&rsquo;une r\u00e9volution politique. La renaissance de la langue bretonne ne peut pas avoir lieu dans un cadre \u00e9tatique tel que celui de la r\u00e9publique fran\u00e7aise. Depuis sa fondation en 1792, elle a adopt\u00e9 et continue de poursuivre une politique d&rsquo;\u00e9radication de la langue bretonne. Sans rupture avec cet \u00e9tat, l&rsquo;id\u00e9ologie qui guide ses actions et les partis qui sont ses relais, la derni\u00e8re langue celtique du continent europ\u00e9en dispara\u00eetra.<\/p>\n<p style=\"text-align: justify;\">Pour sauver la langue bretonne au 21e si\u00e8cle, les Bretons doivent d&rsquo;abord avoir une puissante volont\u00e9 de le faire et ensuite mettre en oeuvre des mesures r\u00e9volutionnaires.<\/p>\n<p><strong>1. \u00c9ducation et Formation<\/strong><\/p>\n<p style=\"text-align: justify;\">L&rsquo;int\u00e9gration de la langue bretonne dans le syst\u00e8me scolaire est essentielle. Rendre l&rsquo;apprentissage du breton <strong>obligatoire<\/strong> dans les \u00e9coles maternelles, primaires et secondaires de Bretagne est un imp\u00e9ratif.<\/p>\n<p style=\"text-align: justify;\">Pour cela, la formation des enseignants est cruciale. Il faut une augmentation substantielle du nombre de formations pour les enseignants en langue bretonne, notamment en assurant des bourses et des incitations financi\u00e8res pour ceux qui choisissent cette voie.<\/p>\n<p style=\"text-align: justify;\">La cr\u00e9ation d&rsquo;une universit\u00e9 et d&rsquo;une \u00e9ducation sup\u00e9rieure est une mesure strat\u00e9gique vitale. En cr\u00e9ant une universit\u00e9 en langue bretonne, une nouvelle \u00e9lite brittophone fournira les cadres de la r\u00e9volution linguistique \u00e0 tous les \u00e9chelons de la soci\u00e9t\u00e9 en Bretagne.<\/p>\n<p><strong>2. M\u00e9dias et Culture<\/strong><\/p>\n<p style=\"text-align: justify;\">La cr\u00e9ation d&rsquo;un p\u00f4le audiovisuel doit permettre de disposer de m\u00e9dias, notamment t\u00e9l\u00e9visuels, exclusivement en langue bretonne qui \u00e9mettent sur l&rsquo;ensemble de la Bretagne. La cr\u00e9ation de contenus attractifs pour les jeunes, comme des s\u00e9ries, films, et \u00e9missions de divertissement, doit figurer parmi ses priorit\u00e9s.<\/p>\n<p style=\"text-align: justify;\">Pour la litt\u00e9rature et l&rsquo;\u00e9dition, subventionner les \u00e9diteurs pour qu&rsquo;ils publient plus de livres en breton, y compris des traductions d&rsquo;\u0153uvres populaires.<\/p>\n<p style=\"text-align: justify;\">Gr\u00e2ce \u00e0 des festivals et \u00e9v\u00e9nements culturels, promouvoir des rencontres qui mettent en avant la langue bretonne et son usage, comme des festivals de musique, de po\u00e9sie, de th\u00e9\u00e2tre. Une grande f\u00eate annuelle de la langue bretonne devrait \u00eatre organis\u00e9e pour tous les brittophones, notamment les plus jeunes, afin d&rsquo;associer \u00e9troitement la Bretagne, son peuple et sa langue.<\/p>\n<p><strong>3. Administration et Services Publics<\/strong><\/p>\n<p style=\"text-align: justify;\">Rendre obligatoire l&rsquo;adoption de la langue bretonne dans tous les services publics en Bretagne avec la traduction des documents officiels, des formulaires et des communications.<\/p>\n<p style=\"text-align: justify;\">Assurer que les fonctionnaires soient form\u00e9s en breton, de pr\u00e9f\u00e9rence d\u00e8s le recrutement.<\/p>\n<p><strong>4. Politiques Linguistiques<\/strong><\/p>\n<p style=\"text-align: justify;\">L&rsquo;adoption de lois qui prot\u00e8gent et encouragent l&rsquo;usage de la langue bretonne, avec des sanctions pr\u00e9vues en cas de discrimination linguistique.<\/p>\n<p style=\"text-align: justify;\">Offrir des subventions aux familles et aux entreprises qui utilisent le breton au quotidien, par exemple, pour les enseignes commerciales ou la communication interne.<\/p>\n<p><strong>5. Technologies et Innovation<\/strong><\/p>\n<p style=\"text-align: justify;\">Soutenir financi\u00e8rement le d\u00e9veloppement de logiciels et d&rsquo;applications mobiles en breton, incluant des outils de traduction et de reconnaissance vocale, etc..<\/p>\n<p style=\"text-align: justify;\">Jeux Vid\u00e9o : Encourager la traduction ou la cr\u00e9ation de jeux vid\u00e9o en breton pour attirer les jeunes g\u00e9n\u00e9rations.<\/p>\n<p><strong>6. Internationalisation et Coop\u00e9ration<\/strong><\/p>\n<p style=\"text-align: justify;\">Cr\u00e9er des partenariats avec d&rsquo;autres pays afin de partager les meilleures pratiques en mati\u00e8re de revitalisation linguistique, notamment le Pays de Galles.<\/p>\n<p style=\"text-align: justify;\">Organiser des \u00e9changes culturels et \u00e9ducatifs avec d&rsquo;autres communaut\u00e9s linguistiques minoritaires pour renforcer la conscience militante du peuple quant \u00e0 la pr\u00e9servation de sa langue.<\/p>\n<p><strong>7. Sensibilisation et Promotion<\/strong><\/p>\n<p style=\"text-align: justify;\">Lancer des campagnes de sensibilisation pour valoriser la langue bretonne, mettant en avant son histoire, sa culture et son importance pour l&rsquo;identit\u00e9 bretonne.<\/p>\n<p><strong>8. Cr\u00e9ation de communes bretonnante<\/strong><\/p>\n<p style=\"text-align: justify;\">Par un effort m\u00e9thodique du gouvernement breton, mais avant lui par des initiatives organiques du peuple breton lui-m\u00eame, organiser l&rsquo;implantation de communaut\u00e9s brittophones homog\u00e8nes dans les communes de Bretagne en s&rsquo;assurant qu&rsquo;elles b\u00e9n\u00e9ficient des infrastructures n\u00e9cessaires \u00e0 leur d\u00e9veloppement (\u00e9coles, logement, etc.). Il s&rsquo;agit l\u00e0 de recr\u00e9er des communaut\u00e9s qui parlent la langue bretonne dans leur vie quotidienne.<\/p>\n<p><strong>\u00c9tat, langue et nationalisme<\/strong><\/p>\n<p style=\"text-align: justify;\">Ces mesures interm\u00e9diaires doivent pr\u00e9parer la r\u00e9volution politique elle-m\u00eame qui est la constitution d&rsquo;un \u00c9tat breton de langue bretonne. En faisant de la langue bretonne la langue de l&rsquo;\u00c9tat et de ses institutions, la langue bretonne deviendrait la langue de la verticalit\u00e9 politique et regagnerait son prestige de langue de culture et d&rsquo;action aupr\u00e8s de la population bretonne, par opposition \u00e0 sa marginalisation sociale actuelle au sein de la soci\u00e9t\u00e9 fran\u00e7aise qui d\u00e9courage les Bretons de la ma\u00eetriser et de la parler.<\/p>\n<p style=\"text-align: justify;\">Le principal moteur de la langue bretonne n&rsquo;est autre que la volont\u00e9 des Bretons de parler la langue de leurs anc\u00eatres. Le d\u00e9veloppement d&rsquo;une tr\u00e8s forte fiert\u00e9 ethno-nationale chez les Bretons est indissociable de la raison d&rsquo;\u00eatre de l&rsquo;\u00c9tat breton dont l&rsquo;usage de la langue bretonne serait l&rsquo;expression concr\u00e8te. \u00c9tat, langue et nationalisme sont donc intimement li\u00e9s et doivent \u00eatre pr\u00e9sent\u00e9s en ces termes par l&rsquo;Emsav dans son programme et ses orientations politiques. D&rsquo;autres \u00e9tats y sont parvenus, comme l&rsquo;\u00c9tat d&rsquo;Isra\u00ebl et ce en moins de 50 ans.<\/p>\n<p style=\"text-align: justify;\">Tout d\u00e9pend de notre volont\u00e9.<\/p>\n<p style=\"text-align: right;\"><strong>Ewen Broc&rsquo;han<\/strong><\/p>\n","protected":false},"excerpt":{"rendered":"<p>La langue bretonne est en danger de disparition. Le nombre de locuteurs a \u00e9t\u00e9 divis\u00e9 par deux en seulement 6 ans. Rien ou presque n&rsquo;est fait au niveau politique pour enrayer sa disparition pure et simple, bien au contraire. Ne chom ken nemet 107 000 brezhoneger e 2024 ! \ud83d\ude15 \/ Il n&rsquo;y a plus [&hellip;]<\/p>\n","protected":false},"author":1,"featured_media":3217,"comment_status":"open","ping_status":"open","sticky":false,"template":"","format":"standard","meta":{"sb_editor_width":"","footnotes":""},"categories":[63,65],"tags":[],"class_list":["post-3216","post","type-post","status-publish","format-standard","has-post-thumbnail","hentry","category-editorial","category-principale"],"relative_dates":{"created":"1 an ago","modified":"1 an ago"},"yoast_head":"<!-- This site is optimized with the Yoast SEO plugin v26.3 - https:\/\/yoast.com\/wordpress\/plugins\/seo\/ -->\n<title>Avec seulement 107,000 locuteurs en 2024, le temps est venu d&#039;une r\u00e9volution linguistique pour sauver et faire rena\u00eetre la langue bretonne (\u00c9ditorial) - STOURM<\/title>\n<meta name=\"robots\" content=\"index, follow, max-snippet:-1, max-image-preview:large, max-video-preview:-1\" \/>\n<link rel=\"canonical\" href=\"https:\/\/stourm.news\/?p=3216\" \/>\n<meta property=\"og:locale\" content=\"fr_FR\" \/>\n<meta property=\"og:type\" content=\"article\" \/>\n<meta property=\"og:title\" content=\"Avec seulement 107,000 locuteurs en 2024, le temps est venu d&#039;une r\u00e9volution linguistique pour sauver et faire rena\u00eetre la langue bretonne (\u00c9ditorial) - STOURM\" \/>\n<meta property=\"og:description\" content=\"La langue bretonne est en danger de disparition. Le nombre de locuteurs a \u00e9t\u00e9 divis\u00e9 par deux en seulement 6 ans. Rien ou presque n&rsquo;est fait au niveau politique pour enrayer sa disparition pure et simple, bien au contraire. Ne chom ken nemet 107 000 brezhoneger e 2024 ! \ud83d\ude15 \/ Il n&rsquo;y a plus [&hellip;]\" \/>\n<meta property=\"og:url\" content=\"https:\/\/stourm.news\/?p=3216\" \/>\n<meta property=\"og:site_name\" content=\"STOURM\" \/>\n<meta property=\"article:publisher\" content=\"https:\/\/www.facebook.com\/stourmnews\/\" \/>\n<meta property=\"article:published_time\" content=\"2025-01-20T16:09:38+00:00\" \/>\n<meta property=\"og:image\" content=\"https:\/\/stourm.news\/wp-content\/uploads\/2025\/01\/0116.webp\" \/>\n\t<meta property=\"og:image:width\" content=\"1100\" \/>\n\t<meta property=\"og:image:height\" content=\"733\" \/>\n\t<meta property=\"og:image:type\" content=\"image\/webp\" \/>\n<meta name=\"author\" content=\"La r\u00e9daction\" \/>\n<meta name=\"twitter:card\" content=\"summary_large_image\" \/>\n<meta name=\"twitter:label1\" content=\"\u00c9crit par\" \/>\n\t<meta name=\"twitter:data1\" content=\"La r\u00e9daction\" \/>\n\t<meta name=\"twitter:label2\" content=\"Dur\u00e9e de lecture estim\u00e9e\" \/>\n\t<meta name=\"twitter:data2\" content=\"5 minutes\" \/>\n<script type=\"application\/ld+json\" class=\"yoast-schema-graph\">{\"@context\":\"https:\/\/schema.org\",\"@graph\":[{\"@type\":\"Article\",\"@id\":\"https:\/\/stourm.news\/?p=3216#article\",\"isPartOf\":{\"@id\":\"https:\/\/stourm.news\/?p=3216\"},\"author\":{\"name\":\"La r\u00e9daction\",\"@id\":\"https:\/\/stourm.news\/#\/schema\/person\/c3e1dc65988632e190969234ef046cf9\"},\"headline\":\"Avec seulement 107,000 locuteurs en 2024, le temps est venu d&rsquo;une r\u00e9volution linguistique pour sauver et faire rena\u00eetre la langue bretonne (\u00c9ditorial)\",\"datePublished\":\"2025-01-20T16:09:38+00:00\",\"mainEntityOfPage\":{\"@id\":\"https:\/\/stourm.news\/?p=3216\"},\"wordCount\":1011,\"commentCount\":0,\"publisher\":{\"@id\":\"https:\/\/stourm.news\/#organization\"},\"image\":{\"@id\":\"https:\/\/stourm.news\/?p=3216#primaryimage\"},\"thumbnailUrl\":\"https:\/\/stourm.news\/wp-content\/uploads\/2025\/01\/0116.webp\",\"articleSection\":[\"Editorial\",\"Principale\"],\"inLanguage\":\"fr-FR\",\"potentialAction\":[{\"@type\":\"CommentAction\",\"name\":\"Comment\",\"target\":[\"https:\/\/stourm.news\/?p=3216#respond\"]}]},{\"@type\":\"WebPage\",\"@id\":\"https:\/\/stourm.news\/?p=3216\",\"url\":\"https:\/\/stourm.news\/?p=3216\",\"name\":\"Avec seulement 107,000 locuteurs en 2024, le temps est venu d'une r\u00e9volution linguistique pour sauver et faire rena\u00eetre la langue bretonne (\u00c9ditorial) - STOURM\",\"isPartOf\":{\"@id\":\"https:\/\/stourm.news\/#website\"},\"primaryImageOfPage\":{\"@id\":\"https:\/\/stourm.news\/?p=3216#primaryimage\"},\"image\":{\"@id\":\"https:\/\/stourm.news\/?p=3216#primaryimage\"},\"thumbnailUrl\":\"https:\/\/stourm.news\/wp-content\/uploads\/2025\/01\/0116.webp\",\"datePublished\":\"2025-01-20T16:09:38+00:00\",\"breadcrumb\":{\"@id\":\"https:\/\/stourm.news\/?p=3216#breadcrumb\"},\"inLanguage\":\"fr-FR\",\"potentialAction\":[{\"@type\":\"ReadAction\",\"target\":[\"https:\/\/stourm.news\/?p=3216\"]}]},{\"@type\":\"ImageObject\",\"inLanguage\":\"fr-FR\",\"@id\":\"https:\/\/stourm.news\/?p=3216#primaryimage\",\"url\":\"https:\/\/stourm.news\/wp-content\/uploads\/2025\/01\/0116.webp\",\"contentUrl\":\"https:\/\/stourm.news\/wp-content\/uploads\/2025\/01\/0116.webp\",\"width\":1100,\"height\":733},{\"@type\":\"BreadcrumbList\",\"@id\":\"https:\/\/stourm.news\/?p=3216#breadcrumb\",\"itemListElement\":[{\"@type\":\"ListItem\",\"position\":1,\"name\":\"Accueil\",\"item\":\"https:\/\/stourm.news\/\"},{\"@type\":\"ListItem\",\"position\":2,\"name\":\"Avec seulement 107,000 locuteurs en 2024, le temps est venu d&rsquo;une r\u00e9volution linguistique pour sauver et faire rena\u00eetre la langue bretonne (\u00c9ditorial)\"}]},{\"@type\":\"WebSite\",\"@id\":\"https:\/\/stourm.news\/#website\",\"url\":\"https:\/\/stourm.news\/\",\"name\":\"Stourm\",\"description\":\"Kazetenn Strollad Broadel Breizh\",\"publisher\":{\"@id\":\"https:\/\/stourm.news\/#organization\"},\"potentialAction\":[{\"@type\":\"SearchAction\",\"target\":{\"@type\":\"EntryPoint\",\"urlTemplate\":\"https:\/\/stourm.news\/?s={search_term_string}\"},\"query-input\":{\"@type\":\"PropertyValueSpecification\",\"valueRequired\":true,\"valueName\":\"search_term_string\"}}],\"inLanguage\":\"fr-FR\"},{\"@type\":\"Organization\",\"@id\":\"https:\/\/stourm.news\/#organization\",\"name\":\"Stourm\",\"url\":\"https:\/\/stourm.news\/\",\"logo\":{\"@type\":\"ImageObject\",\"inLanguage\":\"fr-FR\",\"@id\":\"https:\/\/stourm.news\/#\/schema\/logo\/image\/\",\"url\":\"https:\/\/stourm.news\/wp-content\/uploads\/2025\/11\/cropped-Capture-decran-2025-11-28-a-15.19.07.png\",\"contentUrl\":\"https:\/\/stourm.news\/wp-content\/uploads\/2025\/11\/cropped-Capture-decran-2025-11-28-a-15.19.07.png\",\"width\":1855,\"height\":383,\"caption\":\"Stourm\"},\"image\":{\"@id\":\"https:\/\/stourm.news\/#\/schema\/logo\/image\/\"},\"sameAs\":[\"https:\/\/www.facebook.com\/stourmnews\/\"]},{\"@type\":\"Person\",\"@id\":\"https:\/\/stourm.news\/#\/schema\/person\/c3e1dc65988632e190969234ef046cf9\",\"name\":\"La r\u00e9daction\",\"image\":{\"@type\":\"ImageObject\",\"inLanguage\":\"fr-FR\",\"@id\":\"https:\/\/stourm.news\/#\/schema\/person\/image\/\",\"url\":\"https:\/\/secure.gravatar.com\/avatar\/7463443f194b6b5fb706b074ca0ef59a0cfcfd720cb47764b0ec5a952ce422b3?s=96&d=mm&r=g\",\"contentUrl\":\"https:\/\/secure.gravatar.com\/avatar\/7463443f194b6b5fb706b074ca0ef59a0cfcfd720cb47764b0ec5a952ce422b3?s=96&d=mm&r=g\",\"caption\":\"La r\u00e9daction\"},\"sameAs\":[\"https:\/\/stourm.news\"],\"url\":\"https:\/\/stourm.news\/?author=1\"}]}<\/script>\n<!-- \/ Yoast SEO plugin. -->","yoast_head_json":{"title":"Avec seulement 107,000 locuteurs en 2024, le temps est venu d'une r\u00e9volution linguistique pour sauver et faire rena\u00eetre la langue bretonne (\u00c9ditorial) - STOURM","robots":{"index":"index","follow":"follow","max-snippet":"max-snippet:-1","max-image-preview":"max-image-preview:large","max-video-preview":"max-video-preview:-1"},"canonical":"https:\/\/stourm.news\/?p=3216","og_locale":"fr_FR","og_type":"article","og_title":"Avec seulement 107,000 locuteurs en 2024, le temps est venu d'une r\u00e9volution linguistique pour sauver et faire rena\u00eetre la langue bretonne (\u00c9ditorial) - STOURM","og_description":"La langue bretonne est en danger de disparition. Le nombre de locuteurs a \u00e9t\u00e9 divis\u00e9 par deux en seulement 6 ans. Rien ou presque n&rsquo;est fait au niveau politique pour enrayer sa disparition pure et simple, bien au contraire. Ne chom ken nemet 107 000 brezhoneger e 2024 ! \ud83d\ude15 \/ Il n&rsquo;y a plus [&hellip;]","og_url":"https:\/\/stourm.news\/?p=3216","og_site_name":"STOURM","article_publisher":"https:\/\/www.facebook.com\/stourmnews\/","article_published_time":"2025-01-20T16:09:38+00:00","og_image":[{"width":1100,"height":733,"url":"https:\/\/stourm.news\/wp-content\/uploads\/2025\/01\/0116.webp","type":"image\/webp"}],"author":"La r\u00e9daction","twitter_card":"summary_large_image","twitter_misc":{"\u00c9crit par":"La r\u00e9daction","Dur\u00e9e de lecture estim\u00e9e":"5 minutes"},"schema":{"@context":"https:\/\/schema.org","@graph":[{"@type":"Article","@id":"https:\/\/stourm.news\/?p=3216#article","isPartOf":{"@id":"https:\/\/stourm.news\/?p=3216"},"author":{"name":"La r\u00e9daction","@id":"https:\/\/stourm.news\/#\/schema\/person\/c3e1dc65988632e190969234ef046cf9"},"headline":"Avec seulement 107,000 locuteurs en 2024, le temps est venu d&rsquo;une r\u00e9volution linguistique pour sauver et faire rena\u00eetre la langue bretonne (\u00c9ditorial)","datePublished":"2025-01-20T16:09:38+00:00","mainEntityOfPage":{"@id":"https:\/\/stourm.news\/?p=3216"},"wordCount":1011,"commentCount":0,"publisher":{"@id":"https:\/\/stourm.news\/#organization"},"image":{"@id":"https:\/\/stourm.news\/?p=3216#primaryimage"},"thumbnailUrl":"https:\/\/stourm.news\/wp-content\/uploads\/2025\/01\/0116.webp","articleSection":["Editorial","Principale"],"inLanguage":"fr-FR","potentialAction":[{"@type":"CommentAction","name":"Comment","target":["https:\/\/stourm.news\/?p=3216#respond"]}]},{"@type":"WebPage","@id":"https:\/\/stourm.news\/?p=3216","url":"https:\/\/stourm.news\/?p=3216","name":"Avec seulement 107,000 locuteurs en 2024, le temps est venu d'une r\u00e9volution linguistique pour sauver et faire rena\u00eetre la langue bretonne (\u00c9ditorial) - STOURM","isPartOf":{"@id":"https:\/\/stourm.news\/#website"},"primaryImageOfPage":{"@id":"https:\/\/stourm.news\/?p=3216#primaryimage"},"image":{"@id":"https:\/\/stourm.news\/?p=3216#primaryimage"},"thumbnailUrl":"https:\/\/stourm.news\/wp-content\/uploads\/2025\/01\/0116.webp","datePublished":"2025-01-20T16:09:38+00:00","breadcrumb":{"@id":"https:\/\/stourm.news\/?p=3216#breadcrumb"},"inLanguage":"fr-FR","potentialAction":[{"@type":"ReadAction","target":["https:\/\/stourm.news\/?p=3216"]}]},{"@type":"ImageObject","inLanguage":"fr-FR","@id":"https:\/\/stourm.news\/?p=3216#primaryimage","url":"https:\/\/stourm.news\/wp-content\/uploads\/2025\/01\/0116.webp","contentUrl":"https:\/\/stourm.news\/wp-content\/uploads\/2025\/01\/0116.webp","width":1100,"height":733},{"@type":"BreadcrumbList","@id":"https:\/\/stourm.news\/?p=3216#breadcrumb","itemListElement":[{"@type":"ListItem","position":1,"name":"Accueil","item":"https:\/\/stourm.news\/"},{"@type":"ListItem","position":2,"name":"Avec seulement 107,000 locuteurs en 2024, le temps est venu d&rsquo;une r\u00e9volution linguistique pour sauver et faire rena\u00eetre la langue bretonne (\u00c9ditorial)"}]},{"@type":"WebSite","@id":"https:\/\/stourm.news\/#website","url":"https:\/\/stourm.news\/","name":"Stourm","description":"Kazetenn Strollad Broadel Breizh","publisher":{"@id":"https:\/\/stourm.news\/#organization"},"potentialAction":[{"@type":"SearchAction","target":{"@type":"EntryPoint","urlTemplate":"https:\/\/stourm.news\/?s={search_term_string}"},"query-input":{"@type":"PropertyValueSpecification","valueRequired":true,"valueName":"search_term_string"}}],"inLanguage":"fr-FR"},{"@type":"Organization","@id":"https:\/\/stourm.news\/#organization","name":"Stourm","url":"https:\/\/stourm.news\/","logo":{"@type":"ImageObject","inLanguage":"fr-FR","@id":"https:\/\/stourm.news\/#\/schema\/logo\/image\/","url":"https:\/\/stourm.news\/wp-content\/uploads\/2025\/11\/cropped-Capture-decran-2025-11-28-a-15.19.07.png","contentUrl":"https:\/\/stourm.news\/wp-content\/uploads\/2025\/11\/cropped-Capture-decran-2025-11-28-a-15.19.07.png","width":1855,"height":383,"caption":"Stourm"},"image":{"@id":"https:\/\/stourm.news\/#\/schema\/logo\/image\/"},"sameAs":["https:\/\/www.facebook.com\/stourmnews\/"]},{"@type":"Person","@id":"https:\/\/stourm.news\/#\/schema\/person\/c3e1dc65988632e190969234ef046cf9","name":"La r\u00e9daction","image":{"@type":"ImageObject","inLanguage":"fr-FR","@id":"https:\/\/stourm.news\/#\/schema\/person\/image\/","url":"https:\/\/secure.gravatar.com\/avatar\/7463443f194b6b5fb706b074ca0ef59a0cfcfd720cb47764b0ec5a952ce422b3?s=96&d=mm&r=g","contentUrl":"https:\/\/secure.gravatar.com\/avatar\/7463443f194b6b5fb706b074ca0ef59a0cfcfd720cb47764b0ec5a952ce422b3?s=96&d=mm&r=g","caption":"La r\u00e9daction"},"sameAs":["https:\/\/stourm.news"],"url":"https:\/\/stourm.news\/?author=1"}]}},"_links":{"self":[{"href":"https:\/\/stourm.news\/index.php?rest_route=\/wp\/v2\/posts\/3216","targetHints":{"allow":["GET"]}}],"collection":[{"href":"https:\/\/stourm.news\/index.php?rest_route=\/wp\/v2\/posts"}],"about":[{"href":"https:\/\/stourm.news\/index.php?rest_route=\/wp\/v2\/types\/post"}],"author":[{"embeddable":true,"href":"https:\/\/stourm.news\/index.php?rest_route=\/wp\/v2\/users\/1"}],"replies":[{"embeddable":true,"href":"https:\/\/stourm.news\/index.php?rest_route=%2Fwp%2Fv2%2Fcomments&post=3216"}],"version-history":[{"count":1,"href":"https:\/\/stourm.news\/index.php?rest_route=\/wp\/v2\/posts\/3216\/revisions"}],"predecessor-version":[{"id":3218,"href":"https:\/\/stourm.news\/index.php?rest_route=\/wp\/v2\/posts\/3216\/revisions\/3218"}],"wp:featuredmedia":[{"embeddable":true,"href":"https:\/\/stourm.news\/index.php?rest_route=\/wp\/v2\/media\/3217"}],"wp:attachment":[{"href":"https:\/\/stourm.news\/index.php?rest_route=%2Fwp%2Fv2%2Fmedia&parent=3216"}],"wp:term":[{"taxonomy":"category","embeddable":true,"href":"https:\/\/stourm.news\/index.php?rest_route=%2Fwp%2Fv2%2Fcategories&post=3216"},{"taxonomy":"post_tag","embeddable":true,"href":"https:\/\/stourm.news\/index.php?rest_route=%2Fwp%2Fv2%2Ftags&post=3216"}],"curies":[{"name":"wp","href":"https:\/\/api.w.org\/{rel}","templated":true}]}}