{"id":3219,"date":"2025-01-21T16:45:49","date_gmt":"2025-01-21T16:45:49","guid":{"rendered":"https:\/\/stourm.news\/?p=3219"},"modified":"2025-01-21T16:45:49","modified_gmt":"2025-01-21T16:45:49","slug":"brest-des-parents-deleves-mobilises-contre-le-non-remplacement-dune-enseignante-bretonnante-16-eleves-prives-de-cours-en-langue-bretonne","status":"publish","type":"post","link":"https:\/\/stourm.news\/?p=3219","title":{"rendered":"Brest : des parents d&rsquo;\u00e9l\u00e8ves mobilis\u00e9s contre le non-remplacement d&rsquo;une enseignante bretonnante : 16 \u00e9l\u00e8ves priv\u00e9s de cours en langue bretonne !"},"content":{"rendered":"<p style=\"text-align: justify;\"><strong>\u00ab\u00a0Recherche enseignant pour faire grandir nos enfants\u00a0\u00bb<\/strong>. Une trentaine de parents d&rsquo;\u00e9l\u00e8ves ont sorti les pancartes mardi matin devant l&rsquo;\u00e9cole maternelle Jacquard, dans le quartier de Saint-Martin \u00e0 Brest. Ils d\u00e9noncent <strong>le non-remplacement depuis trois semaines d&rsquo;une enseignante bretonnante<\/strong> \u00e0 mi-temps. Leur p\u00e9tition en ligne approche des 350 signatures de soutien (<a href=\"https:\/\/www.change.org\/p\/1-classe-%C3%A9clat%C3%A9e-4-classes-surcharg%C3%A9es-alerte-sur-une-classe-sans-enseignant-%C3%A0-brest?utm_source=share_petition&amp;utm_medium=qr_code&amp;utm_campaign=petition_details&amp;recruited_by_id=9b9cb510-44d6-11ea-8b5b-bf76168e9f5d&amp;recruiter=1040290212\"><strong>\u00e0 signer ici<\/strong><\/a>).<\/p>\n<p style=\"text-align: justify;\">Le d\u00e9part de cette institutrice (rupture conventionnelle) <strong>\u00e9tait pourtant annonc\u00e9<\/strong> depuis le printemps. \u00ab\u00a0La situation \u00e9tait anticipable, et le 8 janvier on nous a annonc\u00e9 <strong>qu&rsquo;il n&rsquo;y aurait pas de remplacement<\/strong>\u00ab\u00a0, pr\u00e9cise Marie-Juliette Le Normand, l&rsquo;une des mamans \u00e0 l&rsquo;origine de la mobilisation. Cons\u00e9quence : les 21 enfants de cette classe de moyenne et grande section sont r\u00e9partis dans d&rsquo;autres classes deux jours et demi par semaine. \u00ab\u00a0Il y a des effectifs qui atteignent 32 \u00e9l\u00e8ves par classe, pour nos enfants<strong> il y a une grande instabilit\u00e9 et un sentiment d&rsquo;ins\u00e9curit\u00e9<\/strong>, certains ont des troubles du sommeil\u00a0\u00bb, explique-t-elle.<\/p>\n<p style=\"text-align: justify;\">En outre, <strong>16 de ces 21 \u00e9l\u00e8ves n&rsquo;ont plus acc\u00e8s \u00e0 l&rsquo;enseignement du breton<\/strong>, regrette Gr\u00e9goire Vourc&rsquo;h, un papa lui-m\u00eame bretonnant. \u00ab\u00a0<strong>On ne respecte pas le choix des parents d&rsquo;inscrire leurs enfants en fili\u00e8re bilingue<\/strong>, puisqu&rsquo;ils se retrouvent la moiti\u00e9 de la semaine en monolingue. Et on ne respecte pas la qualit\u00e9 d&rsquo;enseignement, car on est en sureffectif avec des conditions de s\u00e9curit\u00e9 qui sont limite\u00a0\u00bb.<\/p>\n<p style=\"text-align: justify;\">Les parents s&rsquo;inqui\u00e8tent d&rsquo;ailleurs des risques psychosociaux pour les quatre enseignants de l&rsquo;\u00e9cole, confront\u00e9s chaque fin de semaine \u00e0 des classes surcharg\u00e9es.<\/p>\n<p style=\"text-align: justify;\">Sans doute gr\u00e2ce \u00e0 leur mobilisation, les parents ont appris qu&rsquo;un rempla\u00e7ant monolingue a \u00e9t\u00e9 trouv\u00e9e \u00e0 compter de ce mercredi 22 janvier et jusqu&rsquo;aux vacances d&rsquo;hiver, qui d\u00e9butent le 7 f\u00e9vrier. Il interviendra \u00ab\u00a0avec le soutien d&rsquo;un conseiller p\u00e9dagogique d\u00e9partemental Langues et Cultures R\u00e9gionales\u00a0\u00bb, pr\u00e9cise la Direction des services d\u00e9partementaux de l&rsquo;Education nationale (DSDEN) du Finist\u00e8re \u00e0 \u00ab\u00a0ici Breizh Izel\u00a0\u00bb.<\/p>\n<p style=\"text-align: justify;\">\u00ab\u00a0Une solution temporaire ne nous satisfait pas, nous, on veut une solution p\u00e9renne\u00a0\u00bb, s&rsquo;indigne un p\u00e8re de famille. <strong>Ce n&rsquo;est quand m\u00eame pas notre r\u00f4le d&rsquo;\u00eatre devant une \u00e9cole<\/strong>, de prendre sur notre temps, alors que l&rsquo;\u00e9ducation est un droit. On attend que l&rsquo;institution fasse son travail\u00a0\u00bb. La DSDEN du Finist\u00e8re assure justement mettre \u00ab\u00a0tout en \u0153uvre pour apporter des solutions, imm\u00e9diates et p\u00e9rennes, en lien avec les \u00e9quipes sur place\u00a0\u00bb.<\/p>\n<p style=\"text-align: justify;\">Source : <a href=\"https:\/\/www.francebleu.fr\/infos\/education\/a-brest-des-parents-d-eleves-remontes-contre-le-non-remplacement-d-une-enseignante-bretonnante-5873250\">Ici Breizh Izel<\/a><\/p>\n","protected":false},"excerpt":{"rendered":"<p>\u00ab\u00a0Recherche enseignant pour faire grandir nos enfants\u00a0\u00bb. Une trentaine de parents d&rsquo;\u00e9l\u00e8ves ont sorti les pancartes mardi matin devant l&rsquo;\u00e9cole maternelle Jacquard, dans le quartier de Saint-Martin \u00e0 Brest. Ils d\u00e9noncent le non-remplacement depuis trois semaines d&rsquo;une enseignante bretonnante \u00e0 mi-temps. Leur p\u00e9tition en ligne approche des 350 signatures de soutien (\u00e0 signer ici). Le [&hellip;]<\/p>\n","protected":false},"author":1,"featured_media":3220,"comment_status":"open","ping_status":"open","sticky":false,"template":"","format":"standard","meta":{"sb_editor_width":"","footnotes":""},"categories":[43,38,65],"tags":[],"class_list":["post-3219","post","type-post","status-publish","format-standard","has-post-thumbnail","hentry","category-culture-bretonne","category-finistere","category-principale"],"relative_dates":{"created":"1 an ago","modified":"1 an ago"},"yoast_head":"<!-- This site is optimized with the Yoast SEO plugin v26.3 - https:\/\/yoast.com\/wordpress\/plugins\/seo\/ -->\n<title>Brest : des parents d&#039;\u00e9l\u00e8ves mobilis\u00e9s contre le non-remplacement d&#039;une enseignante bretonnante : 16 \u00e9l\u00e8ves priv\u00e9s de cours en langue bretonne ! - STOURM<\/title>\n<meta name=\"robots\" content=\"index, follow, max-snippet:-1, max-image-preview:large, max-video-preview:-1\" \/>\n<link rel=\"canonical\" href=\"https:\/\/stourm.news\/?p=3219\" \/>\n<meta property=\"og:locale\" content=\"fr_FR\" \/>\n<meta property=\"og:type\" content=\"article\" \/>\n<meta property=\"og:title\" content=\"Brest : des parents d&#039;\u00e9l\u00e8ves mobilis\u00e9s contre le non-remplacement d&#039;une enseignante bretonnante : 16 \u00e9l\u00e8ves priv\u00e9s de cours en langue bretonne ! - STOURM\" \/>\n<meta property=\"og:description\" content=\"\u00ab\u00a0Recherche enseignant pour faire grandir nos enfants\u00a0\u00bb. Une trentaine de parents d&rsquo;\u00e9l\u00e8ves ont sorti les pancartes mardi matin devant l&rsquo;\u00e9cole maternelle Jacquard, dans le quartier de Saint-Martin \u00e0 Brest. Ils d\u00e9noncent le non-remplacement depuis trois semaines d&rsquo;une enseignante bretonnante \u00e0 mi-temps. Leur p\u00e9tition en ligne approche des 350 signatures de soutien (\u00e0 signer ici). Le [&hellip;]\" \/>\n<meta property=\"og:url\" content=\"https:\/\/stourm.news\/?p=3219\" \/>\n<meta property=\"og:site_name\" content=\"STOURM\" \/>\n<meta property=\"article:publisher\" content=\"https:\/\/www.facebook.com\/stourmnews\/\" \/>\n<meta property=\"article:published_time\" content=\"2025-01-21T16:45:49+00:00\" \/>\n<meta property=\"og:image\" content=\"https:\/\/stourm.news\/wp-content\/uploads\/2025\/01\/1200x680_sc_img-7140.webp\" \/>\n\t<meta property=\"og:image:width\" content=\"1200\" \/>\n\t<meta property=\"og:image:height\" content=\"680\" \/>\n\t<meta property=\"og:image:type\" content=\"image\/webp\" \/>\n<meta name=\"author\" content=\"La r\u00e9daction\" \/>\n<meta name=\"twitter:card\" content=\"summary_large_image\" \/>\n<meta name=\"twitter:label1\" content=\"\u00c9crit par\" \/>\n\t<meta name=\"twitter:data1\" content=\"La r\u00e9daction\" \/>\n\t<meta name=\"twitter:label2\" content=\"Dur\u00e9e de lecture estim\u00e9e\" \/>\n\t<meta name=\"twitter:data2\" content=\"2 minutes\" \/>\n<script type=\"application\/ld+json\" class=\"yoast-schema-graph\">{\"@context\":\"https:\/\/schema.org\",\"@graph\":[{\"@type\":\"Article\",\"@id\":\"https:\/\/stourm.news\/?p=3219#article\",\"isPartOf\":{\"@id\":\"https:\/\/stourm.news\/?p=3219\"},\"author\":{\"name\":\"La r\u00e9daction\",\"@id\":\"https:\/\/stourm.news\/#\/schema\/person\/c3e1dc65988632e190969234ef046cf9\"},\"headline\":\"Brest : des parents d&rsquo;\u00e9l\u00e8ves mobilis\u00e9s contre le non-remplacement d&rsquo;une enseignante bretonnante : 16 \u00e9l\u00e8ves priv\u00e9s de cours en langue bretonne !\",\"datePublished\":\"2025-01-21T16:45:49+00:00\",\"mainEntityOfPage\":{\"@id\":\"https:\/\/stourm.news\/?p=3219\"},\"wordCount\":446,\"commentCount\":0,\"publisher\":{\"@id\":\"https:\/\/stourm.news\/#organization\"},\"image\":{\"@id\":\"https:\/\/stourm.news\/?p=3219#primaryimage\"},\"thumbnailUrl\":\"https:\/\/stourm.news\/wp-content\/uploads\/2025\/01\/1200x680_sc_img-7140.webp\",\"articleSection\":[\"Culture bretonne\",\"Finist\u00e8re\",\"Principale\"],\"inLanguage\":\"fr-FR\",\"potentialAction\":[{\"@type\":\"CommentAction\",\"name\":\"Comment\",\"target\":[\"https:\/\/stourm.news\/?p=3219#respond\"]}]},{\"@type\":\"WebPage\",\"@id\":\"https:\/\/stourm.news\/?p=3219\",\"url\":\"https:\/\/stourm.news\/?p=3219\",\"name\":\"Brest : des parents d'\u00e9l\u00e8ves mobilis\u00e9s contre le non-remplacement d'une enseignante bretonnante : 16 \u00e9l\u00e8ves priv\u00e9s de cours en langue bretonne ! - STOURM\",\"isPartOf\":{\"@id\":\"https:\/\/stourm.news\/#website\"},\"primaryImageOfPage\":{\"@id\":\"https:\/\/stourm.news\/?p=3219#primaryimage\"},\"image\":{\"@id\":\"https:\/\/stourm.news\/?p=3219#primaryimage\"},\"thumbnailUrl\":\"https:\/\/stourm.news\/wp-content\/uploads\/2025\/01\/1200x680_sc_img-7140.webp\",\"datePublished\":\"2025-01-21T16:45:49+00:00\",\"breadcrumb\":{\"@id\":\"https:\/\/stourm.news\/?p=3219#breadcrumb\"},\"inLanguage\":\"fr-FR\",\"potentialAction\":[{\"@type\":\"ReadAction\",\"target\":[\"https:\/\/stourm.news\/?p=3219\"]}]},{\"@type\":\"ImageObject\",\"inLanguage\":\"fr-FR\",\"@id\":\"https:\/\/stourm.news\/?p=3219#primaryimage\",\"url\":\"https:\/\/stourm.news\/wp-content\/uploads\/2025\/01\/1200x680_sc_img-7140.webp\",\"contentUrl\":\"https:\/\/stourm.news\/wp-content\/uploads\/2025\/01\/1200x680_sc_img-7140.webp\",\"width\":1200,\"height\":680},{\"@type\":\"BreadcrumbList\",\"@id\":\"https:\/\/stourm.news\/?p=3219#breadcrumb\",\"itemListElement\":[{\"@type\":\"ListItem\",\"position\":1,\"name\":\"Accueil\",\"item\":\"https:\/\/stourm.news\/\"},{\"@type\":\"ListItem\",\"position\":2,\"name\":\"Brest : des parents d&rsquo;\u00e9l\u00e8ves mobilis\u00e9s contre le non-remplacement d&rsquo;une enseignante bretonnante : 16 \u00e9l\u00e8ves priv\u00e9s de cours en langue bretonne !\"}]},{\"@type\":\"WebSite\",\"@id\":\"https:\/\/stourm.news\/#website\",\"url\":\"https:\/\/stourm.news\/\",\"name\":\"Stourm\",\"description\":\"Kazetenn Strollad Broadel Breizh\",\"publisher\":{\"@id\":\"https:\/\/stourm.news\/#organization\"},\"potentialAction\":[{\"@type\":\"SearchAction\",\"target\":{\"@type\":\"EntryPoint\",\"urlTemplate\":\"https:\/\/stourm.news\/?s={search_term_string}\"},\"query-input\":{\"@type\":\"PropertyValueSpecification\",\"valueRequired\":true,\"valueName\":\"search_term_string\"}}],\"inLanguage\":\"fr-FR\"},{\"@type\":\"Organization\",\"@id\":\"https:\/\/stourm.news\/#organization\",\"name\":\"Stourm\",\"url\":\"https:\/\/stourm.news\/\",\"logo\":{\"@type\":\"ImageObject\",\"inLanguage\":\"fr-FR\",\"@id\":\"https:\/\/stourm.news\/#\/schema\/logo\/image\/\",\"url\":\"https:\/\/stourm.news\/wp-content\/uploads\/2025\/11\/cropped-Capture-decran-2025-11-28-a-15.19.07.png\",\"contentUrl\":\"https:\/\/stourm.news\/wp-content\/uploads\/2025\/11\/cropped-Capture-decran-2025-11-28-a-15.19.07.png\",\"width\":1855,\"height\":383,\"caption\":\"Stourm\"},\"image\":{\"@id\":\"https:\/\/stourm.news\/#\/schema\/logo\/image\/\"},\"sameAs\":[\"https:\/\/www.facebook.com\/stourmnews\/\"]},{\"@type\":\"Person\",\"@id\":\"https:\/\/stourm.news\/#\/schema\/person\/c3e1dc65988632e190969234ef046cf9\",\"name\":\"La r\u00e9daction\",\"image\":{\"@type\":\"ImageObject\",\"inLanguage\":\"fr-FR\",\"@id\":\"https:\/\/stourm.news\/#\/schema\/person\/image\/\",\"url\":\"https:\/\/secure.gravatar.com\/avatar\/7463443f194b6b5fb706b074ca0ef59a0cfcfd720cb47764b0ec5a952ce422b3?s=96&d=mm&r=g\",\"contentUrl\":\"https:\/\/secure.gravatar.com\/avatar\/7463443f194b6b5fb706b074ca0ef59a0cfcfd720cb47764b0ec5a952ce422b3?s=96&d=mm&r=g\",\"caption\":\"La r\u00e9daction\"},\"sameAs\":[\"https:\/\/stourm.news\"],\"url\":\"https:\/\/stourm.news\/?author=1\"}]}<\/script>\n<!-- \/ Yoast SEO plugin. -->","yoast_head_json":{"title":"Brest : des parents d'\u00e9l\u00e8ves mobilis\u00e9s contre le non-remplacement d'une enseignante bretonnante : 16 \u00e9l\u00e8ves priv\u00e9s de cours en langue bretonne ! - STOURM","robots":{"index":"index","follow":"follow","max-snippet":"max-snippet:-1","max-image-preview":"max-image-preview:large","max-video-preview":"max-video-preview:-1"},"canonical":"https:\/\/stourm.news\/?p=3219","og_locale":"fr_FR","og_type":"article","og_title":"Brest : des parents d'\u00e9l\u00e8ves mobilis\u00e9s contre le non-remplacement d'une enseignante bretonnante : 16 \u00e9l\u00e8ves priv\u00e9s de cours en langue bretonne ! - STOURM","og_description":"\u00ab\u00a0Recherche enseignant pour faire grandir nos enfants\u00a0\u00bb. Une trentaine de parents d&rsquo;\u00e9l\u00e8ves ont sorti les pancartes mardi matin devant l&rsquo;\u00e9cole maternelle Jacquard, dans le quartier de Saint-Martin \u00e0 Brest. Ils d\u00e9noncent le non-remplacement depuis trois semaines d&rsquo;une enseignante bretonnante \u00e0 mi-temps. Leur p\u00e9tition en ligne approche des 350 signatures de soutien (\u00e0 signer ici). Le [&hellip;]","og_url":"https:\/\/stourm.news\/?p=3219","og_site_name":"STOURM","article_publisher":"https:\/\/www.facebook.com\/stourmnews\/","article_published_time":"2025-01-21T16:45:49+00:00","og_image":[{"width":1200,"height":680,"url":"https:\/\/stourm.news\/wp-content\/uploads\/2025\/01\/1200x680_sc_img-7140.webp","type":"image\/webp"}],"author":"La r\u00e9daction","twitter_card":"summary_large_image","twitter_misc":{"\u00c9crit par":"La r\u00e9daction","Dur\u00e9e de lecture estim\u00e9e":"2 minutes"},"schema":{"@context":"https:\/\/schema.org","@graph":[{"@type":"Article","@id":"https:\/\/stourm.news\/?p=3219#article","isPartOf":{"@id":"https:\/\/stourm.news\/?p=3219"},"author":{"name":"La r\u00e9daction","@id":"https:\/\/stourm.news\/#\/schema\/person\/c3e1dc65988632e190969234ef046cf9"},"headline":"Brest : des parents d&rsquo;\u00e9l\u00e8ves mobilis\u00e9s contre le non-remplacement d&rsquo;une enseignante bretonnante : 16 \u00e9l\u00e8ves priv\u00e9s de cours en langue bretonne !","datePublished":"2025-01-21T16:45:49+00:00","mainEntityOfPage":{"@id":"https:\/\/stourm.news\/?p=3219"},"wordCount":446,"commentCount":0,"publisher":{"@id":"https:\/\/stourm.news\/#organization"},"image":{"@id":"https:\/\/stourm.news\/?p=3219#primaryimage"},"thumbnailUrl":"https:\/\/stourm.news\/wp-content\/uploads\/2025\/01\/1200x680_sc_img-7140.webp","articleSection":["Culture bretonne","Finist\u00e8re","Principale"],"inLanguage":"fr-FR","potentialAction":[{"@type":"CommentAction","name":"Comment","target":["https:\/\/stourm.news\/?p=3219#respond"]}]},{"@type":"WebPage","@id":"https:\/\/stourm.news\/?p=3219","url":"https:\/\/stourm.news\/?p=3219","name":"Brest : des parents d'\u00e9l\u00e8ves mobilis\u00e9s contre le non-remplacement d'une enseignante bretonnante : 16 \u00e9l\u00e8ves priv\u00e9s de cours en langue bretonne ! - STOURM","isPartOf":{"@id":"https:\/\/stourm.news\/#website"},"primaryImageOfPage":{"@id":"https:\/\/stourm.news\/?p=3219#primaryimage"},"image":{"@id":"https:\/\/stourm.news\/?p=3219#primaryimage"},"thumbnailUrl":"https:\/\/stourm.news\/wp-content\/uploads\/2025\/01\/1200x680_sc_img-7140.webp","datePublished":"2025-01-21T16:45:49+00:00","breadcrumb":{"@id":"https:\/\/stourm.news\/?p=3219#breadcrumb"},"inLanguage":"fr-FR","potentialAction":[{"@type":"ReadAction","target":["https:\/\/stourm.news\/?p=3219"]}]},{"@type":"ImageObject","inLanguage":"fr-FR","@id":"https:\/\/stourm.news\/?p=3219#primaryimage","url":"https:\/\/stourm.news\/wp-content\/uploads\/2025\/01\/1200x680_sc_img-7140.webp","contentUrl":"https:\/\/stourm.news\/wp-content\/uploads\/2025\/01\/1200x680_sc_img-7140.webp","width":1200,"height":680},{"@type":"BreadcrumbList","@id":"https:\/\/stourm.news\/?p=3219#breadcrumb","itemListElement":[{"@type":"ListItem","position":1,"name":"Accueil","item":"https:\/\/stourm.news\/"},{"@type":"ListItem","position":2,"name":"Brest : des parents d&rsquo;\u00e9l\u00e8ves mobilis\u00e9s contre le non-remplacement d&rsquo;une enseignante bretonnante : 16 \u00e9l\u00e8ves priv\u00e9s de cours en langue bretonne !"}]},{"@type":"WebSite","@id":"https:\/\/stourm.news\/#website","url":"https:\/\/stourm.news\/","name":"Stourm","description":"Kazetenn Strollad Broadel Breizh","publisher":{"@id":"https:\/\/stourm.news\/#organization"},"potentialAction":[{"@type":"SearchAction","target":{"@type":"EntryPoint","urlTemplate":"https:\/\/stourm.news\/?s={search_term_string}"},"query-input":{"@type":"PropertyValueSpecification","valueRequired":true,"valueName":"search_term_string"}}],"inLanguage":"fr-FR"},{"@type":"Organization","@id":"https:\/\/stourm.news\/#organization","name":"Stourm","url":"https:\/\/stourm.news\/","logo":{"@type":"ImageObject","inLanguage":"fr-FR","@id":"https:\/\/stourm.news\/#\/schema\/logo\/image\/","url":"https:\/\/stourm.news\/wp-content\/uploads\/2025\/11\/cropped-Capture-decran-2025-11-28-a-15.19.07.png","contentUrl":"https:\/\/stourm.news\/wp-content\/uploads\/2025\/11\/cropped-Capture-decran-2025-11-28-a-15.19.07.png","width":1855,"height":383,"caption":"Stourm"},"image":{"@id":"https:\/\/stourm.news\/#\/schema\/logo\/image\/"},"sameAs":["https:\/\/www.facebook.com\/stourmnews\/"]},{"@type":"Person","@id":"https:\/\/stourm.news\/#\/schema\/person\/c3e1dc65988632e190969234ef046cf9","name":"La r\u00e9daction","image":{"@type":"ImageObject","inLanguage":"fr-FR","@id":"https:\/\/stourm.news\/#\/schema\/person\/image\/","url":"https:\/\/secure.gravatar.com\/avatar\/7463443f194b6b5fb706b074ca0ef59a0cfcfd720cb47764b0ec5a952ce422b3?s=96&d=mm&r=g","contentUrl":"https:\/\/secure.gravatar.com\/avatar\/7463443f194b6b5fb706b074ca0ef59a0cfcfd720cb47764b0ec5a952ce422b3?s=96&d=mm&r=g","caption":"La r\u00e9daction"},"sameAs":["https:\/\/stourm.news"],"url":"https:\/\/stourm.news\/?author=1"}]}},"_links":{"self":[{"href":"https:\/\/stourm.news\/index.php?rest_route=\/wp\/v2\/posts\/3219","targetHints":{"allow":["GET"]}}],"collection":[{"href":"https:\/\/stourm.news\/index.php?rest_route=\/wp\/v2\/posts"}],"about":[{"href":"https:\/\/stourm.news\/index.php?rest_route=\/wp\/v2\/types\/post"}],"author":[{"embeddable":true,"href":"https:\/\/stourm.news\/index.php?rest_route=\/wp\/v2\/users\/1"}],"replies":[{"embeddable":true,"href":"https:\/\/stourm.news\/index.php?rest_route=%2Fwp%2Fv2%2Fcomments&post=3219"}],"version-history":[{"count":1,"href":"https:\/\/stourm.news\/index.php?rest_route=\/wp\/v2\/posts\/3219\/revisions"}],"predecessor-version":[{"id":3221,"href":"https:\/\/stourm.news\/index.php?rest_route=\/wp\/v2\/posts\/3219\/revisions\/3221"}],"wp:featuredmedia":[{"embeddable":true,"href":"https:\/\/stourm.news\/index.php?rest_route=\/wp\/v2\/media\/3220"}],"wp:attachment":[{"href":"https:\/\/stourm.news\/index.php?rest_route=%2Fwp%2Fv2%2Fmedia&parent=3219"}],"wp:term":[{"taxonomy":"category","embeddable":true,"href":"https:\/\/stourm.news\/index.php?rest_route=%2Fwp%2Fv2%2Fcategories&post=3219"},{"taxonomy":"post_tag","embeddable":true,"href":"https:\/\/stourm.news\/index.php?rest_route=%2Fwp%2Fv2%2Ftags&post=3219"}],"curies":[{"name":"wp","href":"https:\/\/api.w.org\/{rel}","templated":true}]}}