{"id":3231,"date":"2025-01-22T13:59:12","date_gmt":"2025-01-22T13:59:12","guid":{"rendered":"https:\/\/stourm.news\/?p=3231"},"modified":"2025-01-22T13:59:12","modified_gmt":"2025-01-22T13:59:12","slug":"karaez-carhaix-lultra-gauche-incendie-un-local-des-loyalistes-du-parti-socialiste-francais","status":"publish","type":"post","link":"https:\/\/stourm.news\/?p=3231","title":{"rendered":"Karaez (Carhaix) : l&rsquo;ultra-gauche incendie un local des loyalistes du Parti Socialiste fran\u00e7ais"},"content":{"rendered":"<p style=\"text-align: justify;\">Un incendie volontaire a \u00e9t\u00e9 d\u00e9clench\u00e9 dans la nuit de mardi \u00e0 mercredi devant les bureaux du Parti socialiste \u00e0 Karaez (Carhaix). Les flammes ont d\u00e9grad\u00e9 la devanture du local. Un tag \u00ab PS social tra\u00eetre \u00bb (ultra-gauche, NDLR) a aussi \u00e9t\u00e9 inscrit sur la fa\u00e7ade du b\u00e2timent.<\/p>\n<p>Source : <a href=\"https:\/\/www.letelegramme.fr\/finistere\/carhaix-29270\/a-carhaix-le-local-du-parti-socialiste-a-ete-degrade-par-un-incendie-volontaire-6745614.php\">Le T\u00e9l\u00e9gramme<\/a><\/p>\n","protected":false},"excerpt":{"rendered":"<p>Un incendie volontaire a \u00e9t\u00e9 d\u00e9clench\u00e9 dans la nuit de mardi \u00e0 mercredi devant les bureaux du Parti socialiste \u00e0 Karaez (Carhaix). Les flammes ont d\u00e9grad\u00e9 la devanture du local. Un tag \u00ab PS social tra\u00eetre \u00bb (ultra-gauche, NDLR) a aussi \u00e9t\u00e9 inscrit sur la fa\u00e7ade du b\u00e2timent. Source : Le T\u00e9l\u00e9gramme<\/p>\n","protected":false},"author":1,"featured_media":3232,"comment_status":"open","ping_status":"open","sticky":false,"template":"","format":"standard","meta":{"sb_editor_width":"","footnotes":""},"categories":[36,52,38,62],"tags":[],"class_list":["post-3231","post","type-post","status-publish","format-standard","has-post-thumbnail","hentry","category-extreme-gauche","category-faits-divers","category-finistere","category-revue-de-presse"],"relative_dates":{"created":"1 an ago","modified":"1 an ago"},"yoast_head":"<!-- This site is optimized with the Yoast SEO plugin v26.3 - https:\/\/yoast.com\/wordpress\/plugins\/seo\/ -->\n<title>Karaez (Carhaix) : l&#039;ultra-gauche incendie un local des loyalistes du Parti Socialiste fran\u00e7ais - STOURM<\/title>\n<meta name=\"robots\" content=\"index, follow, max-snippet:-1, max-image-preview:large, max-video-preview:-1\" \/>\n<link rel=\"canonical\" href=\"https:\/\/stourm.news\/?p=3231\" \/>\n<meta property=\"og:locale\" content=\"fr_FR\" \/>\n<meta property=\"og:type\" content=\"article\" \/>\n<meta property=\"og:title\" content=\"Karaez (Carhaix) : l&#039;ultra-gauche incendie un local des loyalistes du Parti Socialiste fran\u00e7ais - STOURM\" \/>\n<meta property=\"og:description\" content=\"Un incendie volontaire a \u00e9t\u00e9 d\u00e9clench\u00e9 dans la nuit de mardi \u00e0 mercredi devant les bureaux du Parti socialiste \u00e0 Karaez (Carhaix). Les flammes ont d\u00e9grad\u00e9 la devanture du local. Un tag \u00ab PS social tra\u00eetre \u00bb (ultra-gauche, NDLR) a aussi \u00e9t\u00e9 inscrit sur la fa\u00e7ade du b\u00e2timent. Source : Le T\u00e9l\u00e9gramme\" \/>\n<meta property=\"og:url\" content=\"https:\/\/stourm.news\/?p=3231\" \/>\n<meta property=\"og:site_name\" content=\"STOURM\" \/>\n<meta property=\"article:publisher\" content=\"https:\/\/www.facebook.com\/stourmnews\/\" \/>\n<meta property=\"article:published_time\" content=\"2025-01-22T13:59:12+00:00\" \/>\n<meta property=\"og:image\" content=\"https:\/\/stourm.news\/wp-content\/uploads\/2025\/01\/6790eda11f58c144ef6d91ae.1.webp\" \/>\n\t<meta property=\"og:image:width\" content=\"960\" \/>\n\t<meta property=\"og:image:height\" content=\"600\" \/>\n\t<meta property=\"og:image:type\" content=\"image\/webp\" \/>\n<meta name=\"author\" content=\"La r\u00e9daction\" \/>\n<meta name=\"twitter:card\" content=\"summary_large_image\" \/>\n<meta name=\"twitter:label1\" content=\"\u00c9crit par\" \/>\n\t<meta name=\"twitter:data1\" content=\"La r\u00e9daction\" \/>\n\t<meta name=\"twitter:label2\" content=\"Dur\u00e9e de lecture estim\u00e9e\" \/>\n\t<meta name=\"twitter:data2\" content=\"1 minute\" \/>\n<script type=\"application\/ld+json\" class=\"yoast-schema-graph\">{\"@context\":\"https:\/\/schema.org\",\"@graph\":[{\"@type\":\"Article\",\"@id\":\"https:\/\/stourm.news\/?p=3231#article\",\"isPartOf\":{\"@id\":\"https:\/\/stourm.news\/?p=3231\"},\"author\":{\"name\":\"La r\u00e9daction\",\"@id\":\"https:\/\/stourm.news\/#\/schema\/person\/c3e1dc65988632e190969234ef046cf9\"},\"headline\":\"Karaez (Carhaix) : l&rsquo;ultra-gauche incendie un local des loyalistes du Parti Socialiste fran\u00e7ais\",\"datePublished\":\"2025-01-22T13:59:12+00:00\",\"mainEntityOfPage\":{\"@id\":\"https:\/\/stourm.news\/?p=3231\"},\"wordCount\":68,\"commentCount\":0,\"publisher\":{\"@id\":\"https:\/\/stourm.news\/#organization\"},\"image\":{\"@id\":\"https:\/\/stourm.news\/?p=3231#primaryimage\"},\"thumbnailUrl\":\"https:\/\/stourm.news\/wp-content\/uploads\/2025\/01\/6790eda11f58c144ef6d91ae.1.webp\",\"articleSection\":[\"Extr\u00eame-gauche\",\"Faits divers\",\"Finist\u00e8re\",\"Revue de presse\"],\"inLanguage\":\"fr-FR\",\"potentialAction\":[{\"@type\":\"CommentAction\",\"name\":\"Comment\",\"target\":[\"https:\/\/stourm.news\/?p=3231#respond\"]}]},{\"@type\":\"WebPage\",\"@id\":\"https:\/\/stourm.news\/?p=3231\",\"url\":\"https:\/\/stourm.news\/?p=3231\",\"name\":\"Karaez (Carhaix) : l'ultra-gauche incendie un local des loyalistes du Parti Socialiste fran\u00e7ais - STOURM\",\"isPartOf\":{\"@id\":\"https:\/\/stourm.news\/#website\"},\"primaryImageOfPage\":{\"@id\":\"https:\/\/stourm.news\/?p=3231#primaryimage\"},\"image\":{\"@id\":\"https:\/\/stourm.news\/?p=3231#primaryimage\"},\"thumbnailUrl\":\"https:\/\/stourm.news\/wp-content\/uploads\/2025\/01\/6790eda11f58c144ef6d91ae.1.webp\",\"datePublished\":\"2025-01-22T13:59:12+00:00\",\"breadcrumb\":{\"@id\":\"https:\/\/stourm.news\/?p=3231#breadcrumb\"},\"inLanguage\":\"fr-FR\",\"potentialAction\":[{\"@type\":\"ReadAction\",\"target\":[\"https:\/\/stourm.news\/?p=3231\"]}]},{\"@type\":\"ImageObject\",\"inLanguage\":\"fr-FR\",\"@id\":\"https:\/\/stourm.news\/?p=3231#primaryimage\",\"url\":\"https:\/\/stourm.news\/wp-content\/uploads\/2025\/01\/6790eda11f58c144ef6d91ae.1.webp\",\"contentUrl\":\"https:\/\/stourm.news\/wp-content\/uploads\/2025\/01\/6790eda11f58c144ef6d91ae.1.webp\",\"width\":960,\"height\":600},{\"@type\":\"BreadcrumbList\",\"@id\":\"https:\/\/stourm.news\/?p=3231#breadcrumb\",\"itemListElement\":[{\"@type\":\"ListItem\",\"position\":1,\"name\":\"Accueil\",\"item\":\"https:\/\/stourm.news\/\"},{\"@type\":\"ListItem\",\"position\":2,\"name\":\"Karaez (Carhaix) : l&rsquo;ultra-gauche incendie un local des loyalistes du Parti Socialiste fran\u00e7ais\"}]},{\"@type\":\"WebSite\",\"@id\":\"https:\/\/stourm.news\/#website\",\"url\":\"https:\/\/stourm.news\/\",\"name\":\"Stourm\",\"description\":\"Kazetenn Strollad Broadel Breizh\",\"publisher\":{\"@id\":\"https:\/\/stourm.news\/#organization\"},\"potentialAction\":[{\"@type\":\"SearchAction\",\"target\":{\"@type\":\"EntryPoint\",\"urlTemplate\":\"https:\/\/stourm.news\/?s={search_term_string}\"},\"query-input\":{\"@type\":\"PropertyValueSpecification\",\"valueRequired\":true,\"valueName\":\"search_term_string\"}}],\"inLanguage\":\"fr-FR\"},{\"@type\":\"Organization\",\"@id\":\"https:\/\/stourm.news\/#organization\",\"name\":\"Stourm\",\"url\":\"https:\/\/stourm.news\/\",\"logo\":{\"@type\":\"ImageObject\",\"inLanguage\":\"fr-FR\",\"@id\":\"https:\/\/stourm.news\/#\/schema\/logo\/image\/\",\"url\":\"https:\/\/stourm.news\/wp-content\/uploads\/2025\/11\/cropped-Capture-decran-2025-11-28-a-15.19.07.png\",\"contentUrl\":\"https:\/\/stourm.news\/wp-content\/uploads\/2025\/11\/cropped-Capture-decran-2025-11-28-a-15.19.07.png\",\"width\":1855,\"height\":383,\"caption\":\"Stourm\"},\"image\":{\"@id\":\"https:\/\/stourm.news\/#\/schema\/logo\/image\/\"},\"sameAs\":[\"https:\/\/www.facebook.com\/stourmnews\/\"]},{\"@type\":\"Person\",\"@id\":\"https:\/\/stourm.news\/#\/schema\/person\/c3e1dc65988632e190969234ef046cf9\",\"name\":\"La r\u00e9daction\",\"image\":{\"@type\":\"ImageObject\",\"inLanguage\":\"fr-FR\",\"@id\":\"https:\/\/stourm.news\/#\/schema\/person\/image\/\",\"url\":\"https:\/\/secure.gravatar.com\/avatar\/7463443f194b6b5fb706b074ca0ef59a0cfcfd720cb47764b0ec5a952ce422b3?s=96&d=mm&r=g\",\"contentUrl\":\"https:\/\/secure.gravatar.com\/avatar\/7463443f194b6b5fb706b074ca0ef59a0cfcfd720cb47764b0ec5a952ce422b3?s=96&d=mm&r=g\",\"caption\":\"La r\u00e9daction\"},\"sameAs\":[\"https:\/\/stourm.news\"],\"url\":\"https:\/\/stourm.news\/?author=1\"}]}<\/script>\n<!-- \/ Yoast SEO plugin. -->","yoast_head_json":{"title":"Karaez (Carhaix) : l'ultra-gauche incendie un local des loyalistes du Parti Socialiste fran\u00e7ais - STOURM","robots":{"index":"index","follow":"follow","max-snippet":"max-snippet:-1","max-image-preview":"max-image-preview:large","max-video-preview":"max-video-preview:-1"},"canonical":"https:\/\/stourm.news\/?p=3231","og_locale":"fr_FR","og_type":"article","og_title":"Karaez (Carhaix) : l'ultra-gauche incendie un local des loyalistes du Parti Socialiste fran\u00e7ais - STOURM","og_description":"Un incendie volontaire a \u00e9t\u00e9 d\u00e9clench\u00e9 dans la nuit de mardi \u00e0 mercredi devant les bureaux du Parti socialiste \u00e0 Karaez (Carhaix). Les flammes ont d\u00e9grad\u00e9 la devanture du local. Un tag \u00ab PS social tra\u00eetre \u00bb (ultra-gauche, NDLR) a aussi \u00e9t\u00e9 inscrit sur la fa\u00e7ade du b\u00e2timent. Source : Le T\u00e9l\u00e9gramme","og_url":"https:\/\/stourm.news\/?p=3231","og_site_name":"STOURM","article_publisher":"https:\/\/www.facebook.com\/stourmnews\/","article_published_time":"2025-01-22T13:59:12+00:00","og_image":[{"width":960,"height":600,"url":"https:\/\/stourm.news\/wp-content\/uploads\/2025\/01\/6790eda11f58c144ef6d91ae.1.webp","type":"image\/webp"}],"author":"La r\u00e9daction","twitter_card":"summary_large_image","twitter_misc":{"\u00c9crit par":"La r\u00e9daction","Dur\u00e9e de lecture estim\u00e9e":"1 minute"},"schema":{"@context":"https:\/\/schema.org","@graph":[{"@type":"Article","@id":"https:\/\/stourm.news\/?p=3231#article","isPartOf":{"@id":"https:\/\/stourm.news\/?p=3231"},"author":{"name":"La r\u00e9daction","@id":"https:\/\/stourm.news\/#\/schema\/person\/c3e1dc65988632e190969234ef046cf9"},"headline":"Karaez (Carhaix) : l&rsquo;ultra-gauche incendie un local des loyalistes du Parti Socialiste fran\u00e7ais","datePublished":"2025-01-22T13:59:12+00:00","mainEntityOfPage":{"@id":"https:\/\/stourm.news\/?p=3231"},"wordCount":68,"commentCount":0,"publisher":{"@id":"https:\/\/stourm.news\/#organization"},"image":{"@id":"https:\/\/stourm.news\/?p=3231#primaryimage"},"thumbnailUrl":"https:\/\/stourm.news\/wp-content\/uploads\/2025\/01\/6790eda11f58c144ef6d91ae.1.webp","articleSection":["Extr\u00eame-gauche","Faits divers","Finist\u00e8re","Revue de presse"],"inLanguage":"fr-FR","potentialAction":[{"@type":"CommentAction","name":"Comment","target":["https:\/\/stourm.news\/?p=3231#respond"]}]},{"@type":"WebPage","@id":"https:\/\/stourm.news\/?p=3231","url":"https:\/\/stourm.news\/?p=3231","name":"Karaez (Carhaix) : l'ultra-gauche incendie un local des loyalistes du Parti Socialiste fran\u00e7ais - STOURM","isPartOf":{"@id":"https:\/\/stourm.news\/#website"},"primaryImageOfPage":{"@id":"https:\/\/stourm.news\/?p=3231#primaryimage"},"image":{"@id":"https:\/\/stourm.news\/?p=3231#primaryimage"},"thumbnailUrl":"https:\/\/stourm.news\/wp-content\/uploads\/2025\/01\/6790eda11f58c144ef6d91ae.1.webp","datePublished":"2025-01-22T13:59:12+00:00","breadcrumb":{"@id":"https:\/\/stourm.news\/?p=3231#breadcrumb"},"inLanguage":"fr-FR","potentialAction":[{"@type":"ReadAction","target":["https:\/\/stourm.news\/?p=3231"]}]},{"@type":"ImageObject","inLanguage":"fr-FR","@id":"https:\/\/stourm.news\/?p=3231#primaryimage","url":"https:\/\/stourm.news\/wp-content\/uploads\/2025\/01\/6790eda11f58c144ef6d91ae.1.webp","contentUrl":"https:\/\/stourm.news\/wp-content\/uploads\/2025\/01\/6790eda11f58c144ef6d91ae.1.webp","width":960,"height":600},{"@type":"BreadcrumbList","@id":"https:\/\/stourm.news\/?p=3231#breadcrumb","itemListElement":[{"@type":"ListItem","position":1,"name":"Accueil","item":"https:\/\/stourm.news\/"},{"@type":"ListItem","position":2,"name":"Karaez (Carhaix) : l&rsquo;ultra-gauche incendie un local des loyalistes du Parti Socialiste fran\u00e7ais"}]},{"@type":"WebSite","@id":"https:\/\/stourm.news\/#website","url":"https:\/\/stourm.news\/","name":"Stourm","description":"Kazetenn Strollad Broadel Breizh","publisher":{"@id":"https:\/\/stourm.news\/#organization"},"potentialAction":[{"@type":"SearchAction","target":{"@type":"EntryPoint","urlTemplate":"https:\/\/stourm.news\/?s={search_term_string}"},"query-input":{"@type":"PropertyValueSpecification","valueRequired":true,"valueName":"search_term_string"}}],"inLanguage":"fr-FR"},{"@type":"Organization","@id":"https:\/\/stourm.news\/#organization","name":"Stourm","url":"https:\/\/stourm.news\/","logo":{"@type":"ImageObject","inLanguage":"fr-FR","@id":"https:\/\/stourm.news\/#\/schema\/logo\/image\/","url":"https:\/\/stourm.news\/wp-content\/uploads\/2025\/11\/cropped-Capture-decran-2025-11-28-a-15.19.07.png","contentUrl":"https:\/\/stourm.news\/wp-content\/uploads\/2025\/11\/cropped-Capture-decran-2025-11-28-a-15.19.07.png","width":1855,"height":383,"caption":"Stourm"},"image":{"@id":"https:\/\/stourm.news\/#\/schema\/logo\/image\/"},"sameAs":["https:\/\/www.facebook.com\/stourmnews\/"]},{"@type":"Person","@id":"https:\/\/stourm.news\/#\/schema\/person\/c3e1dc65988632e190969234ef046cf9","name":"La r\u00e9daction","image":{"@type":"ImageObject","inLanguage":"fr-FR","@id":"https:\/\/stourm.news\/#\/schema\/person\/image\/","url":"https:\/\/secure.gravatar.com\/avatar\/7463443f194b6b5fb706b074ca0ef59a0cfcfd720cb47764b0ec5a952ce422b3?s=96&d=mm&r=g","contentUrl":"https:\/\/secure.gravatar.com\/avatar\/7463443f194b6b5fb706b074ca0ef59a0cfcfd720cb47764b0ec5a952ce422b3?s=96&d=mm&r=g","caption":"La r\u00e9daction"},"sameAs":["https:\/\/stourm.news"],"url":"https:\/\/stourm.news\/?author=1"}]}},"_links":{"self":[{"href":"https:\/\/stourm.news\/index.php?rest_route=\/wp\/v2\/posts\/3231","targetHints":{"allow":["GET"]}}],"collection":[{"href":"https:\/\/stourm.news\/index.php?rest_route=\/wp\/v2\/posts"}],"about":[{"href":"https:\/\/stourm.news\/index.php?rest_route=\/wp\/v2\/types\/post"}],"author":[{"embeddable":true,"href":"https:\/\/stourm.news\/index.php?rest_route=\/wp\/v2\/users\/1"}],"replies":[{"embeddable":true,"href":"https:\/\/stourm.news\/index.php?rest_route=%2Fwp%2Fv2%2Fcomments&post=3231"}],"version-history":[{"count":1,"href":"https:\/\/stourm.news\/index.php?rest_route=\/wp\/v2\/posts\/3231\/revisions"}],"predecessor-version":[{"id":3233,"href":"https:\/\/stourm.news\/index.php?rest_route=\/wp\/v2\/posts\/3231\/revisions\/3233"}],"wp:featuredmedia":[{"embeddable":true,"href":"https:\/\/stourm.news\/index.php?rest_route=\/wp\/v2\/media\/3232"}],"wp:attachment":[{"href":"https:\/\/stourm.news\/index.php?rest_route=%2Fwp%2Fv2%2Fmedia&parent=3231"}],"wp:term":[{"taxonomy":"category","embeddable":true,"href":"https:\/\/stourm.news\/index.php?rest_route=%2Fwp%2Fv2%2Fcategories&post=3231"},{"taxonomy":"post_tag","embeddable":true,"href":"https:\/\/stourm.news\/index.php?rest_route=%2Fwp%2Fv2%2Ftags&post=3231"}],"curies":[{"name":"wp","href":"https:\/\/api.w.org\/{rel}","templated":true}]}}