{"id":3234,"date":"2025-01-22T15:13:58","date_gmt":"2025-01-22T15:13:58","guid":{"rendered":"https:\/\/stourm.news\/?p=3234"},"modified":"2025-01-22T15:13:58","modified_gmt":"2025-01-22T15:13:58","slug":"allemagne-un-migrant-afghan-attaque-un-groupe-scolaire-au-couteau-et-tue-deux-personnes-dont-un-enfant-de-2-ans","status":"publish","type":"post","link":"https:\/\/stourm.news\/?p=3234","title":{"rendered":"Allemagne : un migrant afghan attaque un groupe scolaire au couteau et tue deux personnes, dont un enfant de 2 ans"},"content":{"rendered":"<p style=\"text-align: justify;\">En Allemagne, \u00e0 Aschaffenburg, un migrant afghan a assassin\u00e9 deux personnes dont un enfant de deux qui se trouvaient en sortie scolaire.<\/p>\n<p style=\"text-align: justify;\"><em>Vid\u00e9o de l&rsquo;attaque \u00e0 l&rsquo;arme blanche en Allemagne, qui a tu\u00e9 2 personnes, <strong>dont un enfant<\/strong>, dans la ville d&rsquo;Aschaffenburg.<\/em><\/p>\n<p style=\"text-align: justify;\"><em>Plusieurs bless\u00e9s sont \u00e9galement \u00e0 d\u00e9plorer. La police n&rsquo;a pas encore communiqu\u00e9 le mobile de l&rsquo;attaque.<\/em><\/p>\n<blockquote class=\"twitter-tweet\">\n<p dir=\"ltr\" lang=\"en\">BREAKING: Video of the stabbing attack in Germany, which has killed 2, including a child, in the city of Aschaffenburg.<\/p>\n<p>Multiple wounded reported as well. Police have not released a motive yet.<\/p>\n<p>This story is developing. <a href=\"https:\/\/t.co\/Gw1tx9nzPI\">pic.twitter.com\/Gw1tx9nzPI<\/a><\/p>\n<p>\u2014 Remix News &amp; Views (@RMXnews) <a href=\"https:\/\/twitter.com\/RMXnews\/status\/1882042408491503780?ref_src=twsrc%5Etfw\">January 22, 2025<\/a><\/p><\/blockquote>\n<p><script async src=\"https:\/\/platform.twitter.com\/widgets.js\" charset=\"utf-8\"><\/script><\/p>\n<p style=\"text-align: justify;\">Les m\u00e9dias locaux rapportent que des \u00e9ducateurs de la garderie d&rsquo;Aschaffenburg se promenaient dans le parc Sch\u00f6ntal avec cinq jeunes enfants lorsque le groupe a \u00e9t\u00e9 d\u00e9lib\u00e9r\u00e9ment pris pour cible par<strong> un ressortissant afghan arm\u00e9 d&rsquo;un couteau.<\/strong><\/p>\n<p style=\"text-align: justify;\">Le suspect, \u00e2g\u00e9 de 28 ans, aurait suivi le groupe <strong>avant d&rsquo;attaquer les enfants avec un couteau.<\/strong><\/p>\n<p style=\"text-align: justify;\">Deux personnes ont \u00e9t\u00e9 confirm\u00e9es mortes et plusieurs autres bless\u00e9es, dont un enseignant qui est soign\u00e9 \u00e0 l&rsquo;h\u00f4pital et un autre qui re\u00e7oit des soins psychologiques.<\/p>\n<p style=\"text-align: justify;\"><strong>L&rsquo;enfant tu\u00e9 aurait eu deux ans.<\/strong><\/p>\n<blockquote class=\"twitter-tweet\">\n<p dir=\"ltr\" lang=\"en\">BREAKING: \ud83c\udde9\ud83c\uddea\u203c\ufe0f Local media is reporting that teachers from the Aschaffenburg daycare center were walking through Sch\u00f6ntal Park with five small children when the group was deliberately targeted by an Afghan national with a knife.<\/p>\n<p>The 28-year-old suspect is said to have followed\u2026 <a href=\"https:\/\/t.co\/JEfAMjvnkt\">pic.twitter.com\/JEfAMjvnkt<\/a><\/p>\n<p>\u2014 Remix News &amp; Views (@RMXnews) <a href=\"https:\/\/twitter.com\/RMXnews\/status\/1882066899472670935?ref_src=twsrc%5Etfw\">January 22, 2025<\/a><\/p><\/blockquote>\n<p><script async src=\"https:\/\/platform.twitter.com\/widgets.js\" charset=\"utf-8\"><\/script><\/p>\n","protected":false},"excerpt":{"rendered":"<p>En Allemagne, \u00e0 Aschaffenburg, un migrant afghan a assassin\u00e9 deux personnes dont un enfant de deux qui se trouvaient en sortie scolaire. Vid\u00e9o de l&rsquo;attaque \u00e0 l&rsquo;arme blanche en Allemagne, qui a tu\u00e9 2 personnes, dont un enfant, dans la ville d&rsquo;Aschaffenburg. Plusieurs bless\u00e9s sont \u00e9galement \u00e0 d\u00e9plorer. La police n&rsquo;a pas encore communiqu\u00e9 le [&hellip;]<\/p>\n","protected":false},"author":1,"featured_media":3235,"comment_status":"open","ping_status":"open","sticky":false,"template":"","format":"standard","meta":{"sb_editor_width":"","footnotes":""},"categories":[33,66,65],"tags":[],"class_list":["post-3234","post","type-post","status-publish","format-standard","has-post-thumbnail","hentry","category-immigration","category-international","category-principale"],"relative_dates":{"created":"1 an ago","modified":"1 an ago"},"yoast_head":"<!-- This site is optimized with the Yoast SEO plugin v26.3 - https:\/\/yoast.com\/wordpress\/plugins\/seo\/ -->\n<title>Allemagne : un migrant afghan attaque un groupe scolaire au couteau et tue deux personnes, dont un enfant de 2 ans - STOURM<\/title>\n<meta name=\"robots\" content=\"index, follow, max-snippet:-1, max-image-preview:large, max-video-preview:-1\" \/>\n<link rel=\"canonical\" href=\"https:\/\/stourm.news\/?p=3234\" \/>\n<meta property=\"og:locale\" content=\"fr_FR\" \/>\n<meta property=\"og:type\" content=\"article\" \/>\n<meta property=\"og:title\" content=\"Allemagne : un migrant afghan attaque un groupe scolaire au couteau et tue deux personnes, dont un enfant de 2 ans - STOURM\" \/>\n<meta property=\"og:description\" content=\"En Allemagne, \u00e0 Aschaffenburg, un migrant afghan a assassin\u00e9 deux personnes dont un enfant de deux qui se trouvaient en sortie scolaire. Vid\u00e9o de l&rsquo;attaque \u00e0 l&rsquo;arme blanche en Allemagne, qui a tu\u00e9 2 personnes, dont un enfant, dans la ville d&rsquo;Aschaffenburg. Plusieurs bless\u00e9s sont \u00e9galement \u00e0 d\u00e9plorer. La police n&rsquo;a pas encore communiqu\u00e9 le [&hellip;]\" \/>\n<meta property=\"og:url\" content=\"https:\/\/stourm.news\/?p=3234\" \/>\n<meta property=\"og:site_name\" content=\"STOURM\" \/>\n<meta property=\"article:publisher\" content=\"https:\/\/www.facebook.com\/stourmnews\/\" \/>\n<meta property=\"article:published_time\" content=\"2025-01-22T15:13:58+00:00\" \/>\n<meta property=\"og:image\" content=\"https:\/\/stourm.news\/wp-content\/uploads\/2025\/01\/Capture-decran-2025-01-23-a-00.13.19-1024x647.png\" \/>\n\t<meta property=\"og:image:width\" content=\"1024\" \/>\n\t<meta property=\"og:image:height\" content=\"647\" \/>\n\t<meta property=\"og:image:type\" content=\"image\/png\" \/>\n<meta name=\"author\" content=\"La r\u00e9daction\" \/>\n<meta name=\"twitter:card\" content=\"summary_large_image\" \/>\n<meta name=\"twitter:label1\" content=\"\u00c9crit par\" \/>\n\t<meta name=\"twitter:data1\" content=\"La r\u00e9daction\" \/>\n\t<meta name=\"twitter:label2\" content=\"Dur\u00e9e de lecture estim\u00e9e\" \/>\n\t<meta name=\"twitter:data2\" content=\"1 minute\" \/>\n<script type=\"application\/ld+json\" class=\"yoast-schema-graph\">{\"@context\":\"https:\/\/schema.org\",\"@graph\":[{\"@type\":\"Article\",\"@id\":\"https:\/\/stourm.news\/?p=3234#article\",\"isPartOf\":{\"@id\":\"https:\/\/stourm.news\/?p=3234\"},\"author\":{\"name\":\"La r\u00e9daction\",\"@id\":\"https:\/\/stourm.news\/#\/schema\/person\/c3e1dc65988632e190969234ef046cf9\"},\"headline\":\"Allemagne : un migrant afghan attaque un groupe scolaire au couteau et tue deux personnes, dont un enfant de 2 ans\",\"datePublished\":\"2025-01-22T15:13:58+00:00\",\"mainEntityOfPage\":{\"@id\":\"https:\/\/stourm.news\/?p=3234\"},\"wordCount\":279,\"commentCount\":0,\"publisher\":{\"@id\":\"https:\/\/stourm.news\/#organization\"},\"image\":{\"@id\":\"https:\/\/stourm.news\/?p=3234#primaryimage\"},\"thumbnailUrl\":\"https:\/\/stourm.news\/wp-content\/uploads\/2025\/01\/Capture-decran-2025-01-23-a-00.13.19.png\",\"articleSection\":[\"Immigration\",\"International\",\"Principale\"],\"inLanguage\":\"fr-FR\",\"potentialAction\":[{\"@type\":\"CommentAction\",\"name\":\"Comment\",\"target\":[\"https:\/\/stourm.news\/?p=3234#respond\"]}]},{\"@type\":\"WebPage\",\"@id\":\"https:\/\/stourm.news\/?p=3234\",\"url\":\"https:\/\/stourm.news\/?p=3234\",\"name\":\"Allemagne : un migrant afghan attaque un groupe scolaire au couteau et tue deux personnes, dont un enfant de 2 ans - STOURM\",\"isPartOf\":{\"@id\":\"https:\/\/stourm.news\/#website\"},\"primaryImageOfPage\":{\"@id\":\"https:\/\/stourm.news\/?p=3234#primaryimage\"},\"image\":{\"@id\":\"https:\/\/stourm.news\/?p=3234#primaryimage\"},\"thumbnailUrl\":\"https:\/\/stourm.news\/wp-content\/uploads\/2025\/01\/Capture-decran-2025-01-23-a-00.13.19.png\",\"datePublished\":\"2025-01-22T15:13:58+00:00\",\"breadcrumb\":{\"@id\":\"https:\/\/stourm.news\/?p=3234#breadcrumb\"},\"inLanguage\":\"fr-FR\",\"potentialAction\":[{\"@type\":\"ReadAction\",\"target\":[\"https:\/\/stourm.news\/?p=3234\"]}]},{\"@type\":\"ImageObject\",\"inLanguage\":\"fr-FR\",\"@id\":\"https:\/\/stourm.news\/?p=3234#primaryimage\",\"url\":\"https:\/\/stourm.news\/wp-content\/uploads\/2025\/01\/Capture-decran-2025-01-23-a-00.13.19.png\",\"contentUrl\":\"https:\/\/stourm.news\/wp-content\/uploads\/2025\/01\/Capture-decran-2025-01-23-a-00.13.19.png\",\"width\":1554,\"height\":982},{\"@type\":\"BreadcrumbList\",\"@id\":\"https:\/\/stourm.news\/?p=3234#breadcrumb\",\"itemListElement\":[{\"@type\":\"ListItem\",\"position\":1,\"name\":\"Accueil\",\"item\":\"https:\/\/stourm.news\/\"},{\"@type\":\"ListItem\",\"position\":2,\"name\":\"Allemagne : un migrant afghan attaque un groupe scolaire au couteau et tue deux personnes, dont un enfant de 2 ans\"}]},{\"@type\":\"WebSite\",\"@id\":\"https:\/\/stourm.news\/#website\",\"url\":\"https:\/\/stourm.news\/\",\"name\":\"Stourm\",\"description\":\"Kazetenn Strollad Broadel Breizh\",\"publisher\":{\"@id\":\"https:\/\/stourm.news\/#organization\"},\"potentialAction\":[{\"@type\":\"SearchAction\",\"target\":{\"@type\":\"EntryPoint\",\"urlTemplate\":\"https:\/\/stourm.news\/?s={search_term_string}\"},\"query-input\":{\"@type\":\"PropertyValueSpecification\",\"valueRequired\":true,\"valueName\":\"search_term_string\"}}],\"inLanguage\":\"fr-FR\"},{\"@type\":\"Organization\",\"@id\":\"https:\/\/stourm.news\/#organization\",\"name\":\"Stourm\",\"url\":\"https:\/\/stourm.news\/\",\"logo\":{\"@type\":\"ImageObject\",\"inLanguage\":\"fr-FR\",\"@id\":\"https:\/\/stourm.news\/#\/schema\/logo\/image\/\",\"url\":\"https:\/\/stourm.news\/wp-content\/uploads\/2025\/11\/cropped-Capture-decran-2025-11-28-a-15.19.07.png\",\"contentUrl\":\"https:\/\/stourm.news\/wp-content\/uploads\/2025\/11\/cropped-Capture-decran-2025-11-28-a-15.19.07.png\",\"width\":1855,\"height\":383,\"caption\":\"Stourm\"},\"image\":{\"@id\":\"https:\/\/stourm.news\/#\/schema\/logo\/image\/\"},\"sameAs\":[\"https:\/\/www.facebook.com\/stourmnews\/\"]},{\"@type\":\"Person\",\"@id\":\"https:\/\/stourm.news\/#\/schema\/person\/c3e1dc65988632e190969234ef046cf9\",\"name\":\"La r\u00e9daction\",\"image\":{\"@type\":\"ImageObject\",\"inLanguage\":\"fr-FR\",\"@id\":\"https:\/\/stourm.news\/#\/schema\/person\/image\/\",\"url\":\"https:\/\/secure.gravatar.com\/avatar\/7463443f194b6b5fb706b074ca0ef59a0cfcfd720cb47764b0ec5a952ce422b3?s=96&d=mm&r=g\",\"contentUrl\":\"https:\/\/secure.gravatar.com\/avatar\/7463443f194b6b5fb706b074ca0ef59a0cfcfd720cb47764b0ec5a952ce422b3?s=96&d=mm&r=g\",\"caption\":\"La r\u00e9daction\"},\"sameAs\":[\"https:\/\/stourm.news\"],\"url\":\"https:\/\/stourm.news\/?author=1\"}]}<\/script>\n<!-- \/ Yoast SEO plugin. -->","yoast_head_json":{"title":"Allemagne : un migrant afghan attaque un groupe scolaire au couteau et tue deux personnes, dont un enfant de 2 ans - STOURM","robots":{"index":"index","follow":"follow","max-snippet":"max-snippet:-1","max-image-preview":"max-image-preview:large","max-video-preview":"max-video-preview:-1"},"canonical":"https:\/\/stourm.news\/?p=3234","og_locale":"fr_FR","og_type":"article","og_title":"Allemagne : un migrant afghan attaque un groupe scolaire au couteau et tue deux personnes, dont un enfant de 2 ans - STOURM","og_description":"En Allemagne, \u00e0 Aschaffenburg, un migrant afghan a assassin\u00e9 deux personnes dont un enfant de deux qui se trouvaient en sortie scolaire. Vid\u00e9o de l&rsquo;attaque \u00e0 l&rsquo;arme blanche en Allemagne, qui a tu\u00e9 2 personnes, dont un enfant, dans la ville d&rsquo;Aschaffenburg. Plusieurs bless\u00e9s sont \u00e9galement \u00e0 d\u00e9plorer. La police n&rsquo;a pas encore communiqu\u00e9 le [&hellip;]","og_url":"https:\/\/stourm.news\/?p=3234","og_site_name":"STOURM","article_publisher":"https:\/\/www.facebook.com\/stourmnews\/","article_published_time":"2025-01-22T15:13:58+00:00","og_image":[{"width":1024,"height":647,"url":"https:\/\/stourm.news\/wp-content\/uploads\/2025\/01\/Capture-decran-2025-01-23-a-00.13.19-1024x647.png","type":"image\/png"}],"author":"La r\u00e9daction","twitter_card":"summary_large_image","twitter_misc":{"\u00c9crit par":"La r\u00e9daction","Dur\u00e9e de lecture estim\u00e9e":"1 minute"},"schema":{"@context":"https:\/\/schema.org","@graph":[{"@type":"Article","@id":"https:\/\/stourm.news\/?p=3234#article","isPartOf":{"@id":"https:\/\/stourm.news\/?p=3234"},"author":{"name":"La r\u00e9daction","@id":"https:\/\/stourm.news\/#\/schema\/person\/c3e1dc65988632e190969234ef046cf9"},"headline":"Allemagne : un migrant afghan attaque un groupe scolaire au couteau et tue deux personnes, dont un enfant de 2 ans","datePublished":"2025-01-22T15:13:58+00:00","mainEntityOfPage":{"@id":"https:\/\/stourm.news\/?p=3234"},"wordCount":279,"commentCount":0,"publisher":{"@id":"https:\/\/stourm.news\/#organization"},"image":{"@id":"https:\/\/stourm.news\/?p=3234#primaryimage"},"thumbnailUrl":"https:\/\/stourm.news\/wp-content\/uploads\/2025\/01\/Capture-decran-2025-01-23-a-00.13.19.png","articleSection":["Immigration","International","Principale"],"inLanguage":"fr-FR","potentialAction":[{"@type":"CommentAction","name":"Comment","target":["https:\/\/stourm.news\/?p=3234#respond"]}]},{"@type":"WebPage","@id":"https:\/\/stourm.news\/?p=3234","url":"https:\/\/stourm.news\/?p=3234","name":"Allemagne : un migrant afghan attaque un groupe scolaire au couteau et tue deux personnes, dont un enfant de 2 ans - STOURM","isPartOf":{"@id":"https:\/\/stourm.news\/#website"},"primaryImageOfPage":{"@id":"https:\/\/stourm.news\/?p=3234#primaryimage"},"image":{"@id":"https:\/\/stourm.news\/?p=3234#primaryimage"},"thumbnailUrl":"https:\/\/stourm.news\/wp-content\/uploads\/2025\/01\/Capture-decran-2025-01-23-a-00.13.19.png","datePublished":"2025-01-22T15:13:58+00:00","breadcrumb":{"@id":"https:\/\/stourm.news\/?p=3234#breadcrumb"},"inLanguage":"fr-FR","potentialAction":[{"@type":"ReadAction","target":["https:\/\/stourm.news\/?p=3234"]}]},{"@type":"ImageObject","inLanguage":"fr-FR","@id":"https:\/\/stourm.news\/?p=3234#primaryimage","url":"https:\/\/stourm.news\/wp-content\/uploads\/2025\/01\/Capture-decran-2025-01-23-a-00.13.19.png","contentUrl":"https:\/\/stourm.news\/wp-content\/uploads\/2025\/01\/Capture-decran-2025-01-23-a-00.13.19.png","width":1554,"height":982},{"@type":"BreadcrumbList","@id":"https:\/\/stourm.news\/?p=3234#breadcrumb","itemListElement":[{"@type":"ListItem","position":1,"name":"Accueil","item":"https:\/\/stourm.news\/"},{"@type":"ListItem","position":2,"name":"Allemagne : un migrant afghan attaque un groupe scolaire au couteau et tue deux personnes, dont un enfant de 2 ans"}]},{"@type":"WebSite","@id":"https:\/\/stourm.news\/#website","url":"https:\/\/stourm.news\/","name":"Stourm","description":"Kazetenn Strollad Broadel Breizh","publisher":{"@id":"https:\/\/stourm.news\/#organization"},"potentialAction":[{"@type":"SearchAction","target":{"@type":"EntryPoint","urlTemplate":"https:\/\/stourm.news\/?s={search_term_string}"},"query-input":{"@type":"PropertyValueSpecification","valueRequired":true,"valueName":"search_term_string"}}],"inLanguage":"fr-FR"},{"@type":"Organization","@id":"https:\/\/stourm.news\/#organization","name":"Stourm","url":"https:\/\/stourm.news\/","logo":{"@type":"ImageObject","inLanguage":"fr-FR","@id":"https:\/\/stourm.news\/#\/schema\/logo\/image\/","url":"https:\/\/stourm.news\/wp-content\/uploads\/2025\/11\/cropped-Capture-decran-2025-11-28-a-15.19.07.png","contentUrl":"https:\/\/stourm.news\/wp-content\/uploads\/2025\/11\/cropped-Capture-decran-2025-11-28-a-15.19.07.png","width":1855,"height":383,"caption":"Stourm"},"image":{"@id":"https:\/\/stourm.news\/#\/schema\/logo\/image\/"},"sameAs":["https:\/\/www.facebook.com\/stourmnews\/"]},{"@type":"Person","@id":"https:\/\/stourm.news\/#\/schema\/person\/c3e1dc65988632e190969234ef046cf9","name":"La r\u00e9daction","image":{"@type":"ImageObject","inLanguage":"fr-FR","@id":"https:\/\/stourm.news\/#\/schema\/person\/image\/","url":"https:\/\/secure.gravatar.com\/avatar\/7463443f194b6b5fb706b074ca0ef59a0cfcfd720cb47764b0ec5a952ce422b3?s=96&d=mm&r=g","contentUrl":"https:\/\/secure.gravatar.com\/avatar\/7463443f194b6b5fb706b074ca0ef59a0cfcfd720cb47764b0ec5a952ce422b3?s=96&d=mm&r=g","caption":"La r\u00e9daction"},"sameAs":["https:\/\/stourm.news"],"url":"https:\/\/stourm.news\/?author=1"}]}},"_links":{"self":[{"href":"https:\/\/stourm.news\/index.php?rest_route=\/wp\/v2\/posts\/3234","targetHints":{"allow":["GET"]}}],"collection":[{"href":"https:\/\/stourm.news\/index.php?rest_route=\/wp\/v2\/posts"}],"about":[{"href":"https:\/\/stourm.news\/index.php?rest_route=\/wp\/v2\/types\/post"}],"author":[{"embeddable":true,"href":"https:\/\/stourm.news\/index.php?rest_route=\/wp\/v2\/users\/1"}],"replies":[{"embeddable":true,"href":"https:\/\/stourm.news\/index.php?rest_route=%2Fwp%2Fv2%2Fcomments&post=3234"}],"version-history":[{"count":1,"href":"https:\/\/stourm.news\/index.php?rest_route=\/wp\/v2\/posts\/3234\/revisions"}],"predecessor-version":[{"id":3236,"href":"https:\/\/stourm.news\/index.php?rest_route=\/wp\/v2\/posts\/3234\/revisions\/3236"}],"wp:featuredmedia":[{"embeddable":true,"href":"https:\/\/stourm.news\/index.php?rest_route=\/wp\/v2\/media\/3235"}],"wp:attachment":[{"href":"https:\/\/stourm.news\/index.php?rest_route=%2Fwp%2Fv2%2Fmedia&parent=3234"}],"wp:term":[{"taxonomy":"category","embeddable":true,"href":"https:\/\/stourm.news\/index.php?rest_route=%2Fwp%2Fv2%2Fcategories&post=3234"},{"taxonomy":"post_tag","embeddable":true,"href":"https:\/\/stourm.news\/index.php?rest_route=%2Fwp%2Fv2%2Ftags&post=3234"}],"curies":[{"name":"wp","href":"https:\/\/api.w.org\/{rel}","templated":true}]}}