{"id":3238,"date":"2025-01-23T10:33:49","date_gmt":"2025-01-23T10:33:49","guid":{"rendered":"https:\/\/stourm.news\/?p=3238"},"modified":"2025-01-23T10:50:34","modified_gmt":"2025-01-23T10:50:34","slug":"breton-langue-detat-lexemple-de-letat-disrael-et-de-lhebreu-moderne","status":"publish","type":"post","link":"https:\/\/stourm.news\/?p=3238","title":{"rendered":"Le breton, langue d&rsquo;\u00e9tat : l&rsquo;exemple de l&rsquo;\u00c9tat d&rsquo;Isra\u00ebl et de l&rsquo;h\u00e9breu moderne"},"content":{"rendered":"<p style=\"text-align: justify;\">La derni\u00e8re enqu\u00eate TMO sur la situation de la langue bretonne est sans appel : avec 107000 locuteurs \u00e2g\u00e9s de 58 ans en moyenne, la derni\u00e8re langue celtique du continent europ\u00e9en est menac\u00e9e de disparition \u00e0 court terme. En 1945, la Bretagne comptait plus d&rsquo;un million de bretonnants, pr\u00e8s de 40% de la population bretonne de l&rsquo;\u00e9poque.<\/p>\n<blockquote class=\"twitter-tweet\">\n<p dir=\"ltr\" lang=\"fr\">Ne chom ken nemet 107 000 brezhoneger e 2024 ! \ud83d\ude15 \/ Il n&rsquo;y a plus que 107 000 locuteurs en langue bretonne en 2024 (contre 214 000 en 2018)<br \/>\nPet a vrezhonegerien e 2050 ? \/ Combien en 2050 ? \ud83e\udea6 <a href=\"https:\/\/t.co\/d3gWA31XVf\">pic.twitter.com\/d3gWA31XVf<\/a><\/p>\n<p>\u2014 Brezhoweb (@brezhoweb) <a href=\"https:\/\/twitter.com\/brezhoweb\/status\/1881354864942567790?ref_src=twsrc%5Etfw\">January 20, 2025<\/a><\/p><\/blockquote>\n<p><script async src=\"https:\/\/platform.twitter.com\/widgets.js\" charset=\"utf-8\"><\/script><\/p>\n<p><strong>Les causes de la disparition du breton<\/strong><\/p>\n<p style=\"text-align: justify;\">Les causes sont connues. En premier lieu, la politique coloniale de l&rsquo;\u00c9tat fran\u00e7ais qui, depuis 1789 et la destruction des institutions nationales de la Bretagne, vise \u00e0 d\u00e9truire la langue bretonne par une politique m\u00e9thodique de discrimination linguistique. En 2025, la langue bretonne est toujours interdite d&rsquo;enseignement dans la plupart des \u00e9coles de Bretagne. L&rsquo;objectif politique de l&rsquo;\u00c9tat fran\u00e7ais est l&rsquo;assimilation culturelle coercitive des Bretons dans l&rsquo;artificielle nation fran\u00e7aise au nom d&rsquo;une id\u00e9ologie r\u00e9volutionnaire aux accents mill\u00e9naristes.<\/p>\n<p style=\"text-align: justify;\">En second lieu, du fait de la colonisation fran\u00e7aise, l&rsquo;absence d&rsquo;une bourgeoisie bretonne parlant la langue bretonne a acc\u00e9l\u00e9r\u00e9 l&rsquo;abandon du breton par les couches populaires qui ont progressivement eu recours au fran\u00e7ais pour int\u00e9grer l&rsquo;\u00e9conomie fran\u00e7aise, alors en pleine expansion.<\/p>\n<p style=\"text-align: justify;\">La question de la langue bretonne est ins\u00e9parable de la question nationale bretonne, ainsi que du rapport des Bretons \u00e0 un \u00e9tat, l&rsquo;\u00c9tat fran\u00e7ais, qui agit en puissance coloniale. Mais elle est \u00e9galement ins\u00e9parable de la question sociale et \u00e9conomique puisque la langue fran\u00e7aise n&rsquo;est pas que la langue administrative d&rsquo;un \u00e9tat \u00e9tranger, mais aussi celle d&rsquo;une colonisation \u00e9conomique \u00e9trang\u00e8re.<\/p>\n<p style=\"text-align: justify;\">Les d\u00e9fenseurs et promoteurs de la langue bretonne ne pouvaient rencontrer aucun succ\u00e8s strat\u00e9gique sans int\u00e9grer la question de la lib\u00e9ration nationale bretonne dans leur r\u00e9flexion et leur action. Pr\u00e9tendre \u00ab\u00a0sauver\u00a0\u00bb la langue bretonne dans le cadre de l&rsquo;\u00c9tat fran\u00e7ais contemporain, un \u00e9tat dont l&rsquo;ADN int\u00e8gre d\u00e8s l&rsquo;origine la destruction de la langue bretonne comme v\u00e9ritable raison d&rsquo;\u00eatre en Bretagne, est un contresens historique, politique et pratique. Le combat pour la langue bretonne est ins\u00e9parable du combat pour la lib\u00e9ration nationale de Breizh car c&rsquo;est ce qu&rsquo;a d\u00e9cid\u00e9 l&rsquo;\u00c9tat fran\u00e7ais en conditionnant son rapport \u00e0 la Bretagne \u00e0 sa destruction nationale, culturelle et linguistique.<\/p>\n<p><strong>L&rsquo;exemple d&rsquo;Isra\u00ebl<\/strong><\/p>\n<p><img fetchpriority=\"high\" decoding=\"async\" class=\"alignnone size-medium\" src=\"https:\/\/static.972mag.com\/www\/uploads\/2016\/06\/Old-ulpan.jpg\" width=\"900\" height=\"600\" \/><\/p>\n<p style=\"text-align: justify;\">L&rsquo;exemple de l&rsquo;\u00c9tat d&rsquo;Isra\u00ebl m\u00e9rite d&rsquo;\u00eatre \u00e9tudi\u00e9 de pr\u00e8s, mais \u00e9galement copi\u00e9 m\u00e9thodiquement dans tout ce qu&rsquo;il a de reproductible dans le contexte breton. Isra\u00ebl est le produit d&rsquo;un processus de lib\u00e9ration nationale qui articule \u00e9tat et langue modernes dans son projet d&rsquo;\u00e9mancipation. La dialectique entre \u00e9tat et langue qui a pr\u00e9sid\u00e9 \u00e0 la formation d&rsquo;Isra\u00ebl rejoint celle qu&rsquo;exp\u00e9rimente Breizh comme nous l&rsquo;avons cit\u00e9 plus.<\/p>\n<p style=\"text-align: justify;\">L&rsquo;h\u00e9breu est une langue s\u00e9mitique avec une longue histoire, utilis\u00e9e principalement comme langue liturgique et litt\u00e9raire depuis l&rsquo;Antiquit\u00e9. Apr\u00e8s la destruction du Second Temple en 70 EC, l&rsquo;h\u00e9breu a \u00e9t\u00e9 largement remplac\u00e9 par l&rsquo;aram\u00e9en et plus tard par des langues comme le yiddish et le ladino parmi les communaut\u00e9s juives dispers\u00e9es dans le monde.<\/p>\n<p style=\"text-align: justify;\">Avant Ben-Yehuda, il y eut des efforts sporadiques pour revitaliser l&rsquo;h\u00e9breu, notamment par des \u00e9crivains et des philosophes comme Maimonide au Moyen \u00c2ge. Au XIXe si\u00e8cle, des figures comme Abraham Mapu \u00e9crivaient des romans en h\u00e9breu, et des po\u00e8tes comme Judah Leib Gordon utilisaient l&rsquo;h\u00e9breu dans la po\u00e9sie. Il est alors une langue morte, comme le latin et comme menace de le devenir le breton aujourd&rsquo;hui, mais qui est pratiqu\u00e9e par des intellectuels au sein de cercles de passionn\u00e9s acquis \u00e0 une id\u00e9e : produire une culture juive <em>moderne<\/em>.<\/p>\n<p><strong>Ben-Yehuda, p\u00e8re de l&rsquo;h\u00e9breu moderne<\/strong><\/p>\n<p><img decoding=\"async\" class=\"alignnone size-medium\" src=\"https:\/\/israeled.org\/wp-content\/uploads\/2022\/08\/Founders-Ben-Yehuda_Eliezer-Central-Zionist-Archives-cza-1092616-scaled.jpg\" width=\"2560\" height=\"1633\" \/><\/p>\n<p style=\"text-align: center;\"><em>Ben-Yehuda<\/em><\/p>\n<p style=\"text-align: justify;\">N\u00e9 en Lituanie en 1858, Ben-Yehuda \u00e9migre en Palestine en 1881 et d\u00e9cide de faire de l&rsquo;h\u00e9breu une langue parl\u00e9e vivante. Jusqu&rsquo;\u00e0 lors, l&rsquo;h\u00e9breu (ancien) \u00e9tait une langue liturgique et la classe des rabbins, tr\u00e8s influente dans les communaut\u00e9s archa\u00efques d&rsquo;Europe de l&rsquo;Est, \u00e9tait dogmatiquement hostile \u00e0 son utilisation en dehors des rites religieux. Ben Yehuda rompt avec cet interdit pour produire une pratique profane de l&rsquo;h\u00e9breu modernis\u00e9 \u00e0 cet effet. Il commence par \u00e9duquer son fils en h\u00e9breu moderne, le premier enfant \u00e0 grandir avec l&rsquo;h\u00e9breu comme langue maternelle depuis des si\u00e8cles, et lui impose strictement l&rsquo;usage de cette langue \u00e0 l&rsquo;exclusion de toutes les autres. Il publie \u00e9galement le premier dictionnaire moderne de l&rsquo;h\u00e9breu, \u00ab\u00a0The Complete Dictionary of Ancient and Modern Hebrew\u00a0\u00bb, dont la publication a commenc\u00e9 en 1908 et s&rsquo;est poursuivie apr\u00e8s sa mort.<\/p>\n<p style=\"text-align: justify;\">Ben-Yehuda, en collaboration avec d&rsquo;autres linguistes et \u00e9ducateurs, d\u00e9veloppe l&rsquo;h\u00e9breu pour les besoins modernes en inventant de nouveaux termes pour la technologie, la science, et la vie quotidienne. Ils s&rsquo;inspirent largement de racines h\u00e9bra\u00efques anciennes, mais aussi de l&rsquo;aram\u00e9en, du yiddish, et d&rsquo;autres langues.<\/p>\n<p><strong>Adoption par l&rsquo;\u00e9lite nationale isra\u00e9lienne<\/strong><\/p>\n<p><img decoding=\"async\" class=\"alignnone size-medium\" src=\"https:\/\/upload.wikimedia.org\/wikipedia\/commons\/thumb\/0\/00\/HATZVI%22_%28RESPLENDENT_ISRAEL%2C_STAG%29%2C_DAILY_OF_THE_EARLY_%2220%27S%22..jpg\/1920px-HATZVI%22_%28RESPLENDENT_ISRAEL%2C_STAG%29%2C_DAILY_OF_THE_EARLY_%2220%27S%22..jpg\" width=\"1920\" height=\"1280\" \/><\/p>\n<p style=\"text-align: center;\"><em>Premi\u00e8re page du journal HaZvi avec un sous-titre indiquant \u00ab Journal d&rsquo;information, de litt\u00e9rature et de science \u00bb. HaZvi a r\u00e9volutionn\u00e9 l&rsquo;\u00e9dition de journaux h\u00e9bra\u00efques \u00e0 J\u00e9rusalem en introduisant les questions s\u00e9culaires et les techniques du journalisme moderne.\u00a0<\/em><\/p>\n<p style=\"text-align: justify;\">Au d\u00e9but du 20e si\u00e8cle, Isra\u00ebl n&rsquo;existe pas encore en tant qu&rsquo;\u00e9tat. R\u00e9unis dans ce qu&rsquo;ils nomment le \u00ab\u00a0Yishouv\u00a0\u00bb (\u00ab\u00a0peuplement\u00a0\u00bb), les sionistes n&rsquo;ont pas de conception unifi\u00e9e de ce que doit devenir l&rsquo;\u00c9tat juif. Deux langues font figure de candidates : le yiddish, parl\u00e9 dans le foyer g\u00e9ographique d&rsquo;o\u00f9 \u00e9merge le sionisme, et l&rsquo;h\u00e9breu moderne, encore marginal, mais ardemment d\u00e9fendu par les sionistes les plus ambitieux. D&rsquo;autres langues, comme l&rsquo;allemand ou l&rsquo;anglais, sont \u00e9galement parl\u00e9es par les migrants juifs venus d&rsquo;Europe de l&rsquo;Ouest qui y voient la garantie de l&rsquo;acc\u00e8s \u00e0 la modernit\u00e9 pour le futur \u00e9tat juif.<\/p>\n<p style=\"text-align: justify;\">La cr\u00e9ation de l&rsquo;Universit\u00e9 h\u00e9bra\u00efque de J\u00e9rusalem en 1918, qui utilisait l&rsquo;h\u00e9breu comme langue d&rsquo;enseignement, et plus tard, le syst\u00e8me \u00e9ducatif isra\u00e9lien, jou\u00e8rent un r\u00f4le crucial. Des \u00e9coles, des journaux comme \u00ab\u00a0Haaretz\u00a0\u00bb (1919), et des \u00e9v\u00e9nements culturels ont aid\u00e9 \u00e0 r\u00e9pandre et \u00e0 normaliser l&rsquo;usage de l&rsquo;h\u00e9breu. Avec la d\u00e9claration de l&rsquo;\u00c9tat d&rsquo;Isra\u00ebl en 1948, l&rsquo;h\u00e9breu est adopt\u00e9 comme langue officielle. Le gouvernement et les institutions publiques commencent \u00e0 fonctionner en h\u00e9breu. La <strong>\u00ab\u00a0Loi sur la langue\u00a0\u00bb<\/strong> de 1948 fait de l&rsquo;h\u00e9breu la langue officielle administrative, bien que l&rsquo;arabe soit \u00e9galement reconnu pour la minorit\u00e9 palestinienne.<\/p>\n<p style=\"text-align: justify;\"><strong>Poursuite de la modernisation<\/strong><\/p>\n<p><img loading=\"lazy\" decoding=\"async\" class=\"alignnone size-medium\" src=\"https:\/\/upload.wikimedia.org\/wikipedia\/commons\/4\/4c\/Academy_of_the_Hebrew_Language.JPG\" width=\"1600\" height=\"1200\" \/><\/p>\n<p style=\"text-align: center;\"><em>Acad\u00e9mie de la Langue H\u00e9bra\u00efque<\/em><\/p>\n<p style=\"text-align: justify;\">Fond\u00e9e en 1953, l&rsquo;Acad\u00e9mie de la Langue H\u00e9bra\u00efque: continue le travail de Ben-Yehuda en r\u00e9gulant la langue, cr\u00e9ant de nouveaux mots, et assurant son d\u00e9veloppement avec l&rsquo;\u00e9volution technologique et scientifique. L&rsquo;h\u00e9breu a d\u00fb s&rsquo;adapter \u00e0 l&rsquo;internet, aux technologies de l&rsquo;information, et \u00e0 la culture populaire. Cela a inclus la cr\u00e9ation de termes pour concepts modernes comme \u00ab\u00a0Internet\u00a0\u00bb (\u05d0\u05d9\u05e0\u05d8\u05e8\u05e0\u05d8) ou \u00ab\u00a0ordinateur\u00a0\u00bb (\u05de\u05d7\u05e9\u05d1).<\/p>\n<p style=\"text-align: justify;\">L&rsquo;h\u00e9breu moderne incarne la synth\u00e8se entre la m\u00e9moire nationale d&rsquo;un peuple mobilis\u00e9 par l&rsquo;id\u00e9e nationaliste et son adaptation aux contraintes de la modernit\u00e9 par un \u00e9tat national. \u00c0 ce titre, l&rsquo;exp\u00e9rience linguistique isra\u00e9lienne est un exemple historique que l&rsquo;Emsav doit analyser et copier dans sa philosophie et ses m\u00e9thodes pour faire du breton la langue de l&rsquo;\u00c9tat breton moderne.<\/p>\n<p style=\"text-align: justify;\"><strong>Proposition d&rsquo;Adaptation pour une Politique en Faveur du Breton en Bretagne<\/strong><\/p>\n<p style=\"text-align: justify;\">Le breton est une langue celtique avec une base de locuteurs, mais elle est en d\u00e9clin face au fran\u00e7ais dominant. La politique linguistique fran\u00e7aise, centralis\u00e9e et monolingue, pose un d\u00e9fi majeur \u00e0 la renaissance de la langue bretonne. Aucun succ\u00e8s d\u00e9cisif ne peut \u00eatre acquis sans int\u00e9grer la question linguistique dans celle plus large de l&rsquo;\u00e9mancipation nationale bretonne dont la langue est l&rsquo;expression vivante. La lutte linguistique est conditionn\u00e9e par la lutte politique qui doit lib\u00e9rer la Bretagne d&rsquo;un \u00e9tat \u00e9tranger, l&rsquo;\u00c9tat fran\u00e7ais, qui, par ses institutions, emp\u00eache cette renaissance de notre peuple et de sa langue. L&rsquo;autonomie de la Bretagne (puis l&rsquo;ind\u00e9pendance) est donc indispensable \u00e0 l&rsquo;adoption d&rsquo;une strat\u00e9gie de lib\u00e9ration linguistique.<\/p>\n<p style=\"text-align: justify;\"><strong>1. \u00c9ducation et Formation<\/strong><\/p>\n<p><img loading=\"lazy\" decoding=\"async\" class=\"alignnone size-medium\" src=\"https:\/\/www.francebleu.fr\/s3\/cruiser-production-eu3\/2024\/09\/050be54f-c9a3-45c0-bbff-0f704c18279d\/1200x680_sc_maxstockworld436008.jpg\" width=\"1200\" height=\"680\" \/><\/p>\n<p style=\"text-align: justify;\">L\u2019int\u00e9gration de la langue bretonne dans le syst\u00e8me scolaire est essentielle. Rendre l\u2019apprentissage du breton\u00a0<strong>obligatoire<\/strong>\u00a0dans les \u00e9coles maternelles, primaires et secondaires de Bretagne est un imp\u00e9ratif.<\/p>\n<p style=\"text-align: justify;\">Pour cela, la formation des enseignants est cruciale. Il faut une augmentation substantielle du nombre de formations pour les enseignants en langue bretonne, notamment en assurant des bourses et des incitations financi\u00e8res pour ceux qui choisissent cette voie.<\/p>\n<p style=\"text-align: justify;\">La cr\u00e9ation d\u2019une universit\u00e9 et d\u2019une \u00e9ducation sup\u00e9rieure est une mesure strat\u00e9gique vitale. En cr\u00e9ant une universit\u00e9 en langue bretonne, une nouvelle \u00e9lite brittophone fournira les cadres de la r\u00e9volution linguistique \u00e0 tous les \u00e9chelons de la soci\u00e9t\u00e9 en Bretagne.<\/p>\n<p style=\"text-align: justify;\"><strong>2. M\u00e9dias et Culture<\/strong><\/p>\n<p><img loading=\"lazy\" decoding=\"async\" class=\"alignnone size-medium\" src=\"https:\/\/media.ouest-france.fr\/v1\/pictures\/MjAyMzEyZDhhNTIxZWEzOWZkY2RiZjYxOTE4ODI2ODZjMzFhMzY?width=1260&amp;height=708&amp;focuspoint=45%2C48&amp;cropresize=1&amp;client_id=bpeditorial&amp;sign=752ccd6092d6f273a5b6de6d1a948eceb0d2112c0e24a701beb97bf85755de5c\" width=\"1260\" height=\"708\" \/><\/p>\n<p style=\"text-align: justify;\">La cr\u00e9ation d\u2019un p\u00f4le audiovisuel doit permettre de disposer de m\u00e9dias, notamment t\u00e9l\u00e9visuels, exclusivement en langue bretonne qui \u00e9mettent sur l\u2019ensemble de la Bretagne. La cr\u00e9ation de contenus attractifs pour les jeunes, comme des s\u00e9ries, films, et \u00e9missions de divertissement, doit figurer parmi ses priorit\u00e9s.<\/p>\n<p style=\"text-align: justify;\">Pour la litt\u00e9rature et l\u2019\u00e9dition, subventionner les \u00e9diteurs pour qu\u2019ils publient plus de livres en breton, y compris des traductions d\u2019\u0153uvres populaires.<\/p>\n<p style=\"text-align: justify;\">Gr\u00e2ce \u00e0 des festivals et \u00e9v\u00e9nements culturels, promouvoir des rencontres qui mettent en avant la langue bretonne et son usage, comme des festivals de musique, de po\u00e9sie, de th\u00e9\u00e2tre. Une grande f\u00eate annuelle de la langue bretonne devrait \u00eatre organis\u00e9e pour tous les brittophones, notamment les plus jeunes, afin d\u2019associer \u00e9troitement la Bretagne, son peuple et sa langue.<\/p>\n<p style=\"text-align: justify;\"><strong>3. Administration et Services Publics<\/strong><\/p>\n<p><img loading=\"lazy\" decoding=\"async\" class=\"aligncenter\" src=\"https:\/\/mignoned.bzh\/wp-content\/uploads\/Panellerezh-_-Parking-700px.jpg\" width=\"474\" height=\"474\" \/><\/p>\n<p style=\"text-align: justify;\">Rendre obligatoire l\u2019adoption de la langue bretonne dans tous les services publics en Bretagne avec la traduction des documents officiels, des formulaires et des communications.<\/p>\n<p style=\"text-align: justify;\">Assurer que les fonctionnaires soient form\u00e9s en breton, de pr\u00e9f\u00e9rence d\u00e8s le recrutement.<\/p>\n<p style=\"text-align: justify;\"><strong>4. Politiques Linguistiques<\/strong><\/p>\n<p style=\"text-align: justify;\">L\u2019adoption de lois qui prot\u00e8gent et encouragent l\u2019usage de la langue bretonne, avec des sanctions pr\u00e9vues en cas de discrimination linguistique.<\/p>\n<p style=\"text-align: justify;\">Offrir des subventions aux familles et aux entreprises qui utilisent le breton au quotidien, par exemple, pour les enseignes commerciales ou la communication interne.<\/p>\n<p style=\"text-align: justify;\"><strong>5. Technologies et Innovation<\/strong><\/p>\n<p><img loading=\"lazy\" decoding=\"async\" class=\"alignnone size-medium\" src=\"https:\/\/media.letelegramme.fr\/api\/v1\/images\/view\/63e32c7ef3b1d825d12c7341\/web_golden_xl\/63e32c7ef3b1d825d12c7341.1\" width=\"960\" height=\"600\" \/><\/p>\n<p style=\"text-align: justify;\">Soutenir financi\u00e8rement le d\u00e9veloppement de logiciels et d\u2019applications mobiles en breton, incluant des outils de traduction et de reconnaissance vocale, etc..<\/p>\n<p style=\"text-align: justify;\">Jeux Vid\u00e9o : Encourager la traduction ou la cr\u00e9ation de jeux vid\u00e9o en breton pour attirer les jeunes g\u00e9n\u00e9rations.<\/p>\n<p style=\"text-align: justify;\"><strong>6. Internationalisation et Coop\u00e9ration<\/strong><\/p>\n<p style=\"text-align: justify;\">Cr\u00e9er des partenariats avec d\u2019autres pays afin de partager les meilleures pratiques en mati\u00e8re de revitalisation linguistique, notamment le Pays de Galles.<\/p>\n<p style=\"text-align: justify;\">Organiser des \u00e9changes culturels et \u00e9ducatifs avec d\u2019autres communaut\u00e9s linguistiques minoritaires pour renforcer la conscience militante du peuple quant \u00e0 la pr\u00e9servation de sa langue.<\/p>\n<p style=\"text-align: justify;\"><strong>7. Sensibilisation et Promotion<\/strong><\/p>\n<p style=\"text-align: justify;\">Lancer des campagnes de sensibilisation pour valoriser la langue bretonne, mettant en avant son histoire, sa culture et son importance pour l\u2019identit\u00e9 bretonne.<\/p>\n<p style=\"text-align: justify;\"><strong>8. Cr\u00e9ation de communes bretonnantes<\/strong><\/p>\n<p><iframe title=\"Kervrezhon, Beva\u00f1 e brezhoneg noz ha deiz - 4 munud e Breizh - Brezhoweb\" width=\"500\" height=\"281\" src=\"https:\/\/www.youtube.com\/embed\/nZaqGVlqVrs?start=110&#038;feature=oembed\" frameborder=\"0\" allow=\"accelerometer; autoplay; clipboard-write; encrypted-media; gyroscope; picture-in-picture; web-share\" referrerpolicy=\"strict-origin-when-cross-origin\" allowfullscreen><\/iframe><\/p>\n<p style=\"text-align: justify;\">Par un effort m\u00e9thodique du gouvernement breton, mais avant lui par des initiatives organiques du peuple breton lui-m\u00eame, organiser l\u2019implantation de communaut\u00e9s brittophones homog\u00e8nes dans les communes de Bretagne en s\u2019assurant qu\u2019elles b\u00e9n\u00e9ficient des infrastructures n\u00e9cessaires \u00e0 leur d\u00e9veloppement (\u00e9coles, logement, etc.). Il s\u2019agit l\u00e0 de recr\u00e9er des communaut\u00e9s qui parlent la langue bretonne dans leur vie quotidienne.<\/p>\n<p style=\"text-align: justify;\"><strong>\u00c9tat, langue et nationalisme<\/strong><\/p>\n<p><img loading=\"lazy\" decoding=\"async\" class=\"alignnone wp-image-3176 size-large\" src=\"https:\/\/stourm.news\/wp-content\/uploads\/2025\/01\/ntjmtp60g7rb1-923x1024.webp\" alt=\"\" width=\"923\" height=\"1024\" srcset=\"https:\/\/stourm.news\/wp-content\/uploads\/2025\/01\/ntjmtp60g7rb1-923x1024.webp 923w, https:\/\/stourm.news\/wp-content\/uploads\/2025\/01\/ntjmtp60g7rb1-271x300.webp 271w, https:\/\/stourm.news\/wp-content\/uploads\/2025\/01\/ntjmtp60g7rb1-768x852.webp 768w, https:\/\/stourm.news\/wp-content\/uploads\/2025\/01\/ntjmtp60g7rb1-1385x1536.webp 1385w, https:\/\/stourm.news\/wp-content\/uploads\/2025\/01\/ntjmtp60g7rb1-1847x2048.webp 1847w\" sizes=\"(max-width: 923px) 100vw, 923px\" \/><\/p>\n<p style=\"text-align: justify;\">Ces mesures interm\u00e9diaires doivent accompagner la r\u00e9volution politique elle-m\u00eame qu&rsquo;est la constitution d\u2019un \u00c9tat breton de langue bretonne. En faisant de la langue bretonne la langue de l\u2019\u00c9tat et de ses institutions, la langue bretonne deviendrait la langue de la verticalit\u00e9 politique et regagnerait son prestige de langue de culture et d\u2019action aupr\u00e8s de la population bretonne, par opposition \u00e0 sa marginalisation sociale actuelle au sein de la soci\u00e9t\u00e9 fran\u00e7aise qui d\u00e9courage les Bretons de la ma\u00eetriser et de la parler.<\/p>\n<p style=\"text-align: justify;\">Le principal moteur de la langue bretonne n\u2019est autre que la volont\u00e9 des Bretons de parler la langue de leurs anc\u00eatres. Le d\u00e9veloppement d\u2019une tr\u00e8s forte fiert\u00e9 ethno-nationale chez les Bretons est indissociable de la raison d\u2019\u00eatre de l\u2019\u00c9tat breton dont l\u2019usage de la langue bretonne serait l\u2019expression concr\u00e8te. \u00c9tat, langue et nationalisme sont donc intimement li\u00e9s et doivent \u00eatre pr\u00e9sent\u00e9s en ces termes par l\u2019Emsav dans son programme et ses orientations politiques.<\/p>\n<p style=\"text-align: right;\"><strong>Ewen Broc&rsquo;han<\/strong><\/p>\n","protected":false},"excerpt":{"rendered":"<p>La derni\u00e8re enqu\u00eate TMO sur la situation de la langue bretonne est sans appel : avec 107000 locuteurs \u00e2g\u00e9s de 58 ans en moyenne, la derni\u00e8re langue celtique du continent europ\u00e9en est menac\u00e9e de disparition \u00e0 court terme. En 1945, la Bretagne comptait plus d&rsquo;un million de bretonnants, pr\u00e8s de 40% de la population bretonne [&hellip;]<\/p>\n","protected":false},"author":1,"featured_media":3239,"comment_status":"open","ping_status":"open","sticky":false,"template":"","format":"standard","meta":{"sb_editor_width":"","footnotes":""},"categories":[58,63,65],"tags":[],"class_list":["post-3238","post","type-post","status-publish","format-standard","has-post-thumbnail","hentry","category-breizh","category-editorial","category-principale"],"relative_dates":{"created":"1 an ago","modified":"1 an ago"},"yoast_head":"<!-- This site is optimized with the Yoast SEO plugin v26.3 - https:\/\/yoast.com\/wordpress\/plugins\/seo\/ -->\n<title>Le breton, langue d&#039;\u00e9tat : l&#039;exemple de l&#039;\u00c9tat d&#039;Isra\u00ebl et de l&#039;h\u00e9breu moderne - STOURM<\/title>\n<meta name=\"robots\" content=\"index, follow, max-snippet:-1, max-image-preview:large, max-video-preview:-1\" \/>\n<link rel=\"canonical\" href=\"https:\/\/stourm.news\/?p=3238\" \/>\n<meta property=\"og:locale\" content=\"fr_FR\" \/>\n<meta property=\"og:type\" content=\"article\" \/>\n<meta property=\"og:title\" content=\"Le breton, langue d&#039;\u00e9tat : l&#039;exemple de l&#039;\u00c9tat d&#039;Isra\u00ebl et de l&#039;h\u00e9breu moderne - STOURM\" \/>\n<meta property=\"og:description\" content=\"La derni\u00e8re enqu\u00eate TMO sur la situation de la langue bretonne est sans appel : avec 107000 locuteurs \u00e2g\u00e9s de 58 ans en moyenne, la derni\u00e8re langue celtique du continent europ\u00e9en est menac\u00e9e de disparition \u00e0 court terme. En 1945, la Bretagne comptait plus d&rsquo;un million de bretonnants, pr\u00e8s de 40% de la population bretonne [&hellip;]\" \/>\n<meta property=\"og:url\" content=\"https:\/\/stourm.news\/?p=3238\" \/>\n<meta property=\"og:site_name\" content=\"STOURM\" \/>\n<meta property=\"article:publisher\" content=\"https:\/\/www.facebook.com\/stourmnews\/\" \/>\n<meta property=\"article:published_time\" content=\"2025-01-23T10:33:49+00:00\" \/>\n<meta property=\"article:modified_time\" content=\"2025-01-23T10:50:34+00:00\" \/>\n<meta property=\"og:image\" content=\"https:\/\/stourm.news\/wp-content\/uploads\/2025\/01\/360_F_481939770_n1PXaIXnRyK7gc1Equ7NbA9nEsH7ba9R.jpg\" \/>\n\t<meta property=\"og:image:width\" content=\"640\" \/>\n\t<meta property=\"og:image:height\" content=\"360\" \/>\n\t<meta property=\"og:image:type\" content=\"image\/jpeg\" \/>\n<meta name=\"author\" content=\"La r\u00e9daction\" \/>\n<meta name=\"twitter:card\" content=\"summary_large_image\" \/>\n<meta name=\"twitter:label1\" content=\"\u00c9crit par\" \/>\n\t<meta name=\"twitter:data1\" content=\"La r\u00e9daction\" \/>\n\t<meta name=\"twitter:label2\" content=\"Dur\u00e9e de lecture estim\u00e9e\" \/>\n\t<meta name=\"twitter:data2\" content=\"12 minutes\" \/>\n<script type=\"application\/ld+json\" class=\"yoast-schema-graph\">{\"@context\":\"https:\/\/schema.org\",\"@graph\":[{\"@type\":\"Article\",\"@id\":\"https:\/\/stourm.news\/?p=3238#article\",\"isPartOf\":{\"@id\":\"https:\/\/stourm.news\/?p=3238\"},\"author\":{\"name\":\"La r\u00e9daction\",\"@id\":\"https:\/\/stourm.news\/#\/schema\/person\/c3e1dc65988632e190969234ef046cf9\"},\"headline\":\"Le breton, langue d&rsquo;\u00e9tat : l&rsquo;exemple de l&rsquo;\u00c9tat d&rsquo;Isra\u00ebl et de l&rsquo;h\u00e9breu moderne\",\"datePublished\":\"2025-01-23T10:33:49+00:00\",\"dateModified\":\"2025-01-23T10:50:34+00:00\",\"mainEntityOfPage\":{\"@id\":\"https:\/\/stourm.news\/?p=3238\"},\"wordCount\":2281,\"commentCount\":0,\"publisher\":{\"@id\":\"https:\/\/stourm.news\/#organization\"},\"image\":{\"@id\":\"https:\/\/stourm.news\/?p=3238#primaryimage\"},\"thumbnailUrl\":\"https:\/\/stourm.news\/wp-content\/uploads\/2025\/01\/360_F_481939770_n1PXaIXnRyK7gc1Equ7NbA9nEsH7ba9R.jpg\",\"articleSection\":[\"Breizh\",\"Editorial\",\"Principale\"],\"inLanguage\":\"fr-FR\",\"potentialAction\":[{\"@type\":\"CommentAction\",\"name\":\"Comment\",\"target\":[\"https:\/\/stourm.news\/?p=3238#respond\"]}]},{\"@type\":\"WebPage\",\"@id\":\"https:\/\/stourm.news\/?p=3238\",\"url\":\"https:\/\/stourm.news\/?p=3238\",\"name\":\"Le breton, langue d'\u00e9tat : l'exemple de l'\u00c9tat d'Isra\u00ebl et de l'h\u00e9breu moderne - STOURM\",\"isPartOf\":{\"@id\":\"https:\/\/stourm.news\/#website\"},\"primaryImageOfPage\":{\"@id\":\"https:\/\/stourm.news\/?p=3238#primaryimage\"},\"image\":{\"@id\":\"https:\/\/stourm.news\/?p=3238#primaryimage\"},\"thumbnailUrl\":\"https:\/\/stourm.news\/wp-content\/uploads\/2025\/01\/360_F_481939770_n1PXaIXnRyK7gc1Equ7NbA9nEsH7ba9R.jpg\",\"datePublished\":\"2025-01-23T10:33:49+00:00\",\"dateModified\":\"2025-01-23T10:50:34+00:00\",\"breadcrumb\":{\"@id\":\"https:\/\/stourm.news\/?p=3238#breadcrumb\"},\"inLanguage\":\"fr-FR\",\"potentialAction\":[{\"@type\":\"ReadAction\",\"target\":[\"https:\/\/stourm.news\/?p=3238\"]}]},{\"@type\":\"ImageObject\",\"inLanguage\":\"fr-FR\",\"@id\":\"https:\/\/stourm.news\/?p=3238#primaryimage\",\"url\":\"https:\/\/stourm.news\/wp-content\/uploads\/2025\/01\/360_F_481939770_n1PXaIXnRyK7gc1Equ7NbA9nEsH7ba9R.jpg\",\"contentUrl\":\"https:\/\/stourm.news\/wp-content\/uploads\/2025\/01\/360_F_481939770_n1PXaIXnRyK7gc1Equ7NbA9nEsH7ba9R.jpg\",\"width\":640,\"height\":360},{\"@type\":\"BreadcrumbList\",\"@id\":\"https:\/\/stourm.news\/?p=3238#breadcrumb\",\"itemListElement\":[{\"@type\":\"ListItem\",\"position\":1,\"name\":\"Accueil\",\"item\":\"https:\/\/stourm.news\/\"},{\"@type\":\"ListItem\",\"position\":2,\"name\":\"Le breton, langue d&rsquo;\u00e9tat : l&rsquo;exemple de l&rsquo;\u00c9tat d&rsquo;Isra\u00ebl et de l&rsquo;h\u00e9breu moderne\"}]},{\"@type\":\"WebSite\",\"@id\":\"https:\/\/stourm.news\/#website\",\"url\":\"https:\/\/stourm.news\/\",\"name\":\"Stourm\",\"description\":\"Kazetenn Strollad Broadel Breizh\",\"publisher\":{\"@id\":\"https:\/\/stourm.news\/#organization\"},\"potentialAction\":[{\"@type\":\"SearchAction\",\"target\":{\"@type\":\"EntryPoint\",\"urlTemplate\":\"https:\/\/stourm.news\/?s={search_term_string}\"},\"query-input\":{\"@type\":\"PropertyValueSpecification\",\"valueRequired\":true,\"valueName\":\"search_term_string\"}}],\"inLanguage\":\"fr-FR\"},{\"@type\":\"Organization\",\"@id\":\"https:\/\/stourm.news\/#organization\",\"name\":\"Stourm\",\"url\":\"https:\/\/stourm.news\/\",\"logo\":{\"@type\":\"ImageObject\",\"inLanguage\":\"fr-FR\",\"@id\":\"https:\/\/stourm.news\/#\/schema\/logo\/image\/\",\"url\":\"https:\/\/stourm.news\/wp-content\/uploads\/2025\/11\/cropped-Capture-decran-2025-11-28-a-15.19.07.png\",\"contentUrl\":\"https:\/\/stourm.news\/wp-content\/uploads\/2025\/11\/cropped-Capture-decran-2025-11-28-a-15.19.07.png\",\"width\":1855,\"height\":383,\"caption\":\"Stourm\"},\"image\":{\"@id\":\"https:\/\/stourm.news\/#\/schema\/logo\/image\/\"},\"sameAs\":[\"https:\/\/www.facebook.com\/stourmnews\/\"]},{\"@type\":\"Person\",\"@id\":\"https:\/\/stourm.news\/#\/schema\/person\/c3e1dc65988632e190969234ef046cf9\",\"name\":\"La r\u00e9daction\",\"image\":{\"@type\":\"ImageObject\",\"inLanguage\":\"fr-FR\",\"@id\":\"https:\/\/stourm.news\/#\/schema\/person\/image\/\",\"url\":\"https:\/\/secure.gravatar.com\/avatar\/7463443f194b6b5fb706b074ca0ef59a0cfcfd720cb47764b0ec5a952ce422b3?s=96&d=mm&r=g\",\"contentUrl\":\"https:\/\/secure.gravatar.com\/avatar\/7463443f194b6b5fb706b074ca0ef59a0cfcfd720cb47764b0ec5a952ce422b3?s=96&d=mm&r=g\",\"caption\":\"La r\u00e9daction\"},\"sameAs\":[\"https:\/\/stourm.news\"],\"url\":\"https:\/\/stourm.news\/?author=1\"}]}<\/script>\n<!-- \/ Yoast SEO plugin. -->","yoast_head_json":{"title":"Le breton, langue d'\u00e9tat : l'exemple de l'\u00c9tat d'Isra\u00ebl et de l'h\u00e9breu moderne - STOURM","robots":{"index":"index","follow":"follow","max-snippet":"max-snippet:-1","max-image-preview":"max-image-preview:large","max-video-preview":"max-video-preview:-1"},"canonical":"https:\/\/stourm.news\/?p=3238","og_locale":"fr_FR","og_type":"article","og_title":"Le breton, langue d'\u00e9tat : l'exemple de l'\u00c9tat d'Isra\u00ebl et de l'h\u00e9breu moderne - STOURM","og_description":"La derni\u00e8re enqu\u00eate TMO sur la situation de la langue bretonne est sans appel : avec 107000 locuteurs \u00e2g\u00e9s de 58 ans en moyenne, la derni\u00e8re langue celtique du continent europ\u00e9en est menac\u00e9e de disparition \u00e0 court terme. En 1945, la Bretagne comptait plus d&rsquo;un million de bretonnants, pr\u00e8s de 40% de la population bretonne [&hellip;]","og_url":"https:\/\/stourm.news\/?p=3238","og_site_name":"STOURM","article_publisher":"https:\/\/www.facebook.com\/stourmnews\/","article_published_time":"2025-01-23T10:33:49+00:00","article_modified_time":"2025-01-23T10:50:34+00:00","og_image":[{"width":640,"height":360,"url":"https:\/\/stourm.news\/wp-content\/uploads\/2025\/01\/360_F_481939770_n1PXaIXnRyK7gc1Equ7NbA9nEsH7ba9R.jpg","type":"image\/jpeg"}],"author":"La r\u00e9daction","twitter_card":"summary_large_image","twitter_misc":{"\u00c9crit par":"La r\u00e9daction","Dur\u00e9e de lecture estim\u00e9e":"12 minutes"},"schema":{"@context":"https:\/\/schema.org","@graph":[{"@type":"Article","@id":"https:\/\/stourm.news\/?p=3238#article","isPartOf":{"@id":"https:\/\/stourm.news\/?p=3238"},"author":{"name":"La r\u00e9daction","@id":"https:\/\/stourm.news\/#\/schema\/person\/c3e1dc65988632e190969234ef046cf9"},"headline":"Le breton, langue d&rsquo;\u00e9tat : l&rsquo;exemple de l&rsquo;\u00c9tat d&rsquo;Isra\u00ebl et de l&rsquo;h\u00e9breu moderne","datePublished":"2025-01-23T10:33:49+00:00","dateModified":"2025-01-23T10:50:34+00:00","mainEntityOfPage":{"@id":"https:\/\/stourm.news\/?p=3238"},"wordCount":2281,"commentCount":0,"publisher":{"@id":"https:\/\/stourm.news\/#organization"},"image":{"@id":"https:\/\/stourm.news\/?p=3238#primaryimage"},"thumbnailUrl":"https:\/\/stourm.news\/wp-content\/uploads\/2025\/01\/360_F_481939770_n1PXaIXnRyK7gc1Equ7NbA9nEsH7ba9R.jpg","articleSection":["Breizh","Editorial","Principale"],"inLanguage":"fr-FR","potentialAction":[{"@type":"CommentAction","name":"Comment","target":["https:\/\/stourm.news\/?p=3238#respond"]}]},{"@type":"WebPage","@id":"https:\/\/stourm.news\/?p=3238","url":"https:\/\/stourm.news\/?p=3238","name":"Le breton, langue d'\u00e9tat : l'exemple de l'\u00c9tat d'Isra\u00ebl et de l'h\u00e9breu moderne - STOURM","isPartOf":{"@id":"https:\/\/stourm.news\/#website"},"primaryImageOfPage":{"@id":"https:\/\/stourm.news\/?p=3238#primaryimage"},"image":{"@id":"https:\/\/stourm.news\/?p=3238#primaryimage"},"thumbnailUrl":"https:\/\/stourm.news\/wp-content\/uploads\/2025\/01\/360_F_481939770_n1PXaIXnRyK7gc1Equ7NbA9nEsH7ba9R.jpg","datePublished":"2025-01-23T10:33:49+00:00","dateModified":"2025-01-23T10:50:34+00:00","breadcrumb":{"@id":"https:\/\/stourm.news\/?p=3238#breadcrumb"},"inLanguage":"fr-FR","potentialAction":[{"@type":"ReadAction","target":["https:\/\/stourm.news\/?p=3238"]}]},{"@type":"ImageObject","inLanguage":"fr-FR","@id":"https:\/\/stourm.news\/?p=3238#primaryimage","url":"https:\/\/stourm.news\/wp-content\/uploads\/2025\/01\/360_F_481939770_n1PXaIXnRyK7gc1Equ7NbA9nEsH7ba9R.jpg","contentUrl":"https:\/\/stourm.news\/wp-content\/uploads\/2025\/01\/360_F_481939770_n1PXaIXnRyK7gc1Equ7NbA9nEsH7ba9R.jpg","width":640,"height":360},{"@type":"BreadcrumbList","@id":"https:\/\/stourm.news\/?p=3238#breadcrumb","itemListElement":[{"@type":"ListItem","position":1,"name":"Accueil","item":"https:\/\/stourm.news\/"},{"@type":"ListItem","position":2,"name":"Le breton, langue d&rsquo;\u00e9tat : l&rsquo;exemple de l&rsquo;\u00c9tat d&rsquo;Isra\u00ebl et de l&rsquo;h\u00e9breu moderne"}]},{"@type":"WebSite","@id":"https:\/\/stourm.news\/#website","url":"https:\/\/stourm.news\/","name":"Stourm","description":"Kazetenn Strollad Broadel Breizh","publisher":{"@id":"https:\/\/stourm.news\/#organization"},"potentialAction":[{"@type":"SearchAction","target":{"@type":"EntryPoint","urlTemplate":"https:\/\/stourm.news\/?s={search_term_string}"},"query-input":{"@type":"PropertyValueSpecification","valueRequired":true,"valueName":"search_term_string"}}],"inLanguage":"fr-FR"},{"@type":"Organization","@id":"https:\/\/stourm.news\/#organization","name":"Stourm","url":"https:\/\/stourm.news\/","logo":{"@type":"ImageObject","inLanguage":"fr-FR","@id":"https:\/\/stourm.news\/#\/schema\/logo\/image\/","url":"https:\/\/stourm.news\/wp-content\/uploads\/2025\/11\/cropped-Capture-decran-2025-11-28-a-15.19.07.png","contentUrl":"https:\/\/stourm.news\/wp-content\/uploads\/2025\/11\/cropped-Capture-decran-2025-11-28-a-15.19.07.png","width":1855,"height":383,"caption":"Stourm"},"image":{"@id":"https:\/\/stourm.news\/#\/schema\/logo\/image\/"},"sameAs":["https:\/\/www.facebook.com\/stourmnews\/"]},{"@type":"Person","@id":"https:\/\/stourm.news\/#\/schema\/person\/c3e1dc65988632e190969234ef046cf9","name":"La r\u00e9daction","image":{"@type":"ImageObject","inLanguage":"fr-FR","@id":"https:\/\/stourm.news\/#\/schema\/person\/image\/","url":"https:\/\/secure.gravatar.com\/avatar\/7463443f194b6b5fb706b074ca0ef59a0cfcfd720cb47764b0ec5a952ce422b3?s=96&d=mm&r=g","contentUrl":"https:\/\/secure.gravatar.com\/avatar\/7463443f194b6b5fb706b074ca0ef59a0cfcfd720cb47764b0ec5a952ce422b3?s=96&d=mm&r=g","caption":"La r\u00e9daction"},"sameAs":["https:\/\/stourm.news"],"url":"https:\/\/stourm.news\/?author=1"}]}},"_links":{"self":[{"href":"https:\/\/stourm.news\/index.php?rest_route=\/wp\/v2\/posts\/3238","targetHints":{"allow":["GET"]}}],"collection":[{"href":"https:\/\/stourm.news\/index.php?rest_route=\/wp\/v2\/posts"}],"about":[{"href":"https:\/\/stourm.news\/index.php?rest_route=\/wp\/v2\/types\/post"}],"author":[{"embeddable":true,"href":"https:\/\/stourm.news\/index.php?rest_route=\/wp\/v2\/users\/1"}],"replies":[{"embeddable":true,"href":"https:\/\/stourm.news\/index.php?rest_route=%2Fwp%2Fv2%2Fcomments&post=3238"}],"version-history":[{"count":4,"href":"https:\/\/stourm.news\/index.php?rest_route=\/wp\/v2\/posts\/3238\/revisions"}],"predecessor-version":[{"id":3243,"href":"https:\/\/stourm.news\/index.php?rest_route=\/wp\/v2\/posts\/3238\/revisions\/3243"}],"wp:featuredmedia":[{"embeddable":true,"href":"https:\/\/stourm.news\/index.php?rest_route=\/wp\/v2\/media\/3239"}],"wp:attachment":[{"href":"https:\/\/stourm.news\/index.php?rest_route=%2Fwp%2Fv2%2Fmedia&parent=3238"}],"wp:term":[{"taxonomy":"category","embeddable":true,"href":"https:\/\/stourm.news\/index.php?rest_route=%2Fwp%2Fv2%2Fcategories&post=3238"},{"taxonomy":"post_tag","embeddable":true,"href":"https:\/\/stourm.news\/index.php?rest_route=%2Fwp%2Fv2%2Ftags&post=3238"}],"curies":[{"name":"wp","href":"https:\/\/api.w.org\/{rel}","templated":true}]}}