{"id":3245,"date":"2025-01-27T08:24:36","date_gmt":"2025-01-27T08:24:36","guid":{"rendered":"https:\/\/stourm.news\/?p=3245"},"modified":"2025-01-27T08:26:23","modified_gmt":"2025-01-27T08:26:23","slug":"emsav-27-janvier-1879-naissance-de-loeiz-herrieu-defenseur-de-la-langue-bretonne","status":"publish","type":"post","link":"https:\/\/stourm.news\/?p=3245","title":{"rendered":"Emsav : 27 janvier 1879, naissance de Loeiz Herrieu, journaliste, activiste et \u00e9crivain de langue bretonne"},"content":{"rendered":"<p style=\"text-align: justify;\">EMSAV &#8211; <strong>Loeiz Herrieu<\/strong>, ou Louis Henrio comme orthographi\u00e9 \u00e0 l&rsquo;\u00e9tat civil, n\u00e9 le 27 janvier 1879 \u00e0 Lannarst\u00ear (Lanester) et mort le 22 mai 1953 \u00e0 an Alre (Auray), est un \u00e9crivain en breton vannetais, surnomm\u00e9 Er Barh Labour\u00e9r (\u00ab Le barde paysan \u00bb). Fils de cultivateur, le vannetais \u00e9tait sa langue maternelle. Il tient lui-m\u00eame une ferme successivement \u00e0 Lannarst\u00ear (Lanester) et \u00e0 Henbont (Hennebont) avant de finir sa vie \u00e0 an Alre (Auray).<\/p>\n<p style=\"text-align: justify;\">C&rsquo;est \u00e0 An Oriant (Lorient) que d\u00e8s 1898 Louis Henrio fr\u00e9quente l&rsquo;\u00e9quipe du Clocher breton, la revue bilingue litt\u00e9raire de Madeleine Desroseaux et Ren\u00e9 Saib, o\u00f9 il va \u00e9crire lui-m\u00eame \u00e0 partir de 1902. Commence alors un engagement de toute une vie en faveur de sa langue maternelle et de sa culture. Il n&rsquo;a aucun dipl\u00f4me : c&rsquo;est en autodidacte qu&rsquo;il se met \u00e0 \u00e9tudier (sa biblioth\u00e8que compte 4 000 ouvrages en 1944), \u00e0 \u00e9crire, \u00e0 collecter des chants populaires. En 1902, il entre \u00e0 la Gorsedd de Bretagne. Plus tard, il voyage au Pays de Galles et en \u00c9cosse pour des rassemblements interceltiques.<\/p>\n<p style=\"text-align: justify;\">En janvier 1905, aux c\u00f4t\u00e9s d&rsquo;Andr\u00e9 Mellac, il cr\u00e9e la revue mensuelle Dihunamb, enti\u00e8rement en vannetais et il participe au Recueil de m\u00e9lodies bretonnes recueillies dans la campagne d&rsquo;Henri Guillerm o\u00f9 paraissent une douzaine de chants vannetais (en 1905, Guillerm publie \u00e9galement un recueil de 25 chansons du pays de Cornouaille). Avec H. Guillerm, il publie \u00e9galement \u00e0 Kemper (Quimper) en 1911 des M\u00e9lodies Bretonnes.<\/p>\n<p style=\"text-align: justify;\">En 1906, il cr\u00e9e Le R\u00e9veil Breton qui devient Le Pays Breton avant de dispara\u00eetre en 1914. En 1908, il entre au conseil municipal d&rsquo;An Oriant (Lorient). En 1910, il \u00e9pouse Louise Le M\u00e9liner, qui devient aussi sa collaboratrice, rapportant de ses collectages beaucoup de chansons. Il fait partie de l&rsquo;Union r\u00e9gionaliste bretonne (URB), mais la quitte en 1912, en m\u00eame temps que Maurice Duhamel, \u00c9mile Masson, Camille Le Mercier d&rsquo;Erm, Fran\u00e7ois Vall\u00e9e, pour cr\u00e9er la F\u00e9d\u00e9ration r\u00e9gionaliste de Bretagne qui ne survit pas \u00e0 la guerre.<\/p>\n<p style=\"text-align: justify;\">Sous-officier dans l&rsquo;infanterie territoriale pendant les cinq ans de la guerre de 1914-1918, il raconte son exp\u00e9rience dans Kamdro an Ankeu. Durant toute cette guerre, il \u00e9crit plus d&rsquo;un millier de lettres \u00e0 son \u00e9pouse. Entre les deux guerres mondiales, il poursuit son action : travail de collectage, organisation de concours de breton dans les \u00e9coles, et bien s\u00fbr reprise de la revue Dihunamb, cr\u00e9ant les \u00c9ditions Dihunamb. Il organise en 1928, avec le barde Jean-Fran\u00e7ois-Marie Jacob et Andr\u00e9 Mellac, la gorsedd de Locmariaquer.<\/p>\n<p style=\"text-align: justify;\">Pendant la Seconde Guerre mondiale, il est un responsable local du Parti national breton et se trouve \u00eatre l&rsquo;un de ses membres influents dans le Morbihan.<\/p>\n<p><iframe title=\"Loeiz Herrieu haroz pe den null gant Daniel Carr\u00e9\" width=\"500\" height=\"281\" src=\"https:\/\/www.youtube.com\/embed\/TyG2jpxXgiM?feature=oembed\" frameborder=\"0\" allow=\"accelerometer; autoplay; clipboard-write; encrypted-media; gyroscope; picture-in-picture; web-share\" referrerpolicy=\"strict-origin-when-cross-origin\" allowfullscreen><\/iframe><\/p>\n<p style=\"text-align: right;\"><strong>Olwen Kerdrel<\/strong><\/p>\n<p>&nbsp;<\/p>\n","protected":false},"excerpt":{"rendered":"<p>EMSAV &#8211; Loeiz Herrieu, ou Louis Henrio comme orthographi\u00e9 \u00e0 l&rsquo;\u00e9tat civil, n\u00e9 le 27 janvier 1879 \u00e0 Lannarst\u00ear (Lanester) et mort le 22 mai 1953 \u00e0 an Alre (Auray), est un \u00e9crivain en breton vannetais, surnomm\u00e9 Er Barh Labour\u00e9r (\u00ab Le barde paysan \u00bb). Fils de cultivateur, le vannetais \u00e9tait sa langue maternelle. Il [&hellip;]<\/p>\n","protected":false},"author":1,"featured_media":3246,"comment_status":"open","ping_status":"open","sticky":false,"template":"","format":"standard","meta":{"sb_editor_width":"","footnotes":""},"categories":[74,65],"tags":[],"class_list":["post-3245","post","type-post","status-publish","format-standard","has-post-thumbnail","hentry","category-emsav","category-principale"],"relative_dates":{"created":"1 an ago","modified":"1 an ago"},"yoast_head":"<!-- This site is optimized with the Yoast SEO plugin v26.3 - https:\/\/yoast.com\/wordpress\/plugins\/seo\/ -->\n<title>Emsav : 27 janvier 1879, naissance de Loeiz Herrieu, journaliste, activiste et \u00e9crivain de langue bretonne - STOURM<\/title>\n<meta name=\"robots\" content=\"index, follow, max-snippet:-1, max-image-preview:large, max-video-preview:-1\" \/>\n<link rel=\"canonical\" href=\"https:\/\/stourm.news\/?p=3245\" \/>\n<meta property=\"og:locale\" content=\"fr_FR\" \/>\n<meta property=\"og:type\" content=\"article\" \/>\n<meta property=\"og:title\" content=\"Emsav : 27 janvier 1879, naissance de Loeiz Herrieu, journaliste, activiste et \u00e9crivain de langue bretonne - STOURM\" \/>\n<meta property=\"og:description\" content=\"EMSAV &#8211; Loeiz Herrieu, ou Louis Henrio comme orthographi\u00e9 \u00e0 l&rsquo;\u00e9tat civil, n\u00e9 le 27 janvier 1879 \u00e0 Lannarst\u00ear (Lanester) et mort le 22 mai 1953 \u00e0 an Alre (Auray), est un \u00e9crivain en breton vannetais, surnomm\u00e9 Er Barh Labour\u00e9r (\u00ab Le barde paysan \u00bb). Fils de cultivateur, le vannetais \u00e9tait sa langue maternelle. Il [&hellip;]\" \/>\n<meta property=\"og:url\" content=\"https:\/\/stourm.news\/?p=3245\" \/>\n<meta property=\"og:site_name\" content=\"STOURM\" \/>\n<meta property=\"article:publisher\" content=\"https:\/\/www.facebook.com\/stourmnews\/\" \/>\n<meta property=\"article:published_time\" content=\"2025-01-27T08:24:36+00:00\" \/>\n<meta property=\"article:modified_time\" content=\"2025-01-27T08:26:23+00:00\" \/>\n<meta property=\"og:image\" content=\"https:\/\/stourm.news\/wp-content\/uploads\/2025\/01\/115088390_o.jpg\" \/>\n\t<meta property=\"og:image:width\" content=\"1181\" \/>\n\t<meta property=\"og:image:height\" content=\"1192\" \/>\n\t<meta property=\"og:image:type\" content=\"image\/jpeg\" \/>\n<meta name=\"author\" content=\"La r\u00e9daction\" \/>\n<meta name=\"twitter:card\" content=\"summary_large_image\" \/>\n<meta name=\"twitter:label1\" content=\"\u00c9crit par\" \/>\n\t<meta name=\"twitter:data1\" content=\"La r\u00e9daction\" \/>\n\t<meta name=\"twitter:label2\" content=\"Dur\u00e9e de lecture estim\u00e9e\" \/>\n\t<meta name=\"twitter:data2\" content=\"3 minutes\" \/>\n<script type=\"application\/ld+json\" class=\"yoast-schema-graph\">{\"@context\":\"https:\/\/schema.org\",\"@graph\":[{\"@type\":\"Article\",\"@id\":\"https:\/\/stourm.news\/?p=3245#article\",\"isPartOf\":{\"@id\":\"https:\/\/stourm.news\/?p=3245\"},\"author\":{\"name\":\"La r\u00e9daction\",\"@id\":\"https:\/\/stourm.news\/#\/schema\/person\/c3e1dc65988632e190969234ef046cf9\"},\"headline\":\"Emsav : 27 janvier 1879, naissance de Loeiz Herrieu, journaliste, activiste et \u00e9crivain de langue bretonne\",\"datePublished\":\"2025-01-27T08:24:36+00:00\",\"dateModified\":\"2025-01-27T08:26:23+00:00\",\"mainEntityOfPage\":{\"@id\":\"https:\/\/stourm.news\/?p=3245\"},\"wordCount\":473,\"commentCount\":0,\"publisher\":{\"@id\":\"https:\/\/stourm.news\/#organization\"},\"image\":{\"@id\":\"https:\/\/stourm.news\/?p=3245#primaryimage\"},\"thumbnailUrl\":\"https:\/\/stourm.news\/wp-content\/uploads\/2025\/01\/115088390_o.jpg\",\"articleSection\":[\"Emsav\",\"Principale\"],\"inLanguage\":\"fr-FR\",\"potentialAction\":[{\"@type\":\"CommentAction\",\"name\":\"Comment\",\"target\":[\"https:\/\/stourm.news\/?p=3245#respond\"]}]},{\"@type\":\"WebPage\",\"@id\":\"https:\/\/stourm.news\/?p=3245\",\"url\":\"https:\/\/stourm.news\/?p=3245\",\"name\":\"Emsav : 27 janvier 1879, naissance de Loeiz Herrieu, journaliste, activiste et \u00e9crivain de langue bretonne - STOURM\",\"isPartOf\":{\"@id\":\"https:\/\/stourm.news\/#website\"},\"primaryImageOfPage\":{\"@id\":\"https:\/\/stourm.news\/?p=3245#primaryimage\"},\"image\":{\"@id\":\"https:\/\/stourm.news\/?p=3245#primaryimage\"},\"thumbnailUrl\":\"https:\/\/stourm.news\/wp-content\/uploads\/2025\/01\/115088390_o.jpg\",\"datePublished\":\"2025-01-27T08:24:36+00:00\",\"dateModified\":\"2025-01-27T08:26:23+00:00\",\"breadcrumb\":{\"@id\":\"https:\/\/stourm.news\/?p=3245#breadcrumb\"},\"inLanguage\":\"fr-FR\",\"potentialAction\":[{\"@type\":\"ReadAction\",\"target\":[\"https:\/\/stourm.news\/?p=3245\"]}]},{\"@type\":\"ImageObject\",\"inLanguage\":\"fr-FR\",\"@id\":\"https:\/\/stourm.news\/?p=3245#primaryimage\",\"url\":\"https:\/\/stourm.news\/wp-content\/uploads\/2025\/01\/115088390_o.jpg\",\"contentUrl\":\"https:\/\/stourm.news\/wp-content\/uploads\/2025\/01\/115088390_o.jpg\",\"width\":1181,\"height\":1192},{\"@type\":\"BreadcrumbList\",\"@id\":\"https:\/\/stourm.news\/?p=3245#breadcrumb\",\"itemListElement\":[{\"@type\":\"ListItem\",\"position\":1,\"name\":\"Accueil\",\"item\":\"https:\/\/stourm.news\/\"},{\"@type\":\"ListItem\",\"position\":2,\"name\":\"Emsav : 27 janvier 1879, naissance de Loeiz Herrieu, journaliste, activiste et \u00e9crivain de langue bretonne\"}]},{\"@type\":\"WebSite\",\"@id\":\"https:\/\/stourm.news\/#website\",\"url\":\"https:\/\/stourm.news\/\",\"name\":\"Stourm\",\"description\":\"Kazetenn Strollad Broadel Breizh\",\"publisher\":{\"@id\":\"https:\/\/stourm.news\/#organization\"},\"potentialAction\":[{\"@type\":\"SearchAction\",\"target\":{\"@type\":\"EntryPoint\",\"urlTemplate\":\"https:\/\/stourm.news\/?s={search_term_string}\"},\"query-input\":{\"@type\":\"PropertyValueSpecification\",\"valueRequired\":true,\"valueName\":\"search_term_string\"}}],\"inLanguage\":\"fr-FR\"},{\"@type\":\"Organization\",\"@id\":\"https:\/\/stourm.news\/#organization\",\"name\":\"Stourm\",\"url\":\"https:\/\/stourm.news\/\",\"logo\":{\"@type\":\"ImageObject\",\"inLanguage\":\"fr-FR\",\"@id\":\"https:\/\/stourm.news\/#\/schema\/logo\/image\/\",\"url\":\"https:\/\/stourm.news\/wp-content\/uploads\/2025\/11\/cropped-Capture-decran-2025-11-28-a-15.19.07.png\",\"contentUrl\":\"https:\/\/stourm.news\/wp-content\/uploads\/2025\/11\/cropped-Capture-decran-2025-11-28-a-15.19.07.png\",\"width\":1855,\"height\":383,\"caption\":\"Stourm\"},\"image\":{\"@id\":\"https:\/\/stourm.news\/#\/schema\/logo\/image\/\"},\"sameAs\":[\"https:\/\/www.facebook.com\/stourmnews\/\"]},{\"@type\":\"Person\",\"@id\":\"https:\/\/stourm.news\/#\/schema\/person\/c3e1dc65988632e190969234ef046cf9\",\"name\":\"La r\u00e9daction\",\"image\":{\"@type\":\"ImageObject\",\"inLanguage\":\"fr-FR\",\"@id\":\"https:\/\/stourm.news\/#\/schema\/person\/image\/\",\"url\":\"https:\/\/secure.gravatar.com\/avatar\/7463443f194b6b5fb706b074ca0ef59a0cfcfd720cb47764b0ec5a952ce422b3?s=96&d=mm&r=g\",\"contentUrl\":\"https:\/\/secure.gravatar.com\/avatar\/7463443f194b6b5fb706b074ca0ef59a0cfcfd720cb47764b0ec5a952ce422b3?s=96&d=mm&r=g\",\"caption\":\"La r\u00e9daction\"},\"sameAs\":[\"https:\/\/stourm.news\"],\"url\":\"https:\/\/stourm.news\/?author=1\"}]}<\/script>\n<!-- \/ Yoast SEO plugin. -->","yoast_head_json":{"title":"Emsav : 27 janvier 1879, naissance de Loeiz Herrieu, journaliste, activiste et \u00e9crivain de langue bretonne - STOURM","robots":{"index":"index","follow":"follow","max-snippet":"max-snippet:-1","max-image-preview":"max-image-preview:large","max-video-preview":"max-video-preview:-1"},"canonical":"https:\/\/stourm.news\/?p=3245","og_locale":"fr_FR","og_type":"article","og_title":"Emsav : 27 janvier 1879, naissance de Loeiz Herrieu, journaliste, activiste et \u00e9crivain de langue bretonne - STOURM","og_description":"EMSAV &#8211; Loeiz Herrieu, ou Louis Henrio comme orthographi\u00e9 \u00e0 l&rsquo;\u00e9tat civil, n\u00e9 le 27 janvier 1879 \u00e0 Lannarst\u00ear (Lanester) et mort le 22 mai 1953 \u00e0 an Alre (Auray), est un \u00e9crivain en breton vannetais, surnomm\u00e9 Er Barh Labour\u00e9r (\u00ab Le barde paysan \u00bb). Fils de cultivateur, le vannetais \u00e9tait sa langue maternelle. Il [&hellip;]","og_url":"https:\/\/stourm.news\/?p=3245","og_site_name":"STOURM","article_publisher":"https:\/\/www.facebook.com\/stourmnews\/","article_published_time":"2025-01-27T08:24:36+00:00","article_modified_time":"2025-01-27T08:26:23+00:00","og_image":[{"width":1181,"height":1192,"url":"https:\/\/stourm.news\/wp-content\/uploads\/2025\/01\/115088390_o.jpg","type":"image\/jpeg"}],"author":"La r\u00e9daction","twitter_card":"summary_large_image","twitter_misc":{"\u00c9crit par":"La r\u00e9daction","Dur\u00e9e de lecture estim\u00e9e":"3 minutes"},"schema":{"@context":"https:\/\/schema.org","@graph":[{"@type":"Article","@id":"https:\/\/stourm.news\/?p=3245#article","isPartOf":{"@id":"https:\/\/stourm.news\/?p=3245"},"author":{"name":"La r\u00e9daction","@id":"https:\/\/stourm.news\/#\/schema\/person\/c3e1dc65988632e190969234ef046cf9"},"headline":"Emsav : 27 janvier 1879, naissance de Loeiz Herrieu, journaliste, activiste et \u00e9crivain de langue bretonne","datePublished":"2025-01-27T08:24:36+00:00","dateModified":"2025-01-27T08:26:23+00:00","mainEntityOfPage":{"@id":"https:\/\/stourm.news\/?p=3245"},"wordCount":473,"commentCount":0,"publisher":{"@id":"https:\/\/stourm.news\/#organization"},"image":{"@id":"https:\/\/stourm.news\/?p=3245#primaryimage"},"thumbnailUrl":"https:\/\/stourm.news\/wp-content\/uploads\/2025\/01\/115088390_o.jpg","articleSection":["Emsav","Principale"],"inLanguage":"fr-FR","potentialAction":[{"@type":"CommentAction","name":"Comment","target":["https:\/\/stourm.news\/?p=3245#respond"]}]},{"@type":"WebPage","@id":"https:\/\/stourm.news\/?p=3245","url":"https:\/\/stourm.news\/?p=3245","name":"Emsav : 27 janvier 1879, naissance de Loeiz Herrieu, journaliste, activiste et \u00e9crivain de langue bretonne - STOURM","isPartOf":{"@id":"https:\/\/stourm.news\/#website"},"primaryImageOfPage":{"@id":"https:\/\/stourm.news\/?p=3245#primaryimage"},"image":{"@id":"https:\/\/stourm.news\/?p=3245#primaryimage"},"thumbnailUrl":"https:\/\/stourm.news\/wp-content\/uploads\/2025\/01\/115088390_o.jpg","datePublished":"2025-01-27T08:24:36+00:00","dateModified":"2025-01-27T08:26:23+00:00","breadcrumb":{"@id":"https:\/\/stourm.news\/?p=3245#breadcrumb"},"inLanguage":"fr-FR","potentialAction":[{"@type":"ReadAction","target":["https:\/\/stourm.news\/?p=3245"]}]},{"@type":"ImageObject","inLanguage":"fr-FR","@id":"https:\/\/stourm.news\/?p=3245#primaryimage","url":"https:\/\/stourm.news\/wp-content\/uploads\/2025\/01\/115088390_o.jpg","contentUrl":"https:\/\/stourm.news\/wp-content\/uploads\/2025\/01\/115088390_o.jpg","width":1181,"height":1192},{"@type":"BreadcrumbList","@id":"https:\/\/stourm.news\/?p=3245#breadcrumb","itemListElement":[{"@type":"ListItem","position":1,"name":"Accueil","item":"https:\/\/stourm.news\/"},{"@type":"ListItem","position":2,"name":"Emsav : 27 janvier 1879, naissance de Loeiz Herrieu, journaliste, activiste et \u00e9crivain de langue bretonne"}]},{"@type":"WebSite","@id":"https:\/\/stourm.news\/#website","url":"https:\/\/stourm.news\/","name":"Stourm","description":"Kazetenn Strollad Broadel Breizh","publisher":{"@id":"https:\/\/stourm.news\/#organization"},"potentialAction":[{"@type":"SearchAction","target":{"@type":"EntryPoint","urlTemplate":"https:\/\/stourm.news\/?s={search_term_string}"},"query-input":{"@type":"PropertyValueSpecification","valueRequired":true,"valueName":"search_term_string"}}],"inLanguage":"fr-FR"},{"@type":"Organization","@id":"https:\/\/stourm.news\/#organization","name":"Stourm","url":"https:\/\/stourm.news\/","logo":{"@type":"ImageObject","inLanguage":"fr-FR","@id":"https:\/\/stourm.news\/#\/schema\/logo\/image\/","url":"https:\/\/stourm.news\/wp-content\/uploads\/2025\/11\/cropped-Capture-decran-2025-11-28-a-15.19.07.png","contentUrl":"https:\/\/stourm.news\/wp-content\/uploads\/2025\/11\/cropped-Capture-decran-2025-11-28-a-15.19.07.png","width":1855,"height":383,"caption":"Stourm"},"image":{"@id":"https:\/\/stourm.news\/#\/schema\/logo\/image\/"},"sameAs":["https:\/\/www.facebook.com\/stourmnews\/"]},{"@type":"Person","@id":"https:\/\/stourm.news\/#\/schema\/person\/c3e1dc65988632e190969234ef046cf9","name":"La r\u00e9daction","image":{"@type":"ImageObject","inLanguage":"fr-FR","@id":"https:\/\/stourm.news\/#\/schema\/person\/image\/","url":"https:\/\/secure.gravatar.com\/avatar\/7463443f194b6b5fb706b074ca0ef59a0cfcfd720cb47764b0ec5a952ce422b3?s=96&d=mm&r=g","contentUrl":"https:\/\/secure.gravatar.com\/avatar\/7463443f194b6b5fb706b074ca0ef59a0cfcfd720cb47764b0ec5a952ce422b3?s=96&d=mm&r=g","caption":"La r\u00e9daction"},"sameAs":["https:\/\/stourm.news"],"url":"https:\/\/stourm.news\/?author=1"}]}},"_links":{"self":[{"href":"https:\/\/stourm.news\/index.php?rest_route=\/wp\/v2\/posts\/3245","targetHints":{"allow":["GET"]}}],"collection":[{"href":"https:\/\/stourm.news\/index.php?rest_route=\/wp\/v2\/posts"}],"about":[{"href":"https:\/\/stourm.news\/index.php?rest_route=\/wp\/v2\/types\/post"}],"author":[{"embeddable":true,"href":"https:\/\/stourm.news\/index.php?rest_route=\/wp\/v2\/users\/1"}],"replies":[{"embeddable":true,"href":"https:\/\/stourm.news\/index.php?rest_route=%2Fwp%2Fv2%2Fcomments&post=3245"}],"version-history":[{"count":3,"href":"https:\/\/stourm.news\/index.php?rest_route=\/wp\/v2\/posts\/3245\/revisions"}],"predecessor-version":[{"id":3249,"href":"https:\/\/stourm.news\/index.php?rest_route=\/wp\/v2\/posts\/3245\/revisions\/3249"}],"wp:featuredmedia":[{"embeddable":true,"href":"https:\/\/stourm.news\/index.php?rest_route=\/wp\/v2\/media\/3246"}],"wp:attachment":[{"href":"https:\/\/stourm.news\/index.php?rest_route=%2Fwp%2Fv2%2Fmedia&parent=3245"}],"wp:term":[{"taxonomy":"category","embeddable":true,"href":"https:\/\/stourm.news\/index.php?rest_route=%2Fwp%2Fv2%2Fcategories&post=3245"},{"taxonomy":"post_tag","embeddable":true,"href":"https:\/\/stourm.news\/index.php?rest_route=%2Fwp%2Fv2%2Ftags&post=3245"}],"curies":[{"name":"wp","href":"https:\/\/api.w.org\/{rel}","templated":true}]}}