{"id":3250,"date":"2025-01-27T08:53:11","date_gmt":"2025-01-27T08:53:11","guid":{"rendered":"https:\/\/stourm.news\/?p=3250"},"modified":"2025-01-27T08:53:11","modified_gmt":"2025-01-27T08:53:11","slug":"herve-ar-gall-appelle-a-la-mobilisation-pour-sauver-la-langue-bretonne-de-sa-destruction-par-letat-francais","status":"publish","type":"post","link":"https:\/\/stourm.news\/?p=3250","title":{"rendered":"Herv\u00e9 Ar Gall appelle \u00e0 la mobilisation pour sauver la langue bretonne de sa destruction par l&rsquo;\u00c9tat fran\u00e7ais"},"content":{"rendered":"<p style=\"text-align: justify;\">Tandis que 214 000 bretonnants \u00e9taient recens\u00e9s, en 2018, <strong>seulement 107 000 ont \u00e9t\u00e9 recens\u00e9s, en 2024<\/strong>, d\u2019apr\u00e8s une \u00e9tude r\u00e9alis\u00e9e par l\u2019Institut TMO, l&rsquo;auteur Herv\u00e9 Ar Gall souligne que les jeunes bretonnants sortant du syst\u00e8me scolaire <strong>ne suffisent pas<\/strong> \u00e0 assurer la rel\u00e8ve des anciens qui d\u00e9c\u00e8dent chaque ann\u00e9e.<\/p>\n<p style=\"text-align: justify;\"><strong>\u00ab Ce qui est tr\u00e8s inqui\u00e9tant dans le pays du Centre Ouest-Bretagne, c\u2019est le petit nombre d\u2019\u00e9l\u00e8ves bilingues inscrits dans les coll\u00e8ges, seulement 58 coll\u00e9giens inscrits en bilingues en 2024. Dans la Communaut\u00e9 de communes du Kreiz Breizh, on passe ainsi de 16,9 % d\u2019\u00e9l\u00e8ves bilingues dans les \u00e9coles primaires \u00e0 3,7 % en coll\u00e8ges. Et, dans Poher communaut\u00e9, de 16,3 % \u00e0 3,5 %. Il y a un bon nombre d\u2019\u00e9l\u00e8ves bilingues en primaire et tr\u00e8s peu dans les coll\u00e8ges. Nous sommes en situation d\u2019urgence absolue, il est grand temps de se mobiliser pour sauver la langue \u00bb<\/strong>, explique-t-il dans le journal Le T\u00e9l\u00e9gramme.<\/p>\n<p style=\"text-align: justify;\">Comme nous l&rsquo;indiquions dans notre article <em><strong><a href=\"https:\/\/stourm.news\/?p=3216\">Le temps est venu d\u2019une r\u00e9volution linguistique pour sauver et faire rena\u00eetre la langue bretonne<\/a><\/strong>,\u00a0<\/em>la d\u00e9termination fondamentale de l&rsquo;\u00c9tat fran\u00e7ais \u00e0 d\u00e9truire la langue bretonne dans le cadre de sa politique d&rsquo;assimilation du peuple breton interdit toute r\u00e9forme dans le cadre du syst\u00e8me hexagonal.<\/p>\n<p style=\"text-align: justify;\">La renaissance de la langue bretonne ne peut pas \u00eatre r\u00e9solue en dehors de son cadre national. La question essentielle est donc pos\u00e9e : celle de l&rsquo;autonomie nationale imm\u00e9diate de la Bretagne sans laquelle les mesures urgentes ne seront pas prises, mais combattue par l&rsquo;\u00c9tat fran\u00e7ais, \u00e0 commencer par l&rsquo;enseignement obligatoire de la langue bretonne \u00e0 l&rsquo;\u00e9cole.<\/p>\n<p style=\"text-align: justify;\">Jusqu&rsquo;\u00e0 pr\u00e9sent, en raison d&rsquo;une subordination politique g\u00e9n\u00e9ralis\u00e9e de la Bretagne \u00e0 Paris et \u00e0 la France, la question de l&rsquo;autonomie nationale (puis de l&rsquo;ind\u00e9pendance) a \u00e9t\u00e9 syst\u00e9matiquement coup\u00e9e de la question linguistique, aboutissant \u00e0 l&rsquo;impasse actuelle : faute de pression politique organis\u00e9e et d\u00e9termin\u00e9e, l&rsquo;\u00c9tat fran\u00e7ais n&rsquo;a aucune raison de reculer. La d\u00e9politisation de la Bretagne est la principale raison de l&rsquo;absence de r\u00e9action populaire face \u00e0 cette entreprise de destruction de la langue nationale. Seule sa politisation des masses bretonnes l&rsquo;inversera et cela passe par la structuration d&rsquo;un mouvement nationaliste sur l&rsquo;ensemble du territoire breton. Tout le reste est d\u00e9nu\u00e9 d&rsquo;int\u00e9r\u00eat et vou\u00e9 \u00e0 l&rsquo;\u00e9chec.<\/p>\n<p style=\"text-align: right;\"><strong>Ewen Broc&rsquo;han<\/strong><\/p>\n<p>&nbsp;<\/p>\n<p>&nbsp;<\/p>\n<p style=\"text-align: justify;\">\n","protected":false},"excerpt":{"rendered":"<p>Tandis que 214 000 bretonnants \u00e9taient recens\u00e9s, en 2018, seulement 107 000 ont \u00e9t\u00e9 recens\u00e9s, en 2024, d\u2019apr\u00e8s une \u00e9tude r\u00e9alis\u00e9e par l\u2019Institut TMO, l&rsquo;auteur Herv\u00e9 Ar Gall souligne que les jeunes bretonnants sortant du syst\u00e8me scolaire ne suffisent pas \u00e0 assurer la rel\u00e8ve des anciens qui d\u00e9c\u00e8dent chaque ann\u00e9e. \u00ab Ce qui est tr\u00e8s [&hellip;]<\/p>\n","protected":false},"author":1,"featured_media":3251,"comment_status":"open","ping_status":"open","sticky":false,"template":"","format":"standard","meta":{"sb_editor_width":"","footnotes":""},"categories":[63,65],"tags":[],"class_list":["post-3250","post","type-post","status-publish","format-standard","has-post-thumbnail","hentry","category-editorial","category-principale"],"relative_dates":{"created":"1 an ago","modified":"1 an ago"},"yoast_head":"<!-- This site is optimized with the Yoast SEO plugin v26.3 - https:\/\/yoast.com\/wordpress\/plugins\/seo\/ -->\n<title>Herv\u00e9 Ar Gall appelle \u00e0 la mobilisation pour sauver la langue bretonne de sa destruction par l&#039;\u00c9tat fran\u00e7ais - STOURM<\/title>\n<meta name=\"robots\" content=\"index, follow, max-snippet:-1, max-image-preview:large, max-video-preview:-1\" \/>\n<link rel=\"canonical\" href=\"https:\/\/stourm.news\/?p=3250\" \/>\n<meta property=\"og:locale\" content=\"fr_FR\" \/>\n<meta property=\"og:type\" content=\"article\" \/>\n<meta property=\"og:title\" content=\"Herv\u00e9 Ar Gall appelle \u00e0 la mobilisation pour sauver la langue bretonne de sa destruction par l&#039;\u00c9tat fran\u00e7ais - STOURM\" \/>\n<meta property=\"og:description\" content=\"Tandis que 214 000 bretonnants \u00e9taient recens\u00e9s, en 2018, seulement 107 000 ont \u00e9t\u00e9 recens\u00e9s, en 2024, d\u2019apr\u00e8s une \u00e9tude r\u00e9alis\u00e9e par l\u2019Institut TMO, l&rsquo;auteur Herv\u00e9 Ar Gall souligne que les jeunes bretonnants sortant du syst\u00e8me scolaire ne suffisent pas \u00e0 assurer la rel\u00e8ve des anciens qui d\u00e9c\u00e8dent chaque ann\u00e9e. \u00ab Ce qui est tr\u00e8s [&hellip;]\" \/>\n<meta property=\"og:url\" content=\"https:\/\/stourm.news\/?p=3250\" \/>\n<meta property=\"og:site_name\" content=\"STOURM\" \/>\n<meta property=\"article:publisher\" content=\"https:\/\/www.facebook.com\/stourmnews\/\" \/>\n<meta property=\"article:published_time\" content=\"2025-01-27T08:53:11+00:00\" \/>\n<meta property=\"og:image\" content=\"https:\/\/stourm.news\/wp-content\/uploads\/2025\/01\/6384c99cb8ded050c56b269f.webp\" \/>\n\t<meta property=\"og:image:width\" content=\"1200\" \/>\n\t<meta property=\"og:image:height\" content=\"750\" \/>\n\t<meta property=\"og:image:type\" content=\"image\/webp\" \/>\n<meta name=\"author\" content=\"La r\u00e9daction\" \/>\n<meta name=\"twitter:card\" content=\"summary_large_image\" \/>\n<meta name=\"twitter:label1\" content=\"\u00c9crit par\" \/>\n\t<meta name=\"twitter:data1\" content=\"La r\u00e9daction\" \/>\n\t<meta name=\"twitter:label2\" content=\"Dur\u00e9e de lecture estim\u00e9e\" \/>\n\t<meta name=\"twitter:data2\" content=\"2 minutes\" \/>\n<script type=\"application\/ld+json\" class=\"yoast-schema-graph\">{\"@context\":\"https:\/\/schema.org\",\"@graph\":[{\"@type\":\"Article\",\"@id\":\"https:\/\/stourm.news\/?p=3250#article\",\"isPartOf\":{\"@id\":\"https:\/\/stourm.news\/?p=3250\"},\"author\":{\"name\":\"La r\u00e9daction\",\"@id\":\"https:\/\/stourm.news\/#\/schema\/person\/c3e1dc65988632e190969234ef046cf9\"},\"headline\":\"Herv\u00e9 Ar Gall appelle \u00e0 la mobilisation pour sauver la langue bretonne de sa destruction par l&rsquo;\u00c9tat fran\u00e7ais\",\"datePublished\":\"2025-01-27T08:53:11+00:00\",\"mainEntityOfPage\":{\"@id\":\"https:\/\/stourm.news\/?p=3250\"},\"wordCount\":440,\"commentCount\":0,\"publisher\":{\"@id\":\"https:\/\/stourm.news\/#organization\"},\"image\":{\"@id\":\"https:\/\/stourm.news\/?p=3250#primaryimage\"},\"thumbnailUrl\":\"https:\/\/stourm.news\/wp-content\/uploads\/2025\/01\/6384c99cb8ded050c56b269f.webp\",\"articleSection\":[\"Editorial\",\"Principale\"],\"inLanguage\":\"fr-FR\",\"potentialAction\":[{\"@type\":\"CommentAction\",\"name\":\"Comment\",\"target\":[\"https:\/\/stourm.news\/?p=3250#respond\"]}]},{\"@type\":\"WebPage\",\"@id\":\"https:\/\/stourm.news\/?p=3250\",\"url\":\"https:\/\/stourm.news\/?p=3250\",\"name\":\"Herv\u00e9 Ar Gall appelle \u00e0 la mobilisation pour sauver la langue bretonne de sa destruction par l'\u00c9tat fran\u00e7ais - STOURM\",\"isPartOf\":{\"@id\":\"https:\/\/stourm.news\/#website\"},\"primaryImageOfPage\":{\"@id\":\"https:\/\/stourm.news\/?p=3250#primaryimage\"},\"image\":{\"@id\":\"https:\/\/stourm.news\/?p=3250#primaryimage\"},\"thumbnailUrl\":\"https:\/\/stourm.news\/wp-content\/uploads\/2025\/01\/6384c99cb8ded050c56b269f.webp\",\"datePublished\":\"2025-01-27T08:53:11+00:00\",\"breadcrumb\":{\"@id\":\"https:\/\/stourm.news\/?p=3250#breadcrumb\"},\"inLanguage\":\"fr-FR\",\"potentialAction\":[{\"@type\":\"ReadAction\",\"target\":[\"https:\/\/stourm.news\/?p=3250\"]}]},{\"@type\":\"ImageObject\",\"inLanguage\":\"fr-FR\",\"@id\":\"https:\/\/stourm.news\/?p=3250#primaryimage\",\"url\":\"https:\/\/stourm.news\/wp-content\/uploads\/2025\/01\/6384c99cb8ded050c56b269f.webp\",\"contentUrl\":\"https:\/\/stourm.news\/wp-content\/uploads\/2025\/01\/6384c99cb8ded050c56b269f.webp\",\"width\":1200,\"height\":750},{\"@type\":\"BreadcrumbList\",\"@id\":\"https:\/\/stourm.news\/?p=3250#breadcrumb\",\"itemListElement\":[{\"@type\":\"ListItem\",\"position\":1,\"name\":\"Accueil\",\"item\":\"https:\/\/stourm.news\/\"},{\"@type\":\"ListItem\",\"position\":2,\"name\":\"Herv\u00e9 Ar Gall appelle \u00e0 la mobilisation pour sauver la langue bretonne de sa destruction par l&rsquo;\u00c9tat fran\u00e7ais\"}]},{\"@type\":\"WebSite\",\"@id\":\"https:\/\/stourm.news\/#website\",\"url\":\"https:\/\/stourm.news\/\",\"name\":\"Stourm\",\"description\":\"Kazetenn Strollad Broadel Breizh\",\"publisher\":{\"@id\":\"https:\/\/stourm.news\/#organization\"},\"potentialAction\":[{\"@type\":\"SearchAction\",\"target\":{\"@type\":\"EntryPoint\",\"urlTemplate\":\"https:\/\/stourm.news\/?s={search_term_string}\"},\"query-input\":{\"@type\":\"PropertyValueSpecification\",\"valueRequired\":true,\"valueName\":\"search_term_string\"}}],\"inLanguage\":\"fr-FR\"},{\"@type\":\"Organization\",\"@id\":\"https:\/\/stourm.news\/#organization\",\"name\":\"Stourm\",\"url\":\"https:\/\/stourm.news\/\",\"logo\":{\"@type\":\"ImageObject\",\"inLanguage\":\"fr-FR\",\"@id\":\"https:\/\/stourm.news\/#\/schema\/logo\/image\/\",\"url\":\"https:\/\/stourm.news\/wp-content\/uploads\/2025\/11\/cropped-Capture-decran-2025-11-28-a-15.19.07.png\",\"contentUrl\":\"https:\/\/stourm.news\/wp-content\/uploads\/2025\/11\/cropped-Capture-decran-2025-11-28-a-15.19.07.png\",\"width\":1855,\"height\":383,\"caption\":\"Stourm\"},\"image\":{\"@id\":\"https:\/\/stourm.news\/#\/schema\/logo\/image\/\"},\"sameAs\":[\"https:\/\/www.facebook.com\/stourmnews\/\"]},{\"@type\":\"Person\",\"@id\":\"https:\/\/stourm.news\/#\/schema\/person\/c3e1dc65988632e190969234ef046cf9\",\"name\":\"La r\u00e9daction\",\"image\":{\"@type\":\"ImageObject\",\"inLanguage\":\"fr-FR\",\"@id\":\"https:\/\/stourm.news\/#\/schema\/person\/image\/\",\"url\":\"https:\/\/secure.gravatar.com\/avatar\/7463443f194b6b5fb706b074ca0ef59a0cfcfd720cb47764b0ec5a952ce422b3?s=96&d=mm&r=g\",\"contentUrl\":\"https:\/\/secure.gravatar.com\/avatar\/7463443f194b6b5fb706b074ca0ef59a0cfcfd720cb47764b0ec5a952ce422b3?s=96&d=mm&r=g\",\"caption\":\"La r\u00e9daction\"},\"sameAs\":[\"https:\/\/stourm.news\"],\"url\":\"https:\/\/stourm.news\/?author=1\"}]}<\/script>\n<!-- \/ Yoast SEO plugin. -->","yoast_head_json":{"title":"Herv\u00e9 Ar Gall appelle \u00e0 la mobilisation pour sauver la langue bretonne de sa destruction par l'\u00c9tat fran\u00e7ais - STOURM","robots":{"index":"index","follow":"follow","max-snippet":"max-snippet:-1","max-image-preview":"max-image-preview:large","max-video-preview":"max-video-preview:-1"},"canonical":"https:\/\/stourm.news\/?p=3250","og_locale":"fr_FR","og_type":"article","og_title":"Herv\u00e9 Ar Gall appelle \u00e0 la mobilisation pour sauver la langue bretonne de sa destruction par l'\u00c9tat fran\u00e7ais - STOURM","og_description":"Tandis que 214 000 bretonnants \u00e9taient recens\u00e9s, en 2018, seulement 107 000 ont \u00e9t\u00e9 recens\u00e9s, en 2024, d\u2019apr\u00e8s une \u00e9tude r\u00e9alis\u00e9e par l\u2019Institut TMO, l&rsquo;auteur Herv\u00e9 Ar Gall souligne que les jeunes bretonnants sortant du syst\u00e8me scolaire ne suffisent pas \u00e0 assurer la rel\u00e8ve des anciens qui d\u00e9c\u00e8dent chaque ann\u00e9e. \u00ab Ce qui est tr\u00e8s [&hellip;]","og_url":"https:\/\/stourm.news\/?p=3250","og_site_name":"STOURM","article_publisher":"https:\/\/www.facebook.com\/stourmnews\/","article_published_time":"2025-01-27T08:53:11+00:00","og_image":[{"width":1200,"height":750,"url":"https:\/\/stourm.news\/wp-content\/uploads\/2025\/01\/6384c99cb8ded050c56b269f.webp","type":"image\/webp"}],"author":"La r\u00e9daction","twitter_card":"summary_large_image","twitter_misc":{"\u00c9crit par":"La r\u00e9daction","Dur\u00e9e de lecture estim\u00e9e":"2 minutes"},"schema":{"@context":"https:\/\/schema.org","@graph":[{"@type":"Article","@id":"https:\/\/stourm.news\/?p=3250#article","isPartOf":{"@id":"https:\/\/stourm.news\/?p=3250"},"author":{"name":"La r\u00e9daction","@id":"https:\/\/stourm.news\/#\/schema\/person\/c3e1dc65988632e190969234ef046cf9"},"headline":"Herv\u00e9 Ar Gall appelle \u00e0 la mobilisation pour sauver la langue bretonne de sa destruction par l&rsquo;\u00c9tat fran\u00e7ais","datePublished":"2025-01-27T08:53:11+00:00","mainEntityOfPage":{"@id":"https:\/\/stourm.news\/?p=3250"},"wordCount":440,"commentCount":0,"publisher":{"@id":"https:\/\/stourm.news\/#organization"},"image":{"@id":"https:\/\/stourm.news\/?p=3250#primaryimage"},"thumbnailUrl":"https:\/\/stourm.news\/wp-content\/uploads\/2025\/01\/6384c99cb8ded050c56b269f.webp","articleSection":["Editorial","Principale"],"inLanguage":"fr-FR","potentialAction":[{"@type":"CommentAction","name":"Comment","target":["https:\/\/stourm.news\/?p=3250#respond"]}]},{"@type":"WebPage","@id":"https:\/\/stourm.news\/?p=3250","url":"https:\/\/stourm.news\/?p=3250","name":"Herv\u00e9 Ar Gall appelle \u00e0 la mobilisation pour sauver la langue bretonne de sa destruction par l'\u00c9tat fran\u00e7ais - STOURM","isPartOf":{"@id":"https:\/\/stourm.news\/#website"},"primaryImageOfPage":{"@id":"https:\/\/stourm.news\/?p=3250#primaryimage"},"image":{"@id":"https:\/\/stourm.news\/?p=3250#primaryimage"},"thumbnailUrl":"https:\/\/stourm.news\/wp-content\/uploads\/2025\/01\/6384c99cb8ded050c56b269f.webp","datePublished":"2025-01-27T08:53:11+00:00","breadcrumb":{"@id":"https:\/\/stourm.news\/?p=3250#breadcrumb"},"inLanguage":"fr-FR","potentialAction":[{"@type":"ReadAction","target":["https:\/\/stourm.news\/?p=3250"]}]},{"@type":"ImageObject","inLanguage":"fr-FR","@id":"https:\/\/stourm.news\/?p=3250#primaryimage","url":"https:\/\/stourm.news\/wp-content\/uploads\/2025\/01\/6384c99cb8ded050c56b269f.webp","contentUrl":"https:\/\/stourm.news\/wp-content\/uploads\/2025\/01\/6384c99cb8ded050c56b269f.webp","width":1200,"height":750},{"@type":"BreadcrumbList","@id":"https:\/\/stourm.news\/?p=3250#breadcrumb","itemListElement":[{"@type":"ListItem","position":1,"name":"Accueil","item":"https:\/\/stourm.news\/"},{"@type":"ListItem","position":2,"name":"Herv\u00e9 Ar Gall appelle \u00e0 la mobilisation pour sauver la langue bretonne de sa destruction par l&rsquo;\u00c9tat fran\u00e7ais"}]},{"@type":"WebSite","@id":"https:\/\/stourm.news\/#website","url":"https:\/\/stourm.news\/","name":"Stourm","description":"Kazetenn Strollad Broadel Breizh","publisher":{"@id":"https:\/\/stourm.news\/#organization"},"potentialAction":[{"@type":"SearchAction","target":{"@type":"EntryPoint","urlTemplate":"https:\/\/stourm.news\/?s={search_term_string}"},"query-input":{"@type":"PropertyValueSpecification","valueRequired":true,"valueName":"search_term_string"}}],"inLanguage":"fr-FR"},{"@type":"Organization","@id":"https:\/\/stourm.news\/#organization","name":"Stourm","url":"https:\/\/stourm.news\/","logo":{"@type":"ImageObject","inLanguage":"fr-FR","@id":"https:\/\/stourm.news\/#\/schema\/logo\/image\/","url":"https:\/\/stourm.news\/wp-content\/uploads\/2025\/11\/cropped-Capture-decran-2025-11-28-a-15.19.07.png","contentUrl":"https:\/\/stourm.news\/wp-content\/uploads\/2025\/11\/cropped-Capture-decran-2025-11-28-a-15.19.07.png","width":1855,"height":383,"caption":"Stourm"},"image":{"@id":"https:\/\/stourm.news\/#\/schema\/logo\/image\/"},"sameAs":["https:\/\/www.facebook.com\/stourmnews\/"]},{"@type":"Person","@id":"https:\/\/stourm.news\/#\/schema\/person\/c3e1dc65988632e190969234ef046cf9","name":"La r\u00e9daction","image":{"@type":"ImageObject","inLanguage":"fr-FR","@id":"https:\/\/stourm.news\/#\/schema\/person\/image\/","url":"https:\/\/secure.gravatar.com\/avatar\/7463443f194b6b5fb706b074ca0ef59a0cfcfd720cb47764b0ec5a952ce422b3?s=96&d=mm&r=g","contentUrl":"https:\/\/secure.gravatar.com\/avatar\/7463443f194b6b5fb706b074ca0ef59a0cfcfd720cb47764b0ec5a952ce422b3?s=96&d=mm&r=g","caption":"La r\u00e9daction"},"sameAs":["https:\/\/stourm.news"],"url":"https:\/\/stourm.news\/?author=1"}]}},"_links":{"self":[{"href":"https:\/\/stourm.news\/index.php?rest_route=\/wp\/v2\/posts\/3250","targetHints":{"allow":["GET"]}}],"collection":[{"href":"https:\/\/stourm.news\/index.php?rest_route=\/wp\/v2\/posts"}],"about":[{"href":"https:\/\/stourm.news\/index.php?rest_route=\/wp\/v2\/types\/post"}],"author":[{"embeddable":true,"href":"https:\/\/stourm.news\/index.php?rest_route=\/wp\/v2\/users\/1"}],"replies":[{"embeddable":true,"href":"https:\/\/stourm.news\/index.php?rest_route=%2Fwp%2Fv2%2Fcomments&post=3250"}],"version-history":[{"count":1,"href":"https:\/\/stourm.news\/index.php?rest_route=\/wp\/v2\/posts\/3250\/revisions"}],"predecessor-version":[{"id":3252,"href":"https:\/\/stourm.news\/index.php?rest_route=\/wp\/v2\/posts\/3250\/revisions\/3252"}],"wp:featuredmedia":[{"embeddable":true,"href":"https:\/\/stourm.news\/index.php?rest_route=\/wp\/v2\/media\/3251"}],"wp:attachment":[{"href":"https:\/\/stourm.news\/index.php?rest_route=%2Fwp%2Fv2%2Fmedia&parent=3250"}],"wp:term":[{"taxonomy":"category","embeddable":true,"href":"https:\/\/stourm.news\/index.php?rest_route=%2Fwp%2Fv2%2Fcategories&post=3250"},{"taxonomy":"post_tag","embeddable":true,"href":"https:\/\/stourm.news\/index.php?rest_route=%2Fwp%2Fv2%2Ftags&post=3250"}],"curies":[{"name":"wp","href":"https:\/\/api.w.org\/{rel}","templated":true}]}}