{"id":3258,"date":"2025-01-28T08:44:36","date_gmt":"2025-01-28T08:44:36","guid":{"rendered":"https:\/\/stourm.news\/?p=3258"},"modified":"2025-01-28T08:47:07","modified_gmt":"2025-01-28T08:47:07","slug":"plouedern-lultra-gauche-incendie-le-siege-social-dune-cooperative-agricole","status":"publish","type":"post","link":"https:\/\/stourm.news\/?p=3258","title":{"rendered":"Plouedern : l&rsquo;ultra-gauche incendie le si\u00e8ge social d&rsquo;une coop\u00e9rative agricole, 116 emplois vis\u00e9s"},"content":{"rendered":"<p style=\"text-align: justify;\"><strong>De lourds d\u00e9g\u00e2ts<\/strong> et un collectif au nom curieux possiblement derri\u00e8re les faits. <strong>Un incendie<\/strong> survenu dans le si\u00e8ge social d\u2019une coop\u00e9rative d\u2019\u00e9leveurs de porcs \u00e0 Plou\u00e9dern (Finist\u00e8re) samedi a provoqu\u00e9 <strong>plusieurs centaines de milliers d\u2019euros de d\u00e9g\u00e2ts<\/strong> et a \u00e9t\u00e9 revendiqu\u00e9 sur Internet, a annonc\u00e9 lundi la coop\u00e9rative Evel\u2019Up.<\/p>\n<p style=\"text-align: justify;\">\u00ab Le b\u00e2timent a r\u00e9sist\u00e9, les d\u00e9parts de feux ont \u00e9t\u00e9 ma\u00eetris\u00e9s. Les locaux, impr\u00e9gn\u00e9s de suie et de gaz toxiques sont inutilisables pour plusieurs semaines. <strong>Du mat\u00e9riel a \u00e9t\u00e9 d\u00e9truit et une premi\u00e8re estimation des d\u00e9g\u00e2ts s\u2019\u00e9l\u00e8ve \u00e0 plusieurs centaines de milliers d\u2019euros<\/strong> \u00bb, a annonc\u00e9 dans un communiqu\u00e9 la coop\u00e9rative agricole, qui regroupe 680 \u00e9leveurs de porcs et emploie <strong>116 personnes.<\/strong><\/p>\n<p style=\"text-align: justify;\">Evel\u2019Up attribue cet incendie, intervenu samedi \u00e0 4 heures du matin, \u00e0 des \u00ab activistes \u00bb qui auraient \u00ab fractur\u00e9 des vitrages \u00bb, puis introduit des <strong>\u00ab engins incendiaires dans le b\u00e2timent principal \u00bb<\/strong> avant d\u2019\u00eatre mis en fuite par les alarmes. \u00ab Les gendarmes et pompiers ont confirm\u00e9 <strong>le caract\u00e8re criminel et intentionnel<\/strong> de cette action \u00bb, a soulign\u00e9 la coop\u00e9rative.<\/p>\n<p style=\"text-align: justify;\">Aucune inscription ou lettre de revendication n\u2019ont \u00e9t\u00e9 retrouv\u00e9es sur place, a pr\u00e9cis\u00e9 la coop\u00e9rative. En revanche, un courrier de revendication dat\u00e9 de samedi et intitul\u00e9 \u00ab Soir\u00e9e FRITES chez EVEL\u2019UP \u00bb a \u00e9t\u00e9 publi\u00e9 en ligne sur le site infolibertaire.net (anarcho-marxistes, NDLR).<\/p>\n<p style=\"text-align: justify;\">Le courrier accuse Evel\u2019Up d\u2019aller \u00ab \u00e0 l\u2019encontre des int\u00e9r\u00eats du monde paysan \u00bb, affirmant que la coop\u00e9rative \u00ab participe \u00e0 (\u2026) un mod\u00e8le agricole o\u00f9 un paysan se suicide tous les jours \u00bb. \u00ab Pour nous, (\u2026) cela est r\u00e9voltant et inadmissible \u00bb, ajoute le groupe qui se surnomme <strong>Forces R\u00e9volutionnaires Intergalactiques et Territoriales En Sauce<\/strong> (FRITES).<\/p>\n<p style=\"text-align: justify;\">Source : <a href=\"https:\/\/www.leparisien.fr\/faits-divers\/finistere-le-collectif-frites-revendique-un-incendie-contre-le-siege-dune-cooperative-agricole-27-01-2025-NBEPRS64LBEWZN7FCCM5IA4UVM.php\">Le T\u00e9l\u00e9gramme<\/a><\/p>\n","protected":false},"excerpt":{"rendered":"<p>De lourds d\u00e9g\u00e2ts et un collectif au nom curieux possiblement derri\u00e8re les faits. Un incendie survenu dans le si\u00e8ge social d\u2019une coop\u00e9rative d\u2019\u00e9leveurs de porcs \u00e0 Plou\u00e9dern (Finist\u00e8re) samedi a provoqu\u00e9 plusieurs centaines de milliers d\u2019euros de d\u00e9g\u00e2ts et a \u00e9t\u00e9 revendiqu\u00e9 sur Internet, a annonc\u00e9 lundi la coop\u00e9rative Evel\u2019Up. \u00ab Le b\u00e2timent a r\u00e9sist\u00e9, [&hellip;]<\/p>\n","protected":false},"author":1,"featured_media":3259,"comment_status":"open","ping_status":"open","sticky":false,"template":"","format":"standard","meta":{"sb_editor_width":"","footnotes":""},"categories":[36,38,65,72],"tags":[],"class_list":["post-3258","post","type-post","status-publish","format-standard","has-post-thumbnail","hentry","category-extreme-gauche","category-finistere","category-principale","category-terrorisme"],"relative_dates":{"created":"1 an ago","modified":"1 an ago"},"yoast_head":"<!-- This site is optimized with the Yoast SEO plugin v26.3 - https:\/\/yoast.com\/wordpress\/plugins\/seo\/ -->\n<title>Plouedern : l&#039;ultra-gauche incendie le si\u00e8ge social d&#039;une coop\u00e9rative agricole, 116 emplois vis\u00e9s - STOURM<\/title>\n<meta name=\"robots\" content=\"index, follow, max-snippet:-1, max-image-preview:large, max-video-preview:-1\" \/>\n<link rel=\"canonical\" href=\"https:\/\/stourm.news\/?p=3258\" \/>\n<meta property=\"og:locale\" content=\"fr_FR\" \/>\n<meta property=\"og:type\" content=\"article\" \/>\n<meta property=\"og:title\" content=\"Plouedern : l&#039;ultra-gauche incendie le si\u00e8ge social d&#039;une coop\u00e9rative agricole, 116 emplois vis\u00e9s - STOURM\" \/>\n<meta property=\"og:description\" content=\"De lourds d\u00e9g\u00e2ts et un collectif au nom curieux possiblement derri\u00e8re les faits. Un incendie survenu dans le si\u00e8ge social d\u2019une coop\u00e9rative d\u2019\u00e9leveurs de porcs \u00e0 Plou\u00e9dern (Finist\u00e8re) samedi a provoqu\u00e9 plusieurs centaines de milliers d\u2019euros de d\u00e9g\u00e2ts et a \u00e9t\u00e9 revendiqu\u00e9 sur Internet, a annonc\u00e9 lundi la coop\u00e9rative Evel\u2019Up. \u00ab Le b\u00e2timent a r\u00e9sist\u00e9, [&hellip;]\" \/>\n<meta property=\"og:url\" content=\"https:\/\/stourm.news\/?p=3258\" \/>\n<meta property=\"og:site_name\" content=\"STOURM\" \/>\n<meta property=\"article:publisher\" content=\"https:\/\/www.facebook.com\/stourmnews\/\" \/>\n<meta property=\"article:published_time\" content=\"2025-01-28T08:44:36+00:00\" \/>\n<meta property=\"article:modified_time\" content=\"2025-01-28T08:47:07+00:00\" \/>\n<meta property=\"og:image\" content=\"https:\/\/stourm.news\/wp-content\/uploads\/2025\/01\/eead86d6d7976c2bd86d6d797a6bd8v-960x640-1.jpg\" \/>\n\t<meta property=\"og:image:width\" content=\"960\" \/>\n\t<meta property=\"og:image:height\" content=\"640\" \/>\n\t<meta property=\"og:image:type\" content=\"image\/jpeg\" \/>\n<meta name=\"author\" content=\"La r\u00e9daction\" \/>\n<meta name=\"twitter:card\" content=\"summary_large_image\" \/>\n<meta name=\"twitter:label1\" content=\"\u00c9crit par\" \/>\n\t<meta name=\"twitter:data1\" content=\"La r\u00e9daction\" \/>\n\t<meta name=\"twitter:label2\" content=\"Dur\u00e9e de lecture estim\u00e9e\" \/>\n\t<meta name=\"twitter:data2\" content=\"2 minutes\" \/>\n<script type=\"application\/ld+json\" class=\"yoast-schema-graph\">{\"@context\":\"https:\/\/schema.org\",\"@graph\":[{\"@type\":\"Article\",\"@id\":\"https:\/\/stourm.news\/?p=3258#article\",\"isPartOf\":{\"@id\":\"https:\/\/stourm.news\/?p=3258\"},\"author\":{\"name\":\"La r\u00e9daction\",\"@id\":\"https:\/\/stourm.news\/#\/schema\/person\/c3e1dc65988632e190969234ef046cf9\"},\"headline\":\"Plouedern : l&rsquo;ultra-gauche incendie le si\u00e8ge social d&rsquo;une coop\u00e9rative agricole, 116 emplois vis\u00e9s\",\"datePublished\":\"2025-01-28T08:44:36+00:00\",\"dateModified\":\"2025-01-28T08:47:07+00:00\",\"mainEntityOfPage\":{\"@id\":\"https:\/\/stourm.news\/?p=3258\"},\"wordCount\":319,\"commentCount\":0,\"publisher\":{\"@id\":\"https:\/\/stourm.news\/#organization\"},\"image\":{\"@id\":\"https:\/\/stourm.news\/?p=3258#primaryimage\"},\"thumbnailUrl\":\"https:\/\/stourm.news\/wp-content\/uploads\/2025\/01\/eead86d6d7976c2bd86d6d797a6bd8v-960x640-1.jpg\",\"articleSection\":[\"Extr\u00eame-gauche\",\"Finist\u00e8re\",\"Principale\",\"Terrorisme\"],\"inLanguage\":\"fr-FR\",\"potentialAction\":[{\"@type\":\"CommentAction\",\"name\":\"Comment\",\"target\":[\"https:\/\/stourm.news\/?p=3258#respond\"]}]},{\"@type\":\"WebPage\",\"@id\":\"https:\/\/stourm.news\/?p=3258\",\"url\":\"https:\/\/stourm.news\/?p=3258\",\"name\":\"Plouedern : l'ultra-gauche incendie le si\u00e8ge social d'une coop\u00e9rative agricole, 116 emplois vis\u00e9s - STOURM\",\"isPartOf\":{\"@id\":\"https:\/\/stourm.news\/#website\"},\"primaryImageOfPage\":{\"@id\":\"https:\/\/stourm.news\/?p=3258#primaryimage\"},\"image\":{\"@id\":\"https:\/\/stourm.news\/?p=3258#primaryimage\"},\"thumbnailUrl\":\"https:\/\/stourm.news\/wp-content\/uploads\/2025\/01\/eead86d6d7976c2bd86d6d797a6bd8v-960x640-1.jpg\",\"datePublished\":\"2025-01-28T08:44:36+00:00\",\"dateModified\":\"2025-01-28T08:47:07+00:00\",\"breadcrumb\":{\"@id\":\"https:\/\/stourm.news\/?p=3258#breadcrumb\"},\"inLanguage\":\"fr-FR\",\"potentialAction\":[{\"@type\":\"ReadAction\",\"target\":[\"https:\/\/stourm.news\/?p=3258\"]}]},{\"@type\":\"ImageObject\",\"inLanguage\":\"fr-FR\",\"@id\":\"https:\/\/stourm.news\/?p=3258#primaryimage\",\"url\":\"https:\/\/stourm.news\/wp-content\/uploads\/2025\/01\/eead86d6d7976c2bd86d6d797a6bd8v-960x640-1.jpg\",\"contentUrl\":\"https:\/\/stourm.news\/wp-content\/uploads\/2025\/01\/eead86d6d7976c2bd86d6d797a6bd8v-960x640-1.jpg\",\"width\":960,\"height\":640},{\"@type\":\"BreadcrumbList\",\"@id\":\"https:\/\/stourm.news\/?p=3258#breadcrumb\",\"itemListElement\":[{\"@type\":\"ListItem\",\"position\":1,\"name\":\"Accueil\",\"item\":\"https:\/\/stourm.news\/\"},{\"@type\":\"ListItem\",\"position\":2,\"name\":\"Plouedern : l&rsquo;ultra-gauche incendie le si\u00e8ge social d&rsquo;une coop\u00e9rative agricole, 116 emplois vis\u00e9s\"}]},{\"@type\":\"WebSite\",\"@id\":\"https:\/\/stourm.news\/#website\",\"url\":\"https:\/\/stourm.news\/\",\"name\":\"Stourm\",\"description\":\"Kazetenn Strollad Broadel Breizh\",\"publisher\":{\"@id\":\"https:\/\/stourm.news\/#organization\"},\"potentialAction\":[{\"@type\":\"SearchAction\",\"target\":{\"@type\":\"EntryPoint\",\"urlTemplate\":\"https:\/\/stourm.news\/?s={search_term_string}\"},\"query-input\":{\"@type\":\"PropertyValueSpecification\",\"valueRequired\":true,\"valueName\":\"search_term_string\"}}],\"inLanguage\":\"fr-FR\"},{\"@type\":\"Organization\",\"@id\":\"https:\/\/stourm.news\/#organization\",\"name\":\"Stourm\",\"url\":\"https:\/\/stourm.news\/\",\"logo\":{\"@type\":\"ImageObject\",\"inLanguage\":\"fr-FR\",\"@id\":\"https:\/\/stourm.news\/#\/schema\/logo\/image\/\",\"url\":\"https:\/\/stourm.news\/wp-content\/uploads\/2025\/11\/cropped-Capture-decran-2025-11-28-a-15.19.07.png\",\"contentUrl\":\"https:\/\/stourm.news\/wp-content\/uploads\/2025\/11\/cropped-Capture-decran-2025-11-28-a-15.19.07.png\",\"width\":1855,\"height\":383,\"caption\":\"Stourm\"},\"image\":{\"@id\":\"https:\/\/stourm.news\/#\/schema\/logo\/image\/\"},\"sameAs\":[\"https:\/\/www.facebook.com\/stourmnews\/\"]},{\"@type\":\"Person\",\"@id\":\"https:\/\/stourm.news\/#\/schema\/person\/c3e1dc65988632e190969234ef046cf9\",\"name\":\"La r\u00e9daction\",\"image\":{\"@type\":\"ImageObject\",\"inLanguage\":\"fr-FR\",\"@id\":\"https:\/\/stourm.news\/#\/schema\/person\/image\/\",\"url\":\"https:\/\/secure.gravatar.com\/avatar\/7463443f194b6b5fb706b074ca0ef59a0cfcfd720cb47764b0ec5a952ce422b3?s=96&d=mm&r=g\",\"contentUrl\":\"https:\/\/secure.gravatar.com\/avatar\/7463443f194b6b5fb706b074ca0ef59a0cfcfd720cb47764b0ec5a952ce422b3?s=96&d=mm&r=g\",\"caption\":\"La r\u00e9daction\"},\"sameAs\":[\"https:\/\/stourm.news\"],\"url\":\"https:\/\/stourm.news\/?author=1\"}]}<\/script>\n<!-- \/ Yoast SEO plugin. -->","yoast_head_json":{"title":"Plouedern : l'ultra-gauche incendie le si\u00e8ge social d'une coop\u00e9rative agricole, 116 emplois vis\u00e9s - STOURM","robots":{"index":"index","follow":"follow","max-snippet":"max-snippet:-1","max-image-preview":"max-image-preview:large","max-video-preview":"max-video-preview:-1"},"canonical":"https:\/\/stourm.news\/?p=3258","og_locale":"fr_FR","og_type":"article","og_title":"Plouedern : l'ultra-gauche incendie le si\u00e8ge social d'une coop\u00e9rative agricole, 116 emplois vis\u00e9s - STOURM","og_description":"De lourds d\u00e9g\u00e2ts et un collectif au nom curieux possiblement derri\u00e8re les faits. Un incendie survenu dans le si\u00e8ge social d\u2019une coop\u00e9rative d\u2019\u00e9leveurs de porcs \u00e0 Plou\u00e9dern (Finist\u00e8re) samedi a provoqu\u00e9 plusieurs centaines de milliers d\u2019euros de d\u00e9g\u00e2ts et a \u00e9t\u00e9 revendiqu\u00e9 sur Internet, a annonc\u00e9 lundi la coop\u00e9rative Evel\u2019Up. \u00ab Le b\u00e2timent a r\u00e9sist\u00e9, [&hellip;]","og_url":"https:\/\/stourm.news\/?p=3258","og_site_name":"STOURM","article_publisher":"https:\/\/www.facebook.com\/stourmnews\/","article_published_time":"2025-01-28T08:44:36+00:00","article_modified_time":"2025-01-28T08:47:07+00:00","og_image":[{"width":960,"height":640,"url":"https:\/\/stourm.news\/wp-content\/uploads\/2025\/01\/eead86d6d7976c2bd86d6d797a6bd8v-960x640-1.jpg","type":"image\/jpeg"}],"author":"La r\u00e9daction","twitter_card":"summary_large_image","twitter_misc":{"\u00c9crit par":"La r\u00e9daction","Dur\u00e9e de lecture estim\u00e9e":"2 minutes"},"schema":{"@context":"https:\/\/schema.org","@graph":[{"@type":"Article","@id":"https:\/\/stourm.news\/?p=3258#article","isPartOf":{"@id":"https:\/\/stourm.news\/?p=3258"},"author":{"name":"La r\u00e9daction","@id":"https:\/\/stourm.news\/#\/schema\/person\/c3e1dc65988632e190969234ef046cf9"},"headline":"Plouedern : l&rsquo;ultra-gauche incendie le si\u00e8ge social d&rsquo;une coop\u00e9rative agricole, 116 emplois vis\u00e9s","datePublished":"2025-01-28T08:44:36+00:00","dateModified":"2025-01-28T08:47:07+00:00","mainEntityOfPage":{"@id":"https:\/\/stourm.news\/?p=3258"},"wordCount":319,"commentCount":0,"publisher":{"@id":"https:\/\/stourm.news\/#organization"},"image":{"@id":"https:\/\/stourm.news\/?p=3258#primaryimage"},"thumbnailUrl":"https:\/\/stourm.news\/wp-content\/uploads\/2025\/01\/eead86d6d7976c2bd86d6d797a6bd8v-960x640-1.jpg","articleSection":["Extr\u00eame-gauche","Finist\u00e8re","Principale","Terrorisme"],"inLanguage":"fr-FR","potentialAction":[{"@type":"CommentAction","name":"Comment","target":["https:\/\/stourm.news\/?p=3258#respond"]}]},{"@type":"WebPage","@id":"https:\/\/stourm.news\/?p=3258","url":"https:\/\/stourm.news\/?p=3258","name":"Plouedern : l'ultra-gauche incendie le si\u00e8ge social d'une coop\u00e9rative agricole, 116 emplois vis\u00e9s - STOURM","isPartOf":{"@id":"https:\/\/stourm.news\/#website"},"primaryImageOfPage":{"@id":"https:\/\/stourm.news\/?p=3258#primaryimage"},"image":{"@id":"https:\/\/stourm.news\/?p=3258#primaryimage"},"thumbnailUrl":"https:\/\/stourm.news\/wp-content\/uploads\/2025\/01\/eead86d6d7976c2bd86d6d797a6bd8v-960x640-1.jpg","datePublished":"2025-01-28T08:44:36+00:00","dateModified":"2025-01-28T08:47:07+00:00","breadcrumb":{"@id":"https:\/\/stourm.news\/?p=3258#breadcrumb"},"inLanguage":"fr-FR","potentialAction":[{"@type":"ReadAction","target":["https:\/\/stourm.news\/?p=3258"]}]},{"@type":"ImageObject","inLanguage":"fr-FR","@id":"https:\/\/stourm.news\/?p=3258#primaryimage","url":"https:\/\/stourm.news\/wp-content\/uploads\/2025\/01\/eead86d6d7976c2bd86d6d797a6bd8v-960x640-1.jpg","contentUrl":"https:\/\/stourm.news\/wp-content\/uploads\/2025\/01\/eead86d6d7976c2bd86d6d797a6bd8v-960x640-1.jpg","width":960,"height":640},{"@type":"BreadcrumbList","@id":"https:\/\/stourm.news\/?p=3258#breadcrumb","itemListElement":[{"@type":"ListItem","position":1,"name":"Accueil","item":"https:\/\/stourm.news\/"},{"@type":"ListItem","position":2,"name":"Plouedern : l&rsquo;ultra-gauche incendie le si\u00e8ge social d&rsquo;une coop\u00e9rative agricole, 116 emplois vis\u00e9s"}]},{"@type":"WebSite","@id":"https:\/\/stourm.news\/#website","url":"https:\/\/stourm.news\/","name":"Stourm","description":"Kazetenn Strollad Broadel Breizh","publisher":{"@id":"https:\/\/stourm.news\/#organization"},"potentialAction":[{"@type":"SearchAction","target":{"@type":"EntryPoint","urlTemplate":"https:\/\/stourm.news\/?s={search_term_string}"},"query-input":{"@type":"PropertyValueSpecification","valueRequired":true,"valueName":"search_term_string"}}],"inLanguage":"fr-FR"},{"@type":"Organization","@id":"https:\/\/stourm.news\/#organization","name":"Stourm","url":"https:\/\/stourm.news\/","logo":{"@type":"ImageObject","inLanguage":"fr-FR","@id":"https:\/\/stourm.news\/#\/schema\/logo\/image\/","url":"https:\/\/stourm.news\/wp-content\/uploads\/2025\/11\/cropped-Capture-decran-2025-11-28-a-15.19.07.png","contentUrl":"https:\/\/stourm.news\/wp-content\/uploads\/2025\/11\/cropped-Capture-decran-2025-11-28-a-15.19.07.png","width":1855,"height":383,"caption":"Stourm"},"image":{"@id":"https:\/\/stourm.news\/#\/schema\/logo\/image\/"},"sameAs":["https:\/\/www.facebook.com\/stourmnews\/"]},{"@type":"Person","@id":"https:\/\/stourm.news\/#\/schema\/person\/c3e1dc65988632e190969234ef046cf9","name":"La r\u00e9daction","image":{"@type":"ImageObject","inLanguage":"fr-FR","@id":"https:\/\/stourm.news\/#\/schema\/person\/image\/","url":"https:\/\/secure.gravatar.com\/avatar\/7463443f194b6b5fb706b074ca0ef59a0cfcfd720cb47764b0ec5a952ce422b3?s=96&d=mm&r=g","contentUrl":"https:\/\/secure.gravatar.com\/avatar\/7463443f194b6b5fb706b074ca0ef59a0cfcfd720cb47764b0ec5a952ce422b3?s=96&d=mm&r=g","caption":"La r\u00e9daction"},"sameAs":["https:\/\/stourm.news"],"url":"https:\/\/stourm.news\/?author=1"}]}},"_links":{"self":[{"href":"https:\/\/stourm.news\/index.php?rest_route=\/wp\/v2\/posts\/3258","targetHints":{"allow":["GET"]}}],"collection":[{"href":"https:\/\/stourm.news\/index.php?rest_route=\/wp\/v2\/posts"}],"about":[{"href":"https:\/\/stourm.news\/index.php?rest_route=\/wp\/v2\/types\/post"}],"author":[{"embeddable":true,"href":"https:\/\/stourm.news\/index.php?rest_route=\/wp\/v2\/users\/1"}],"replies":[{"embeddable":true,"href":"https:\/\/stourm.news\/index.php?rest_route=%2Fwp%2Fv2%2Fcomments&post=3258"}],"version-history":[{"count":3,"href":"https:\/\/stourm.news\/index.php?rest_route=\/wp\/v2\/posts\/3258\/revisions"}],"predecessor-version":[{"id":3262,"href":"https:\/\/stourm.news\/index.php?rest_route=\/wp\/v2\/posts\/3258\/revisions\/3262"}],"wp:featuredmedia":[{"embeddable":true,"href":"https:\/\/stourm.news\/index.php?rest_route=\/wp\/v2\/media\/3259"}],"wp:attachment":[{"href":"https:\/\/stourm.news\/index.php?rest_route=%2Fwp%2Fv2%2Fmedia&parent=3258"}],"wp:term":[{"taxonomy":"category","embeddable":true,"href":"https:\/\/stourm.news\/index.php?rest_route=%2Fwp%2Fv2%2Fcategories&post=3258"},{"taxonomy":"post_tag","embeddable":true,"href":"https:\/\/stourm.news\/index.php?rest_route=%2Fwp%2Fv2%2Ftags&post=3258"}],"curies":[{"name":"wp","href":"https:\/\/api.w.org\/{rel}","templated":true}]}}