{"id":3269,"date":"2025-01-31T07:32:26","date_gmt":"2025-01-31T07:32:26","guid":{"rendered":"https:\/\/stourm.news\/?p=3269"},"modified":"2025-01-31T07:32:35","modified_gmt":"2025-01-31T07:32:35","slug":"un-xv-breizh-le-pari-dune-selection-nationale-bretonne-de-rugby","status":"publish","type":"post","link":"https:\/\/stourm.news\/?p=3269","title":{"rendered":"Un \u00ab\u00a0XV Breizh\u00a0\u00bb : le pari d&rsquo;une s\u00e9lection nationale bretonne de rugby"},"content":{"rendered":"<p style=\"text-align: justify;\">Il est temps de parler d&rsquo;une id\u00e9e qui germe depuis des ann\u00e9es dans les c\u0153urs des passionn\u00e9s de rugby en Bretagne : la cr\u00e9ation d&rsquo;une s\u00e9lection nationale bretonne. L&rsquo;actualit\u00e9 r\u00e9cente nous fournit un argument de poids avec l&rsquo;annonce que deux jeunes talents bretons, Corentin M\u00e9zou du Finist\u00e8re et Robin Taccola du Morbihan, ont \u00e9t\u00e9 s\u00e9lectionn\u00e9s pour repr\u00e9senter l&rsquo;\u00e9quipe de France U20 lors du match du Tournoi des 6 Nations contre le Pays de Galles \u00e0 Vannes. Ce n&rsquo;est pas seulement un signe de reconnaissance pour ces athl\u00e8tes, mais aussi un clin d\u2019\u0153il \u00e0 la vivacit\u00e9 du rugby en Bretagne.<\/p>\n<p style=\"text-align: justify;\">La Bretagne, bien que souvent associ\u00e9e au football ou au cyclisme, a une tradition rugbystique remarquable. Les clubs comme le RC Vannes ou le Stade Rennais ont su d\u00e9velopper des joueurs de haut niveau qui se sont illustr\u00e9s sur la sc\u00e8ne nationale et parfois internationale. Les succ\u00e8s de ces jeunes joueurs bretons au niveau junior montrent que le pays poss\u00e8de un vivier de talents pr\u00eats \u00e0 \u00e9clore.<\/p>\n<p style=\"text-align: justify;\">La Bretagne a vu le rugby prendre racine et prosp\u00e9rer depuis le d\u00e9but du 21\u00e8me si\u00e8cle. Le RC Vannes, par exemple, a acc\u00e9d\u00e9 aux rangs professionnels en 2016 et a r\u00e9cemment atteint l&rsquo;\u00e9lite du rugby fran\u00e7ais, le Top 14. Ce d\u00e9veloppement illustre le potentiel rugbystique de la Bretagne, d&rsquo;autant plus avec l&rsquo;\u00e9mergence de jeunes talents comme Nolann Le Garrec, joueur du Morbihan, qui compte cinq s\u00e9lections avec l&rsquo;\u00e9quipe de France. Avant lui, seulement quatre Bretons avaient \u00e9t\u00e9 s\u00e9lectionn\u00e9s en \u00e9quipe de France en plus d&rsquo;un si\u00e8cle, mais cette tendance est en train de changer.<\/p>\n<p style=\"text-align: justify;\"><strong>La Composition d&rsquo;une \u00c9quipe Bretonne<\/strong><\/p>\n<p style=\"text-align: justify;\">Mika\u00ebl Guiziou, animateur de <strong><a href=\"https:\/\/x.com\/BreizhRugby\">Breizh Rugby<\/a><\/strong>, <strong><a href=\"https:\/\/medium.com\/@breizhrugbynation\/quelle-\u00e9quipe-de-bretagne-de-rugby-pourrait-on-faire-pour-le-niveau-international-943ccc7dc6bc\">a propos\u00e9 une s\u00e9lection<\/a><\/strong> que pourrait proposer la Bretagne si elle avait une \u00e9quipe nationale.<\/p>\n<p style=\"text-align: justify;\"><em>Premi\u00e8re Ligne:<\/em><\/p>\n<p style=\"text-align: justify;\">Pilier gauche: Louis Penverne (Top 14, La Rochelle), avec Baptiste Le Jall\u00e9 (Rennes, National 2) comme rempla\u00e7ant, et Ewann Puarai (Rennes, National 2) comme r\u00e9serviste.<\/p>\n<p style=\"text-align: justify;\">Talonneur: Brendan Lebrun (Pro D2, Biarritz), remplac\u00e9 par Cyril Blanchard (RC Vannes) et Pat Leafa (RC Vannes) en r\u00e9serve.<\/p>\n<p style=\"text-align: justify;\">Pilier droit: Alex Burin (Pro D2, Agen), avec Paga Tafili (RC Vannes) et Jean-Baptiste Foloka (Nantes, National 2) comme renforts.<\/p>\n<p style=\"text-align: justify;\"><em>Deuxi\u00e8me Ligne:<\/em><\/p>\n<p style=\"text-align: justify;\">Num\u00e9ro 4: Corentin M\u00e9zou (Top 14, Toulon)<\/p>\n<p style=\"text-align: justify;\">Num\u00e9ro 5: Ewan Johnson (Pro D2, Oyonnax), avec Math\u00e9o Desjeux (RC Vannes), Timoth\u00e9 M\u00e9zou (RC Vannes), Mathieu Tanguy (Perpignan), et Nathan Huguen (Valence Romans, Pro D2) en soutien.<\/p>\n<p style=\"text-align: justify;\"><em>Troisi\u00e8me Ligne:<\/em><\/p>\n<p style=\"text-align: justify;\">Num\u00e9ro 6: Alan Brazo (Top 14, Perpignan)<br \/>\nNum\u00e9ro 7: Matt\u00e9o Le Corvec (Top 14, Mont-de-Marsan)<br \/>\nNum\u00e9ro 8: Mathias Haddad (Top 14, La Rochelle), avec Kevin Lebreton (Oyonnax), Lomig Jouanny (Stade Toulousain), Wrandille Picault (Oyonnax), Gr\u00e9goire Bazin (Colomiers), et Martin Bertrand (Rennes, National 2) pour compl\u00e9ter la ligne.<\/p>\n<p style=\"text-align: justify;\"><em>Charni\u00e8re:<\/em><\/p>\n<p style=\"text-align: justify;\">Demi de m\u00eal\u00e9e: Nolann Le Garrec (Top 14, Racing 92, capitaine), avec Arthur Coville (Pro D2, Provence Rugby) et une r\u00e9serve de talents comme Clovis et Jules Le Bail, L\u00e9o Coly, Corentin Penc\u2019hoat, et Come Berrod.<\/p>\n<p style=\"text-align: justify;\">Demi d&rsquo;ouverture: Yohan Le Bourhis (Pro D2, Nevers), avec Jean Cotarmanac\u2019h (RC Vannes) en r\u00e9serve.<\/p>\n<p style=\"text-align: justify;\"><em>Trois-Quarts:<\/em><\/p>\n<p style=\"text-align: justify;\">Ailiers: Eliott Roudil (Top 14, Pau) et Ga\u00ebl Dr\u00e9an (Top 14, Toulon), avec Gr\u00e9goire Arfeuil et Arthur On\u00e9sime en renfort.<\/p>\n<p style=\"text-align: justify;\"><em>Centres:<\/em><\/p>\n<p style=\"text-align: justify;\">Jean Pascal Barraque (Top 14, Perpignan) et Robin Taccola (Top 14, Vannes), avec Youenn Floch, Ryan Dubois, et Maxime Ogor pour les compl\u00e9ter.<\/p>\n<p style=\"text-align: justify;\"><em>Arri\u00e8re:<\/em><\/p>\n<p style=\"text-align: justify;\">Gwena\u00ebl Duplenne (Top 14, Vannes), avec Charles Bouldoire (Valence Romans, Pro D2) et Lucas Ollion (Rennes, National 2) en soutien.<\/p>\n<p>Le \u00ab\u00a0XV Breizh\u00a0\u00bb ressemblera \u00e0 \u00e7a :<\/p>\n<p><img fetchpriority=\"high\" decoding=\"async\" class=\"alignnone size-medium\" src=\"https:\/\/miro.medium.com\/v2\/resize:fit:1400\/format:webp\/1*NWf4eAtGZGbJ-afsmx2iBQ.jpeg\" width=\"1080\" height=\"1445\" \/><\/p>\n<p style=\"text-align: justify;\"><strong>Un Staff Breton<\/strong><\/p>\n<p style=\"text-align: justify;\">Pour encadrer cette s\u00e9lection, on pourrait imaginer Jean No\u00ebl Spitzer comme s\u00e9lectionneur, accompagn\u00e9 par des figures locales telles que Goulven Le Garrec, K\u00e9vin Courties, Vincent Brehonnet, Simon Boisbluche, et Mike Corbel comme consultant m\u00eal\u00e9e.<\/p>\n<p style=\"text-align: justify;\"><strong>Une Ambition pour la Bretagne<\/strong><\/p>\n<p style=\"text-align: justify;\">Avec une telle \u00e9quipe, la Bretagne pourrait se hisser \u00e0 une quinzi\u00e8me place mondiale, rivalisant avec des nations comme l&rsquo;Uruguay, le Chili, la Roumanie, la Namibie, voire le Portugal. Elle aurait sa place dans un tournoi des 6 Nations B et pourrait contribuer \u00e0 renforcer la visibilit\u00e9 de la nation bretonne \u00e0 travers le sport. Cette s\u00e9lection illustrerait le potentiel et la passion du rugby en Bretagne, unifiant la r\u00e9gion comme l&rsquo;Irlande l&rsquo;a fait avec l&rsquo;Ulster.<\/p>\n<p style=\"text-align: justify;\">La Bretagne poss\u00e8de les ressources humaines et la passion pour se doter d&rsquo;une \u00e9quipe nationale de rugby. Ce serait non seulement une reconnaissance de son histoire et de sa culture rugbystique mais aussi une opportunit\u00e9 unique de d\u00e9veloppement sportif et culturel.<\/p>\n<p style=\"text-align: right;\"><strong>Olwen Kerdrel<\/strong><\/p>\n","protected":false},"excerpt":{"rendered":"<p>Il est temps de parler d&rsquo;une id\u00e9e qui germe depuis des ann\u00e9es dans les c\u0153urs des passionn\u00e9s de rugby en Bretagne : la cr\u00e9ation d&rsquo;une s\u00e9lection nationale bretonne. L&rsquo;actualit\u00e9 r\u00e9cente nous fournit un argument de poids avec l&rsquo;annonce que deux jeunes talents bretons, Corentin M\u00e9zou du Finist\u00e8re et Robin Taccola du Morbihan, ont \u00e9t\u00e9 s\u00e9lectionn\u00e9s [&hellip;]<\/p>\n","protected":false},"author":1,"featured_media":3270,"comment_status":"open","ping_status":"open","sticky":false,"template":"","format":"standard","meta":{"sb_editor_width":"","footnotes":""},"categories":[63,65],"tags":[],"class_list":["post-3269","post","type-post","status-publish","format-standard","has-post-thumbnail","hentry","category-editorial","category-principale"],"relative_dates":{"created":"1 an ago","modified":"1 an ago"},"yoast_head":"<!-- This site is optimized with the Yoast SEO plugin v26.3 - https:\/\/yoast.com\/wordpress\/plugins\/seo\/ -->\n<title>Un &quot;XV Breizh&quot; : le pari d&#039;une s\u00e9lection nationale bretonne de rugby - STOURM<\/title>\n<meta name=\"robots\" content=\"index, follow, max-snippet:-1, max-image-preview:large, max-video-preview:-1\" \/>\n<link rel=\"canonical\" href=\"https:\/\/stourm.news\/?p=3269\" \/>\n<meta property=\"og:locale\" content=\"fr_FR\" \/>\n<meta property=\"og:type\" content=\"article\" \/>\n<meta property=\"og:title\" content=\"Un &quot;XV Breizh&quot; : le pari d&#039;une s\u00e9lection nationale bretonne de rugby - STOURM\" \/>\n<meta property=\"og:description\" content=\"Il est temps de parler d&rsquo;une id\u00e9e qui germe depuis des ann\u00e9es dans les c\u0153urs des passionn\u00e9s de rugby en Bretagne : la cr\u00e9ation d&rsquo;une s\u00e9lection nationale bretonne. L&rsquo;actualit\u00e9 r\u00e9cente nous fournit un argument de poids avec l&rsquo;annonce que deux jeunes talents bretons, Corentin M\u00e9zou du Finist\u00e8re et Robin Taccola du Morbihan, ont \u00e9t\u00e9 s\u00e9lectionn\u00e9s [&hellip;]\" \/>\n<meta property=\"og:url\" content=\"https:\/\/stourm.news\/?p=3269\" \/>\n<meta property=\"og:site_name\" content=\"STOURM\" \/>\n<meta property=\"article:publisher\" content=\"https:\/\/www.facebook.com\/stourmnews\/\" \/>\n<meta property=\"article:published_time\" content=\"2025-01-31T07:32:26+00:00\" \/>\n<meta property=\"article:modified_time\" content=\"2025-01-31T07:32:35+00:00\" \/>\n<meta property=\"og:image\" content=\"https:\/\/stourm.news\/wp-content\/uploads\/2025\/01\/1444x920_arriere-vannetais-anthony-bouthier-lors-succes-50-10-contre-mont-marsan-1er-tour-play-offs.jpg\" \/>\n\t<meta property=\"og:image:width\" content=\"1444\" \/>\n\t<meta property=\"og:image:height\" content=\"920\" \/>\n\t<meta property=\"og:image:type\" content=\"image\/jpeg\" \/>\n<meta name=\"author\" content=\"La r\u00e9daction\" \/>\n<meta name=\"twitter:card\" content=\"summary_large_image\" \/>\n<meta name=\"twitter:label1\" content=\"\u00c9crit par\" \/>\n\t<meta name=\"twitter:data1\" content=\"La r\u00e9daction\" \/>\n\t<meta name=\"twitter:label2\" content=\"Dur\u00e9e de lecture estim\u00e9e\" \/>\n\t<meta name=\"twitter:data2\" content=\"5 minutes\" \/>\n<script type=\"application\/ld+json\" class=\"yoast-schema-graph\">{\"@context\":\"https:\/\/schema.org\",\"@graph\":[{\"@type\":\"Article\",\"@id\":\"https:\/\/stourm.news\/?p=3269#article\",\"isPartOf\":{\"@id\":\"https:\/\/stourm.news\/?p=3269\"},\"author\":{\"name\":\"La r\u00e9daction\",\"@id\":\"https:\/\/stourm.news\/#\/schema\/person\/c3e1dc65988632e190969234ef046cf9\"},\"headline\":\"Un \u00ab\u00a0XV Breizh\u00a0\u00bb : le pari d&rsquo;une s\u00e9lection nationale bretonne de rugby\",\"datePublished\":\"2025-01-31T07:32:26+00:00\",\"dateModified\":\"2025-01-31T07:32:35+00:00\",\"mainEntityOfPage\":{\"@id\":\"https:\/\/stourm.news\/?p=3269\"},\"wordCount\":797,\"commentCount\":0,\"publisher\":{\"@id\":\"https:\/\/stourm.news\/#organization\"},\"image\":{\"@id\":\"https:\/\/stourm.news\/?p=3269#primaryimage\"},\"thumbnailUrl\":\"https:\/\/stourm.news\/wp-content\/uploads\/2025\/01\/1444x920_arriere-vannetais-anthony-bouthier-lors-succes-50-10-contre-mont-marsan-1er-tour-play-offs.jpg\",\"articleSection\":[\"Editorial\",\"Principale\"],\"inLanguage\":\"fr-FR\",\"potentialAction\":[{\"@type\":\"CommentAction\",\"name\":\"Comment\",\"target\":[\"https:\/\/stourm.news\/?p=3269#respond\"]}]},{\"@type\":\"WebPage\",\"@id\":\"https:\/\/stourm.news\/?p=3269\",\"url\":\"https:\/\/stourm.news\/?p=3269\",\"name\":\"Un \\\"XV Breizh\\\" : le pari d'une s\u00e9lection nationale bretonne de rugby - STOURM\",\"isPartOf\":{\"@id\":\"https:\/\/stourm.news\/#website\"},\"primaryImageOfPage\":{\"@id\":\"https:\/\/stourm.news\/?p=3269#primaryimage\"},\"image\":{\"@id\":\"https:\/\/stourm.news\/?p=3269#primaryimage\"},\"thumbnailUrl\":\"https:\/\/stourm.news\/wp-content\/uploads\/2025\/01\/1444x920_arriere-vannetais-anthony-bouthier-lors-succes-50-10-contre-mont-marsan-1er-tour-play-offs.jpg\",\"datePublished\":\"2025-01-31T07:32:26+00:00\",\"dateModified\":\"2025-01-31T07:32:35+00:00\",\"breadcrumb\":{\"@id\":\"https:\/\/stourm.news\/?p=3269#breadcrumb\"},\"inLanguage\":\"fr-FR\",\"potentialAction\":[{\"@type\":\"ReadAction\",\"target\":[\"https:\/\/stourm.news\/?p=3269\"]}]},{\"@type\":\"ImageObject\",\"inLanguage\":\"fr-FR\",\"@id\":\"https:\/\/stourm.news\/?p=3269#primaryimage\",\"url\":\"https:\/\/stourm.news\/wp-content\/uploads\/2025\/01\/1444x920_arriere-vannetais-anthony-bouthier-lors-succes-50-10-contre-mont-marsan-1er-tour-play-offs.jpg\",\"contentUrl\":\"https:\/\/stourm.news\/wp-content\/uploads\/2025\/01\/1444x920_arriere-vannetais-anthony-bouthier-lors-succes-50-10-contre-mont-marsan-1er-tour-play-offs.jpg\",\"width\":1444,\"height\":920},{\"@type\":\"BreadcrumbList\",\"@id\":\"https:\/\/stourm.news\/?p=3269#breadcrumb\",\"itemListElement\":[{\"@type\":\"ListItem\",\"position\":1,\"name\":\"Accueil\",\"item\":\"https:\/\/stourm.news\/\"},{\"@type\":\"ListItem\",\"position\":2,\"name\":\"Un \u00ab\u00a0XV Breizh\u00a0\u00bb : le pari d&rsquo;une s\u00e9lection nationale bretonne de rugby\"}]},{\"@type\":\"WebSite\",\"@id\":\"https:\/\/stourm.news\/#website\",\"url\":\"https:\/\/stourm.news\/\",\"name\":\"Stourm\",\"description\":\"Kazetenn Strollad Broadel Breizh\",\"publisher\":{\"@id\":\"https:\/\/stourm.news\/#organization\"},\"potentialAction\":[{\"@type\":\"SearchAction\",\"target\":{\"@type\":\"EntryPoint\",\"urlTemplate\":\"https:\/\/stourm.news\/?s={search_term_string}\"},\"query-input\":{\"@type\":\"PropertyValueSpecification\",\"valueRequired\":true,\"valueName\":\"search_term_string\"}}],\"inLanguage\":\"fr-FR\"},{\"@type\":\"Organization\",\"@id\":\"https:\/\/stourm.news\/#organization\",\"name\":\"Stourm\",\"url\":\"https:\/\/stourm.news\/\",\"logo\":{\"@type\":\"ImageObject\",\"inLanguage\":\"fr-FR\",\"@id\":\"https:\/\/stourm.news\/#\/schema\/logo\/image\/\",\"url\":\"https:\/\/stourm.news\/wp-content\/uploads\/2025\/11\/cropped-Capture-decran-2025-11-28-a-15.19.07.png\",\"contentUrl\":\"https:\/\/stourm.news\/wp-content\/uploads\/2025\/11\/cropped-Capture-decran-2025-11-28-a-15.19.07.png\",\"width\":1855,\"height\":383,\"caption\":\"Stourm\"},\"image\":{\"@id\":\"https:\/\/stourm.news\/#\/schema\/logo\/image\/\"},\"sameAs\":[\"https:\/\/www.facebook.com\/stourmnews\/\"]},{\"@type\":\"Person\",\"@id\":\"https:\/\/stourm.news\/#\/schema\/person\/c3e1dc65988632e190969234ef046cf9\",\"name\":\"La r\u00e9daction\",\"image\":{\"@type\":\"ImageObject\",\"inLanguage\":\"fr-FR\",\"@id\":\"https:\/\/stourm.news\/#\/schema\/person\/image\/\",\"url\":\"https:\/\/secure.gravatar.com\/avatar\/7463443f194b6b5fb706b074ca0ef59a0cfcfd720cb47764b0ec5a952ce422b3?s=96&d=mm&r=g\",\"contentUrl\":\"https:\/\/secure.gravatar.com\/avatar\/7463443f194b6b5fb706b074ca0ef59a0cfcfd720cb47764b0ec5a952ce422b3?s=96&d=mm&r=g\",\"caption\":\"La r\u00e9daction\"},\"sameAs\":[\"https:\/\/stourm.news\"],\"url\":\"https:\/\/stourm.news\/?author=1\"}]}<\/script>\n<!-- \/ Yoast SEO plugin. -->","yoast_head_json":{"title":"Un \"XV Breizh\" : le pari d'une s\u00e9lection nationale bretonne de rugby - STOURM","robots":{"index":"index","follow":"follow","max-snippet":"max-snippet:-1","max-image-preview":"max-image-preview:large","max-video-preview":"max-video-preview:-1"},"canonical":"https:\/\/stourm.news\/?p=3269","og_locale":"fr_FR","og_type":"article","og_title":"Un \"XV Breizh\" : le pari d'une s\u00e9lection nationale bretonne de rugby - STOURM","og_description":"Il est temps de parler d&rsquo;une id\u00e9e qui germe depuis des ann\u00e9es dans les c\u0153urs des passionn\u00e9s de rugby en Bretagne : la cr\u00e9ation d&rsquo;une s\u00e9lection nationale bretonne. L&rsquo;actualit\u00e9 r\u00e9cente nous fournit un argument de poids avec l&rsquo;annonce que deux jeunes talents bretons, Corentin M\u00e9zou du Finist\u00e8re et Robin Taccola du Morbihan, ont \u00e9t\u00e9 s\u00e9lectionn\u00e9s [&hellip;]","og_url":"https:\/\/stourm.news\/?p=3269","og_site_name":"STOURM","article_publisher":"https:\/\/www.facebook.com\/stourmnews\/","article_published_time":"2025-01-31T07:32:26+00:00","article_modified_time":"2025-01-31T07:32:35+00:00","og_image":[{"width":1444,"height":920,"url":"https:\/\/stourm.news\/wp-content\/uploads\/2025\/01\/1444x920_arriere-vannetais-anthony-bouthier-lors-succes-50-10-contre-mont-marsan-1er-tour-play-offs.jpg","type":"image\/jpeg"}],"author":"La r\u00e9daction","twitter_card":"summary_large_image","twitter_misc":{"\u00c9crit par":"La r\u00e9daction","Dur\u00e9e de lecture estim\u00e9e":"5 minutes"},"schema":{"@context":"https:\/\/schema.org","@graph":[{"@type":"Article","@id":"https:\/\/stourm.news\/?p=3269#article","isPartOf":{"@id":"https:\/\/stourm.news\/?p=3269"},"author":{"name":"La r\u00e9daction","@id":"https:\/\/stourm.news\/#\/schema\/person\/c3e1dc65988632e190969234ef046cf9"},"headline":"Un \u00ab\u00a0XV Breizh\u00a0\u00bb : le pari d&rsquo;une s\u00e9lection nationale bretonne de rugby","datePublished":"2025-01-31T07:32:26+00:00","dateModified":"2025-01-31T07:32:35+00:00","mainEntityOfPage":{"@id":"https:\/\/stourm.news\/?p=3269"},"wordCount":797,"commentCount":0,"publisher":{"@id":"https:\/\/stourm.news\/#organization"},"image":{"@id":"https:\/\/stourm.news\/?p=3269#primaryimage"},"thumbnailUrl":"https:\/\/stourm.news\/wp-content\/uploads\/2025\/01\/1444x920_arriere-vannetais-anthony-bouthier-lors-succes-50-10-contre-mont-marsan-1er-tour-play-offs.jpg","articleSection":["Editorial","Principale"],"inLanguage":"fr-FR","potentialAction":[{"@type":"CommentAction","name":"Comment","target":["https:\/\/stourm.news\/?p=3269#respond"]}]},{"@type":"WebPage","@id":"https:\/\/stourm.news\/?p=3269","url":"https:\/\/stourm.news\/?p=3269","name":"Un \"XV Breizh\" : le pari d'une s\u00e9lection nationale bretonne de rugby - STOURM","isPartOf":{"@id":"https:\/\/stourm.news\/#website"},"primaryImageOfPage":{"@id":"https:\/\/stourm.news\/?p=3269#primaryimage"},"image":{"@id":"https:\/\/stourm.news\/?p=3269#primaryimage"},"thumbnailUrl":"https:\/\/stourm.news\/wp-content\/uploads\/2025\/01\/1444x920_arriere-vannetais-anthony-bouthier-lors-succes-50-10-contre-mont-marsan-1er-tour-play-offs.jpg","datePublished":"2025-01-31T07:32:26+00:00","dateModified":"2025-01-31T07:32:35+00:00","breadcrumb":{"@id":"https:\/\/stourm.news\/?p=3269#breadcrumb"},"inLanguage":"fr-FR","potentialAction":[{"@type":"ReadAction","target":["https:\/\/stourm.news\/?p=3269"]}]},{"@type":"ImageObject","inLanguage":"fr-FR","@id":"https:\/\/stourm.news\/?p=3269#primaryimage","url":"https:\/\/stourm.news\/wp-content\/uploads\/2025\/01\/1444x920_arriere-vannetais-anthony-bouthier-lors-succes-50-10-contre-mont-marsan-1er-tour-play-offs.jpg","contentUrl":"https:\/\/stourm.news\/wp-content\/uploads\/2025\/01\/1444x920_arriere-vannetais-anthony-bouthier-lors-succes-50-10-contre-mont-marsan-1er-tour-play-offs.jpg","width":1444,"height":920},{"@type":"BreadcrumbList","@id":"https:\/\/stourm.news\/?p=3269#breadcrumb","itemListElement":[{"@type":"ListItem","position":1,"name":"Accueil","item":"https:\/\/stourm.news\/"},{"@type":"ListItem","position":2,"name":"Un \u00ab\u00a0XV Breizh\u00a0\u00bb : le pari d&rsquo;une s\u00e9lection nationale bretonne de rugby"}]},{"@type":"WebSite","@id":"https:\/\/stourm.news\/#website","url":"https:\/\/stourm.news\/","name":"Stourm","description":"Kazetenn Strollad Broadel Breizh","publisher":{"@id":"https:\/\/stourm.news\/#organization"},"potentialAction":[{"@type":"SearchAction","target":{"@type":"EntryPoint","urlTemplate":"https:\/\/stourm.news\/?s={search_term_string}"},"query-input":{"@type":"PropertyValueSpecification","valueRequired":true,"valueName":"search_term_string"}}],"inLanguage":"fr-FR"},{"@type":"Organization","@id":"https:\/\/stourm.news\/#organization","name":"Stourm","url":"https:\/\/stourm.news\/","logo":{"@type":"ImageObject","inLanguage":"fr-FR","@id":"https:\/\/stourm.news\/#\/schema\/logo\/image\/","url":"https:\/\/stourm.news\/wp-content\/uploads\/2025\/11\/cropped-Capture-decran-2025-11-28-a-15.19.07.png","contentUrl":"https:\/\/stourm.news\/wp-content\/uploads\/2025\/11\/cropped-Capture-decran-2025-11-28-a-15.19.07.png","width":1855,"height":383,"caption":"Stourm"},"image":{"@id":"https:\/\/stourm.news\/#\/schema\/logo\/image\/"},"sameAs":["https:\/\/www.facebook.com\/stourmnews\/"]},{"@type":"Person","@id":"https:\/\/stourm.news\/#\/schema\/person\/c3e1dc65988632e190969234ef046cf9","name":"La r\u00e9daction","image":{"@type":"ImageObject","inLanguage":"fr-FR","@id":"https:\/\/stourm.news\/#\/schema\/person\/image\/","url":"https:\/\/secure.gravatar.com\/avatar\/7463443f194b6b5fb706b074ca0ef59a0cfcfd720cb47764b0ec5a952ce422b3?s=96&d=mm&r=g","contentUrl":"https:\/\/secure.gravatar.com\/avatar\/7463443f194b6b5fb706b074ca0ef59a0cfcfd720cb47764b0ec5a952ce422b3?s=96&d=mm&r=g","caption":"La r\u00e9daction"},"sameAs":["https:\/\/stourm.news"],"url":"https:\/\/stourm.news\/?author=1"}]}},"_links":{"self":[{"href":"https:\/\/stourm.news\/index.php?rest_route=\/wp\/v2\/posts\/3269","targetHints":{"allow":["GET"]}}],"collection":[{"href":"https:\/\/stourm.news\/index.php?rest_route=\/wp\/v2\/posts"}],"about":[{"href":"https:\/\/stourm.news\/index.php?rest_route=\/wp\/v2\/types\/post"}],"author":[{"embeddable":true,"href":"https:\/\/stourm.news\/index.php?rest_route=\/wp\/v2\/users\/1"}],"replies":[{"embeddable":true,"href":"https:\/\/stourm.news\/index.php?rest_route=%2Fwp%2Fv2%2Fcomments&post=3269"}],"version-history":[{"count":2,"href":"https:\/\/stourm.news\/index.php?rest_route=\/wp\/v2\/posts\/3269\/revisions"}],"predecessor-version":[{"id":3272,"href":"https:\/\/stourm.news\/index.php?rest_route=\/wp\/v2\/posts\/3269\/revisions\/3272"}],"wp:featuredmedia":[{"embeddable":true,"href":"https:\/\/stourm.news\/index.php?rest_route=\/wp\/v2\/media\/3270"}],"wp:attachment":[{"href":"https:\/\/stourm.news\/index.php?rest_route=%2Fwp%2Fv2%2Fmedia&parent=3269"}],"wp:term":[{"taxonomy":"category","embeddable":true,"href":"https:\/\/stourm.news\/index.php?rest_route=%2Fwp%2Fv2%2Fcategories&post=3269"},{"taxonomy":"post_tag","embeddable":true,"href":"https:\/\/stourm.news\/index.php?rest_route=%2Fwp%2Fv2%2Ftags&post=3269"}],"curies":[{"name":"wp","href":"https:\/\/api.w.org\/{rel}","templated":true}]}}