{"id":3275,"date":"2025-01-31T10:36:38","date_gmt":"2025-01-31T10:36:38","guid":{"rendered":"https:\/\/stourm.news\/?p=3275"},"modified":"2025-01-31T10:36:38","modified_gmt":"2025-01-31T10:36:38","slug":"taille-des-trottoirs-la-mairie-de-nantes-veut-rendre-les-rues-moins-sexistes","status":"publish","type":"post","link":"https:\/\/stourm.news\/?p=3275","title":{"rendered":"Taille des trottoirs : la mairie de Nantes veut rendre les rues \u00ab\u00a0moins sexistes\u00a0\u00bb"},"content":{"rendered":"<p style=\"text-align: justify;\">\u00c0 l\u2019occasion de l\u2019examen du budget primitif 2025 au prochain conseil municipal, la mairie de Nantes envisage de d\u00e9cliner &#8211; dans le courant de l\u2019ann\u00e9e &#8211; son exp\u00e9rimentation d\u2019un <strong>\u00abbudget sensible au genre\u00bb<\/strong> \u00e0 l\u2019aune des am\u00e9nagements des rues et des places de la cit\u00e9 des ducs. Copilot\u00e9e avec les associations du <strong>\u00abr\u00e9seau de la ville non-sexiste\u00bb<\/strong> &#8211; une instance ouverte de la ville de Nantes -, cette initiative consistera \u00e0 mener des \u00ab\u00e9valuations participatives\u00bb de plusieurs lieux, \u00abconcevoir et g\u00e9rer des espaces publics correspondant aux besoins et aspirations de toutes et tous\u00bb et lutter contre le sexisme de rue, indique un communiqu\u00e9 diffus\u00e9 le 27 janvier par la mairie.<\/p>\n<p style=\"text-align: justify;\">Une enqu\u00eate exp\u00e9rimentale de terrain, intitul\u00e9e \u00abContre le sexisme, imaginons les espaces publics de demain\u00bb, est en cours sur trois premiers lieux de l\u2019agglom\u00e9ration nantaise : la place du Bouffay, le c\u0153ur de Breil et le p\u00f4le d\u2019\u00e9changes de Pirmil. La taille des trottoirs, le mobilier urbain, l\u2019\u00e9clairage des rues, ou encore la v\u00e9g\u00e9talisation font partie des am\u00e9nagements qui pourraient \u00eatre repens\u00e9s par cette enqu\u00eate, et mis en pratique d\u00e8s le chantier de la place de la Petite-Hollande, en centre-ville.<\/p>\n<p style=\"text-align: justify;\">Cette r\u00e9flexion sur<strong> les \u00e9quipements urbains<\/strong> a \u00e9t\u00e9 amorc\u00e9e d\u00e8s la fin 2024 par la mairie socialiste, avec la r\u00e9union d\u2019une \u00abcommunaut\u00e9 citoyenne de personnes concern\u00e9es par le sexisme sur l\u2019espace public\u00bb. Constitu\u00e9 de 25 femmes et personnes LGBTQIA+, le groupe de travail a \u00e9t\u00e9 charg\u00e9 de d\u00e9terminer, entre autres, ce qui caract\u00e9riserait un espace public \u00e9galitaire et agr\u00e9able, ou encore d\u2019identifier les restrictions subies par les personnes concern\u00e9es en raison d\u2019\u00abin\u00e9galit\u00e9s de genre v\u00e9cues\u00bb.<\/p>\n<p style=\"text-align: justify;\">Source : <a href=\"https:\/\/www.lefigaro.fr\/nantes\/nantes-la-ville-socialiste-veut-rendre-ses-rues-moins-sexistes-20250130\">Le Figaro<\/a><\/p>\n","protected":false},"excerpt":{"rendered":"<p>\u00c0 l\u2019occasion de l\u2019examen du budget primitif 2025 au prochain conseil municipal, la mairie de Nantes envisage de d\u00e9cliner &#8211; dans le courant de l\u2019ann\u00e9e &#8211; son exp\u00e9rimentation d\u2019un \u00abbudget sensible au genre\u00bb \u00e0 l\u2019aune des am\u00e9nagements des rues et des places de la cit\u00e9 des ducs. Copilot\u00e9e avec les associations du \u00abr\u00e9seau de la [&hellip;]<\/p>\n","protected":false},"author":1,"featured_media":3276,"comment_status":"open","ping_status":"open","sticky":false,"template":"","format":"standard","meta":{"sb_editor_width":"","footnotes":""},"categories":[36,42,62,54],"tags":[],"class_list":["post-3275","post","type-post","status-publish","format-standard","has-post-thumbnail","hentry","category-extreme-gauche","category-loire-atlantique","category-revue-de-presse","category-societe"],"relative_dates":{"created":"1 an ago","modified":"1 an ago"},"yoast_head":"<!-- This site is optimized with the Yoast SEO plugin v26.3 - https:\/\/yoast.com\/wordpress\/plugins\/seo\/ -->\n<title>Taille des trottoirs : la mairie de Nantes veut rendre les rues &quot;moins sexistes&quot; - STOURM<\/title>\n<meta name=\"robots\" content=\"index, follow, max-snippet:-1, max-image-preview:large, max-video-preview:-1\" \/>\n<link rel=\"canonical\" href=\"https:\/\/stourm.news\/?p=3275\" \/>\n<meta property=\"og:locale\" content=\"fr_FR\" \/>\n<meta property=\"og:type\" content=\"article\" \/>\n<meta property=\"og:title\" content=\"Taille des trottoirs : la mairie de Nantes veut rendre les rues &quot;moins sexistes&quot; - STOURM\" \/>\n<meta property=\"og:description\" content=\"\u00c0 l\u2019occasion de l\u2019examen du budget primitif 2025 au prochain conseil municipal, la mairie de Nantes envisage de d\u00e9cliner &#8211; dans le courant de l\u2019ann\u00e9e &#8211; son exp\u00e9rimentation d\u2019un \u00abbudget sensible au genre\u00bb \u00e0 l\u2019aune des am\u00e9nagements des rues et des places de la cit\u00e9 des ducs. Copilot\u00e9e avec les associations du \u00abr\u00e9seau de la [&hellip;]\" \/>\n<meta property=\"og:url\" content=\"https:\/\/stourm.news\/?p=3275\" \/>\n<meta property=\"og:site_name\" content=\"STOURM\" \/>\n<meta property=\"article:publisher\" content=\"https:\/\/www.facebook.com\/stourmnews\/\" \/>\n<meta property=\"article:published_time\" content=\"2025-01-31T10:36:38+00:00\" \/>\n<meta property=\"og:image\" content=\"https:\/\/stourm.news\/wp-content\/uploads\/2025\/01\/1200x680_drapeaux.jpg\" \/>\n\t<meta property=\"og:image:width\" content=\"1200\" \/>\n\t<meta property=\"og:image:height\" content=\"680\" \/>\n\t<meta property=\"og:image:type\" content=\"image\/jpeg\" \/>\n<meta name=\"author\" content=\"La r\u00e9daction\" \/>\n<meta name=\"twitter:card\" content=\"summary_large_image\" \/>\n<meta name=\"twitter:label1\" content=\"\u00c9crit par\" \/>\n\t<meta name=\"twitter:data1\" content=\"La r\u00e9daction\" \/>\n\t<meta name=\"twitter:label2\" content=\"Dur\u00e9e de lecture estim\u00e9e\" \/>\n\t<meta name=\"twitter:data2\" content=\"2 minutes\" \/>\n<script type=\"application\/ld+json\" class=\"yoast-schema-graph\">{\"@context\":\"https:\/\/schema.org\",\"@graph\":[{\"@type\":\"Article\",\"@id\":\"https:\/\/stourm.news\/?p=3275#article\",\"isPartOf\":{\"@id\":\"https:\/\/stourm.news\/?p=3275\"},\"author\":{\"name\":\"La r\u00e9daction\",\"@id\":\"https:\/\/stourm.news\/#\/schema\/person\/c3e1dc65988632e190969234ef046cf9\"},\"headline\":\"Taille des trottoirs : la mairie de Nantes veut rendre les rues \u00ab\u00a0moins sexistes\u00a0\u00bb\",\"datePublished\":\"2025-01-31T10:36:38+00:00\",\"mainEntityOfPage\":{\"@id\":\"https:\/\/stourm.news\/?p=3275\"},\"wordCount\":316,\"commentCount\":0,\"publisher\":{\"@id\":\"https:\/\/stourm.news\/#organization\"},\"image\":{\"@id\":\"https:\/\/stourm.news\/?p=3275#primaryimage\"},\"thumbnailUrl\":\"https:\/\/stourm.news\/wp-content\/uploads\/2025\/01\/1200x680_drapeaux.jpg\",\"articleSection\":[\"Extr\u00eame-gauche\",\"Loire-Atlantique\",\"Revue de presse\",\"Soci\u00e9t\u00e9\"],\"inLanguage\":\"fr-FR\",\"potentialAction\":[{\"@type\":\"CommentAction\",\"name\":\"Comment\",\"target\":[\"https:\/\/stourm.news\/?p=3275#respond\"]}]},{\"@type\":\"WebPage\",\"@id\":\"https:\/\/stourm.news\/?p=3275\",\"url\":\"https:\/\/stourm.news\/?p=3275\",\"name\":\"Taille des trottoirs : la mairie de Nantes veut rendre les rues \\\"moins sexistes\\\" - STOURM\",\"isPartOf\":{\"@id\":\"https:\/\/stourm.news\/#website\"},\"primaryImageOfPage\":{\"@id\":\"https:\/\/stourm.news\/?p=3275#primaryimage\"},\"image\":{\"@id\":\"https:\/\/stourm.news\/?p=3275#primaryimage\"},\"thumbnailUrl\":\"https:\/\/stourm.news\/wp-content\/uploads\/2025\/01\/1200x680_drapeaux.jpg\",\"datePublished\":\"2025-01-31T10:36:38+00:00\",\"breadcrumb\":{\"@id\":\"https:\/\/stourm.news\/?p=3275#breadcrumb\"},\"inLanguage\":\"fr-FR\",\"potentialAction\":[{\"@type\":\"ReadAction\",\"target\":[\"https:\/\/stourm.news\/?p=3275\"]}]},{\"@type\":\"ImageObject\",\"inLanguage\":\"fr-FR\",\"@id\":\"https:\/\/stourm.news\/?p=3275#primaryimage\",\"url\":\"https:\/\/stourm.news\/wp-content\/uploads\/2025\/01\/1200x680_drapeaux.jpg\",\"contentUrl\":\"https:\/\/stourm.news\/wp-content\/uploads\/2025\/01\/1200x680_drapeaux.jpg\",\"width\":1200,\"height\":680},{\"@type\":\"BreadcrumbList\",\"@id\":\"https:\/\/stourm.news\/?p=3275#breadcrumb\",\"itemListElement\":[{\"@type\":\"ListItem\",\"position\":1,\"name\":\"Accueil\",\"item\":\"https:\/\/stourm.news\/\"},{\"@type\":\"ListItem\",\"position\":2,\"name\":\"Taille des trottoirs : la mairie de Nantes veut rendre les rues \u00ab\u00a0moins sexistes\u00a0\u00bb\"}]},{\"@type\":\"WebSite\",\"@id\":\"https:\/\/stourm.news\/#website\",\"url\":\"https:\/\/stourm.news\/\",\"name\":\"Stourm\",\"description\":\"Kazetenn Strollad Broadel Breizh\",\"publisher\":{\"@id\":\"https:\/\/stourm.news\/#organization\"},\"potentialAction\":[{\"@type\":\"SearchAction\",\"target\":{\"@type\":\"EntryPoint\",\"urlTemplate\":\"https:\/\/stourm.news\/?s={search_term_string}\"},\"query-input\":{\"@type\":\"PropertyValueSpecification\",\"valueRequired\":true,\"valueName\":\"search_term_string\"}}],\"inLanguage\":\"fr-FR\"},{\"@type\":\"Organization\",\"@id\":\"https:\/\/stourm.news\/#organization\",\"name\":\"Stourm\",\"url\":\"https:\/\/stourm.news\/\",\"logo\":{\"@type\":\"ImageObject\",\"inLanguage\":\"fr-FR\",\"@id\":\"https:\/\/stourm.news\/#\/schema\/logo\/image\/\",\"url\":\"https:\/\/stourm.news\/wp-content\/uploads\/2025\/11\/cropped-Capture-decran-2025-11-28-a-15.19.07.png\",\"contentUrl\":\"https:\/\/stourm.news\/wp-content\/uploads\/2025\/11\/cropped-Capture-decran-2025-11-28-a-15.19.07.png\",\"width\":1855,\"height\":383,\"caption\":\"Stourm\"},\"image\":{\"@id\":\"https:\/\/stourm.news\/#\/schema\/logo\/image\/\"},\"sameAs\":[\"https:\/\/www.facebook.com\/stourmnews\/\"]},{\"@type\":\"Person\",\"@id\":\"https:\/\/stourm.news\/#\/schema\/person\/c3e1dc65988632e190969234ef046cf9\",\"name\":\"La r\u00e9daction\",\"image\":{\"@type\":\"ImageObject\",\"inLanguage\":\"fr-FR\",\"@id\":\"https:\/\/stourm.news\/#\/schema\/person\/image\/\",\"url\":\"https:\/\/secure.gravatar.com\/avatar\/7463443f194b6b5fb706b074ca0ef59a0cfcfd720cb47764b0ec5a952ce422b3?s=96&d=mm&r=g\",\"contentUrl\":\"https:\/\/secure.gravatar.com\/avatar\/7463443f194b6b5fb706b074ca0ef59a0cfcfd720cb47764b0ec5a952ce422b3?s=96&d=mm&r=g\",\"caption\":\"La r\u00e9daction\"},\"sameAs\":[\"https:\/\/stourm.news\"],\"url\":\"https:\/\/stourm.news\/?author=1\"}]}<\/script>\n<!-- \/ Yoast SEO plugin. -->","yoast_head_json":{"title":"Taille des trottoirs : la mairie de Nantes veut rendre les rues \"moins sexistes\" - STOURM","robots":{"index":"index","follow":"follow","max-snippet":"max-snippet:-1","max-image-preview":"max-image-preview:large","max-video-preview":"max-video-preview:-1"},"canonical":"https:\/\/stourm.news\/?p=3275","og_locale":"fr_FR","og_type":"article","og_title":"Taille des trottoirs : la mairie de Nantes veut rendre les rues \"moins sexistes\" - STOURM","og_description":"\u00c0 l\u2019occasion de l\u2019examen du budget primitif 2025 au prochain conseil municipal, la mairie de Nantes envisage de d\u00e9cliner &#8211; dans le courant de l\u2019ann\u00e9e &#8211; son exp\u00e9rimentation d\u2019un \u00abbudget sensible au genre\u00bb \u00e0 l\u2019aune des am\u00e9nagements des rues et des places de la cit\u00e9 des ducs. Copilot\u00e9e avec les associations du \u00abr\u00e9seau de la [&hellip;]","og_url":"https:\/\/stourm.news\/?p=3275","og_site_name":"STOURM","article_publisher":"https:\/\/www.facebook.com\/stourmnews\/","article_published_time":"2025-01-31T10:36:38+00:00","og_image":[{"width":1200,"height":680,"url":"https:\/\/stourm.news\/wp-content\/uploads\/2025\/01\/1200x680_drapeaux.jpg","type":"image\/jpeg"}],"author":"La r\u00e9daction","twitter_card":"summary_large_image","twitter_misc":{"\u00c9crit par":"La r\u00e9daction","Dur\u00e9e de lecture estim\u00e9e":"2 minutes"},"schema":{"@context":"https:\/\/schema.org","@graph":[{"@type":"Article","@id":"https:\/\/stourm.news\/?p=3275#article","isPartOf":{"@id":"https:\/\/stourm.news\/?p=3275"},"author":{"name":"La r\u00e9daction","@id":"https:\/\/stourm.news\/#\/schema\/person\/c3e1dc65988632e190969234ef046cf9"},"headline":"Taille des trottoirs : la mairie de Nantes veut rendre les rues \u00ab\u00a0moins sexistes\u00a0\u00bb","datePublished":"2025-01-31T10:36:38+00:00","mainEntityOfPage":{"@id":"https:\/\/stourm.news\/?p=3275"},"wordCount":316,"commentCount":0,"publisher":{"@id":"https:\/\/stourm.news\/#organization"},"image":{"@id":"https:\/\/stourm.news\/?p=3275#primaryimage"},"thumbnailUrl":"https:\/\/stourm.news\/wp-content\/uploads\/2025\/01\/1200x680_drapeaux.jpg","articleSection":["Extr\u00eame-gauche","Loire-Atlantique","Revue de presse","Soci\u00e9t\u00e9"],"inLanguage":"fr-FR","potentialAction":[{"@type":"CommentAction","name":"Comment","target":["https:\/\/stourm.news\/?p=3275#respond"]}]},{"@type":"WebPage","@id":"https:\/\/stourm.news\/?p=3275","url":"https:\/\/stourm.news\/?p=3275","name":"Taille des trottoirs : la mairie de Nantes veut rendre les rues \"moins sexistes\" - STOURM","isPartOf":{"@id":"https:\/\/stourm.news\/#website"},"primaryImageOfPage":{"@id":"https:\/\/stourm.news\/?p=3275#primaryimage"},"image":{"@id":"https:\/\/stourm.news\/?p=3275#primaryimage"},"thumbnailUrl":"https:\/\/stourm.news\/wp-content\/uploads\/2025\/01\/1200x680_drapeaux.jpg","datePublished":"2025-01-31T10:36:38+00:00","breadcrumb":{"@id":"https:\/\/stourm.news\/?p=3275#breadcrumb"},"inLanguage":"fr-FR","potentialAction":[{"@type":"ReadAction","target":["https:\/\/stourm.news\/?p=3275"]}]},{"@type":"ImageObject","inLanguage":"fr-FR","@id":"https:\/\/stourm.news\/?p=3275#primaryimage","url":"https:\/\/stourm.news\/wp-content\/uploads\/2025\/01\/1200x680_drapeaux.jpg","contentUrl":"https:\/\/stourm.news\/wp-content\/uploads\/2025\/01\/1200x680_drapeaux.jpg","width":1200,"height":680},{"@type":"BreadcrumbList","@id":"https:\/\/stourm.news\/?p=3275#breadcrumb","itemListElement":[{"@type":"ListItem","position":1,"name":"Accueil","item":"https:\/\/stourm.news\/"},{"@type":"ListItem","position":2,"name":"Taille des trottoirs : la mairie de Nantes veut rendre les rues \u00ab\u00a0moins sexistes\u00a0\u00bb"}]},{"@type":"WebSite","@id":"https:\/\/stourm.news\/#website","url":"https:\/\/stourm.news\/","name":"Stourm","description":"Kazetenn Strollad Broadel Breizh","publisher":{"@id":"https:\/\/stourm.news\/#organization"},"potentialAction":[{"@type":"SearchAction","target":{"@type":"EntryPoint","urlTemplate":"https:\/\/stourm.news\/?s={search_term_string}"},"query-input":{"@type":"PropertyValueSpecification","valueRequired":true,"valueName":"search_term_string"}}],"inLanguage":"fr-FR"},{"@type":"Organization","@id":"https:\/\/stourm.news\/#organization","name":"Stourm","url":"https:\/\/stourm.news\/","logo":{"@type":"ImageObject","inLanguage":"fr-FR","@id":"https:\/\/stourm.news\/#\/schema\/logo\/image\/","url":"https:\/\/stourm.news\/wp-content\/uploads\/2025\/11\/cropped-Capture-decran-2025-11-28-a-15.19.07.png","contentUrl":"https:\/\/stourm.news\/wp-content\/uploads\/2025\/11\/cropped-Capture-decran-2025-11-28-a-15.19.07.png","width":1855,"height":383,"caption":"Stourm"},"image":{"@id":"https:\/\/stourm.news\/#\/schema\/logo\/image\/"},"sameAs":["https:\/\/www.facebook.com\/stourmnews\/"]},{"@type":"Person","@id":"https:\/\/stourm.news\/#\/schema\/person\/c3e1dc65988632e190969234ef046cf9","name":"La r\u00e9daction","image":{"@type":"ImageObject","inLanguage":"fr-FR","@id":"https:\/\/stourm.news\/#\/schema\/person\/image\/","url":"https:\/\/secure.gravatar.com\/avatar\/7463443f194b6b5fb706b074ca0ef59a0cfcfd720cb47764b0ec5a952ce422b3?s=96&d=mm&r=g","contentUrl":"https:\/\/secure.gravatar.com\/avatar\/7463443f194b6b5fb706b074ca0ef59a0cfcfd720cb47764b0ec5a952ce422b3?s=96&d=mm&r=g","caption":"La r\u00e9daction"},"sameAs":["https:\/\/stourm.news"],"url":"https:\/\/stourm.news\/?author=1"}]}},"_links":{"self":[{"href":"https:\/\/stourm.news\/index.php?rest_route=\/wp\/v2\/posts\/3275","targetHints":{"allow":["GET"]}}],"collection":[{"href":"https:\/\/stourm.news\/index.php?rest_route=\/wp\/v2\/posts"}],"about":[{"href":"https:\/\/stourm.news\/index.php?rest_route=\/wp\/v2\/types\/post"}],"author":[{"embeddable":true,"href":"https:\/\/stourm.news\/index.php?rest_route=\/wp\/v2\/users\/1"}],"replies":[{"embeddable":true,"href":"https:\/\/stourm.news\/index.php?rest_route=%2Fwp%2Fv2%2Fcomments&post=3275"}],"version-history":[{"count":1,"href":"https:\/\/stourm.news\/index.php?rest_route=\/wp\/v2\/posts\/3275\/revisions"}],"predecessor-version":[{"id":3277,"href":"https:\/\/stourm.news\/index.php?rest_route=\/wp\/v2\/posts\/3275\/revisions\/3277"}],"wp:featuredmedia":[{"embeddable":true,"href":"https:\/\/stourm.news\/index.php?rest_route=\/wp\/v2\/media\/3276"}],"wp:attachment":[{"href":"https:\/\/stourm.news\/index.php?rest_route=%2Fwp%2Fv2%2Fmedia&parent=3275"}],"wp:term":[{"taxonomy":"category","embeddable":true,"href":"https:\/\/stourm.news\/index.php?rest_route=%2Fwp%2Fv2%2Fcategories&post=3275"},{"taxonomy":"post_tag","embeddable":true,"href":"https:\/\/stourm.news\/index.php?rest_route=%2Fwp%2Fv2%2Ftags&post=3275"}],"curies":[{"name":"wp","href":"https:\/\/api.w.org\/{rel}","templated":true}]}}