{"id":3278,"date":"2025-01-31T14:54:31","date_gmt":"2025-01-31T14:54:31","guid":{"rendered":"https:\/\/stourm.news\/?p=3278"},"modified":"2025-01-31T14:54:31","modified_gmt":"2025-01-31T14:54:31","slug":"thomas-macdonagh-vie-dun-revolutionnaire-irlandais","status":"publish","type":"post","link":"https:\/\/stourm.news\/?p=3278","title":{"rendered":"Thomas MacDonagh : vie d&rsquo;un r\u00e9volutionnaire irlandais"},"content":{"rendered":"<p style=\"text-align: justify;\">Thomas MacDonagh na\u00eet \u00e0 Cloughjordan, dans le comt\u00e9 de Tipperary, fils de Joseph McDonagh, un ma\u00eetre d&rsquo;\u00e9cole, et de Mary Parker. Il grandit dans une maison remplie de musique, de po\u00e9sie et d\u2019apprentissage et re\u00e7oit d\u00e8s son plus jeune \u00e2ge l\u2019amour de la culture anglaise et irlandaise. Il est le fr\u00e8re de l&rsquo;homme politique du Sinn F\u00e9in, Joseph, et du r\u00e9alisateur John.<\/p>\n<p style=\"text-align: justify;\">Ses deux parents sont enseignants, qui insistent sur l\u2019\u00e9ducation. MacDonagh fr\u00e9quente le Rockwell College. Pendant ses \u00e9tudes, MacDonagh passe plusieurs ann\u00e9es \u00e0 se pr\u00e9parer \u00e0 une carri\u00e8re missionnaire, mais apr\u00e8s quelques ann\u00e9es, il se rend compte que ce n&rsquo;est pas sa vie et il quitte le coll\u00e8ge.<\/p>\n<p><img fetchpriority=\"high\" decoding=\"async\" class=\"alignnone size-medium\" src=\"https:\/\/150228800.v2.pressablecdn.com\/wp-content\/uploads\/2022\/10\/DJI_0060-scaled.webp\" width=\"2560\" height=\"1917\" \/><\/p>\n<p style=\"text-align: center;\"><em>Rockwell College, comt\u00e9 de Tipperary<\/em><\/p>\n<p style=\"text-align: justify;\">Tr\u00e8s peu de temps apr\u00e8s, il publie son premier recueil de po\u00e8mes, Through the Ivory Gate, en 1902. Il enseigne au St Kieran&rsquo;s College de Kilkenny et, \u00e0 partir de 1903, il est employ\u00e9 comme professeur de fran\u00e7ais, d&rsquo;anglais et de latin au St. Colman&rsquo;s College de Fermoy, dans le comt\u00e9 de Cork, o\u00f9 il forme \u00e9galement une branche de la Ligue ga\u00e9lique. \u00c0 Fermoy, MacDonagh est l&rsquo;un des membres fondateurs de l&rsquo;Association of Secondary Teachers, Ireland (ASTI), le syndicat des enseignants du secondaire form\u00e9 au Fermoy College en 1908. Il s&rsquo;installe \u00e0 Dublin et noue bient\u00f4t de solides amiti\u00e9s avec des hommes tels qu&rsquo;Eoin Mac N\u00e9ill et Patrick Pearse.<\/p>\n<p><img decoding=\"async\" class=\"alignnone size-medium\" src=\"https:\/\/www.rte.ie\/centuryireland\/images\/uploads\/content\/1916-CnG-ClaidheamhSoluis1.jpg\" width=\"1300\" height=\"896\" \/><\/p>\n<p style=\"text-align: justify;\">Son amiti\u00e9 avec Pearse et son amour de l&rsquo;irlandais l&rsquo;am\u00e8nent \u00e0 rejoindre l&rsquo;\u00e9cole bilingue de Pearse \u00e0 St. Enda lors de sa cr\u00e9ation en 1908, comme professeur de fran\u00e7ais et d&rsquo;anglais et directeur adjoint. Il est l&rsquo;un des fondateurs du syndicat d&rsquo;enseignants ASTI (Association des enseignants du secondaire en Irlande). MacDonagh joue un r\u00f4le essentiel dans le succ\u00e8s pr\u00e9coce de l&rsquo;\u00e9cole.<\/p>\n<p><img decoding=\"async\" class=\"alignnone size-medium\" src=\"https:\/\/www.irishtimes.com\/resizer\/v2\/LS3XHQCFMLDQV5J7XUCWTAJ4EU.jpg?auth=bdb2b999b03dd9c2fbc042642277c24f8e36bf6d1c1be9acabdf9fbb69db1ca3&amp;smart=true&amp;width=1600&amp;height=900\" width=\"1600\" height=\"900\" \/><\/p>\n<p style=\"text-align: center;\"><em>Thomas MacDonagh (1878-1916), sa femme Muriel (1884-1917) et son fils Donagh (1912-1968)<\/em><\/p>\n<p style=\"text-align: justify;\">Lors de son mariage, il prend le poste de professeur d&rsquo;anglais \u00e0 l&rsquo;Universit\u00e9 nationale d&rsquo;Irlande, tout en continuant \u00e0 soutenir St Enda. MacDonagh reste attach\u00e9 \u00e0 la langue irlandaise et, en 1910, il devient tuteur d&rsquo;un jeune membre de la Ligue ga\u00e9lique, Joseph Plunkett. Ce sont tous deux des po\u00e8tes int\u00e9ress\u00e9s par le th\u00e9\u00e2tre irlandais et ils nouent une amiti\u00e9 de longue date.<\/p>\n<p><img loading=\"lazy\" decoding=\"async\" class=\"alignnone size-medium\" src=\"https:\/\/theirishwar.com\/wp-content\/uploads\/2012\/12\/Joseph-Mary-Plunkett-radio.jpg\" width=\"600\" height=\"518\" \/><\/p>\n<p style=\"text-align: center;\"><em>Joseph Plunkett<\/em><\/p>\n<p style=\"text-align: justify;\">Le 3 janvier 1912, il \u00e9pouse Muriel Gifford (membre de l&rsquo;\u00c9glise d&rsquo;Irlande, m\u00eame si ni elle ni lui n&rsquo;\u00e9taient pratiquants) ; leur fils, Donagh, est n\u00e9 en novembre 1912 et leur fille, Barbara, en mars 1915. La s\u0153ur de Muriel, Grace Gifford, \u00e9pouse Joseph Plunkett quelques heures avant son ex\u00e9cution en 1916.<\/p>\n<p><img loading=\"lazy\" decoding=\"async\" class=\"alignnone size-medium\" src=\"https:\/\/www.irishexaminer.com\/cms_media\/module_img\/311\/155567_1_seoimageog_ie-394757_139983263bff40849525dc310f6249b2.jpg\" width=\"1200\" height=\"630\" \/><\/p>\n<p style=\"text-align: justify;\">MacDonagh est membre de la Ligue irlandaise des franchises f\u00e9minines. Il soutient les gr\u00e9vistes lors du lock-out de Dublin et est membre du \u00ab Comit\u00e9 pour la paix industrielle \u00bb aux c\u00f4t\u00e9s de Joseph Plunkett, dont l&rsquo;objectif d\u00e9clar\u00e9 est de parvenir \u00e0 une issue \u00e9quitable au conflit8.<\/p>\n<p style=\"text-align: justify;\">En 1913, MacDonagh et Plunkett assistent \u00e0 la r\u00e9union inaugurale des Volontaires irlandais et rejoignent leur comit\u00e9 provisoire. MacDonagh est plus tard nomm\u00e9 commandant du 2e bataillon de Dublin et finalement nomm\u00e9 commandant de l&rsquo;ensemble de la brigade de Dublin. Bien qu&rsquo;\u00e0 l&rsquo;origine un pur constitutionnaliste, \u00e0 travers ses relations avec des hommes tels que Pearse, Plunkett et Se\u00e1n Mac Diarmada, et \u00e0 travers la militarisation croissante de l&rsquo;Europe au d\u00e9but de la Premi\u00e8re Guerre mondiale, MacDonagh d\u00e9veloppe des convictions r\u00e9publicaines plus fortes, rejoignant la Fraternit\u00e9 r\u00e9publicaine irlandaise (IRB), probablement au cours de l&rsquo;\u00e9t\u00e9 1915. \u00c0 cette \u00e9poque, Tom Clarke lui demande de planifier les fun\u00e9railles grandioses de Jeremiah O&rsquo;Donovan Rossa, qui sont un succ\u00e8s de propagande retentissant, en grande partie gr\u00e2ce au discours prononc\u00e9 par Pearse au bord de la tombe.<\/p>\n<p><img loading=\"lazy\" decoding=\"async\" class=\"alignnone size-medium\" src=\"https:\/\/upload.wikimedia.org\/wikipedia\/commons\/thumb\/e\/e6\/Jeremiah_O%27Donovan_Rossa_funeral_August_1%2C_1915.jpg\/1920px-Jeremiah_O%27Donovan_Rossa_funeral_August_1%2C_1915.jpg\" width=\"1920\" height=\"1380\" \/><\/p>\n<p style=\"text-align: center;\"><em>Fun\u00e9railles de Jeremiah O&rsquo;Donovan Rossa, inspirateur de l&rsquo;action arm\u00e9e irlandaise dans les ann\u00e9es 1880<\/em><\/p>\n<p style=\"text-align: justify;\">Bien que reconnu comme l&rsquo;un des sept dirigeants de l&rsquo;Easter Rising, MacDonagh est un ajout tardif \u00e0 ce groupe. Il n\u2019a rejoint le Conseil militaire secret qui planifie le soul\u00e8vement qu\u2019en avril 1916, quelques semaines avant le soul\u00e8vement. La raison de son admission \u00e0 une date aussi tardive est incertaine. Encore relativement nouveau venu \u00e0 l&rsquo;IRB, des hommes comme Clarke ont peut-\u00eatre h\u00e9sit\u00e9 \u00e0 le nommer trop t\u00f4t \u00e0 un poste aussi \u00e9lev\u00e9, ce qui soul\u00e8ve la question de savoir pourquoi il devrait \u00eatre admis. Ses liens \u00e9troits avec Pearse et Plunkett en ont peut-\u00eatre \u00e9t\u00e9 la cause, ainsi que son poste de commandant de la brigade de Dublin (bien que son poste en tant que tel soit plus tard remplac\u00e9 par James Connolly en tant que commandant g\u00e9n\u00e9ral de la division de Dublin). Pourtant, MacDonagh est signataire de la Proclamation de la R\u00e9publique irlandaise.<\/p>\n<p style=\"text-align: justify;\">Pendant le soul\u00e8vement, le bataillon de MacDonagh est stationn\u00e9 dans l&rsquo;immense complexe de la biscuiterie Jacob. Sur le chemin vers cette destination, le bataillon rencontre le v\u00e9t\u00e9ran F\u00e9nien John MacBride, qui rejoint sur place le bataillon en tant que commandant en second et assume en fait une partie du commandement tout au long de la semaine de P\u00e2ques, bien qu&rsquo;il n&rsquo;ait eu aucune connaissance pr\u00e9alable du soul\u00e8vement et \u00e9tait dans la zone par hasard. Le commandant en second initial de MacDonagh est Michael O&rsquo;Hanraha.<\/p>\n<p><img loading=\"lazy\" decoding=\"async\" class=\"alignnone size-medium\" src=\"https:\/\/upload.wikimedia.org\/wikipedia\/commons\/thumb\/e\/ec\/Thomas_MacDonagh_in_uniform%2C_half-length_portrait_%2824469972256%29.jpg\/1024px-Thomas_MacDonagh_in_uniform%2C_half-length_portrait_%2824469972256%29.jpg\" width=\"1024\" height=\"1368\" \/><\/p>\n<p style=\"text-align: justify;\">Dans l&rsquo;\u00e9tat actuel des choses, malgr\u00e9 le rang de MacDonagh et le fait qu&rsquo;il commande l&rsquo;un des bataillons les plus puissants, ils participent \u00e0 peu de combats, l&rsquo;arm\u00e9e britannique \u00e9vitant l&rsquo;usine alors qu&rsquo;elle \u00e9tablit des positions dans le centre de Dublin. MacDonagh re\u00e7oit l&rsquo;ordre de se rendre le 30 avril, m\u00eame si l&rsquo;ensemble de son bataillon \u00e9tait pleinement pr\u00eat \u00e0 poursuivre l&rsquo;engagement. Apr\u00e8s la reddition, MacDonagh est traduit en cour martiale et ex\u00e9cut\u00e9 par un peloton d&rsquo;ex\u00e9cution le 3 mai 1916, \u00e0 l&rsquo;\u00e2ge de trente-huit ans. Il est le troisi\u00e8me signataire de la Proclamation \u00e0 \u00eatre fusill\u00e9. On raconte qu&rsquo;au moment o\u00f9 il est sorti de sa cellule pour \u00eatre ex\u00e9cut\u00e9, il a siffl\u00e9.<\/p>\n<p>&nbsp;<\/p>\n","protected":false},"excerpt":{"rendered":"<p>Thomas MacDonagh na\u00eet \u00e0 Cloughjordan, dans le comt\u00e9 de Tipperary, fils de Joseph McDonagh, un ma\u00eetre d&rsquo;\u00e9cole, et de Mary Parker. Il grandit dans une maison remplie de musique, de po\u00e9sie et d\u2019apprentissage et re\u00e7oit d\u00e8s son plus jeune \u00e2ge l\u2019amour de la culture anglaise et irlandaise. Il est le fr\u00e8re de l&rsquo;homme politique du [&hellip;]<\/p>\n","protected":false},"author":1,"featured_media":3279,"comment_status":"open","ping_status":"open","sticky":false,"template":"","format":"standard","meta":{"sb_editor_width":"","footnotes":""},"categories":[75,65],"tags":[],"class_list":["post-3278","post","type-post","status-publish","format-standard","has-post-thumbnail","hentry","category-histoire","category-principale"],"relative_dates":{"created":"1 an ago","modified":"1 an ago"},"yoast_head":"<!-- This site is optimized with the Yoast SEO plugin v26.3 - https:\/\/yoast.com\/wordpress\/plugins\/seo\/ -->\n<title>Thomas MacDonagh : vie d&#039;un r\u00e9volutionnaire irlandais - STOURM<\/title>\n<meta name=\"robots\" content=\"index, follow, max-snippet:-1, max-image-preview:large, max-video-preview:-1\" \/>\n<link rel=\"canonical\" href=\"https:\/\/stourm.news\/?p=3278\" \/>\n<meta property=\"og:locale\" content=\"fr_FR\" \/>\n<meta property=\"og:type\" content=\"article\" \/>\n<meta property=\"og:title\" content=\"Thomas MacDonagh : vie d&#039;un r\u00e9volutionnaire irlandais - STOURM\" \/>\n<meta property=\"og:description\" content=\"Thomas MacDonagh na\u00eet \u00e0 Cloughjordan, dans le comt\u00e9 de Tipperary, fils de Joseph McDonagh, un ma\u00eetre d&rsquo;\u00e9cole, et de Mary Parker. Il grandit dans une maison remplie de musique, de po\u00e9sie et d\u2019apprentissage et re\u00e7oit d\u00e8s son plus jeune \u00e2ge l\u2019amour de la culture anglaise et irlandaise. Il est le fr\u00e8re de l&rsquo;homme politique du [&hellip;]\" \/>\n<meta property=\"og:url\" content=\"https:\/\/stourm.news\/?p=3278\" \/>\n<meta property=\"og:site_name\" content=\"STOURM\" \/>\n<meta property=\"article:publisher\" content=\"https:\/\/www.facebook.com\/stourmnews\/\" \/>\n<meta property=\"article:published_time\" content=\"2025-01-31T14:54:31+00:00\" \/>\n<meta property=\"og:image\" content=\"https:\/\/stourm.news\/wp-content\/uploads\/2025\/01\/HDThomasMacDonagh.jpg\" \/>\n\t<meta property=\"og:image:width\" content=\"960\" \/>\n\t<meta property=\"og:image:height\" content=\"539\" \/>\n\t<meta property=\"og:image:type\" content=\"image\/jpeg\" \/>\n<meta name=\"author\" content=\"La r\u00e9daction\" \/>\n<meta name=\"twitter:card\" content=\"summary_large_image\" \/>\n<meta name=\"twitter:label1\" content=\"\u00c9crit par\" \/>\n\t<meta name=\"twitter:data1\" content=\"La r\u00e9daction\" \/>\n\t<meta name=\"twitter:label2\" content=\"Dur\u00e9e de lecture estim\u00e9e\" \/>\n\t<meta name=\"twitter:data2\" content=\"7 minutes\" \/>\n<script type=\"application\/ld+json\" class=\"yoast-schema-graph\">{\"@context\":\"https:\/\/schema.org\",\"@graph\":[{\"@type\":\"Article\",\"@id\":\"https:\/\/stourm.news\/?p=3278#article\",\"isPartOf\":{\"@id\":\"https:\/\/stourm.news\/?p=3278\"},\"author\":{\"name\":\"La r\u00e9daction\",\"@id\":\"https:\/\/stourm.news\/#\/schema\/person\/c3e1dc65988632e190969234ef046cf9\"},\"headline\":\"Thomas MacDonagh : vie d&rsquo;un r\u00e9volutionnaire irlandais\",\"datePublished\":\"2025-01-31T14:54:31+00:00\",\"mainEntityOfPage\":{\"@id\":\"https:\/\/stourm.news\/?p=3278\"},\"wordCount\":1051,\"commentCount\":0,\"publisher\":{\"@id\":\"https:\/\/stourm.news\/#organization\"},\"image\":{\"@id\":\"https:\/\/stourm.news\/?p=3278#primaryimage\"},\"thumbnailUrl\":\"https:\/\/stourm.news\/wp-content\/uploads\/2025\/01\/HDThomasMacDonagh.jpg\",\"articleSection\":[\"Histoire\",\"Principale\"],\"inLanguage\":\"fr-FR\",\"potentialAction\":[{\"@type\":\"CommentAction\",\"name\":\"Comment\",\"target\":[\"https:\/\/stourm.news\/?p=3278#respond\"]}]},{\"@type\":\"WebPage\",\"@id\":\"https:\/\/stourm.news\/?p=3278\",\"url\":\"https:\/\/stourm.news\/?p=3278\",\"name\":\"Thomas MacDonagh : vie d'un r\u00e9volutionnaire irlandais - STOURM\",\"isPartOf\":{\"@id\":\"https:\/\/stourm.news\/#website\"},\"primaryImageOfPage\":{\"@id\":\"https:\/\/stourm.news\/?p=3278#primaryimage\"},\"image\":{\"@id\":\"https:\/\/stourm.news\/?p=3278#primaryimage\"},\"thumbnailUrl\":\"https:\/\/stourm.news\/wp-content\/uploads\/2025\/01\/HDThomasMacDonagh.jpg\",\"datePublished\":\"2025-01-31T14:54:31+00:00\",\"breadcrumb\":{\"@id\":\"https:\/\/stourm.news\/?p=3278#breadcrumb\"},\"inLanguage\":\"fr-FR\",\"potentialAction\":[{\"@type\":\"ReadAction\",\"target\":[\"https:\/\/stourm.news\/?p=3278\"]}]},{\"@type\":\"ImageObject\",\"inLanguage\":\"fr-FR\",\"@id\":\"https:\/\/stourm.news\/?p=3278#primaryimage\",\"url\":\"https:\/\/stourm.news\/wp-content\/uploads\/2025\/01\/HDThomasMacDonagh.jpg\",\"contentUrl\":\"https:\/\/stourm.news\/wp-content\/uploads\/2025\/01\/HDThomasMacDonagh.jpg\",\"width\":960,\"height\":539},{\"@type\":\"BreadcrumbList\",\"@id\":\"https:\/\/stourm.news\/?p=3278#breadcrumb\",\"itemListElement\":[{\"@type\":\"ListItem\",\"position\":1,\"name\":\"Accueil\",\"item\":\"https:\/\/stourm.news\/\"},{\"@type\":\"ListItem\",\"position\":2,\"name\":\"Thomas MacDonagh : vie d&rsquo;un r\u00e9volutionnaire irlandais\"}]},{\"@type\":\"WebSite\",\"@id\":\"https:\/\/stourm.news\/#website\",\"url\":\"https:\/\/stourm.news\/\",\"name\":\"Stourm\",\"description\":\"Kazetenn Strollad Broadel Breizh\",\"publisher\":{\"@id\":\"https:\/\/stourm.news\/#organization\"},\"potentialAction\":[{\"@type\":\"SearchAction\",\"target\":{\"@type\":\"EntryPoint\",\"urlTemplate\":\"https:\/\/stourm.news\/?s={search_term_string}\"},\"query-input\":{\"@type\":\"PropertyValueSpecification\",\"valueRequired\":true,\"valueName\":\"search_term_string\"}}],\"inLanguage\":\"fr-FR\"},{\"@type\":\"Organization\",\"@id\":\"https:\/\/stourm.news\/#organization\",\"name\":\"Stourm\",\"url\":\"https:\/\/stourm.news\/\",\"logo\":{\"@type\":\"ImageObject\",\"inLanguage\":\"fr-FR\",\"@id\":\"https:\/\/stourm.news\/#\/schema\/logo\/image\/\",\"url\":\"https:\/\/stourm.news\/wp-content\/uploads\/2025\/11\/cropped-Capture-decran-2025-11-28-a-15.19.07.png\",\"contentUrl\":\"https:\/\/stourm.news\/wp-content\/uploads\/2025\/11\/cropped-Capture-decran-2025-11-28-a-15.19.07.png\",\"width\":1855,\"height\":383,\"caption\":\"Stourm\"},\"image\":{\"@id\":\"https:\/\/stourm.news\/#\/schema\/logo\/image\/\"},\"sameAs\":[\"https:\/\/www.facebook.com\/stourmnews\/\"]},{\"@type\":\"Person\",\"@id\":\"https:\/\/stourm.news\/#\/schema\/person\/c3e1dc65988632e190969234ef046cf9\",\"name\":\"La r\u00e9daction\",\"image\":{\"@type\":\"ImageObject\",\"inLanguage\":\"fr-FR\",\"@id\":\"https:\/\/stourm.news\/#\/schema\/person\/image\/\",\"url\":\"https:\/\/secure.gravatar.com\/avatar\/7463443f194b6b5fb706b074ca0ef59a0cfcfd720cb47764b0ec5a952ce422b3?s=96&d=mm&r=g\",\"contentUrl\":\"https:\/\/secure.gravatar.com\/avatar\/7463443f194b6b5fb706b074ca0ef59a0cfcfd720cb47764b0ec5a952ce422b3?s=96&d=mm&r=g\",\"caption\":\"La r\u00e9daction\"},\"sameAs\":[\"https:\/\/stourm.news\"],\"url\":\"https:\/\/stourm.news\/?author=1\"}]}<\/script>\n<!-- \/ Yoast SEO plugin. -->","yoast_head_json":{"title":"Thomas MacDonagh : vie d'un r\u00e9volutionnaire irlandais - STOURM","robots":{"index":"index","follow":"follow","max-snippet":"max-snippet:-1","max-image-preview":"max-image-preview:large","max-video-preview":"max-video-preview:-1"},"canonical":"https:\/\/stourm.news\/?p=3278","og_locale":"fr_FR","og_type":"article","og_title":"Thomas MacDonagh : vie d'un r\u00e9volutionnaire irlandais - STOURM","og_description":"Thomas MacDonagh na\u00eet \u00e0 Cloughjordan, dans le comt\u00e9 de Tipperary, fils de Joseph McDonagh, un ma\u00eetre d&rsquo;\u00e9cole, et de Mary Parker. Il grandit dans une maison remplie de musique, de po\u00e9sie et d\u2019apprentissage et re\u00e7oit d\u00e8s son plus jeune \u00e2ge l\u2019amour de la culture anglaise et irlandaise. Il est le fr\u00e8re de l&rsquo;homme politique du [&hellip;]","og_url":"https:\/\/stourm.news\/?p=3278","og_site_name":"STOURM","article_publisher":"https:\/\/www.facebook.com\/stourmnews\/","article_published_time":"2025-01-31T14:54:31+00:00","og_image":[{"width":960,"height":539,"url":"https:\/\/stourm.news\/wp-content\/uploads\/2025\/01\/HDThomasMacDonagh.jpg","type":"image\/jpeg"}],"author":"La r\u00e9daction","twitter_card":"summary_large_image","twitter_misc":{"\u00c9crit par":"La r\u00e9daction","Dur\u00e9e de lecture estim\u00e9e":"7 minutes"},"schema":{"@context":"https:\/\/schema.org","@graph":[{"@type":"Article","@id":"https:\/\/stourm.news\/?p=3278#article","isPartOf":{"@id":"https:\/\/stourm.news\/?p=3278"},"author":{"name":"La r\u00e9daction","@id":"https:\/\/stourm.news\/#\/schema\/person\/c3e1dc65988632e190969234ef046cf9"},"headline":"Thomas MacDonagh : vie d&rsquo;un r\u00e9volutionnaire irlandais","datePublished":"2025-01-31T14:54:31+00:00","mainEntityOfPage":{"@id":"https:\/\/stourm.news\/?p=3278"},"wordCount":1051,"commentCount":0,"publisher":{"@id":"https:\/\/stourm.news\/#organization"},"image":{"@id":"https:\/\/stourm.news\/?p=3278#primaryimage"},"thumbnailUrl":"https:\/\/stourm.news\/wp-content\/uploads\/2025\/01\/HDThomasMacDonagh.jpg","articleSection":["Histoire","Principale"],"inLanguage":"fr-FR","potentialAction":[{"@type":"CommentAction","name":"Comment","target":["https:\/\/stourm.news\/?p=3278#respond"]}]},{"@type":"WebPage","@id":"https:\/\/stourm.news\/?p=3278","url":"https:\/\/stourm.news\/?p=3278","name":"Thomas MacDonagh : vie d'un r\u00e9volutionnaire irlandais - STOURM","isPartOf":{"@id":"https:\/\/stourm.news\/#website"},"primaryImageOfPage":{"@id":"https:\/\/stourm.news\/?p=3278#primaryimage"},"image":{"@id":"https:\/\/stourm.news\/?p=3278#primaryimage"},"thumbnailUrl":"https:\/\/stourm.news\/wp-content\/uploads\/2025\/01\/HDThomasMacDonagh.jpg","datePublished":"2025-01-31T14:54:31+00:00","breadcrumb":{"@id":"https:\/\/stourm.news\/?p=3278#breadcrumb"},"inLanguage":"fr-FR","potentialAction":[{"@type":"ReadAction","target":["https:\/\/stourm.news\/?p=3278"]}]},{"@type":"ImageObject","inLanguage":"fr-FR","@id":"https:\/\/stourm.news\/?p=3278#primaryimage","url":"https:\/\/stourm.news\/wp-content\/uploads\/2025\/01\/HDThomasMacDonagh.jpg","contentUrl":"https:\/\/stourm.news\/wp-content\/uploads\/2025\/01\/HDThomasMacDonagh.jpg","width":960,"height":539},{"@type":"BreadcrumbList","@id":"https:\/\/stourm.news\/?p=3278#breadcrumb","itemListElement":[{"@type":"ListItem","position":1,"name":"Accueil","item":"https:\/\/stourm.news\/"},{"@type":"ListItem","position":2,"name":"Thomas MacDonagh : vie d&rsquo;un r\u00e9volutionnaire irlandais"}]},{"@type":"WebSite","@id":"https:\/\/stourm.news\/#website","url":"https:\/\/stourm.news\/","name":"Stourm","description":"Kazetenn Strollad Broadel Breizh","publisher":{"@id":"https:\/\/stourm.news\/#organization"},"potentialAction":[{"@type":"SearchAction","target":{"@type":"EntryPoint","urlTemplate":"https:\/\/stourm.news\/?s={search_term_string}"},"query-input":{"@type":"PropertyValueSpecification","valueRequired":true,"valueName":"search_term_string"}}],"inLanguage":"fr-FR"},{"@type":"Organization","@id":"https:\/\/stourm.news\/#organization","name":"Stourm","url":"https:\/\/stourm.news\/","logo":{"@type":"ImageObject","inLanguage":"fr-FR","@id":"https:\/\/stourm.news\/#\/schema\/logo\/image\/","url":"https:\/\/stourm.news\/wp-content\/uploads\/2025\/11\/cropped-Capture-decran-2025-11-28-a-15.19.07.png","contentUrl":"https:\/\/stourm.news\/wp-content\/uploads\/2025\/11\/cropped-Capture-decran-2025-11-28-a-15.19.07.png","width":1855,"height":383,"caption":"Stourm"},"image":{"@id":"https:\/\/stourm.news\/#\/schema\/logo\/image\/"},"sameAs":["https:\/\/www.facebook.com\/stourmnews\/"]},{"@type":"Person","@id":"https:\/\/stourm.news\/#\/schema\/person\/c3e1dc65988632e190969234ef046cf9","name":"La r\u00e9daction","image":{"@type":"ImageObject","inLanguage":"fr-FR","@id":"https:\/\/stourm.news\/#\/schema\/person\/image\/","url":"https:\/\/secure.gravatar.com\/avatar\/7463443f194b6b5fb706b074ca0ef59a0cfcfd720cb47764b0ec5a952ce422b3?s=96&d=mm&r=g","contentUrl":"https:\/\/secure.gravatar.com\/avatar\/7463443f194b6b5fb706b074ca0ef59a0cfcfd720cb47764b0ec5a952ce422b3?s=96&d=mm&r=g","caption":"La r\u00e9daction"},"sameAs":["https:\/\/stourm.news"],"url":"https:\/\/stourm.news\/?author=1"}]}},"_links":{"self":[{"href":"https:\/\/stourm.news\/index.php?rest_route=\/wp\/v2\/posts\/3278","targetHints":{"allow":["GET"]}}],"collection":[{"href":"https:\/\/stourm.news\/index.php?rest_route=\/wp\/v2\/posts"}],"about":[{"href":"https:\/\/stourm.news\/index.php?rest_route=\/wp\/v2\/types\/post"}],"author":[{"embeddable":true,"href":"https:\/\/stourm.news\/index.php?rest_route=\/wp\/v2\/users\/1"}],"replies":[{"embeddable":true,"href":"https:\/\/stourm.news\/index.php?rest_route=%2Fwp%2Fv2%2Fcomments&post=3278"}],"version-history":[{"count":1,"href":"https:\/\/stourm.news\/index.php?rest_route=\/wp\/v2\/posts\/3278\/revisions"}],"predecessor-version":[{"id":3280,"href":"https:\/\/stourm.news\/index.php?rest_route=\/wp\/v2\/posts\/3278\/revisions\/3280"}],"wp:featuredmedia":[{"embeddable":true,"href":"https:\/\/stourm.news\/index.php?rest_route=\/wp\/v2\/media\/3279"}],"wp:attachment":[{"href":"https:\/\/stourm.news\/index.php?rest_route=%2Fwp%2Fv2%2Fmedia&parent=3278"}],"wp:term":[{"taxonomy":"category","embeddable":true,"href":"https:\/\/stourm.news\/index.php?rest_route=%2Fwp%2Fv2%2Fcategories&post=3278"},{"taxonomy":"post_tag","embeddable":true,"href":"https:\/\/stourm.news\/index.php?rest_route=%2Fwp%2Fv2%2Ftags&post=3278"}],"curies":[{"name":"wp","href":"https:\/\/api.w.org\/{rel}","templated":true}]}}