{"id":3282,"date":"2025-02-01T04:16:11","date_gmt":"2025-02-01T04:16:11","guid":{"rendered":"https:\/\/stourm.news\/?p=3282"},"modified":"2025-02-01T05:36:29","modified_gmt":"2025-02-01T05:36:29","slug":"editorial-pour-une-bretagne-independante-sengager-militer-combattre-par-hoel-trevidig","status":"publish","type":"post","link":"https:\/\/stourm.news\/?p=3282","title":{"rendered":"\u00c9ditorial : \u00ab\u00a0Pour une Bretagne ind\u00e9pendante : s&rsquo;engager, militer, combattre !\u00a0\u00bb (Par Ho\u00ebl Trevidig)"},"content":{"rendered":"<p style=\"text-align: justify;\">La Bretagne est en guerre, et l&rsquo;ennemi est clair : c&rsquo;est l&rsquo;\u00c9tat fran\u00e7ais, celui qui depuis des si\u00e8cles tente d&rsquo;\u00e9touffer notre langue, nos traditions, notre identit\u00e9. L&rsquo;arrogance parisienne a transform\u00e9 notre terre en une simple r\u00e9gion p\u00e9riph\u00e9rique o\u00f9 se d\u00e9versent retrait\u00e9s hexagonaux et migrants du tiers-monde, nos richesses nationales sont devenues des ressources \u00e0 piller, et notre culture r\u00e9duite \u00e0 l&rsquo;\u00e9tat de folklore pour touristes.<\/p>\n<p style=\"text-align: justify;\">Pire, notre langue bretonne est en voie d&rsquo;extinction, m\u00e9thodiquement d\u00e9truite par une politique linguistique hostile qui impose le fran\u00e7ais \u00e0 tout prix. R\u00e9duits \u00e0 l&rsquo;\u00e9tat d&rsquo;Indiens dans une r\u00e9serve qui divertissent leurs ma\u00eetres quelques semaines durant la p\u00e9riode estivale, la dignit\u00e9 de notre peuple a \u00e9t\u00e9 si abaiss\u00e9e que les Bretons sont devenus les complices soumis de leur d\u00e9ch\u00e9ance. Certes, les ennemis de notre nation sont les hommes de Paris qui d\u00e9cident de notre sort sans jamais mettre un pied dans nos villes et villages, mais ils b\u00e9n\u00e9ficient de l&rsquo;appui d&rsquo;idiots et de traitres pour r\u00e9aliser cette besogne macabre.<\/p>\n<p style=\"text-align: justify;\">\u00c9conomiquement, nous sommes des vaches \u00e0 lait de la France. Les d\u00e9cisions \u00e9conomiques sont prises par des \u00e9lites situ\u00e9es bien au del\u00e0 de nos fronti\u00e8res qui subordonnent le capital breton, humain ou financier, \u00e0 leurs int\u00e9r\u00eats. Ils nous imposent des r\u00e9gulations et des imp\u00f4ts destructeurs contre lesquels, faute d&rsquo;un gouvernement breton, nous ne pouvons rien.<\/p>\n<p style=\"text-align: justify;\">Politiquement, notre voix est \u00e9touff\u00e9e. Nos soi-disants \u00e9lus sont musel\u00e9s par un syst\u00e8me qui centralise le pouvoir \u00e0 des niveaux jamais vus encore. Chaque d\u00e9cision qui nous concerne, nous Bretons, est prise par des fonctionnaires et des politiciens de Paris qui n&rsquo;ont ni le respect ni l&rsquo;amour de notre terre. Et pourquoi l&rsquo;auraient-ils ? C&rsquo;est \u00e0 nous qu&rsquo;incombe de la faire respecter !<\/p>\n<p style=\"text-align: justify;\">Si cet ennemi est clairement identifi\u00e9, l&rsquo;actuel personnel politique en Bretagne lui est acquis et s&rsquo;efforce de le soutenir au lieu de le combattre. La premi\u00e8re t\u00e2che consiste donc \u00e0 le d\u00e9signer en termes clairs au peuple breton qui doit progressivement en prendre conscience, condition de toute action de d\u00e9fense salvatrice.<\/p>\n<p style=\"text-align: justify;\">Nous ne devons pas simplement nous contenter de r\u00e9clamer, de revendiquer : cet exercice est us\u00e9 jusqu&rsquo;\u00e0 la corde. Il r\u00e9v\u00e8le notre faiblesse et notre impuissance. Les Bretons, par leur docilit\u00e9 et leur apathie, ont jusque-l\u00e0 laiss\u00e9 cet \u00e9tat de fait s&rsquo;installer en soutenant des hommes et des partis inf\u00e9od\u00e9s \u00e0 la France et ses int\u00e9r\u00eats. Nous devons au contraire rechercher la confrontation politique avec l&rsquo;\u00c9tat \u00e9tranger qui occupe la Bretagne, l&rsquo;administre en puissance victorieuse. \u00a0Pour cela, la seule r\u00e9ponse qui soit de nature \u00e0 changer la situation est aussi simple que n\u00e9cessaire : s&rsquo;engager politiquement dans les rangs nationalistes, \u00e9veiller la conscience nationale par une propagande permanente, investir le champ \u00e9lectoral pour disposer de leviers d&rsquo;action. Cet engagement ne peut pas \u00eatre d\u00e9sordonn\u00e9, il doit \u00eatre m\u00e9thodique, ce que seul un parti national peut entreprise avec succ\u00e8s. Cela implique de soutenir le seul parti nationaliste de Bretagne : le Parti National Breton.<\/p>\n<p style=\"text-align: justify;\">Nous sommes dans un moment d&rsquo;acc\u00e9l\u00e9ration historique. L&rsquo;\u00c9tat fran\u00e7ais a atteint son plateau. Apr\u00e8s le d\u00e9mant\u00e8lement de son empire colonial, sa bureaucratie s&rsquo;est repli\u00e9e sur l&rsquo;Hexagone qu&rsquo;elle a progressivement suradministr\u00e9e, au point o\u00f9, aujourd&rsquo;hui, tout est sous son contr\u00f4le : vie \u00e9conomique, culturelle, m\u00e9diatique. Cet \u00e9tatisation tous azimuts, financ\u00e9e \u00e0 prix d&rsquo;or, n&rsquo;est plus viable et la paralysie politique que la France conna\u00eet est le r\u00e9sultat de la faillite de cette bureaucratisation, de ce surjacobinisme. De nouveaux espaces politiques vont s&rsquo;ouvrir et les Bretons, organis\u00e9s au sein de leur parti national, doivent se pr\u00e9parer \u00e0 occuper le vide que laissera la bureaucratie hexagonale apr\u00e8s sa d\u00e9faillance g\u00e9n\u00e9ralis\u00e9e.<\/p>\n<p style=\"text-align: justify;\">Ce n&rsquo;est donc pas le moment de rester les bras crois\u00e9s. Nous devons nous lever, ensemble, pour reprendre ce qui nous appartient. Cela implique d&rsquo;aller au contact des Bretons, de les nationaliser, de leur inculquer la n\u00e9cessaire confrontation avec l&rsquo;\u00c9tat fran\u00e7ais et de pr\u00e9parer son alternative qu&rsquo;est l&rsquo;\u00c9tat breton. L&rsquo;heure de l&rsquo;ind\u00e9pendance approche, mais elle ne viendra que si nous sommes pr\u00eats \u00e0 nous battre pour elle. Assez de compromis, assez de soumission. La Bretagne libre, ou rien !<\/p>\n<p style=\"text-align: right;\"><strong>Riwal Trevedig<\/strong><\/p>\n","protected":false},"excerpt":{"rendered":"<p>La Bretagne est en guerre, et l&rsquo;ennemi est clair : c&rsquo;est l&rsquo;\u00c9tat fran\u00e7ais, celui qui depuis des si\u00e8cles tente d&rsquo;\u00e9touffer notre langue, nos traditions, notre identit\u00e9. L&rsquo;arrogance parisienne a transform\u00e9 notre terre en une simple r\u00e9gion p\u00e9riph\u00e9rique o\u00f9 se d\u00e9versent retrait\u00e9s hexagonaux et migrants du tiers-monde, nos richesses nationales sont devenues des ressources \u00e0 piller, [&hellip;]<\/p>\n","protected":false},"author":1,"featured_media":3317,"comment_status":"open","ping_status":"open","sticky":false,"template":"","format":"standard","meta":{"sb_editor_width":"","footnotes":""},"categories":[63,65],"tags":[],"class_list":["post-3282","post","type-post","status-publish","format-standard","has-post-thumbnail","hentry","category-editorial","category-principale"],"relative_dates":{"created":"1 an ago","modified":"1 an ago"},"yoast_head":"<!-- This site is optimized with the Yoast SEO plugin v26.3 - https:\/\/yoast.com\/wordpress\/plugins\/seo\/ -->\n<title>\u00c9ditorial : &quot;Pour une Bretagne ind\u00e9pendante : s&#039;engager, militer, combattre !&quot; (Par Ho\u00ebl Trevidig) - STOURM<\/title>\n<meta name=\"robots\" content=\"index, follow, max-snippet:-1, max-image-preview:large, max-video-preview:-1\" \/>\n<link rel=\"canonical\" href=\"https:\/\/stourm.news\/?p=3282\" \/>\n<meta property=\"og:locale\" content=\"fr_FR\" \/>\n<meta property=\"og:type\" content=\"article\" \/>\n<meta property=\"og:title\" content=\"\u00c9ditorial : &quot;Pour une Bretagne ind\u00e9pendante : s&#039;engager, militer, combattre !&quot; (Par Ho\u00ebl Trevidig) - STOURM\" \/>\n<meta property=\"og:description\" content=\"La Bretagne est en guerre, et l&rsquo;ennemi est clair : c&rsquo;est l&rsquo;\u00c9tat fran\u00e7ais, celui qui depuis des si\u00e8cles tente d&rsquo;\u00e9touffer notre langue, nos traditions, notre identit\u00e9. L&rsquo;arrogance parisienne a transform\u00e9 notre terre en une simple r\u00e9gion p\u00e9riph\u00e9rique o\u00f9 se d\u00e9versent retrait\u00e9s hexagonaux et migrants du tiers-monde, nos richesses nationales sont devenues des ressources \u00e0 piller, [&hellip;]\" \/>\n<meta property=\"og:url\" content=\"https:\/\/stourm.news\/?p=3282\" \/>\n<meta property=\"og:site_name\" content=\"STOURM\" \/>\n<meta property=\"article:publisher\" content=\"https:\/\/www.facebook.com\/stourmnews\/\" \/>\n<meta property=\"article:published_time\" content=\"2025-02-01T04:16:11+00:00\" \/>\n<meta property=\"article:modified_time\" content=\"2025-02-01T05:36:29+00:00\" \/>\n<meta property=\"og:image\" content=\"https:\/\/stourm.news\/wp-content\/uploads\/2025\/02\/GZwWHqBaMAAribE.jpg\" \/>\n\t<meta property=\"og:image:width\" content=\"1062\" \/>\n\t<meta property=\"og:image:height\" content=\"674\" \/>\n\t<meta property=\"og:image:type\" content=\"image\/jpeg\" \/>\n<meta name=\"author\" content=\"La r\u00e9daction\" \/>\n<meta name=\"twitter:card\" content=\"summary_large_image\" \/>\n<meta name=\"twitter:label1\" content=\"\u00c9crit par\" \/>\n\t<meta name=\"twitter:data1\" content=\"La r\u00e9daction\" \/>\n\t<meta name=\"twitter:label2\" content=\"Dur\u00e9e de lecture estim\u00e9e\" \/>\n\t<meta name=\"twitter:data2\" content=\"4 minutes\" \/>\n<script type=\"application\/ld+json\" class=\"yoast-schema-graph\">{\"@context\":\"https:\/\/schema.org\",\"@graph\":[{\"@type\":\"Article\",\"@id\":\"https:\/\/stourm.news\/?p=3282#article\",\"isPartOf\":{\"@id\":\"https:\/\/stourm.news\/?p=3282\"},\"author\":{\"name\":\"La r\u00e9daction\",\"@id\":\"https:\/\/stourm.news\/#\/schema\/person\/c3e1dc65988632e190969234ef046cf9\"},\"headline\":\"\u00c9ditorial : \u00ab\u00a0Pour une Bretagne ind\u00e9pendante : s&rsquo;engager, militer, combattre !\u00a0\u00bb (Par Ho\u00ebl Trevidig)\",\"datePublished\":\"2025-02-01T04:16:11+00:00\",\"dateModified\":\"2025-02-01T05:36:29+00:00\",\"mainEntityOfPage\":{\"@id\":\"https:\/\/stourm.news\/?p=3282\"},\"wordCount\":781,\"commentCount\":0,\"publisher\":{\"@id\":\"https:\/\/stourm.news\/#organization\"},\"image\":{\"@id\":\"https:\/\/stourm.news\/?p=3282#primaryimage\"},\"thumbnailUrl\":\"https:\/\/stourm.news\/wp-content\/uploads\/2025\/02\/GZwWHqBaMAAribE.jpg\",\"articleSection\":[\"Editorial\",\"Principale\"],\"inLanguage\":\"fr-FR\",\"potentialAction\":[{\"@type\":\"CommentAction\",\"name\":\"Comment\",\"target\":[\"https:\/\/stourm.news\/?p=3282#respond\"]}]},{\"@type\":\"WebPage\",\"@id\":\"https:\/\/stourm.news\/?p=3282\",\"url\":\"https:\/\/stourm.news\/?p=3282\",\"name\":\"\u00c9ditorial : \\\"Pour une Bretagne ind\u00e9pendante : s'engager, militer, combattre !\\\" (Par Ho\u00ebl Trevidig) - STOURM\",\"isPartOf\":{\"@id\":\"https:\/\/stourm.news\/#website\"},\"primaryImageOfPage\":{\"@id\":\"https:\/\/stourm.news\/?p=3282#primaryimage\"},\"image\":{\"@id\":\"https:\/\/stourm.news\/?p=3282#primaryimage\"},\"thumbnailUrl\":\"https:\/\/stourm.news\/wp-content\/uploads\/2025\/02\/GZwWHqBaMAAribE.jpg\",\"datePublished\":\"2025-02-01T04:16:11+00:00\",\"dateModified\":\"2025-02-01T05:36:29+00:00\",\"breadcrumb\":{\"@id\":\"https:\/\/stourm.news\/?p=3282#breadcrumb\"},\"inLanguage\":\"fr-FR\",\"potentialAction\":[{\"@type\":\"ReadAction\",\"target\":[\"https:\/\/stourm.news\/?p=3282\"]}]},{\"@type\":\"ImageObject\",\"inLanguage\":\"fr-FR\",\"@id\":\"https:\/\/stourm.news\/?p=3282#primaryimage\",\"url\":\"https:\/\/stourm.news\/wp-content\/uploads\/2025\/02\/GZwWHqBaMAAribE.jpg\",\"contentUrl\":\"https:\/\/stourm.news\/wp-content\/uploads\/2025\/02\/GZwWHqBaMAAribE.jpg\",\"width\":1062,\"height\":674},{\"@type\":\"BreadcrumbList\",\"@id\":\"https:\/\/stourm.news\/?p=3282#breadcrumb\",\"itemListElement\":[{\"@type\":\"ListItem\",\"position\":1,\"name\":\"Accueil\",\"item\":\"https:\/\/stourm.news\/\"},{\"@type\":\"ListItem\",\"position\":2,\"name\":\"\u00c9ditorial : \u00ab\u00a0Pour une Bretagne ind\u00e9pendante : s&rsquo;engager, militer, combattre !\u00a0\u00bb (Par Ho\u00ebl Trevidig)\"}]},{\"@type\":\"WebSite\",\"@id\":\"https:\/\/stourm.news\/#website\",\"url\":\"https:\/\/stourm.news\/\",\"name\":\"Stourm\",\"description\":\"Kazetenn Strollad Broadel Breizh\",\"publisher\":{\"@id\":\"https:\/\/stourm.news\/#organization\"},\"potentialAction\":[{\"@type\":\"SearchAction\",\"target\":{\"@type\":\"EntryPoint\",\"urlTemplate\":\"https:\/\/stourm.news\/?s={search_term_string}\"},\"query-input\":{\"@type\":\"PropertyValueSpecification\",\"valueRequired\":true,\"valueName\":\"search_term_string\"}}],\"inLanguage\":\"fr-FR\"},{\"@type\":\"Organization\",\"@id\":\"https:\/\/stourm.news\/#organization\",\"name\":\"Stourm\",\"url\":\"https:\/\/stourm.news\/\",\"logo\":{\"@type\":\"ImageObject\",\"inLanguage\":\"fr-FR\",\"@id\":\"https:\/\/stourm.news\/#\/schema\/logo\/image\/\",\"url\":\"https:\/\/stourm.news\/wp-content\/uploads\/2025\/11\/cropped-Capture-decran-2025-11-28-a-15.19.07.png\",\"contentUrl\":\"https:\/\/stourm.news\/wp-content\/uploads\/2025\/11\/cropped-Capture-decran-2025-11-28-a-15.19.07.png\",\"width\":1855,\"height\":383,\"caption\":\"Stourm\"},\"image\":{\"@id\":\"https:\/\/stourm.news\/#\/schema\/logo\/image\/\"},\"sameAs\":[\"https:\/\/www.facebook.com\/stourmnews\/\"]},{\"@type\":\"Person\",\"@id\":\"https:\/\/stourm.news\/#\/schema\/person\/c3e1dc65988632e190969234ef046cf9\",\"name\":\"La r\u00e9daction\",\"image\":{\"@type\":\"ImageObject\",\"inLanguage\":\"fr-FR\",\"@id\":\"https:\/\/stourm.news\/#\/schema\/person\/image\/\",\"url\":\"https:\/\/secure.gravatar.com\/avatar\/7463443f194b6b5fb706b074ca0ef59a0cfcfd720cb47764b0ec5a952ce422b3?s=96&d=mm&r=g\",\"contentUrl\":\"https:\/\/secure.gravatar.com\/avatar\/7463443f194b6b5fb706b074ca0ef59a0cfcfd720cb47764b0ec5a952ce422b3?s=96&d=mm&r=g\",\"caption\":\"La r\u00e9daction\"},\"sameAs\":[\"https:\/\/stourm.news\"],\"url\":\"https:\/\/stourm.news\/?author=1\"}]}<\/script>\n<!-- \/ Yoast SEO plugin. -->","yoast_head_json":{"title":"\u00c9ditorial : \"Pour une Bretagne ind\u00e9pendante : s'engager, militer, combattre !\" (Par Ho\u00ebl Trevidig) - STOURM","robots":{"index":"index","follow":"follow","max-snippet":"max-snippet:-1","max-image-preview":"max-image-preview:large","max-video-preview":"max-video-preview:-1"},"canonical":"https:\/\/stourm.news\/?p=3282","og_locale":"fr_FR","og_type":"article","og_title":"\u00c9ditorial : \"Pour une Bretagne ind\u00e9pendante : s'engager, militer, combattre !\" (Par Ho\u00ebl Trevidig) - STOURM","og_description":"La Bretagne est en guerre, et l&rsquo;ennemi est clair : c&rsquo;est l&rsquo;\u00c9tat fran\u00e7ais, celui qui depuis des si\u00e8cles tente d&rsquo;\u00e9touffer notre langue, nos traditions, notre identit\u00e9. L&rsquo;arrogance parisienne a transform\u00e9 notre terre en une simple r\u00e9gion p\u00e9riph\u00e9rique o\u00f9 se d\u00e9versent retrait\u00e9s hexagonaux et migrants du tiers-monde, nos richesses nationales sont devenues des ressources \u00e0 piller, [&hellip;]","og_url":"https:\/\/stourm.news\/?p=3282","og_site_name":"STOURM","article_publisher":"https:\/\/www.facebook.com\/stourmnews\/","article_published_time":"2025-02-01T04:16:11+00:00","article_modified_time":"2025-02-01T05:36:29+00:00","og_image":[{"width":1062,"height":674,"url":"https:\/\/stourm.news\/wp-content\/uploads\/2025\/02\/GZwWHqBaMAAribE.jpg","type":"image\/jpeg"}],"author":"La r\u00e9daction","twitter_card":"summary_large_image","twitter_misc":{"\u00c9crit par":"La r\u00e9daction","Dur\u00e9e de lecture estim\u00e9e":"4 minutes"},"schema":{"@context":"https:\/\/schema.org","@graph":[{"@type":"Article","@id":"https:\/\/stourm.news\/?p=3282#article","isPartOf":{"@id":"https:\/\/stourm.news\/?p=3282"},"author":{"name":"La r\u00e9daction","@id":"https:\/\/stourm.news\/#\/schema\/person\/c3e1dc65988632e190969234ef046cf9"},"headline":"\u00c9ditorial : \u00ab\u00a0Pour une Bretagne ind\u00e9pendante : s&rsquo;engager, militer, combattre !\u00a0\u00bb (Par Ho\u00ebl Trevidig)","datePublished":"2025-02-01T04:16:11+00:00","dateModified":"2025-02-01T05:36:29+00:00","mainEntityOfPage":{"@id":"https:\/\/stourm.news\/?p=3282"},"wordCount":781,"commentCount":0,"publisher":{"@id":"https:\/\/stourm.news\/#organization"},"image":{"@id":"https:\/\/stourm.news\/?p=3282#primaryimage"},"thumbnailUrl":"https:\/\/stourm.news\/wp-content\/uploads\/2025\/02\/GZwWHqBaMAAribE.jpg","articleSection":["Editorial","Principale"],"inLanguage":"fr-FR","potentialAction":[{"@type":"CommentAction","name":"Comment","target":["https:\/\/stourm.news\/?p=3282#respond"]}]},{"@type":"WebPage","@id":"https:\/\/stourm.news\/?p=3282","url":"https:\/\/stourm.news\/?p=3282","name":"\u00c9ditorial : \"Pour une Bretagne ind\u00e9pendante : s'engager, militer, combattre !\" (Par Ho\u00ebl Trevidig) - STOURM","isPartOf":{"@id":"https:\/\/stourm.news\/#website"},"primaryImageOfPage":{"@id":"https:\/\/stourm.news\/?p=3282#primaryimage"},"image":{"@id":"https:\/\/stourm.news\/?p=3282#primaryimage"},"thumbnailUrl":"https:\/\/stourm.news\/wp-content\/uploads\/2025\/02\/GZwWHqBaMAAribE.jpg","datePublished":"2025-02-01T04:16:11+00:00","dateModified":"2025-02-01T05:36:29+00:00","breadcrumb":{"@id":"https:\/\/stourm.news\/?p=3282#breadcrumb"},"inLanguage":"fr-FR","potentialAction":[{"@type":"ReadAction","target":["https:\/\/stourm.news\/?p=3282"]}]},{"@type":"ImageObject","inLanguage":"fr-FR","@id":"https:\/\/stourm.news\/?p=3282#primaryimage","url":"https:\/\/stourm.news\/wp-content\/uploads\/2025\/02\/GZwWHqBaMAAribE.jpg","contentUrl":"https:\/\/stourm.news\/wp-content\/uploads\/2025\/02\/GZwWHqBaMAAribE.jpg","width":1062,"height":674},{"@type":"BreadcrumbList","@id":"https:\/\/stourm.news\/?p=3282#breadcrumb","itemListElement":[{"@type":"ListItem","position":1,"name":"Accueil","item":"https:\/\/stourm.news\/"},{"@type":"ListItem","position":2,"name":"\u00c9ditorial : \u00ab\u00a0Pour une Bretagne ind\u00e9pendante : s&rsquo;engager, militer, combattre !\u00a0\u00bb (Par Ho\u00ebl Trevidig)"}]},{"@type":"WebSite","@id":"https:\/\/stourm.news\/#website","url":"https:\/\/stourm.news\/","name":"Stourm","description":"Kazetenn Strollad Broadel Breizh","publisher":{"@id":"https:\/\/stourm.news\/#organization"},"potentialAction":[{"@type":"SearchAction","target":{"@type":"EntryPoint","urlTemplate":"https:\/\/stourm.news\/?s={search_term_string}"},"query-input":{"@type":"PropertyValueSpecification","valueRequired":true,"valueName":"search_term_string"}}],"inLanguage":"fr-FR"},{"@type":"Organization","@id":"https:\/\/stourm.news\/#organization","name":"Stourm","url":"https:\/\/stourm.news\/","logo":{"@type":"ImageObject","inLanguage":"fr-FR","@id":"https:\/\/stourm.news\/#\/schema\/logo\/image\/","url":"https:\/\/stourm.news\/wp-content\/uploads\/2025\/11\/cropped-Capture-decran-2025-11-28-a-15.19.07.png","contentUrl":"https:\/\/stourm.news\/wp-content\/uploads\/2025\/11\/cropped-Capture-decran-2025-11-28-a-15.19.07.png","width":1855,"height":383,"caption":"Stourm"},"image":{"@id":"https:\/\/stourm.news\/#\/schema\/logo\/image\/"},"sameAs":["https:\/\/www.facebook.com\/stourmnews\/"]},{"@type":"Person","@id":"https:\/\/stourm.news\/#\/schema\/person\/c3e1dc65988632e190969234ef046cf9","name":"La r\u00e9daction","image":{"@type":"ImageObject","inLanguage":"fr-FR","@id":"https:\/\/stourm.news\/#\/schema\/person\/image\/","url":"https:\/\/secure.gravatar.com\/avatar\/7463443f194b6b5fb706b074ca0ef59a0cfcfd720cb47764b0ec5a952ce422b3?s=96&d=mm&r=g","contentUrl":"https:\/\/secure.gravatar.com\/avatar\/7463443f194b6b5fb706b074ca0ef59a0cfcfd720cb47764b0ec5a952ce422b3?s=96&d=mm&r=g","caption":"La r\u00e9daction"},"sameAs":["https:\/\/stourm.news"],"url":"https:\/\/stourm.news\/?author=1"}]}},"_links":{"self":[{"href":"https:\/\/stourm.news\/index.php?rest_route=\/wp\/v2\/posts\/3282","targetHints":{"allow":["GET"]}}],"collection":[{"href":"https:\/\/stourm.news\/index.php?rest_route=\/wp\/v2\/posts"}],"about":[{"href":"https:\/\/stourm.news\/index.php?rest_route=\/wp\/v2\/types\/post"}],"author":[{"embeddable":true,"href":"https:\/\/stourm.news\/index.php?rest_route=\/wp\/v2\/users\/1"}],"replies":[{"embeddable":true,"href":"https:\/\/stourm.news\/index.php?rest_route=%2Fwp%2Fv2%2Fcomments&post=3282"}],"version-history":[{"count":1,"href":"https:\/\/stourm.news\/index.php?rest_route=\/wp\/v2\/posts\/3282\/revisions"}],"predecessor-version":[{"id":3283,"href":"https:\/\/stourm.news\/index.php?rest_route=\/wp\/v2\/posts\/3282\/revisions\/3283"}],"wp:featuredmedia":[{"embeddable":true,"href":"https:\/\/stourm.news\/index.php?rest_route=\/wp\/v2\/media\/3317"}],"wp:attachment":[{"href":"https:\/\/stourm.news\/index.php?rest_route=%2Fwp%2Fv2%2Fmedia&parent=3282"}],"wp:term":[{"taxonomy":"category","embeddable":true,"href":"https:\/\/stourm.news\/index.php?rest_route=%2Fwp%2Fv2%2Fcategories&post=3282"},{"taxonomy":"post_tag","embeddable":true,"href":"https:\/\/stourm.news\/index.php?rest_route=%2Fwp%2Fv2%2Ftags&post=3282"}],"curies":[{"name":"wp","href":"https:\/\/api.w.org\/{rel}","templated":true}]}}