{"id":3284,"date":"2025-02-01T04:50:51","date_gmt":"2025-02-01T04:50:51","guid":{"rendered":"https:\/\/stourm.news\/?p=3284"},"modified":"2025-02-01T04:50:51","modified_gmt":"2025-02-01T04:50:51","slug":"les-grands-festivals-celtiques-decosse-pivots-de-la-conscience-identitaire","status":"publish","type":"post","link":"https:\/\/stourm.news\/?p=3284","title":{"rendered":"Les grands festivals celtiques d&rsquo;\u00c9cosse, pivots de la conscience identitaire"},"content":{"rendered":"<p style=\"text-align: justify;\">La musique celtique en \u00c9cosse a ses racines profond\u00e9ment ancr\u00e9es dans les traditions des Gaels qui habitent cette terre. Les instruments comme la cornemuse, le violon (fiddle), la harpe celtique (cl\u00e0rsach), et le tin whistle y jouent un r\u00f4le central. Avec l&rsquo;av\u00e8nement de l&rsquo;\u00e8re moderne, la musique celtique \u00e9cossaise a connu une renaissance, surtout \u00e0 partir du 20e si\u00e8cle. L&rsquo;\u00e9migration \u00e9cossaise, en particulier vers l&rsquo;Am\u00e9rique du Nord, a eu un impact significatif sur la musique celtique, introduisant de nouveaux styles et instruments dans un r\u00e9pertoire d\u00e9j\u00e0 riche. Le retour de ces influences, fusionn\u00e9es avec les traditions folk et bluegrass d&rsquo;Am\u00e9rique, a contribu\u00e9 \u00e0 un renouveau dynamique.<\/p>\n<p><strong>Celtic Connections<\/strong><\/p>\n<p style=\"text-align: justify;\">Lanc\u00e9 en 1994, Celtic Connections est devenu l&rsquo;un des festivals de musique les plus importants d&rsquo;\u00c9cosse, se d\u00e9roulant \u00e0 Glasgow pendant 18 jours en janvier. Ce qui a commenc\u00e9 au d\u00e9part comme un petit \u00e9v\u00e9nement pour c\u00e9l\u00e9brer la musique celtique est maintenant un festival international attirant des milliers de musiciens et de spectateurs du monde entier. Sa croissance est un t\u00e9moignage de l&rsquo;int\u00e9r\u00eat mondial pour la musique celtique et de la capacit\u00e9 de Glasgow \u00e0 accueillir une telle c\u00e9l\u00e9bration culturelle.<\/p>\n<p style=\"text-align: justify;\">Des collaborations uniques entre musiciens \u00e9cossais et internationaux sont au c\u0153ur de son programme. Des artistes comme Julie Fowlis, Karine Polwart, et des groupes comme Capercaillie, ont partag\u00e9 la sc\u00e8ne avec des musiciens de renomm\u00e9e mondiale, cr\u00e9ant des exp\u00e9riences musicales m\u00e9morables.<\/p>\n<p><iframe title=\"Sian \u2014 Na Gamhna Geala (Live at Celtic Connections 2024, Drygate Brewery, Glasgow)\" width=\"500\" height=\"281\" src=\"https:\/\/www.youtube.com\/embed\/zZGF9r27JD8?list=PLRsUgTfaJ-ucO0dX_ZOZSzcJ5YuKOSOoj\" frameborder=\"0\" allow=\"accelerometer; autoplay; clipboard-write; encrypted-media; gyroscope; picture-in-picture; web-share\" referrerpolicy=\"strict-origin-when-cross-origin\" allowfullscreen><\/iframe><\/p>\n<p style=\"text-align: justify;\">Le festival comprend des ateliers, des masterclasses, et des sessions de jam qui permettent aux amateurs et aux professionnels de tous niveaux de s&rsquo;engager avec la musique celtique. Des projets \u00e9ducatifs comme \u00ab\u00a0New Voices\u00a0\u00bb offrent aux jeunes musiciens des plateformes pour \u00e9crire, enregistrer et se produire, assurant la continuit\u00e9 des traditions musicales.<\/p>\n<p><iframe title=\"Rebecca Hill &amp; Charlie Stewart \u2014 Full Live Performance \u2014 Drygate Brewery, Celtic Connections\" width=\"500\" height=\"281\" src=\"https:\/\/www.youtube.com\/embed\/xXlX6NMcWNs?list=PLRsUgTfaJ-ucO0dX_ZOZSzcJ5YuKOSOoj\" frameborder=\"0\" allow=\"accelerometer; autoplay; clipboard-write; encrypted-media; gyroscope; picture-in-picture; web-share\" referrerpolicy=\"strict-origin-when-cross-origin\" allowfullscreen><\/iframe><\/p>\n<p style=\"text-align: justify;\">En pla\u00e7ant la musique \u00e9cossaise sur la sc\u00e8ne mondiale, Celtic Connections joue un r\u00f4le crucial dans la pr\u00e9servation et la promotion de la musique traditionnelle, tout en encourageant l&rsquo;innovation. Il a \u00e9galement un impact \u00e9conomique significatif, attirant des touristes et stimulant l&rsquo;\u00e9conomie locale de Glasgow.<\/p>\n<p style=\"text-align: justify;\"><strong>Piping Live!\u00a0<\/strong><\/p>\n<p style=\"text-align: justify;\">Piping Live! a vu le jour en 2004, avec l&rsquo;intention de fournir une plateforme centr\u00e9e sur la cornemuse, un instrument qui a souvent \u00e9t\u00e9 le sujet de comp\u00e9titions mais rarement le focus d&rsquo;un festival culturel complet.\u00a0Fond\u00e9 par The National Piping Centre \u00e0 Glasgow, ce festival est devenu une vitrine mondiale pour la musique de cornemuse, des concours de haut niveau, des performances innovantes, et une exploration profonde de l&rsquo;art de la cornemuse dans toutes ses formes. Il se tient chaque ann\u00e9e en ao\u00fbt, co\u00efncidant avec les World Pipe Band Championships, cr\u00e9ant ainsi une semaine de festivit\u00e9s d\u00e9di\u00e9es \u00e0 ce qui est souvent consid\u00e9r\u00e9 comme \u00ab\u00a0la voix de l&rsquo;\u00c9cosse\u00a0\u00bb.<\/p>\n<p><iframe title=\"This gave me Goosebumps! The Royal Edinburgh Military Tattoo P&amp;D in Glasgow for Piping Live! 2024\" width=\"500\" height=\"281\" src=\"https:\/\/www.youtube.com\/embed\/_bW4rrSHvtE?list=PLC46-AuKip3uRBd36u7OiZssOcOOvng6q\" frameborder=\"0\" allow=\"accelerometer; autoplay; clipboard-write; encrypted-media; gyroscope; picture-in-picture; web-share\" referrerpolicy=\"strict-origin-when-cross-origin\" allowfullscreen><\/iframe><\/p>\n<p style=\"text-align: justify;\">Au fil des ann\u00e9es, Piping Live! s&rsquo;est \u00e9tendu pour inclure une vaste gamme d&rsquo;\u00e9v\u00e9nements, de la musique traditionnelle aux performances avant-gardistes. De 50 \u00e9v\u00e9nements lors de sa premi\u00e8re ann\u00e9e, il a grandi pour offrir plus de 150 \u00e9v\u00e9nements r\u00e9partis sur neuf jours. Cette expansion a refl\u00e9t\u00e9 non seulement l&rsquo;int\u00e9r\u00eat pour la cornemuse mais aussi l&rsquo;innovation dans sa performance et son enseignement.<\/p>\n<p style=\"text-align: justify;\"><em>The Masters Solo Piping Competition<\/em> est un \u00e9v\u00e9nement prestigieux qui voit les meilleurs solistes du monde entier se disputer des titres dans les cat\u00e9gories de piobaireachd et de musique l\u00e9g\u00e8re. <em>The Gordon Duncan Memorial Piping Competition<\/em> est donn\u00e9 en l&rsquo;honneur du l\u00e9gendaire piper Gordon Duncan, cette comp\u00e9tition c\u00e9l\u00e8bre la diversit\u00e9 musicale et l&rsquo;innovation dans la performance de la cornemuse. <em>Ceol Nua <\/em>est ne nuit d\u00e9di\u00e9e \u00e0 la musique celtique contemporaine, o\u00f9 des musiciens repoussent les limites de ce que la cornemuse peut faire, souvent en fusionnant avec d&rsquo;autres genres comme le jazz ou l&rsquo;\u00e9lectronique.<\/p>\n<p style=\"text-align: justify;\">Enfin, <em>The Big Band<\/em> : Un \u00e9v\u00e9nement o\u00f9 des centaines de cornemuseurs et batteurs de tous niveaux et \u00e2ges se r\u00e9unissent pour un d\u00e9fil\u00e9 massif \u00e0 travers Glasgow, offrant un spectacle visuel et sonore impressionnant.<\/p>\n<p><iframe title=\"Piping Live! Big Band\" width=\"500\" height=\"281\" src=\"https:\/\/www.youtube.com\/embed\/4huTx0nc3T4?feature=oembed\" frameborder=\"0\" allow=\"accelerometer; autoplay; clipboard-write; encrypted-media; gyroscope; picture-in-picture; web-share\" referrerpolicy=\"strict-origin-when-cross-origin\" allowfullscreen><\/iframe><\/p>\n<p><strong>Mull of Kintyre Music Festival \u00a0<\/strong><\/p>\n<p style=\"text-align: justify;\">Petit mais prestigieux, ce festival \u00e0 Campbeltown combine musique, histoire locale et folklore ga\u00e9lique pour une exp\u00e9rience culturelle riche. Il met en avant les talents locaux ainsi que des artistes internationaux, cr\u00e9ant un lien entre la communaut\u00e9 et la musique celtique.<\/p>\n<p><iframe title=\"The Argyll Ceilidh Trail at the MOK Fest 2023 Traditional Concert in Campbeltown Heritage Centre\" width=\"500\" height=\"281\" src=\"https:\/\/www.youtube.com\/embed\/Ldlz1vutwXw?feature=oembed\" frameborder=\"0\" allow=\"accelerometer; autoplay; clipboard-write; encrypted-media; gyroscope; picture-in-picture; web-share\" referrerpolicy=\"strict-origin-when-cross-origin\" allowfullscreen><\/iframe><\/p>\n<p style=\"text-align: justify;\">Les festivals de musique celtique jouent un r\u00f4le double en pr\u00e9servant les traditions musicales tout en permettant leur \u00e9volution. Ils offrent des plateformes o\u00f9 les musiciens peuvent interpr\u00e9ter les airs anciens avec des arrangements nouveaux, ou cr\u00e9er de la musique inspir\u00e9e par des influences globales. Cette dualit\u00e9 assure que la musique celtique reste vivante et pertinente dans un monde moderne.<\/p>\n<p style=\"text-align: justify;\">Avec des ateliers, des \u00e9coles de musique, et des sessions interactives, ces festivals sont des centres d&rsquo;apprentissage o\u00f9 la musique celtique est transmise \u00e0 une nouvelle g\u00e9n\u00e9ration. Ils encouragent \u00e9galement l&rsquo;apprentissage de la langue ga\u00e9lique, souvent li\u00e9e \u00e0 la musique traditionnelle, assurant ainsi la survie de cette langue.<\/p>\n<p style=\"text-align: justify;\">La tension entre maintenir des traditions pures et adopter des innovations reste un d\u00e9fi permanent. Cependant, cette dynamique est aussi une opportunit\u00e9 pour la musique celtique de rester pertinente et vivante, en fusionnant l&rsquo;ancien avec le nouveau et rester un \u00e9l\u00e9ment central de la culture des peuples celtes. L&rsquo;\u00e8re num\u00e9rique offre des opportunit\u00e9s sans pr\u00e9c\u00e9dent pour la diffusion de la musique celtique \u00e0 travers des plateformes en ligne, des streams live, et des collaborations virtuelles, \u00e9largissant ainsi l&rsquo;audience mondiale. Cela permet \u00e9galement aux festivals d&rsquo;atteindre ceux qui ne peuvent pas se rendre physiquement en \u00c9cosse, \u00e9tendant leur influence culturelle.<\/p>\n<p style=\"text-align: right;\"><strong>Olwen Kerdrel<\/strong><\/p>\n","protected":false},"excerpt":{"rendered":"<p>La musique celtique en \u00c9cosse a ses racines profond\u00e9ment ancr\u00e9es dans les traditions des Gaels qui habitent cette terre. Les instruments comme la cornemuse, le violon (fiddle), la harpe celtique (cl\u00e0rsach), et le tin whistle y jouent un r\u00f4le central. Avec l&rsquo;av\u00e8nement de l&rsquo;\u00e8re moderne, la musique celtique \u00e9cossaise a connu une renaissance, surtout \u00e0 [&hellip;]<\/p>\n","protected":false},"author":1,"featured_media":3285,"comment_status":"open","ping_status":"open","sticky":false,"template":"","format":"standard","meta":{"sb_editor_width":"","footnotes":""},"categories":[84,65],"tags":[],"class_list":["post-3284","post","type-post","status-publish","format-standard","has-post-thumbnail","hentry","category-celtisme","category-principale"],"relative_dates":{"created":"1 an ago","modified":"1 an ago"},"yoast_head":"<!-- This site is optimized with the Yoast SEO plugin v26.3 - https:\/\/yoast.com\/wordpress\/plugins\/seo\/ -->\n<title>Les grands festivals celtiques d&#039;\u00c9cosse, pivots de la conscience identitaire - STOURM<\/title>\n<meta name=\"robots\" content=\"index, follow, max-snippet:-1, max-image-preview:large, max-video-preview:-1\" \/>\n<link rel=\"canonical\" href=\"https:\/\/stourm.news\/?p=3284\" \/>\n<meta property=\"og:locale\" content=\"fr_FR\" \/>\n<meta property=\"og:type\" content=\"article\" \/>\n<meta property=\"og:title\" content=\"Les grands festivals celtiques d&#039;\u00c9cosse, pivots de la conscience identitaire - STOURM\" \/>\n<meta property=\"og:description\" content=\"La musique celtique en \u00c9cosse a ses racines profond\u00e9ment ancr\u00e9es dans les traditions des Gaels qui habitent cette terre. Les instruments comme la cornemuse, le violon (fiddle), la harpe celtique (cl\u00e0rsach), et le tin whistle y jouent un r\u00f4le central. Avec l&rsquo;av\u00e8nement de l&rsquo;\u00e8re moderne, la musique celtique \u00e9cossaise a connu une renaissance, surtout \u00e0 [&hellip;]\" \/>\n<meta property=\"og:url\" content=\"https:\/\/stourm.news\/?p=3284\" \/>\n<meta property=\"og:site_name\" content=\"STOURM\" \/>\n<meta property=\"article:publisher\" content=\"https:\/\/www.facebook.com\/stourmnews\/\" \/>\n<meta property=\"article:published_time\" content=\"2025-02-01T04:50:51+00:00\" \/>\n<meta property=\"og:image\" content=\"https:\/\/stourm.news\/wp-content\/uploads\/2025\/02\/pipinglive24wednesdayscotchcollegepbvictoriaaus3.jpg\" \/>\n\t<meta property=\"og:image:width\" content=\"1250\" \/>\n\t<meta property=\"og:image:height\" content=\"834\" \/>\n\t<meta property=\"og:image:type\" content=\"image\/jpeg\" \/>\n<meta name=\"author\" content=\"La r\u00e9daction\" \/>\n<meta name=\"twitter:card\" content=\"summary_large_image\" \/>\n<meta name=\"twitter:label1\" content=\"\u00c9crit par\" \/>\n\t<meta name=\"twitter:data1\" content=\"La r\u00e9daction\" \/>\n\t<meta name=\"twitter:label2\" content=\"Dur\u00e9e de lecture estim\u00e9e\" \/>\n\t<meta name=\"twitter:data2\" content=\"5 minutes\" \/>\n<script type=\"application\/ld+json\" class=\"yoast-schema-graph\">{\"@context\":\"https:\/\/schema.org\",\"@graph\":[{\"@type\":\"Article\",\"@id\":\"https:\/\/stourm.news\/?p=3284#article\",\"isPartOf\":{\"@id\":\"https:\/\/stourm.news\/?p=3284\"},\"author\":{\"name\":\"La r\u00e9daction\",\"@id\":\"https:\/\/stourm.news\/#\/schema\/person\/c3e1dc65988632e190969234ef046cf9\"},\"headline\":\"Les grands festivals celtiques d&rsquo;\u00c9cosse, pivots de la conscience identitaire\",\"datePublished\":\"2025-02-01T04:50:51+00:00\",\"mainEntityOfPage\":{\"@id\":\"https:\/\/stourm.news\/?p=3284\"},\"wordCount\":1054,\"commentCount\":0,\"publisher\":{\"@id\":\"https:\/\/stourm.news\/#organization\"},\"image\":{\"@id\":\"https:\/\/stourm.news\/?p=3284#primaryimage\"},\"thumbnailUrl\":\"https:\/\/stourm.news\/wp-content\/uploads\/2025\/02\/pipinglive24wednesdayscotchcollegepbvictoriaaus3.jpg\",\"articleSection\":[\"Celtisme\",\"Principale\"],\"inLanguage\":\"fr-FR\",\"potentialAction\":[{\"@type\":\"CommentAction\",\"name\":\"Comment\",\"target\":[\"https:\/\/stourm.news\/?p=3284#respond\"]}]},{\"@type\":\"WebPage\",\"@id\":\"https:\/\/stourm.news\/?p=3284\",\"url\":\"https:\/\/stourm.news\/?p=3284\",\"name\":\"Les grands festivals celtiques d'\u00c9cosse, pivots de la conscience identitaire - STOURM\",\"isPartOf\":{\"@id\":\"https:\/\/stourm.news\/#website\"},\"primaryImageOfPage\":{\"@id\":\"https:\/\/stourm.news\/?p=3284#primaryimage\"},\"image\":{\"@id\":\"https:\/\/stourm.news\/?p=3284#primaryimage\"},\"thumbnailUrl\":\"https:\/\/stourm.news\/wp-content\/uploads\/2025\/02\/pipinglive24wednesdayscotchcollegepbvictoriaaus3.jpg\",\"datePublished\":\"2025-02-01T04:50:51+00:00\",\"breadcrumb\":{\"@id\":\"https:\/\/stourm.news\/?p=3284#breadcrumb\"},\"inLanguage\":\"fr-FR\",\"potentialAction\":[{\"@type\":\"ReadAction\",\"target\":[\"https:\/\/stourm.news\/?p=3284\"]}]},{\"@type\":\"ImageObject\",\"inLanguage\":\"fr-FR\",\"@id\":\"https:\/\/stourm.news\/?p=3284#primaryimage\",\"url\":\"https:\/\/stourm.news\/wp-content\/uploads\/2025\/02\/pipinglive24wednesdayscotchcollegepbvictoriaaus3.jpg\",\"contentUrl\":\"https:\/\/stourm.news\/wp-content\/uploads\/2025\/02\/pipinglive24wednesdayscotchcollegepbvictoriaaus3.jpg\",\"width\":1250,\"height\":834},{\"@type\":\"BreadcrumbList\",\"@id\":\"https:\/\/stourm.news\/?p=3284#breadcrumb\",\"itemListElement\":[{\"@type\":\"ListItem\",\"position\":1,\"name\":\"Accueil\",\"item\":\"https:\/\/stourm.news\/\"},{\"@type\":\"ListItem\",\"position\":2,\"name\":\"Les grands festivals celtiques d&rsquo;\u00c9cosse, pivots de la conscience identitaire\"}]},{\"@type\":\"WebSite\",\"@id\":\"https:\/\/stourm.news\/#website\",\"url\":\"https:\/\/stourm.news\/\",\"name\":\"Stourm\",\"description\":\"Kazetenn Strollad Broadel Breizh\",\"publisher\":{\"@id\":\"https:\/\/stourm.news\/#organization\"},\"potentialAction\":[{\"@type\":\"SearchAction\",\"target\":{\"@type\":\"EntryPoint\",\"urlTemplate\":\"https:\/\/stourm.news\/?s={search_term_string}\"},\"query-input\":{\"@type\":\"PropertyValueSpecification\",\"valueRequired\":true,\"valueName\":\"search_term_string\"}}],\"inLanguage\":\"fr-FR\"},{\"@type\":\"Organization\",\"@id\":\"https:\/\/stourm.news\/#organization\",\"name\":\"Stourm\",\"url\":\"https:\/\/stourm.news\/\",\"logo\":{\"@type\":\"ImageObject\",\"inLanguage\":\"fr-FR\",\"@id\":\"https:\/\/stourm.news\/#\/schema\/logo\/image\/\",\"url\":\"https:\/\/stourm.news\/wp-content\/uploads\/2025\/11\/cropped-Capture-decran-2025-11-28-a-15.19.07.png\",\"contentUrl\":\"https:\/\/stourm.news\/wp-content\/uploads\/2025\/11\/cropped-Capture-decran-2025-11-28-a-15.19.07.png\",\"width\":1855,\"height\":383,\"caption\":\"Stourm\"},\"image\":{\"@id\":\"https:\/\/stourm.news\/#\/schema\/logo\/image\/\"},\"sameAs\":[\"https:\/\/www.facebook.com\/stourmnews\/\"]},{\"@type\":\"Person\",\"@id\":\"https:\/\/stourm.news\/#\/schema\/person\/c3e1dc65988632e190969234ef046cf9\",\"name\":\"La r\u00e9daction\",\"image\":{\"@type\":\"ImageObject\",\"inLanguage\":\"fr-FR\",\"@id\":\"https:\/\/stourm.news\/#\/schema\/person\/image\/\",\"url\":\"https:\/\/secure.gravatar.com\/avatar\/7463443f194b6b5fb706b074ca0ef59a0cfcfd720cb47764b0ec5a952ce422b3?s=96&d=mm&r=g\",\"contentUrl\":\"https:\/\/secure.gravatar.com\/avatar\/7463443f194b6b5fb706b074ca0ef59a0cfcfd720cb47764b0ec5a952ce422b3?s=96&d=mm&r=g\",\"caption\":\"La r\u00e9daction\"},\"sameAs\":[\"https:\/\/stourm.news\"],\"url\":\"https:\/\/stourm.news\/?author=1\"}]}<\/script>\n<!-- \/ Yoast SEO plugin. -->","yoast_head_json":{"title":"Les grands festivals celtiques d'\u00c9cosse, pivots de la conscience identitaire - STOURM","robots":{"index":"index","follow":"follow","max-snippet":"max-snippet:-1","max-image-preview":"max-image-preview:large","max-video-preview":"max-video-preview:-1"},"canonical":"https:\/\/stourm.news\/?p=3284","og_locale":"fr_FR","og_type":"article","og_title":"Les grands festivals celtiques d'\u00c9cosse, pivots de la conscience identitaire - STOURM","og_description":"La musique celtique en \u00c9cosse a ses racines profond\u00e9ment ancr\u00e9es dans les traditions des Gaels qui habitent cette terre. Les instruments comme la cornemuse, le violon (fiddle), la harpe celtique (cl\u00e0rsach), et le tin whistle y jouent un r\u00f4le central. Avec l&rsquo;av\u00e8nement de l&rsquo;\u00e8re moderne, la musique celtique \u00e9cossaise a connu une renaissance, surtout \u00e0 [&hellip;]","og_url":"https:\/\/stourm.news\/?p=3284","og_site_name":"STOURM","article_publisher":"https:\/\/www.facebook.com\/stourmnews\/","article_published_time":"2025-02-01T04:50:51+00:00","og_image":[{"width":1250,"height":834,"url":"https:\/\/stourm.news\/wp-content\/uploads\/2025\/02\/pipinglive24wednesdayscotchcollegepbvictoriaaus3.jpg","type":"image\/jpeg"}],"author":"La r\u00e9daction","twitter_card":"summary_large_image","twitter_misc":{"\u00c9crit par":"La r\u00e9daction","Dur\u00e9e de lecture estim\u00e9e":"5 minutes"},"schema":{"@context":"https:\/\/schema.org","@graph":[{"@type":"Article","@id":"https:\/\/stourm.news\/?p=3284#article","isPartOf":{"@id":"https:\/\/stourm.news\/?p=3284"},"author":{"name":"La r\u00e9daction","@id":"https:\/\/stourm.news\/#\/schema\/person\/c3e1dc65988632e190969234ef046cf9"},"headline":"Les grands festivals celtiques d&rsquo;\u00c9cosse, pivots de la conscience identitaire","datePublished":"2025-02-01T04:50:51+00:00","mainEntityOfPage":{"@id":"https:\/\/stourm.news\/?p=3284"},"wordCount":1054,"commentCount":0,"publisher":{"@id":"https:\/\/stourm.news\/#organization"},"image":{"@id":"https:\/\/stourm.news\/?p=3284#primaryimage"},"thumbnailUrl":"https:\/\/stourm.news\/wp-content\/uploads\/2025\/02\/pipinglive24wednesdayscotchcollegepbvictoriaaus3.jpg","articleSection":["Celtisme","Principale"],"inLanguage":"fr-FR","potentialAction":[{"@type":"CommentAction","name":"Comment","target":["https:\/\/stourm.news\/?p=3284#respond"]}]},{"@type":"WebPage","@id":"https:\/\/stourm.news\/?p=3284","url":"https:\/\/stourm.news\/?p=3284","name":"Les grands festivals celtiques d'\u00c9cosse, pivots de la conscience identitaire - STOURM","isPartOf":{"@id":"https:\/\/stourm.news\/#website"},"primaryImageOfPage":{"@id":"https:\/\/stourm.news\/?p=3284#primaryimage"},"image":{"@id":"https:\/\/stourm.news\/?p=3284#primaryimage"},"thumbnailUrl":"https:\/\/stourm.news\/wp-content\/uploads\/2025\/02\/pipinglive24wednesdayscotchcollegepbvictoriaaus3.jpg","datePublished":"2025-02-01T04:50:51+00:00","breadcrumb":{"@id":"https:\/\/stourm.news\/?p=3284#breadcrumb"},"inLanguage":"fr-FR","potentialAction":[{"@type":"ReadAction","target":["https:\/\/stourm.news\/?p=3284"]}]},{"@type":"ImageObject","inLanguage":"fr-FR","@id":"https:\/\/stourm.news\/?p=3284#primaryimage","url":"https:\/\/stourm.news\/wp-content\/uploads\/2025\/02\/pipinglive24wednesdayscotchcollegepbvictoriaaus3.jpg","contentUrl":"https:\/\/stourm.news\/wp-content\/uploads\/2025\/02\/pipinglive24wednesdayscotchcollegepbvictoriaaus3.jpg","width":1250,"height":834},{"@type":"BreadcrumbList","@id":"https:\/\/stourm.news\/?p=3284#breadcrumb","itemListElement":[{"@type":"ListItem","position":1,"name":"Accueil","item":"https:\/\/stourm.news\/"},{"@type":"ListItem","position":2,"name":"Les grands festivals celtiques d&rsquo;\u00c9cosse, pivots de la conscience identitaire"}]},{"@type":"WebSite","@id":"https:\/\/stourm.news\/#website","url":"https:\/\/stourm.news\/","name":"Stourm","description":"Kazetenn Strollad Broadel Breizh","publisher":{"@id":"https:\/\/stourm.news\/#organization"},"potentialAction":[{"@type":"SearchAction","target":{"@type":"EntryPoint","urlTemplate":"https:\/\/stourm.news\/?s={search_term_string}"},"query-input":{"@type":"PropertyValueSpecification","valueRequired":true,"valueName":"search_term_string"}}],"inLanguage":"fr-FR"},{"@type":"Organization","@id":"https:\/\/stourm.news\/#organization","name":"Stourm","url":"https:\/\/stourm.news\/","logo":{"@type":"ImageObject","inLanguage":"fr-FR","@id":"https:\/\/stourm.news\/#\/schema\/logo\/image\/","url":"https:\/\/stourm.news\/wp-content\/uploads\/2025\/11\/cropped-Capture-decran-2025-11-28-a-15.19.07.png","contentUrl":"https:\/\/stourm.news\/wp-content\/uploads\/2025\/11\/cropped-Capture-decran-2025-11-28-a-15.19.07.png","width":1855,"height":383,"caption":"Stourm"},"image":{"@id":"https:\/\/stourm.news\/#\/schema\/logo\/image\/"},"sameAs":["https:\/\/www.facebook.com\/stourmnews\/"]},{"@type":"Person","@id":"https:\/\/stourm.news\/#\/schema\/person\/c3e1dc65988632e190969234ef046cf9","name":"La r\u00e9daction","image":{"@type":"ImageObject","inLanguage":"fr-FR","@id":"https:\/\/stourm.news\/#\/schema\/person\/image\/","url":"https:\/\/secure.gravatar.com\/avatar\/7463443f194b6b5fb706b074ca0ef59a0cfcfd720cb47764b0ec5a952ce422b3?s=96&d=mm&r=g","contentUrl":"https:\/\/secure.gravatar.com\/avatar\/7463443f194b6b5fb706b074ca0ef59a0cfcfd720cb47764b0ec5a952ce422b3?s=96&d=mm&r=g","caption":"La r\u00e9daction"},"sameAs":["https:\/\/stourm.news"],"url":"https:\/\/stourm.news\/?author=1"}]}},"_links":{"self":[{"href":"https:\/\/stourm.news\/index.php?rest_route=\/wp\/v2\/posts\/3284","targetHints":{"allow":["GET"]}}],"collection":[{"href":"https:\/\/stourm.news\/index.php?rest_route=\/wp\/v2\/posts"}],"about":[{"href":"https:\/\/stourm.news\/index.php?rest_route=\/wp\/v2\/types\/post"}],"author":[{"embeddable":true,"href":"https:\/\/stourm.news\/index.php?rest_route=\/wp\/v2\/users\/1"}],"replies":[{"embeddable":true,"href":"https:\/\/stourm.news\/index.php?rest_route=%2Fwp%2Fv2%2Fcomments&post=3284"}],"version-history":[{"count":1,"href":"https:\/\/stourm.news\/index.php?rest_route=\/wp\/v2\/posts\/3284\/revisions"}],"predecessor-version":[{"id":3286,"href":"https:\/\/stourm.news\/index.php?rest_route=\/wp\/v2\/posts\/3284\/revisions\/3286"}],"wp:featuredmedia":[{"embeddable":true,"href":"https:\/\/stourm.news\/index.php?rest_route=\/wp\/v2\/media\/3285"}],"wp:attachment":[{"href":"https:\/\/stourm.news\/index.php?rest_route=%2Fwp%2Fv2%2Fmedia&parent=3284"}],"wp:term":[{"taxonomy":"category","embeddable":true,"href":"https:\/\/stourm.news\/index.php?rest_route=%2Fwp%2Fv2%2Fcategories&post=3284"},{"taxonomy":"post_tag","embeddable":true,"href":"https:\/\/stourm.news\/index.php?rest_route=%2Fwp%2Fv2%2Ftags&post=3284"}],"curies":[{"name":"wp","href":"https:\/\/api.w.org\/{rel}","templated":true}]}}