{"id":3330,"date":"2025-02-01T07:53:00","date_gmt":"2025-02-01T07:53:00","guid":{"rendered":"https:\/\/stourm.news\/?p=3330"},"modified":"2025-02-01T07:53:00","modified_gmt":"2025-02-01T07:53:00","slug":"riothamus-gardien-de-lordre-britto-romain","status":"publish","type":"post","link":"https:\/\/stourm.news\/?p=3330","title":{"rendered":"Riothamus, gardien de l&rsquo;ordre Britto-romain"},"content":{"rendered":"<p style=\"text-align: justify;\">Le VIe si\u00e8cle marque une p\u00e9riode tumultueuse dans l&rsquo;histoire des Bretons insulaires, o\u00f9 les migrations de la Bretagne insulaire vers l&rsquo;Armorique sont devenues un ph\u00e9nom\u00e8ne de grande ampleur sous l&rsquo;effet des assauts barbares contre la Bretagne romaine. Parmi les figures cl\u00e9s de cette \u00e9poque, Riothamus se distingue non seulement comme un potentiel roi des Bretons mais aussi comme un symbole de la r\u00e9sistance nationale des Bretons \u00e0 un moment de grands bouleversements.<\/p>\n<p><strong>Un nom \u00e9nigmatique<\/strong><\/p>\n<p style=\"text-align: justify;\">Le nom \u00ab\u00a0Riothamus\u00a0\u00bb est souvent interpr\u00e9t\u00e9 comme signifiant \u00ab\u00a0roi supr\u00eame\u00a0\u00bb en latin, sugg\u00e9rant qu&rsquo;il pourrait avoir \u00e9t\u00e9 une figure royale ou un commandant militaire de haute stature parmi les Bretons insulaires. Cependant, les sources historiques sur Riothamus sont limit\u00e9es et souvent entrem\u00eal\u00e9es avec des l\u00e9gendes, rendant son histoire myst\u00e9rieuse. D&rsquo;apr\u00e8s L\u00e9on Fleuriot, le nom de Riothamus n&rsquo;est qu&rsquo;un terme signifiant \u00ab\u00a0grand roi\u00a0\u00bb, et derri\u00e8re lui se cacherait une autre personne, le britto-romain <strong>Ambrosius Aurelianus<\/strong>.<\/p>\n<p><strong>Secours des Bretons \u00e0 l&#8217;empire<\/strong><\/p>\n<p style=\"text-align: justify;\">Dans son \u00ab\u00a0Getica\u00a0\u00bb, l&rsquo;historien du VIe si\u00e8cle Jordanes mentionne Riothamus comme un roi des Bretons qui est venu en aide aux Romains sur demande de l&#8217;empereur d&rsquo;origine Procopius Anth\u00e9mius afin de prot\u00e9ger l&rsquo;ordre romain sur la Loire, un fleuve strat\u00e9gique. Cette intervention vise probablement \u00e0 secourir le g\u00e9n\u00e9ral Syagrius qui d\u00e9fend alors la derni\u00e8re enclave gallo-romaine du nord de la Gaule contre les Visigoths de Euric.<\/p>\n<p style=\"text-align: justify;\">Bien que Rome se soit retir\u00e9e de Bretagne en \u00a0410, les Britto-romains se consid\u00e8rent toujours comme des imp\u00e9riaux \u00e0 part enti\u00e8re, sentiment renforc\u00e9 par le christianisme qui les unit \u00e0 Rome. Cette alliance est dat\u00e9e autour de 469-470, indiquant que Riothamus aurait eu une influence suffisamment importante pour mobiliser une arm\u00e9e au service des int\u00e9r\u00eats romains en Gaule.\u00a0Il s&rsquo;agit aussi pour les Bretons comme pour les Romains de rester ma\u00eetres de la Manche, menac\u00e9e de tomber sous le contr\u00f4le des pirates germaniques.<\/p>\n<p><img fetchpriority=\"high\" decoding=\"async\" class=\"alignnone size-medium\" src=\"https:\/\/upload.wikimedia.org\/wikipedia\/commons\/thumb\/7\/75\/Gaule_en_475.png\/1154px-Gaule_en_475.png\" width=\"1154\" height=\"1198\" \/><\/p>\n<p style=\"text-align: justify;\">Selon Jordanes, Riothamus aurait men\u00e9 une force de 12 000 hommes en Gaule pour soutenir l&rsquo;Empire romain d&rsquo;Occident contre les Visigoths devenus ma\u00eetres de l&rsquo;Aquitaine et de l&rsquo;Espagne. Apr\u00e8s quelques succ\u00e8s initiaux, il fut d\u00e9fait pr\u00e8s de Bourges (Avaricum dans les sources romaines) par les Wisigoths avant de pouvoir unir ses forces aux troupes romaines. Riothamus et les restes de l&rsquo;arm\u00e9e bretonne se repli\u00e8rent chez les Burgondes, \u00e9galement f\u00e9d\u00e9r\u00e9s \u00e0 Rome.<\/p>\n<p><img decoding=\"async\" class=\"alignnone \" src=\"https:\/\/sun9-39.userapi.com\/impg\/c858124\/v858124412\/20756e\/CnuC_w6zFSc.jpg?size=807x550&amp;quality=96&amp;sign=2a845efd440964da8de44f4ea5b02618&amp;type=album\" width=\"691\" height=\"471\" \/><\/p>\n<p style=\"text-align: center;\"><em>Guerriers wisigoths<\/em><\/p>\n<p style=\"text-align: justify;\">Bien que les sources ne soient pas claires sur son destin apr\u00e8s la d\u00e9faite, certains historiens sugg\u00e8rent que Riothamus pourrait avoir \u00e9t\u00e9 l&rsquo;un des nombreux leaders qui, face aux invasions anglo-saxonnes, ont conduit ou influenc\u00e9 la migration de Bretons insulaires vers l&rsquo;Armorique. La r\u00e9gion, d\u00e9j\u00e0 habit\u00e9e par des tribus celtiques \u00e9parses, a ainsi vu son identit\u00e9 celtique se renforcer sous l&rsquo;effet de l&rsquo;implantation des Britto-romains, fondateurs de la Bretagne.<\/p>\n<p style=\"text-align: justify;\">Certains chercheurs ont m\u00eame sp\u00e9cul\u00e9 que Riothamus pourrait \u00eatre une des inspirations historiques pour la figure l\u00e9gendaire du roi Arthur. Les similitudes entre leurs campagnes militaires contre les envahisseurs et l&rsquo;aide apport\u00e9e \u00e0 des forces romaines ou pro-romaines alimentent cette th\u00e9orie, bien qu&rsquo;elle reste sp\u00e9culative.<\/p>\n<p style=\"text-align: justify;\">Riothamus repr\u00e9sente un moment de transition o\u00f9 les Bretons, sous la menace croissante des Anglo-Saxons, sont d\u00e9j\u00e0 fortement pr\u00e9sents sur le continent et combattent pour pr\u00e9server leur culture, leur religion et leur ind\u00e9pendance. Sa campagne en Gaule, bien qu&rsquo;elle se soit termin\u00e9e en d\u00e9faite, peut \u00eatre vue comme un effort pour maintenir l&rsquo;ordre romain et chr\u00e9tien. Riothamus symbolise aussi la naissance \u00e0 la Bretagne continentale comme nation distincte, hautement consciente de sa culture, de sa foi et de sa mission de garante de l&rsquo;ind\u00e9pendance des Celtes romanis\u00e9s.<\/p>\n<p style=\"text-align: right;\"><strong>Olwen Kerdrel<\/strong><\/p>\n","protected":false},"excerpt":{"rendered":"<p>Le VIe si\u00e8cle marque une p\u00e9riode tumultueuse dans l&rsquo;histoire des Bretons insulaires, o\u00f9 les migrations de la Bretagne insulaire vers l&rsquo;Armorique sont devenues un ph\u00e9nom\u00e8ne de grande ampleur sous l&rsquo;effet des assauts barbares contre la Bretagne romaine. Parmi les figures cl\u00e9s de cette \u00e9poque, Riothamus se distingue non seulement comme un potentiel roi des Bretons [&hellip;]<\/p>\n","protected":false},"author":1,"featured_media":3331,"comment_status":"open","ping_status":"open","sticky":false,"template":"","format":"standard","meta":{"sb_editor_width":"","footnotes":""},"categories":[50,65],"tags":[],"class_list":["post-3330","post","type-post","status-publish","format-standard","has-post-thumbnail","hentry","category-histoire-de-bretagne","category-principale"],"relative_dates":{"created":"1 an ago","modified":"1 an ago"},"yoast_head":"<!-- This site is optimized with the Yoast SEO plugin v26.3 - https:\/\/yoast.com\/wordpress\/plugins\/seo\/ -->\n<title>Riothamus, gardien de l&#039;ordre Britto-romain - STOURM<\/title>\n<meta name=\"robots\" content=\"index, follow, max-snippet:-1, max-image-preview:large, max-video-preview:-1\" \/>\n<link rel=\"canonical\" href=\"https:\/\/stourm.news\/?p=3330\" \/>\n<meta property=\"og:locale\" content=\"fr_FR\" \/>\n<meta property=\"og:type\" content=\"article\" \/>\n<meta property=\"og:title\" content=\"Riothamus, gardien de l&#039;ordre Britto-romain - STOURM\" \/>\n<meta property=\"og:description\" content=\"Le VIe si\u00e8cle marque une p\u00e9riode tumultueuse dans l&rsquo;histoire des Bretons insulaires, o\u00f9 les migrations de la Bretagne insulaire vers l&rsquo;Armorique sont devenues un ph\u00e9nom\u00e8ne de grande ampleur sous l&rsquo;effet des assauts barbares contre la Bretagne romaine. Parmi les figures cl\u00e9s de cette \u00e9poque, Riothamus se distingue non seulement comme un potentiel roi des Bretons [&hellip;]\" \/>\n<meta property=\"og:url\" content=\"https:\/\/stourm.news\/?p=3330\" \/>\n<meta property=\"og:site_name\" content=\"STOURM\" \/>\n<meta property=\"article:publisher\" content=\"https:\/\/www.facebook.com\/stourmnews\/\" \/>\n<meta property=\"article:published_time\" content=\"2025-02-01T07:53:00+00:00\" \/>\n<meta property=\"og:image\" content=\"https:\/\/stourm.news\/wp-content\/uploads\/2025\/02\/Ambrosius-Aurelianus.jpg\" \/>\n\t<meta property=\"og:image:width\" content=\"734\" \/>\n\t<meta property=\"og:image:height\" content=\"540\" \/>\n\t<meta property=\"og:image:type\" content=\"image\/jpeg\" \/>\n<meta name=\"author\" content=\"La r\u00e9daction\" \/>\n<meta name=\"twitter:card\" content=\"summary_large_image\" \/>\n<meta name=\"twitter:label1\" content=\"\u00c9crit par\" \/>\n\t<meta name=\"twitter:data1\" content=\"La r\u00e9daction\" \/>\n\t<meta name=\"twitter:label2\" content=\"Dur\u00e9e de lecture estim\u00e9e\" \/>\n\t<meta name=\"twitter:data2\" content=\"4 minutes\" \/>\n<script type=\"application\/ld+json\" class=\"yoast-schema-graph\">{\"@context\":\"https:\/\/schema.org\",\"@graph\":[{\"@type\":\"Article\",\"@id\":\"https:\/\/stourm.news\/?p=3330#article\",\"isPartOf\":{\"@id\":\"https:\/\/stourm.news\/?p=3330\"},\"author\":{\"name\":\"La r\u00e9daction\",\"@id\":\"https:\/\/stourm.news\/#\/schema\/person\/c3e1dc65988632e190969234ef046cf9\"},\"headline\":\"Riothamus, gardien de l&rsquo;ordre Britto-romain\",\"datePublished\":\"2025-02-01T07:53:00+00:00\",\"mainEntityOfPage\":{\"@id\":\"https:\/\/stourm.news\/?p=3330\"},\"wordCount\":669,\"commentCount\":0,\"publisher\":{\"@id\":\"https:\/\/stourm.news\/#organization\"},\"image\":{\"@id\":\"https:\/\/stourm.news\/?p=3330#primaryimage\"},\"thumbnailUrl\":\"https:\/\/stourm.news\/wp-content\/uploads\/2025\/02\/Ambrosius-Aurelianus.jpg\",\"articleSection\":[\"Histoire de Bretagne\",\"Principale\"],\"inLanguage\":\"fr-FR\",\"potentialAction\":[{\"@type\":\"CommentAction\",\"name\":\"Comment\",\"target\":[\"https:\/\/stourm.news\/?p=3330#respond\"]}]},{\"@type\":\"WebPage\",\"@id\":\"https:\/\/stourm.news\/?p=3330\",\"url\":\"https:\/\/stourm.news\/?p=3330\",\"name\":\"Riothamus, gardien de l'ordre Britto-romain - STOURM\",\"isPartOf\":{\"@id\":\"https:\/\/stourm.news\/#website\"},\"primaryImageOfPage\":{\"@id\":\"https:\/\/stourm.news\/?p=3330#primaryimage\"},\"image\":{\"@id\":\"https:\/\/stourm.news\/?p=3330#primaryimage\"},\"thumbnailUrl\":\"https:\/\/stourm.news\/wp-content\/uploads\/2025\/02\/Ambrosius-Aurelianus.jpg\",\"datePublished\":\"2025-02-01T07:53:00+00:00\",\"breadcrumb\":{\"@id\":\"https:\/\/stourm.news\/?p=3330#breadcrumb\"},\"inLanguage\":\"fr-FR\",\"potentialAction\":[{\"@type\":\"ReadAction\",\"target\":[\"https:\/\/stourm.news\/?p=3330\"]}]},{\"@type\":\"ImageObject\",\"inLanguage\":\"fr-FR\",\"@id\":\"https:\/\/stourm.news\/?p=3330#primaryimage\",\"url\":\"https:\/\/stourm.news\/wp-content\/uploads\/2025\/02\/Ambrosius-Aurelianus.jpg\",\"contentUrl\":\"https:\/\/stourm.news\/wp-content\/uploads\/2025\/02\/Ambrosius-Aurelianus.jpg\",\"width\":734,\"height\":540},{\"@type\":\"BreadcrumbList\",\"@id\":\"https:\/\/stourm.news\/?p=3330#breadcrumb\",\"itemListElement\":[{\"@type\":\"ListItem\",\"position\":1,\"name\":\"Accueil\",\"item\":\"https:\/\/stourm.news\/\"},{\"@type\":\"ListItem\",\"position\":2,\"name\":\"Riothamus, gardien de l&rsquo;ordre Britto-romain\"}]},{\"@type\":\"WebSite\",\"@id\":\"https:\/\/stourm.news\/#website\",\"url\":\"https:\/\/stourm.news\/\",\"name\":\"Stourm\",\"description\":\"Kazetenn Strollad Broadel Breizh\",\"publisher\":{\"@id\":\"https:\/\/stourm.news\/#organization\"},\"potentialAction\":[{\"@type\":\"SearchAction\",\"target\":{\"@type\":\"EntryPoint\",\"urlTemplate\":\"https:\/\/stourm.news\/?s={search_term_string}\"},\"query-input\":{\"@type\":\"PropertyValueSpecification\",\"valueRequired\":true,\"valueName\":\"search_term_string\"}}],\"inLanguage\":\"fr-FR\"},{\"@type\":\"Organization\",\"@id\":\"https:\/\/stourm.news\/#organization\",\"name\":\"Stourm\",\"url\":\"https:\/\/stourm.news\/\",\"logo\":{\"@type\":\"ImageObject\",\"inLanguage\":\"fr-FR\",\"@id\":\"https:\/\/stourm.news\/#\/schema\/logo\/image\/\",\"url\":\"https:\/\/stourm.news\/wp-content\/uploads\/2025\/11\/cropped-Capture-decran-2025-11-28-a-15.19.07.png\",\"contentUrl\":\"https:\/\/stourm.news\/wp-content\/uploads\/2025\/11\/cropped-Capture-decran-2025-11-28-a-15.19.07.png\",\"width\":1855,\"height\":383,\"caption\":\"Stourm\"},\"image\":{\"@id\":\"https:\/\/stourm.news\/#\/schema\/logo\/image\/\"},\"sameAs\":[\"https:\/\/www.facebook.com\/stourmnews\/\"]},{\"@type\":\"Person\",\"@id\":\"https:\/\/stourm.news\/#\/schema\/person\/c3e1dc65988632e190969234ef046cf9\",\"name\":\"La r\u00e9daction\",\"image\":{\"@type\":\"ImageObject\",\"inLanguage\":\"fr-FR\",\"@id\":\"https:\/\/stourm.news\/#\/schema\/person\/image\/\",\"url\":\"https:\/\/secure.gravatar.com\/avatar\/7463443f194b6b5fb706b074ca0ef59a0cfcfd720cb47764b0ec5a952ce422b3?s=96&d=mm&r=g\",\"contentUrl\":\"https:\/\/secure.gravatar.com\/avatar\/7463443f194b6b5fb706b074ca0ef59a0cfcfd720cb47764b0ec5a952ce422b3?s=96&d=mm&r=g\",\"caption\":\"La r\u00e9daction\"},\"sameAs\":[\"https:\/\/stourm.news\"],\"url\":\"https:\/\/stourm.news\/?author=1\"}]}<\/script>\n<!-- \/ Yoast SEO plugin. -->","yoast_head_json":{"title":"Riothamus, gardien de l'ordre Britto-romain - STOURM","robots":{"index":"index","follow":"follow","max-snippet":"max-snippet:-1","max-image-preview":"max-image-preview:large","max-video-preview":"max-video-preview:-1"},"canonical":"https:\/\/stourm.news\/?p=3330","og_locale":"fr_FR","og_type":"article","og_title":"Riothamus, gardien de l'ordre Britto-romain - STOURM","og_description":"Le VIe si\u00e8cle marque une p\u00e9riode tumultueuse dans l&rsquo;histoire des Bretons insulaires, o\u00f9 les migrations de la Bretagne insulaire vers l&rsquo;Armorique sont devenues un ph\u00e9nom\u00e8ne de grande ampleur sous l&rsquo;effet des assauts barbares contre la Bretagne romaine. Parmi les figures cl\u00e9s de cette \u00e9poque, Riothamus se distingue non seulement comme un potentiel roi des Bretons [&hellip;]","og_url":"https:\/\/stourm.news\/?p=3330","og_site_name":"STOURM","article_publisher":"https:\/\/www.facebook.com\/stourmnews\/","article_published_time":"2025-02-01T07:53:00+00:00","og_image":[{"width":734,"height":540,"url":"https:\/\/stourm.news\/wp-content\/uploads\/2025\/02\/Ambrosius-Aurelianus.jpg","type":"image\/jpeg"}],"author":"La r\u00e9daction","twitter_card":"summary_large_image","twitter_misc":{"\u00c9crit par":"La r\u00e9daction","Dur\u00e9e de lecture estim\u00e9e":"4 minutes"},"schema":{"@context":"https:\/\/schema.org","@graph":[{"@type":"Article","@id":"https:\/\/stourm.news\/?p=3330#article","isPartOf":{"@id":"https:\/\/stourm.news\/?p=3330"},"author":{"name":"La r\u00e9daction","@id":"https:\/\/stourm.news\/#\/schema\/person\/c3e1dc65988632e190969234ef046cf9"},"headline":"Riothamus, gardien de l&rsquo;ordre Britto-romain","datePublished":"2025-02-01T07:53:00+00:00","mainEntityOfPage":{"@id":"https:\/\/stourm.news\/?p=3330"},"wordCount":669,"commentCount":0,"publisher":{"@id":"https:\/\/stourm.news\/#organization"},"image":{"@id":"https:\/\/stourm.news\/?p=3330#primaryimage"},"thumbnailUrl":"https:\/\/stourm.news\/wp-content\/uploads\/2025\/02\/Ambrosius-Aurelianus.jpg","articleSection":["Histoire de Bretagne","Principale"],"inLanguage":"fr-FR","potentialAction":[{"@type":"CommentAction","name":"Comment","target":["https:\/\/stourm.news\/?p=3330#respond"]}]},{"@type":"WebPage","@id":"https:\/\/stourm.news\/?p=3330","url":"https:\/\/stourm.news\/?p=3330","name":"Riothamus, gardien de l'ordre Britto-romain - STOURM","isPartOf":{"@id":"https:\/\/stourm.news\/#website"},"primaryImageOfPage":{"@id":"https:\/\/stourm.news\/?p=3330#primaryimage"},"image":{"@id":"https:\/\/stourm.news\/?p=3330#primaryimage"},"thumbnailUrl":"https:\/\/stourm.news\/wp-content\/uploads\/2025\/02\/Ambrosius-Aurelianus.jpg","datePublished":"2025-02-01T07:53:00+00:00","breadcrumb":{"@id":"https:\/\/stourm.news\/?p=3330#breadcrumb"},"inLanguage":"fr-FR","potentialAction":[{"@type":"ReadAction","target":["https:\/\/stourm.news\/?p=3330"]}]},{"@type":"ImageObject","inLanguage":"fr-FR","@id":"https:\/\/stourm.news\/?p=3330#primaryimage","url":"https:\/\/stourm.news\/wp-content\/uploads\/2025\/02\/Ambrosius-Aurelianus.jpg","contentUrl":"https:\/\/stourm.news\/wp-content\/uploads\/2025\/02\/Ambrosius-Aurelianus.jpg","width":734,"height":540},{"@type":"BreadcrumbList","@id":"https:\/\/stourm.news\/?p=3330#breadcrumb","itemListElement":[{"@type":"ListItem","position":1,"name":"Accueil","item":"https:\/\/stourm.news\/"},{"@type":"ListItem","position":2,"name":"Riothamus, gardien de l&rsquo;ordre Britto-romain"}]},{"@type":"WebSite","@id":"https:\/\/stourm.news\/#website","url":"https:\/\/stourm.news\/","name":"Stourm","description":"Kazetenn Strollad Broadel Breizh","publisher":{"@id":"https:\/\/stourm.news\/#organization"},"potentialAction":[{"@type":"SearchAction","target":{"@type":"EntryPoint","urlTemplate":"https:\/\/stourm.news\/?s={search_term_string}"},"query-input":{"@type":"PropertyValueSpecification","valueRequired":true,"valueName":"search_term_string"}}],"inLanguage":"fr-FR"},{"@type":"Organization","@id":"https:\/\/stourm.news\/#organization","name":"Stourm","url":"https:\/\/stourm.news\/","logo":{"@type":"ImageObject","inLanguage":"fr-FR","@id":"https:\/\/stourm.news\/#\/schema\/logo\/image\/","url":"https:\/\/stourm.news\/wp-content\/uploads\/2025\/11\/cropped-Capture-decran-2025-11-28-a-15.19.07.png","contentUrl":"https:\/\/stourm.news\/wp-content\/uploads\/2025\/11\/cropped-Capture-decran-2025-11-28-a-15.19.07.png","width":1855,"height":383,"caption":"Stourm"},"image":{"@id":"https:\/\/stourm.news\/#\/schema\/logo\/image\/"},"sameAs":["https:\/\/www.facebook.com\/stourmnews\/"]},{"@type":"Person","@id":"https:\/\/stourm.news\/#\/schema\/person\/c3e1dc65988632e190969234ef046cf9","name":"La r\u00e9daction","image":{"@type":"ImageObject","inLanguage":"fr-FR","@id":"https:\/\/stourm.news\/#\/schema\/person\/image\/","url":"https:\/\/secure.gravatar.com\/avatar\/7463443f194b6b5fb706b074ca0ef59a0cfcfd720cb47764b0ec5a952ce422b3?s=96&d=mm&r=g","contentUrl":"https:\/\/secure.gravatar.com\/avatar\/7463443f194b6b5fb706b074ca0ef59a0cfcfd720cb47764b0ec5a952ce422b3?s=96&d=mm&r=g","caption":"La r\u00e9daction"},"sameAs":["https:\/\/stourm.news"],"url":"https:\/\/stourm.news\/?author=1"}]}},"_links":{"self":[{"href":"https:\/\/stourm.news\/index.php?rest_route=\/wp\/v2\/posts\/3330","targetHints":{"allow":["GET"]}}],"collection":[{"href":"https:\/\/stourm.news\/index.php?rest_route=\/wp\/v2\/posts"}],"about":[{"href":"https:\/\/stourm.news\/index.php?rest_route=\/wp\/v2\/types\/post"}],"author":[{"embeddable":true,"href":"https:\/\/stourm.news\/index.php?rest_route=\/wp\/v2\/users\/1"}],"replies":[{"embeddable":true,"href":"https:\/\/stourm.news\/index.php?rest_route=%2Fwp%2Fv2%2Fcomments&post=3330"}],"version-history":[{"count":1,"href":"https:\/\/stourm.news\/index.php?rest_route=\/wp\/v2\/posts\/3330\/revisions"}],"predecessor-version":[{"id":3332,"href":"https:\/\/stourm.news\/index.php?rest_route=\/wp\/v2\/posts\/3330\/revisions\/3332"}],"wp:featuredmedia":[{"embeddable":true,"href":"https:\/\/stourm.news\/index.php?rest_route=\/wp\/v2\/media\/3331"}],"wp:attachment":[{"href":"https:\/\/stourm.news\/index.php?rest_route=%2Fwp%2Fv2%2Fmedia&parent=3330"}],"wp:term":[{"taxonomy":"category","embeddable":true,"href":"https:\/\/stourm.news\/index.php?rest_route=%2Fwp%2Fv2%2Fcategories&post=3330"},{"taxonomy":"post_tag","embeddable":true,"href":"https:\/\/stourm.news\/index.php?rest_route=%2Fwp%2Fv2%2Ftags&post=3330"}],"curies":[{"name":"wp","href":"https:\/\/api.w.org\/{rel}","templated":true}]}}