{"id":3341,"date":"2025-02-02T08:49:58","date_gmt":"2025-02-02T08:49:58","guid":{"rendered":"https:\/\/stourm.news\/?p=3341"},"modified":"2025-02-02T08:57:00","modified_gmt":"2025-02-02T08:57:00","slug":"tribune-face-a-la-crise-du-systeme-de-sante-lalternative-que-doit-proposer-un-gouvernement-breton-par-yann-ar-gall","status":"publish","type":"post","link":"https:\/\/stourm.news\/?p=3341","title":{"rendered":"Tribune : \u00ab\u00a0Face \u00e0 la crise du syst\u00e8me de sant\u00e9, l&rsquo;alternative que doit proposer un gouvernement breton\u00a0\u00bb (par Yann ar Gall)"},"content":{"rendered":"<p style=\"text-align: justify;\">Samedi, le parvis de la gare de Guingamp a r\u00e9sonn\u00e9 des cris de plus de 1300 personnes venues manifester pour l&rsquo;acc\u00e8s aux soins dans le Tr\u00e9gor. La crise dans le syst\u00e8me de sant\u00e9 breton refl\u00e8te une politique centralisatrice dict\u00e9e par Paris et le gouvernement fran\u00e7ais qui privil\u00e9gie de plus en plus les \u00e9conomies d\u2019\u00e9chelle et les grandes agglom\u00e9rations, au d\u00e9triment des services locaux et ruraux. La fermeture ou la r\u00e9duction des services dans des h\u00f4pitaux comme ceux de Guingamp, Lannion, et Carhaix t\u00e9moigne d\u2019une gestion qui ignore d\u00e9lib\u00e9r\u00e9ment les besoins sp\u00e9cifiques des populations rurales de Bretagne.<\/p>\n<p style=\"text-align: justify;\">La r\u00e9duction des budgets allou\u00e9s \u00e0 la sant\u00e9, ou leur mauvaise r\u00e9partition, entra\u00eene une baisse du personnel m\u00e9dical disponible, aggrav\u00e9e par des conditions de travail souvent difficiles dans les zones rurales, ce qui d\u00e9courage les professionnels de la sant\u00e9 de s\u2019y installer. Ajoutant l\u2019insulte \u00e0 l\u2019injure, les reports de rendez-vous minist\u00e9riels, comme celui mentionn\u00e9 pour Carhaix, montrent un m\u00e9pris et un d\u00e9sengagement assum\u00e9s qui laisse les populations sans solutions imm\u00e9diates.<\/p>\n<p style=\"text-align: justify;\"><strong>Un syst\u00e8me de sant\u00e9 breton autonome<\/strong><\/p>\n<p style=\"text-align: justify;\">La crise est profonde, syst\u00e9mique, sur fond de d\u00e9faillance de l\u2019\u00c9tat fran\u00e7ais. Pour changer de paradigme, la Bretagne doit disposer d\u2019un gouvernement autonome en mesure de g\u00e9rer son propre budget de sant\u00e9, en fonction des besoins sp\u00e9cifiques de ses habitants. C\u2019est seulement ainsi qu\u2019elle pourra penser sa strat\u00e9gie de soins sur l\u2019ensemble du territoire breton et r\u00e9allouer les fonds vers les zones o\u00f9 ils sont le plus n\u00e9cessaires.<\/p>\n<p style=\"text-align: justify;\"><strong>\u00c9ducation et formation<\/strong><\/p>\n<p style=\"text-align: justify;\">Dans le domaine de l\u2019\u00e9ducation et de la formation m\u00e9dicale, les facult\u00e9s de m\u00e9decine de Brest, Rennes et Nantes devraient cr\u00e9er des antennes de formation dans plusieurs villes bretonnes pour fixer et former les \u00e9tudiants localement. Il s\u2019agirait de couvrir non seulement les premi\u00e8res ann\u00e9es mais aussi des stages cliniques avanc\u00e9s ainsi que des formations compl\u00e8tes en m\u00e9decine g\u00e9n\u00e9rale, en particulier, focalis\u00e9e sur les besoins sp\u00e9cifiques des communaut\u00e9s rurales.<\/p>\n<p style=\"text-align: justify;\"><strong>Incitations \u00e0 l\u2019Installation<\/strong><\/p>\n<p style=\"text-align: justify;\">Plut\u00f4t que des primes, le gouvernement autonome devrait proposer des avantages comme des logements \u00e0 loyer mod\u00e9r\u00e9 ou un m\u00e9canisme d\u2019accession \u00e0 la propri\u00e9t\u00e9 pr\u00e9f\u00e9rentiel, des cr\u00e8ches pour les enfants des professionnels de sant\u00e9, et des services pour faciliter l\u2019installation des familles (emplois pour les conjoints, \u00e9ducation pour les enfants).<\/p>\n<p style=\"text-align: justify;\">Il faudrait \u00e9galement revenir \u00e0 un syst\u00e8me d\u2019internat pour encourager les jeunes m\u00e9decins \u00e0 s\u2019installer pr\u00e8s des zones o\u00f9 ils ont \u00e9t\u00e9 form\u00e9s, \u00e9vitant ainsi la concentration dans les grandes agglom\u00e9rations.<\/p>\n<p style=\"text-align: justify;\"><strong>Fiscalit\u00e9 et Conditions de Travail<\/strong><\/p>\n<p style=\"text-align: justify;\">Pour attirer les m\u00e9decins g\u00e9n\u00e9ralistes ou sp\u00e9cialistes dans les zones sous tension, il faudrait drastiquement r\u00e9duire ou supprimer les cotisations sociales et la CSG (Contribution sociale g\u00e9n\u00e9ralis\u00e9e). Cette mesure pourrait s\u2019appliquer tant qu\u2019ils restent dans ces zones.<\/p>\n<p style=\"text-align: justify;\">Pour l\u2019Infrastructure M\u00e9dicale, le gouvernement autonome breton devrait offrir un cr\u00e9dit d\u2019imp\u00f4t pour chaque euro investi dans l\u2019infrastructure m\u00e9dicale locale (achat de mat\u00e9riel, r\u00e9novation ou construction de cabinet). Par exemple, un cr\u00e9dit d\u2019imp\u00f4t de 50% sur tous les investissements jusqu\u2019\u00e0 un plafond \u00e9lev\u00e9.<\/p>\n<p style=\"text-align: justify;\">Une exon\u00e9ration de taxe fonci\u00e8re et taxe d\u2019habitation permettrait aux m\u00e9decins de s\u2019installer plus facilement dans des zones rurales.<\/p>\n<p style=\"text-align: justify;\">De telles incitations devraient s\u2019\u00e9tendre aux conjoints des m\u00e9decins. Par exemple en leur offrant des avantages fiscaux suppl\u00e9mentaires, comme des r\u00e9ductions d\u2019imp\u00f4ts sur les salaires.<\/p>\n<p style=\"text-align: justify;\">Il serait \u00e9galement souhaitable d\u2019exon\u00e9rer les actes m\u00e9dicaux r\u00e9alis\u00e9s en zone rurale de la TVA, ce qui pourrait rendre les pratiques en zones rurales financi\u00e8rement plus attrayantes et d\u2019offrir des cr\u00e9dits d\u2019imp\u00f4t pour les d\u00e9penses en formation continue, afin d\u2019inciter les m\u00e9decins \u00e0 maintenir et \u00e0 am\u00e9liorer leurs comp\u00e9tences tout en travaillant dans des zones rurales.<\/p>\n<p style=\"text-align: justify;\">La prise en charge des frais de d\u00e9placement doit figurer parmi les mesures incitatives avec des d\u00e9ductions fiscales importantes dans le cadre de l\u2019exercice m\u00e9dical, y compris les visites \u00e0 domicile, les d\u00e9placements pour des formations ou des r\u00e9unions professionnelles.<\/p>\n<p style=\"text-align: justify;\">Les m\u00e9decins travaillant dans des maisons de sant\u00e9 ou des structures de soins coordonn\u00e9es en zones rurales pourraient b\u00e9n\u00e9ficier de taux d\u2019imposition r\u00e9duits sur les revenus g\u00e9n\u00e9r\u00e9s par ces structures, encourageant ainsi le travail en \u00e9quipe.<\/p>\n<p style=\"text-align: justify;\"><strong>T\u00e9l\u00e9m\u00e9decine<\/strong><\/p>\n<p style=\"text-align: justify;\">Le gouvernement breton devrait aussi d\u00e9velopper et financer des infrastructures de t\u00e9l\u00e9m\u00e9decine, non seulement comme solution temporaire mais comme un \u00e9l\u00e9ment permanent du syst\u00e8me de sant\u00e9 breton, en s\u2019assurant d\u2019inclure les zones rurales et isol\u00e9es.<\/p>\n<p style=\"text-align: justify;\"><strong>D\u00e9l\u00e9gation<\/strong><\/p>\n<p style=\"text-align: justify;\">Enfin, il faudrait permettre aux pharmaciens, infirmiers, et autres professionnels param\u00e9dicales d\u2019assumer davantage de responsabilit\u00e9s m\u00e9dicales sous supervision, am\u00e9liorant ainsi la couverture de soins primaires.<\/p>\n<p style=\"text-align: justify;\">La Bretagne autonome doit prouver qu\u2019elle peut \u00eatre une alternative \u00e0 l\u2019\u00c9tat fran\u00e7ais et poser ainsi les bases d\u2019un processus d\u2019ind\u00e9pendance plein et entier. La crise de la sant\u00e9 est un des domaines o\u00f9 elle devrait agir. Un tel programme viserait \u00e0 transformer la d\u00e9mographie m\u00e9dicale par des strat\u00e9gies locales adapt\u00e9es, en mettant l\u2019accent sur l\u2019\u00e9ducation, l\u2019incitation et l\u2019innovation dans l\u2019organisation des soins. Avec une approche holistique et nationale, la Bretagne peut non seulement r\u00e9soudre ses probl\u00e8mes actuels de d\u00e9serts m\u00e9dicaux mais aussi devenir un mod\u00e8le d\u2019acc\u00e8s aux soins pour d\u2019autres r\u00e9gions aspirant \u00e0 l\u2019autonomie ou \u00e0 l\u2019ind\u00e9pendance.<\/p>\n<p style=\"text-align: right;\"><strong>Yann ar Gall<\/strong><\/p>\n","protected":false},"excerpt":{"rendered":"<p>Samedi, le parvis de la gare de Guingamp a r\u00e9sonn\u00e9 des cris de plus de 1300 personnes venues manifester pour l&rsquo;acc\u00e8s aux soins dans le Tr\u00e9gor. La crise dans le syst\u00e8me de sant\u00e9 breton refl\u00e8te une politique centralisatrice dict\u00e9e par Paris et le gouvernement fran\u00e7ais qui privil\u00e9gie de plus en plus les \u00e9conomies d\u2019\u00e9chelle et [&hellip;]<\/p>\n","protected":false},"author":1,"featured_media":3342,"comment_status":"open","ping_status":"open","sticky":false,"template":"","format":"standard","meta":{"sb_editor_width":"","footnotes":""},"categories":[63,65,54],"tags":[],"class_list":["post-3341","post","type-post","status-publish","format-standard","has-post-thumbnail","hentry","category-editorial","category-principale","category-societe"],"relative_dates":{"created":"1 an ago","modified":"1 an ago"},"yoast_head":"<!-- This site is optimized with the Yoast SEO plugin v26.3 - https:\/\/yoast.com\/wordpress\/plugins\/seo\/ -->\n<title>Tribune : &quot;Face \u00e0 la crise du syst\u00e8me de sant\u00e9, l&#039;alternative que doit proposer un gouvernement breton&quot; (par Yann ar Gall) - STOURM<\/title>\n<meta name=\"robots\" content=\"index, follow, max-snippet:-1, max-image-preview:large, max-video-preview:-1\" \/>\n<link rel=\"canonical\" href=\"https:\/\/stourm.news\/?p=3341\" \/>\n<meta property=\"og:locale\" content=\"fr_FR\" \/>\n<meta property=\"og:type\" content=\"article\" \/>\n<meta property=\"og:title\" content=\"Tribune : &quot;Face \u00e0 la crise du syst\u00e8me de sant\u00e9, l&#039;alternative que doit proposer un gouvernement breton&quot; (par Yann ar Gall) - STOURM\" \/>\n<meta property=\"og:description\" content=\"Samedi, le parvis de la gare de Guingamp a r\u00e9sonn\u00e9 des cris de plus de 1300 personnes venues manifester pour l&rsquo;acc\u00e8s aux soins dans le Tr\u00e9gor. La crise dans le syst\u00e8me de sant\u00e9 breton refl\u00e8te une politique centralisatrice dict\u00e9e par Paris et le gouvernement fran\u00e7ais qui privil\u00e9gie de plus en plus les \u00e9conomies d\u2019\u00e9chelle et [&hellip;]\" \/>\n<meta property=\"og:url\" content=\"https:\/\/stourm.news\/?p=3341\" \/>\n<meta property=\"og:site_name\" content=\"STOURM\" \/>\n<meta property=\"article:publisher\" content=\"https:\/\/www.facebook.com\/stourmnews\/\" \/>\n<meta property=\"article:published_time\" content=\"2025-02-02T08:49:58+00:00\" \/>\n<meta property=\"article:modified_time\" content=\"2025-02-02T08:57:00+00:00\" \/>\n<meta property=\"og:image\" content=\"https:\/\/stourm.news\/wp-content\/uploads\/2025\/02\/9b78d93d6ca09483211c0a4e3acdf00ef14a8a9854a024975aa1cd2a49a4af56-scaled.webp\" \/>\n\t<meta property=\"og:image:width\" content=\"2560\" \/>\n\t<meta property=\"og:image:height\" content=\"1709\" \/>\n\t<meta property=\"og:image:type\" content=\"image\/webp\" \/>\n<meta name=\"author\" content=\"La r\u00e9daction\" \/>\n<meta name=\"twitter:card\" content=\"summary_large_image\" \/>\n<meta name=\"twitter:label1\" content=\"\u00c9crit par\" \/>\n\t<meta name=\"twitter:data1\" content=\"La r\u00e9daction\" \/>\n\t<meta name=\"twitter:label2\" content=\"Dur\u00e9e de lecture estim\u00e9e\" \/>\n\t<meta name=\"twitter:data2\" content=\"5 minutes\" \/>\n<script type=\"application\/ld+json\" class=\"yoast-schema-graph\">{\"@context\":\"https:\/\/schema.org\",\"@graph\":[{\"@type\":\"Article\",\"@id\":\"https:\/\/stourm.news\/?p=3341#article\",\"isPartOf\":{\"@id\":\"https:\/\/stourm.news\/?p=3341\"},\"author\":{\"name\":\"La r\u00e9daction\",\"@id\":\"https:\/\/stourm.news\/#\/schema\/person\/c3e1dc65988632e190969234ef046cf9\"},\"headline\":\"Tribune : \u00ab\u00a0Face \u00e0 la crise du syst\u00e8me de sant\u00e9, l&rsquo;alternative que doit proposer un gouvernement breton\u00a0\u00bb (par Yann ar Gall)\",\"datePublished\":\"2025-02-02T08:49:58+00:00\",\"dateModified\":\"2025-02-02T08:57:00+00:00\",\"mainEntityOfPage\":{\"@id\":\"https:\/\/stourm.news\/?p=3341\"},\"wordCount\":1016,\"commentCount\":0,\"publisher\":{\"@id\":\"https:\/\/stourm.news\/#organization\"},\"image\":{\"@id\":\"https:\/\/stourm.news\/?p=3341#primaryimage\"},\"thumbnailUrl\":\"https:\/\/stourm.news\/wp-content\/uploads\/2025\/02\/9b78d93d6ca09483211c0a4e3acdf00ef14a8a9854a024975aa1cd2a49a4af56-scaled.webp\",\"articleSection\":[\"Editorial\",\"Principale\",\"Soci\u00e9t\u00e9\"],\"inLanguage\":\"fr-FR\",\"potentialAction\":[{\"@type\":\"CommentAction\",\"name\":\"Comment\",\"target\":[\"https:\/\/stourm.news\/?p=3341#respond\"]}]},{\"@type\":\"WebPage\",\"@id\":\"https:\/\/stourm.news\/?p=3341\",\"url\":\"https:\/\/stourm.news\/?p=3341\",\"name\":\"Tribune : \\\"Face \u00e0 la crise du syst\u00e8me de sant\u00e9, l'alternative que doit proposer un gouvernement breton\\\" (par Yann ar Gall) - STOURM\",\"isPartOf\":{\"@id\":\"https:\/\/stourm.news\/#website\"},\"primaryImageOfPage\":{\"@id\":\"https:\/\/stourm.news\/?p=3341#primaryimage\"},\"image\":{\"@id\":\"https:\/\/stourm.news\/?p=3341#primaryimage\"},\"thumbnailUrl\":\"https:\/\/stourm.news\/wp-content\/uploads\/2025\/02\/9b78d93d6ca09483211c0a4e3acdf00ef14a8a9854a024975aa1cd2a49a4af56-scaled.webp\",\"datePublished\":\"2025-02-02T08:49:58+00:00\",\"dateModified\":\"2025-02-02T08:57:00+00:00\",\"breadcrumb\":{\"@id\":\"https:\/\/stourm.news\/?p=3341#breadcrumb\"},\"inLanguage\":\"fr-FR\",\"potentialAction\":[{\"@type\":\"ReadAction\",\"target\":[\"https:\/\/stourm.news\/?p=3341\"]}]},{\"@type\":\"ImageObject\",\"inLanguage\":\"fr-FR\",\"@id\":\"https:\/\/stourm.news\/?p=3341#primaryimage\",\"url\":\"https:\/\/stourm.news\/wp-content\/uploads\/2025\/02\/9b78d93d6ca09483211c0a4e3acdf00ef14a8a9854a024975aa1cd2a49a4af56-scaled.webp\",\"contentUrl\":\"https:\/\/stourm.news\/wp-content\/uploads\/2025\/02\/9b78d93d6ca09483211c0a4e3acdf00ef14a8a9854a024975aa1cd2a49a4af56-scaled.webp\",\"width\":2560,\"height\":1709},{\"@type\":\"BreadcrumbList\",\"@id\":\"https:\/\/stourm.news\/?p=3341#breadcrumb\",\"itemListElement\":[{\"@type\":\"ListItem\",\"position\":1,\"name\":\"Accueil\",\"item\":\"https:\/\/stourm.news\/\"},{\"@type\":\"ListItem\",\"position\":2,\"name\":\"Tribune : \u00ab\u00a0Face \u00e0 la crise du syst\u00e8me de sant\u00e9, l&rsquo;alternative que doit proposer un gouvernement breton\u00a0\u00bb (par Yann ar Gall)\"}]},{\"@type\":\"WebSite\",\"@id\":\"https:\/\/stourm.news\/#website\",\"url\":\"https:\/\/stourm.news\/\",\"name\":\"Stourm\",\"description\":\"Kazetenn Strollad Broadel Breizh\",\"publisher\":{\"@id\":\"https:\/\/stourm.news\/#organization\"},\"potentialAction\":[{\"@type\":\"SearchAction\",\"target\":{\"@type\":\"EntryPoint\",\"urlTemplate\":\"https:\/\/stourm.news\/?s={search_term_string}\"},\"query-input\":{\"@type\":\"PropertyValueSpecification\",\"valueRequired\":true,\"valueName\":\"search_term_string\"}}],\"inLanguage\":\"fr-FR\"},{\"@type\":\"Organization\",\"@id\":\"https:\/\/stourm.news\/#organization\",\"name\":\"Stourm\",\"url\":\"https:\/\/stourm.news\/\",\"logo\":{\"@type\":\"ImageObject\",\"inLanguage\":\"fr-FR\",\"@id\":\"https:\/\/stourm.news\/#\/schema\/logo\/image\/\",\"url\":\"https:\/\/stourm.news\/wp-content\/uploads\/2025\/11\/cropped-Capture-decran-2025-11-28-a-15.19.07.png\",\"contentUrl\":\"https:\/\/stourm.news\/wp-content\/uploads\/2025\/11\/cropped-Capture-decran-2025-11-28-a-15.19.07.png\",\"width\":1855,\"height\":383,\"caption\":\"Stourm\"},\"image\":{\"@id\":\"https:\/\/stourm.news\/#\/schema\/logo\/image\/\"},\"sameAs\":[\"https:\/\/www.facebook.com\/stourmnews\/\"]},{\"@type\":\"Person\",\"@id\":\"https:\/\/stourm.news\/#\/schema\/person\/c3e1dc65988632e190969234ef046cf9\",\"name\":\"La r\u00e9daction\",\"image\":{\"@type\":\"ImageObject\",\"inLanguage\":\"fr-FR\",\"@id\":\"https:\/\/stourm.news\/#\/schema\/person\/image\/\",\"url\":\"https:\/\/secure.gravatar.com\/avatar\/7463443f194b6b5fb706b074ca0ef59a0cfcfd720cb47764b0ec5a952ce422b3?s=96&d=mm&r=g\",\"contentUrl\":\"https:\/\/secure.gravatar.com\/avatar\/7463443f194b6b5fb706b074ca0ef59a0cfcfd720cb47764b0ec5a952ce422b3?s=96&d=mm&r=g\",\"caption\":\"La r\u00e9daction\"},\"sameAs\":[\"https:\/\/stourm.news\"],\"url\":\"https:\/\/stourm.news\/?author=1\"}]}<\/script>\n<!-- \/ Yoast SEO plugin. -->","yoast_head_json":{"title":"Tribune : \"Face \u00e0 la crise du syst\u00e8me de sant\u00e9, l'alternative que doit proposer un gouvernement breton\" (par Yann ar Gall) - STOURM","robots":{"index":"index","follow":"follow","max-snippet":"max-snippet:-1","max-image-preview":"max-image-preview:large","max-video-preview":"max-video-preview:-1"},"canonical":"https:\/\/stourm.news\/?p=3341","og_locale":"fr_FR","og_type":"article","og_title":"Tribune : \"Face \u00e0 la crise du syst\u00e8me de sant\u00e9, l'alternative que doit proposer un gouvernement breton\" (par Yann ar Gall) - STOURM","og_description":"Samedi, le parvis de la gare de Guingamp a r\u00e9sonn\u00e9 des cris de plus de 1300 personnes venues manifester pour l&rsquo;acc\u00e8s aux soins dans le Tr\u00e9gor. La crise dans le syst\u00e8me de sant\u00e9 breton refl\u00e8te une politique centralisatrice dict\u00e9e par Paris et le gouvernement fran\u00e7ais qui privil\u00e9gie de plus en plus les \u00e9conomies d\u2019\u00e9chelle et [&hellip;]","og_url":"https:\/\/stourm.news\/?p=3341","og_site_name":"STOURM","article_publisher":"https:\/\/www.facebook.com\/stourmnews\/","article_published_time":"2025-02-02T08:49:58+00:00","article_modified_time":"2025-02-02T08:57:00+00:00","og_image":[{"width":2560,"height":1709,"url":"https:\/\/stourm.news\/wp-content\/uploads\/2025\/02\/9b78d93d6ca09483211c0a4e3acdf00ef14a8a9854a024975aa1cd2a49a4af56-scaled.webp","type":"image\/webp"}],"author":"La r\u00e9daction","twitter_card":"summary_large_image","twitter_misc":{"\u00c9crit par":"La r\u00e9daction","Dur\u00e9e de lecture estim\u00e9e":"5 minutes"},"schema":{"@context":"https:\/\/schema.org","@graph":[{"@type":"Article","@id":"https:\/\/stourm.news\/?p=3341#article","isPartOf":{"@id":"https:\/\/stourm.news\/?p=3341"},"author":{"name":"La r\u00e9daction","@id":"https:\/\/stourm.news\/#\/schema\/person\/c3e1dc65988632e190969234ef046cf9"},"headline":"Tribune : \u00ab\u00a0Face \u00e0 la crise du syst\u00e8me de sant\u00e9, l&rsquo;alternative que doit proposer un gouvernement breton\u00a0\u00bb (par Yann ar Gall)","datePublished":"2025-02-02T08:49:58+00:00","dateModified":"2025-02-02T08:57:00+00:00","mainEntityOfPage":{"@id":"https:\/\/stourm.news\/?p=3341"},"wordCount":1016,"commentCount":0,"publisher":{"@id":"https:\/\/stourm.news\/#organization"},"image":{"@id":"https:\/\/stourm.news\/?p=3341#primaryimage"},"thumbnailUrl":"https:\/\/stourm.news\/wp-content\/uploads\/2025\/02\/9b78d93d6ca09483211c0a4e3acdf00ef14a8a9854a024975aa1cd2a49a4af56-scaled.webp","articleSection":["Editorial","Principale","Soci\u00e9t\u00e9"],"inLanguage":"fr-FR","potentialAction":[{"@type":"CommentAction","name":"Comment","target":["https:\/\/stourm.news\/?p=3341#respond"]}]},{"@type":"WebPage","@id":"https:\/\/stourm.news\/?p=3341","url":"https:\/\/stourm.news\/?p=3341","name":"Tribune : \"Face \u00e0 la crise du syst\u00e8me de sant\u00e9, l'alternative que doit proposer un gouvernement breton\" (par Yann ar Gall) - STOURM","isPartOf":{"@id":"https:\/\/stourm.news\/#website"},"primaryImageOfPage":{"@id":"https:\/\/stourm.news\/?p=3341#primaryimage"},"image":{"@id":"https:\/\/stourm.news\/?p=3341#primaryimage"},"thumbnailUrl":"https:\/\/stourm.news\/wp-content\/uploads\/2025\/02\/9b78d93d6ca09483211c0a4e3acdf00ef14a8a9854a024975aa1cd2a49a4af56-scaled.webp","datePublished":"2025-02-02T08:49:58+00:00","dateModified":"2025-02-02T08:57:00+00:00","breadcrumb":{"@id":"https:\/\/stourm.news\/?p=3341#breadcrumb"},"inLanguage":"fr-FR","potentialAction":[{"@type":"ReadAction","target":["https:\/\/stourm.news\/?p=3341"]}]},{"@type":"ImageObject","inLanguage":"fr-FR","@id":"https:\/\/stourm.news\/?p=3341#primaryimage","url":"https:\/\/stourm.news\/wp-content\/uploads\/2025\/02\/9b78d93d6ca09483211c0a4e3acdf00ef14a8a9854a024975aa1cd2a49a4af56-scaled.webp","contentUrl":"https:\/\/stourm.news\/wp-content\/uploads\/2025\/02\/9b78d93d6ca09483211c0a4e3acdf00ef14a8a9854a024975aa1cd2a49a4af56-scaled.webp","width":2560,"height":1709},{"@type":"BreadcrumbList","@id":"https:\/\/stourm.news\/?p=3341#breadcrumb","itemListElement":[{"@type":"ListItem","position":1,"name":"Accueil","item":"https:\/\/stourm.news\/"},{"@type":"ListItem","position":2,"name":"Tribune : \u00ab\u00a0Face \u00e0 la crise du syst\u00e8me de sant\u00e9, l&rsquo;alternative que doit proposer un gouvernement breton\u00a0\u00bb (par Yann ar Gall)"}]},{"@type":"WebSite","@id":"https:\/\/stourm.news\/#website","url":"https:\/\/stourm.news\/","name":"Stourm","description":"Kazetenn Strollad Broadel Breizh","publisher":{"@id":"https:\/\/stourm.news\/#organization"},"potentialAction":[{"@type":"SearchAction","target":{"@type":"EntryPoint","urlTemplate":"https:\/\/stourm.news\/?s={search_term_string}"},"query-input":{"@type":"PropertyValueSpecification","valueRequired":true,"valueName":"search_term_string"}}],"inLanguage":"fr-FR"},{"@type":"Organization","@id":"https:\/\/stourm.news\/#organization","name":"Stourm","url":"https:\/\/stourm.news\/","logo":{"@type":"ImageObject","inLanguage":"fr-FR","@id":"https:\/\/stourm.news\/#\/schema\/logo\/image\/","url":"https:\/\/stourm.news\/wp-content\/uploads\/2025\/11\/cropped-Capture-decran-2025-11-28-a-15.19.07.png","contentUrl":"https:\/\/stourm.news\/wp-content\/uploads\/2025\/11\/cropped-Capture-decran-2025-11-28-a-15.19.07.png","width":1855,"height":383,"caption":"Stourm"},"image":{"@id":"https:\/\/stourm.news\/#\/schema\/logo\/image\/"},"sameAs":["https:\/\/www.facebook.com\/stourmnews\/"]},{"@type":"Person","@id":"https:\/\/stourm.news\/#\/schema\/person\/c3e1dc65988632e190969234ef046cf9","name":"La r\u00e9daction","image":{"@type":"ImageObject","inLanguage":"fr-FR","@id":"https:\/\/stourm.news\/#\/schema\/person\/image\/","url":"https:\/\/secure.gravatar.com\/avatar\/7463443f194b6b5fb706b074ca0ef59a0cfcfd720cb47764b0ec5a952ce422b3?s=96&d=mm&r=g","contentUrl":"https:\/\/secure.gravatar.com\/avatar\/7463443f194b6b5fb706b074ca0ef59a0cfcfd720cb47764b0ec5a952ce422b3?s=96&d=mm&r=g","caption":"La r\u00e9daction"},"sameAs":["https:\/\/stourm.news"],"url":"https:\/\/stourm.news\/?author=1"}]}},"_links":{"self":[{"href":"https:\/\/stourm.news\/index.php?rest_route=\/wp\/v2\/posts\/3341","targetHints":{"allow":["GET"]}}],"collection":[{"href":"https:\/\/stourm.news\/index.php?rest_route=\/wp\/v2\/posts"}],"about":[{"href":"https:\/\/stourm.news\/index.php?rest_route=\/wp\/v2\/types\/post"}],"author":[{"embeddable":true,"href":"https:\/\/stourm.news\/index.php?rest_route=\/wp\/v2\/users\/1"}],"replies":[{"embeddable":true,"href":"https:\/\/stourm.news\/index.php?rest_route=%2Fwp%2Fv2%2Fcomments&post=3341"}],"version-history":[{"count":4,"href":"https:\/\/stourm.news\/index.php?rest_route=\/wp\/v2\/posts\/3341\/revisions"}],"predecessor-version":[{"id":3346,"href":"https:\/\/stourm.news\/index.php?rest_route=\/wp\/v2\/posts\/3341\/revisions\/3346"}],"wp:featuredmedia":[{"embeddable":true,"href":"https:\/\/stourm.news\/index.php?rest_route=\/wp\/v2\/media\/3342"}],"wp:attachment":[{"href":"https:\/\/stourm.news\/index.php?rest_route=%2Fwp%2Fv2%2Fmedia&parent=3341"}],"wp:term":[{"taxonomy":"category","embeddable":true,"href":"https:\/\/stourm.news\/index.php?rest_route=%2Fwp%2Fv2%2Fcategories&post=3341"},{"taxonomy":"post_tag","embeddable":true,"href":"https:\/\/stourm.news\/index.php?rest_route=%2Fwp%2Fv2%2Ftags&post=3341"}],"curies":[{"name":"wp","href":"https:\/\/api.w.org\/{rel}","templated":true}]}}