{"id":3347,"date":"2025-02-03T06:50:45","date_gmt":"2025-02-03T06:50:45","guid":{"rendered":"https:\/\/stourm.news\/?p=3347"},"modified":"2025-02-03T06:50:45","modified_gmt":"2025-02-03T06:50:45","slug":"les-fermiers-boers-menaces-de-nettoyage-ethnique-par-le-pouvoir-noir-sud-africain","status":"publish","type":"post","link":"https:\/\/stourm.news\/?p=3347","title":{"rendered":"Les fermiers boers menac\u00e9s de nettoyage ethnique par le pouvoir noir sud-africain"},"content":{"rendered":"<p style=\"text-align: justify;\">Apr\u00e8s le vote d&rsquo;une loi d&rsquo;expropriation contre les fermiers boers, les Blancs n\u00e9erlandophones d&rsquo;Afrique du Sud, le gouvernement noir sud-africain doit faire face \u00e0 la r\u00e9ponse de l&rsquo;administration Trump. Le pr\u00e9sident am\u00e9ricain a annonc\u00e9 la suspension des aides \u00e0 l&rsquo;Afrique du Sud ainsi qu&rsquo;une enqu\u00eate sur l&rsquo;attitude de l&rsquo;Afrique du Sud contre la minorit\u00e9 europ\u00e9enne.<\/p>\n<blockquote class=\"twitter-tweet\">\n<p dir=\"ltr\" lang=\"fr\">Trump annonce qu&rsquo;il coupe toute aide \u00e0 l&rsquo;Afrique du Sud.<\/p>\n<p>\u00ab Des choses terribles se produisent en Afrique du Sud. Les dirigeants font des choses terribles, horribles. Ils prennent des terres, ils les confisquent. Ils font des choses qui sont peut-\u00eatre bien pires que cela. \u00bb <a href=\"https:\/\/t.co\/mOGsKCpXJG\">pic.twitter.com\/mOGsKCpXJG<\/a><\/p>\n<p>\u2014 Renard Jean-Michel (@Renardpaty) <a href=\"https:\/\/twitter.com\/Renardpaty\/status\/1886297279620948326?ref_src=twsrc%5Etfw\">February 3, 2025<\/a><\/p><\/blockquote>\n<p><script async src=\"https:\/\/platform.twitter.com\/widgets.js\" charset=\"utf-8\"><\/script><\/p>\n<p style=\"text-align: justify;\">l&rsquo;Afrique du Sud est une crise profonde. Le pays aux mains de l&rsquo;ANC (communiste) fait face \u00e0 des p\u00e9nuries g\u00e9n\u00e9ralis\u00e9es.<\/p>\n<p><iframe title=\"Le manque d&#039;eau, ferment de la col\u00e8re anti-ANC \u00e0 la veille des \u00e9lections en Afrique du Sud\" width=\"500\" height=\"281\" src=\"https:\/\/www.youtube.com\/embed\/NOF621gc5h4?feature=oembed\" frameborder=\"0\" allow=\"accelerometer; autoplay; clipboard-write; encrypted-media; gyroscope; picture-in-picture; web-share\" referrerpolicy=\"strict-origin-when-cross-origin\" allowfullscreen><\/iframe><\/p>\n<p style=\"text-align: justify;\">Les fermiers blancs poss\u00e8dent 70% des terres sud-africaines, produisent 95% des produits agricoles du pays et ils embauchent 10% de la population active. En 2022, leurs exportations ont g\u00e9n\u00e9r\u00e9 13 milliards de dollars de revenus.\u00a0L&rsquo;agriculture reste cependant une part modeste du PIB sud-africain, avec 3% du total de la richesse nationale produite.<\/p>\n<p style=\"text-align: justify;\">L&rsquo;ANC, le parti communiste au pouvoir, a c\u00e9d\u00e9 \u00e0 la pression de l&rsquo;agitateur Julius Malema, connu pour r\u00e9guli\u00e8rement appel\u00e9 au meurtre des Blancs, plus sp\u00e9cifiquement la minorit\u00e9 n\u00e9erlandophone. Tr\u00e8s affaibli, l&rsquo;ANC entend conserver une part de ses soutiens noirs en reprenant \u00e0 son compte les propositions extr\u00e9mistes de Malema, au risque de plonger le pays dans une grave crise \u00e0 l&rsquo;instar du Zimbabwe lorsque Mugabe y mena un nettoyage ethnique contre les fermiers blancs.<\/p>\n<p><iframe title=\"RACISME ANTI BLANCS (Afrique du Sud) - L&#039;Effet Papillon\" width=\"500\" height=\"281\" src=\"https:\/\/www.youtube.com\/embed\/mV44S6_2Gdc?start=48&#038;feature=oembed\" frameborder=\"0\" allow=\"accelerometer; autoplay; clipboard-write; encrypted-media; gyroscope; picture-in-picture; web-share\" referrerpolicy=\"strict-origin-when-cross-origin\" allowfullscreen><\/iframe><\/p>\n<p style=\"text-align: right;\"><strong>Ewen Broc&rsquo;han<\/strong><\/p>\n","protected":false},"excerpt":{"rendered":"<p>Apr\u00e8s le vote d&rsquo;une loi d&rsquo;expropriation contre les fermiers boers, les Blancs n\u00e9erlandophones d&rsquo;Afrique du Sud, le gouvernement noir sud-africain doit faire face \u00e0 la r\u00e9ponse de l&rsquo;administration Trump. Le pr\u00e9sident am\u00e9ricain a annonc\u00e9 la suspension des aides \u00e0 l&rsquo;Afrique du Sud ainsi qu&rsquo;une enqu\u00eate sur l&rsquo;attitude de l&rsquo;Afrique du Sud contre la minorit\u00e9 europ\u00e9enne. [&hellip;]<\/p>\n","protected":false},"author":1,"featured_media":3348,"comment_status":"open","ping_status":"open","sticky":false,"template":"","format":"standard","meta":{"sb_editor_width":"","footnotes":""},"categories":[66,65],"tags":[],"class_list":["post-3347","post","type-post","status-publish","format-standard","has-post-thumbnail","hentry","category-international","category-principale"],"relative_dates":{"created":"1 an ago","modified":"1 an ago"},"yoast_head":"<!-- This site is optimized with the Yoast SEO plugin v26.3 - https:\/\/yoast.com\/wordpress\/plugins\/seo\/ -->\n<title>Les fermiers boers menac\u00e9s de nettoyage ethnique par le pouvoir noir sud-africain - STOURM<\/title>\n<meta name=\"robots\" content=\"index, follow, max-snippet:-1, max-image-preview:large, max-video-preview:-1\" \/>\n<link rel=\"canonical\" href=\"https:\/\/stourm.news\/?p=3347\" \/>\n<meta property=\"og:locale\" content=\"fr_FR\" \/>\n<meta property=\"og:type\" content=\"article\" \/>\n<meta property=\"og:title\" content=\"Les fermiers boers menac\u00e9s de nettoyage ethnique par le pouvoir noir sud-africain - STOURM\" \/>\n<meta property=\"og:description\" content=\"Apr\u00e8s le vote d&rsquo;une loi d&rsquo;expropriation contre les fermiers boers, les Blancs n\u00e9erlandophones d&rsquo;Afrique du Sud, le gouvernement noir sud-africain doit faire face \u00e0 la r\u00e9ponse de l&rsquo;administration Trump. Le pr\u00e9sident am\u00e9ricain a annonc\u00e9 la suspension des aides \u00e0 l&rsquo;Afrique du Sud ainsi qu&rsquo;une enqu\u00eate sur l&rsquo;attitude de l&rsquo;Afrique du Sud contre la minorit\u00e9 europ\u00e9enne. [&hellip;]\" \/>\n<meta property=\"og:url\" content=\"https:\/\/stourm.news\/?p=3347\" \/>\n<meta property=\"og:site_name\" content=\"STOURM\" \/>\n<meta property=\"article:publisher\" content=\"https:\/\/www.facebook.com\/stourmnews\/\" \/>\n<meta property=\"article:published_time\" content=\"2025-02-03T06:50:45+00:00\" \/>\n<meta property=\"og:image\" content=\"https:\/\/stourm.news\/wp-content\/uploads\/2025\/02\/maxresdefault-1.jpg\" \/>\n\t<meta property=\"og:image:width\" content=\"1280\" \/>\n\t<meta property=\"og:image:height\" content=\"720\" \/>\n\t<meta property=\"og:image:type\" content=\"image\/jpeg\" \/>\n<meta name=\"author\" content=\"La r\u00e9daction\" \/>\n<meta name=\"twitter:card\" content=\"summary_large_image\" \/>\n<meta name=\"twitter:label1\" content=\"\u00c9crit par\" \/>\n\t<meta name=\"twitter:data1\" content=\"La r\u00e9daction\" \/>\n\t<meta name=\"twitter:label2\" content=\"Dur\u00e9e de lecture estim\u00e9e\" \/>\n\t<meta name=\"twitter:data2\" content=\"2 minutes\" \/>\n<script type=\"application\/ld+json\" class=\"yoast-schema-graph\">{\"@context\":\"https:\/\/schema.org\",\"@graph\":[{\"@type\":\"Article\",\"@id\":\"https:\/\/stourm.news\/?p=3347#article\",\"isPartOf\":{\"@id\":\"https:\/\/stourm.news\/?p=3347\"},\"author\":{\"name\":\"La r\u00e9daction\",\"@id\":\"https:\/\/stourm.news\/#\/schema\/person\/c3e1dc65988632e190969234ef046cf9\"},\"headline\":\"Les fermiers boers menac\u00e9s de nettoyage ethnique par le pouvoir noir sud-africain\",\"datePublished\":\"2025-02-03T06:50:45+00:00\",\"mainEntityOfPage\":{\"@id\":\"https:\/\/stourm.news\/?p=3347\"},\"wordCount\":317,\"commentCount\":0,\"publisher\":{\"@id\":\"https:\/\/stourm.news\/#organization\"},\"image\":{\"@id\":\"https:\/\/stourm.news\/?p=3347#primaryimage\"},\"thumbnailUrl\":\"https:\/\/stourm.news\/wp-content\/uploads\/2025\/02\/maxresdefault-1.jpg\",\"articleSection\":[\"International\",\"Principale\"],\"inLanguage\":\"fr-FR\",\"potentialAction\":[{\"@type\":\"CommentAction\",\"name\":\"Comment\",\"target\":[\"https:\/\/stourm.news\/?p=3347#respond\"]}]},{\"@type\":\"WebPage\",\"@id\":\"https:\/\/stourm.news\/?p=3347\",\"url\":\"https:\/\/stourm.news\/?p=3347\",\"name\":\"Les fermiers boers menac\u00e9s de nettoyage ethnique par le pouvoir noir sud-africain - STOURM\",\"isPartOf\":{\"@id\":\"https:\/\/stourm.news\/#website\"},\"primaryImageOfPage\":{\"@id\":\"https:\/\/stourm.news\/?p=3347#primaryimage\"},\"image\":{\"@id\":\"https:\/\/stourm.news\/?p=3347#primaryimage\"},\"thumbnailUrl\":\"https:\/\/stourm.news\/wp-content\/uploads\/2025\/02\/maxresdefault-1.jpg\",\"datePublished\":\"2025-02-03T06:50:45+00:00\",\"breadcrumb\":{\"@id\":\"https:\/\/stourm.news\/?p=3347#breadcrumb\"},\"inLanguage\":\"fr-FR\",\"potentialAction\":[{\"@type\":\"ReadAction\",\"target\":[\"https:\/\/stourm.news\/?p=3347\"]}]},{\"@type\":\"ImageObject\",\"inLanguage\":\"fr-FR\",\"@id\":\"https:\/\/stourm.news\/?p=3347#primaryimage\",\"url\":\"https:\/\/stourm.news\/wp-content\/uploads\/2025\/02\/maxresdefault-1.jpg\",\"contentUrl\":\"https:\/\/stourm.news\/wp-content\/uploads\/2025\/02\/maxresdefault-1.jpg\",\"width\":1280,\"height\":720},{\"@type\":\"BreadcrumbList\",\"@id\":\"https:\/\/stourm.news\/?p=3347#breadcrumb\",\"itemListElement\":[{\"@type\":\"ListItem\",\"position\":1,\"name\":\"Accueil\",\"item\":\"https:\/\/stourm.news\/\"},{\"@type\":\"ListItem\",\"position\":2,\"name\":\"Les fermiers boers menac\u00e9s de nettoyage ethnique par le pouvoir noir sud-africain\"}]},{\"@type\":\"WebSite\",\"@id\":\"https:\/\/stourm.news\/#website\",\"url\":\"https:\/\/stourm.news\/\",\"name\":\"Stourm\",\"description\":\"Kazetenn Strollad Broadel Breizh\",\"publisher\":{\"@id\":\"https:\/\/stourm.news\/#organization\"},\"potentialAction\":[{\"@type\":\"SearchAction\",\"target\":{\"@type\":\"EntryPoint\",\"urlTemplate\":\"https:\/\/stourm.news\/?s={search_term_string}\"},\"query-input\":{\"@type\":\"PropertyValueSpecification\",\"valueRequired\":true,\"valueName\":\"search_term_string\"}}],\"inLanguage\":\"fr-FR\"},{\"@type\":\"Organization\",\"@id\":\"https:\/\/stourm.news\/#organization\",\"name\":\"Stourm\",\"url\":\"https:\/\/stourm.news\/\",\"logo\":{\"@type\":\"ImageObject\",\"inLanguage\":\"fr-FR\",\"@id\":\"https:\/\/stourm.news\/#\/schema\/logo\/image\/\",\"url\":\"https:\/\/stourm.news\/wp-content\/uploads\/2025\/11\/cropped-Capture-decran-2025-11-28-a-15.19.07.png\",\"contentUrl\":\"https:\/\/stourm.news\/wp-content\/uploads\/2025\/11\/cropped-Capture-decran-2025-11-28-a-15.19.07.png\",\"width\":1855,\"height\":383,\"caption\":\"Stourm\"},\"image\":{\"@id\":\"https:\/\/stourm.news\/#\/schema\/logo\/image\/\"},\"sameAs\":[\"https:\/\/www.facebook.com\/stourmnews\/\"]},{\"@type\":\"Person\",\"@id\":\"https:\/\/stourm.news\/#\/schema\/person\/c3e1dc65988632e190969234ef046cf9\",\"name\":\"La r\u00e9daction\",\"image\":{\"@type\":\"ImageObject\",\"inLanguage\":\"fr-FR\",\"@id\":\"https:\/\/stourm.news\/#\/schema\/person\/image\/\",\"url\":\"https:\/\/secure.gravatar.com\/avatar\/7463443f194b6b5fb706b074ca0ef59a0cfcfd720cb47764b0ec5a952ce422b3?s=96&d=mm&r=g\",\"contentUrl\":\"https:\/\/secure.gravatar.com\/avatar\/7463443f194b6b5fb706b074ca0ef59a0cfcfd720cb47764b0ec5a952ce422b3?s=96&d=mm&r=g\",\"caption\":\"La r\u00e9daction\"},\"sameAs\":[\"https:\/\/stourm.news\"],\"url\":\"https:\/\/stourm.news\/?author=1\"}]}<\/script>\n<!-- \/ Yoast SEO plugin. -->","yoast_head_json":{"title":"Les fermiers boers menac\u00e9s de nettoyage ethnique par le pouvoir noir sud-africain - STOURM","robots":{"index":"index","follow":"follow","max-snippet":"max-snippet:-1","max-image-preview":"max-image-preview:large","max-video-preview":"max-video-preview:-1"},"canonical":"https:\/\/stourm.news\/?p=3347","og_locale":"fr_FR","og_type":"article","og_title":"Les fermiers boers menac\u00e9s de nettoyage ethnique par le pouvoir noir sud-africain - STOURM","og_description":"Apr\u00e8s le vote d&rsquo;une loi d&rsquo;expropriation contre les fermiers boers, les Blancs n\u00e9erlandophones d&rsquo;Afrique du Sud, le gouvernement noir sud-africain doit faire face \u00e0 la r\u00e9ponse de l&rsquo;administration Trump. Le pr\u00e9sident am\u00e9ricain a annonc\u00e9 la suspension des aides \u00e0 l&rsquo;Afrique du Sud ainsi qu&rsquo;une enqu\u00eate sur l&rsquo;attitude de l&rsquo;Afrique du Sud contre la minorit\u00e9 europ\u00e9enne. [&hellip;]","og_url":"https:\/\/stourm.news\/?p=3347","og_site_name":"STOURM","article_publisher":"https:\/\/www.facebook.com\/stourmnews\/","article_published_time":"2025-02-03T06:50:45+00:00","og_image":[{"width":1280,"height":720,"url":"https:\/\/stourm.news\/wp-content\/uploads\/2025\/02\/maxresdefault-1.jpg","type":"image\/jpeg"}],"author":"La r\u00e9daction","twitter_card":"summary_large_image","twitter_misc":{"\u00c9crit par":"La r\u00e9daction","Dur\u00e9e de lecture estim\u00e9e":"2 minutes"},"schema":{"@context":"https:\/\/schema.org","@graph":[{"@type":"Article","@id":"https:\/\/stourm.news\/?p=3347#article","isPartOf":{"@id":"https:\/\/stourm.news\/?p=3347"},"author":{"name":"La r\u00e9daction","@id":"https:\/\/stourm.news\/#\/schema\/person\/c3e1dc65988632e190969234ef046cf9"},"headline":"Les fermiers boers menac\u00e9s de nettoyage ethnique par le pouvoir noir sud-africain","datePublished":"2025-02-03T06:50:45+00:00","mainEntityOfPage":{"@id":"https:\/\/stourm.news\/?p=3347"},"wordCount":317,"commentCount":0,"publisher":{"@id":"https:\/\/stourm.news\/#organization"},"image":{"@id":"https:\/\/stourm.news\/?p=3347#primaryimage"},"thumbnailUrl":"https:\/\/stourm.news\/wp-content\/uploads\/2025\/02\/maxresdefault-1.jpg","articleSection":["International","Principale"],"inLanguage":"fr-FR","potentialAction":[{"@type":"CommentAction","name":"Comment","target":["https:\/\/stourm.news\/?p=3347#respond"]}]},{"@type":"WebPage","@id":"https:\/\/stourm.news\/?p=3347","url":"https:\/\/stourm.news\/?p=3347","name":"Les fermiers boers menac\u00e9s de nettoyage ethnique par le pouvoir noir sud-africain - STOURM","isPartOf":{"@id":"https:\/\/stourm.news\/#website"},"primaryImageOfPage":{"@id":"https:\/\/stourm.news\/?p=3347#primaryimage"},"image":{"@id":"https:\/\/stourm.news\/?p=3347#primaryimage"},"thumbnailUrl":"https:\/\/stourm.news\/wp-content\/uploads\/2025\/02\/maxresdefault-1.jpg","datePublished":"2025-02-03T06:50:45+00:00","breadcrumb":{"@id":"https:\/\/stourm.news\/?p=3347#breadcrumb"},"inLanguage":"fr-FR","potentialAction":[{"@type":"ReadAction","target":["https:\/\/stourm.news\/?p=3347"]}]},{"@type":"ImageObject","inLanguage":"fr-FR","@id":"https:\/\/stourm.news\/?p=3347#primaryimage","url":"https:\/\/stourm.news\/wp-content\/uploads\/2025\/02\/maxresdefault-1.jpg","contentUrl":"https:\/\/stourm.news\/wp-content\/uploads\/2025\/02\/maxresdefault-1.jpg","width":1280,"height":720},{"@type":"BreadcrumbList","@id":"https:\/\/stourm.news\/?p=3347#breadcrumb","itemListElement":[{"@type":"ListItem","position":1,"name":"Accueil","item":"https:\/\/stourm.news\/"},{"@type":"ListItem","position":2,"name":"Les fermiers boers menac\u00e9s de nettoyage ethnique par le pouvoir noir sud-africain"}]},{"@type":"WebSite","@id":"https:\/\/stourm.news\/#website","url":"https:\/\/stourm.news\/","name":"Stourm","description":"Kazetenn Strollad Broadel Breizh","publisher":{"@id":"https:\/\/stourm.news\/#organization"},"potentialAction":[{"@type":"SearchAction","target":{"@type":"EntryPoint","urlTemplate":"https:\/\/stourm.news\/?s={search_term_string}"},"query-input":{"@type":"PropertyValueSpecification","valueRequired":true,"valueName":"search_term_string"}}],"inLanguage":"fr-FR"},{"@type":"Organization","@id":"https:\/\/stourm.news\/#organization","name":"Stourm","url":"https:\/\/stourm.news\/","logo":{"@type":"ImageObject","inLanguage":"fr-FR","@id":"https:\/\/stourm.news\/#\/schema\/logo\/image\/","url":"https:\/\/stourm.news\/wp-content\/uploads\/2025\/11\/cropped-Capture-decran-2025-11-28-a-15.19.07.png","contentUrl":"https:\/\/stourm.news\/wp-content\/uploads\/2025\/11\/cropped-Capture-decran-2025-11-28-a-15.19.07.png","width":1855,"height":383,"caption":"Stourm"},"image":{"@id":"https:\/\/stourm.news\/#\/schema\/logo\/image\/"},"sameAs":["https:\/\/www.facebook.com\/stourmnews\/"]},{"@type":"Person","@id":"https:\/\/stourm.news\/#\/schema\/person\/c3e1dc65988632e190969234ef046cf9","name":"La r\u00e9daction","image":{"@type":"ImageObject","inLanguage":"fr-FR","@id":"https:\/\/stourm.news\/#\/schema\/person\/image\/","url":"https:\/\/secure.gravatar.com\/avatar\/7463443f194b6b5fb706b074ca0ef59a0cfcfd720cb47764b0ec5a952ce422b3?s=96&d=mm&r=g","contentUrl":"https:\/\/secure.gravatar.com\/avatar\/7463443f194b6b5fb706b074ca0ef59a0cfcfd720cb47764b0ec5a952ce422b3?s=96&d=mm&r=g","caption":"La r\u00e9daction"},"sameAs":["https:\/\/stourm.news"],"url":"https:\/\/stourm.news\/?author=1"}]}},"_links":{"self":[{"href":"https:\/\/stourm.news\/index.php?rest_route=\/wp\/v2\/posts\/3347","targetHints":{"allow":["GET"]}}],"collection":[{"href":"https:\/\/stourm.news\/index.php?rest_route=\/wp\/v2\/posts"}],"about":[{"href":"https:\/\/stourm.news\/index.php?rest_route=\/wp\/v2\/types\/post"}],"author":[{"embeddable":true,"href":"https:\/\/stourm.news\/index.php?rest_route=\/wp\/v2\/users\/1"}],"replies":[{"embeddable":true,"href":"https:\/\/stourm.news\/index.php?rest_route=%2Fwp%2Fv2%2Fcomments&post=3347"}],"version-history":[{"count":1,"href":"https:\/\/stourm.news\/index.php?rest_route=\/wp\/v2\/posts\/3347\/revisions"}],"predecessor-version":[{"id":3349,"href":"https:\/\/stourm.news\/index.php?rest_route=\/wp\/v2\/posts\/3347\/revisions\/3349"}],"wp:featuredmedia":[{"embeddable":true,"href":"https:\/\/stourm.news\/index.php?rest_route=\/wp\/v2\/media\/3348"}],"wp:attachment":[{"href":"https:\/\/stourm.news\/index.php?rest_route=%2Fwp%2Fv2%2Fmedia&parent=3347"}],"wp:term":[{"taxonomy":"category","embeddable":true,"href":"https:\/\/stourm.news\/index.php?rest_route=%2Fwp%2Fv2%2Fcategories&post=3347"},{"taxonomy":"post_tag","embeddable":true,"href":"https:\/\/stourm.news\/index.php?rest_route=%2Fwp%2Fv2%2Ftags&post=3347"}],"curies":[{"name":"wp","href":"https:\/\/api.w.org\/{rel}","templated":true}]}}