{"id":3350,"date":"2025-02-03T07:52:30","date_gmt":"2025-02-03T07:52:30","guid":{"rendered":"https:\/\/stourm.news\/?p=3350"},"modified":"2025-02-03T07:58:26","modified_gmt":"2025-02-03T07:58:26","slug":"3350","status":"publish","type":"post","link":"https:\/\/stourm.news\/?p=3350","title":{"rendered":"Officialisation de la section du PNB de Saint-Malo et du Pays de Dol !"},"content":{"rendered":"<p><strong>Pour adh\u00e9rer au PNB : partinationalbreton@yandex.com<\/strong><\/p>\n<p style=\"text-align: justify;\">Samedi 1er f\u00e9vrier 2025, \u00e0 Sant-Malo\u00f9 (Saint-Malo), le Parti National Breton a officialis\u00e9 la cr\u00e9ation de la section des pays de Saint-Malo et de Dol sous la direction de Herv\u00e9 Archier, responsable territorial du Parti. Apr\u00e8s une visite de la ville historique en compagnie des membres du mouvement, le d\u00e9ploiement des banni\u00e8res du PNB accompagn\u00e9 de l&rsquo;hymne national a \u00e9t\u00e9 chaleureusement accueilli par la population pr\u00e9sente. Les militants nationalistes se sont ensuite r\u00e9unis en ville pour \u00e9changer autour des objectifs du PNB.<\/p>\n<blockquote class=\"twitter-tweet\">\n<p dir=\"ltr\" lang=\"fr\">\u203c\ufe0fSant-Malo\u00f9\/Saint-Malo\u203c\ufe0f<\/p>\n<p>Le samedi 1er f\u00e9vrier a eu lieu le lancement officiel de la section du PNB du pays de Saint-Malo &amp; de Dol sous la direction de son responsable, Herv\u00e9 Archier. Le contact avec la population a \u00e9t\u00e9 tr\u00e8s chaleureux !<\/p>\n<p>\ud83d\udc49Adh\u00e9rer : <a href=\"https:\/\/t.co\/vQWIzV6AHf\">https:\/\/t.co\/vQWIzV6AHf<\/a> <a href=\"https:\/\/t.co\/Cb2Fka8HPx\">pic.twitter.com\/Cb2Fka8HPx<\/a><\/p>\n<p>\u2014 Parti National Breton &#8211; Strollad Broadel Breizh (@pnbsbb) <a href=\"https:\/\/twitter.com\/pnbsbb\/status\/1886308643387380086?ref_src=twsrc%5Etfw\">February 3, 2025<\/a><\/p><\/blockquote>\n<p><script async src=\"https:\/\/platform.twitter.com\/widgets.js\" charset=\"utf-8\"><\/script><\/p>\n<p><img fetchpriority=\"high\" decoding=\"async\" class=\"alignnone size-full wp-image-5545\" src=\"https:\/\/partinationalbreton.com\/wp-content\/uploads\/2025\/02\/signal-2025-02-02-042101_006.jpg\" alt=\"\" width=\"1359\" height=\"1287\" \/><\/p>\n<p style=\"text-align: center;\"><em>Herv\u00e9 Archier, chef de la section du PNB de Saint-Malo et du Pays de Dol, a longuement abord\u00e9 la situation de la Bretagne et de la r\u00e9gion doloise et malouine en compagnie des militants pr\u00e9sents<\/em><\/p>\n<p style=\"text-align: justify;\"><em>Voici un compte rendu des \u00e9changes\u00a0<\/em><\/p>\n<p style=\"text-align: justify;\">Pour les Bretons comme pour le Parti National Breton, qu\u2019il s\u2019agisse du pays malouin ou du pays de Dol, leurs capitales respectives figurent au coeur de l\u2019histoire nationale de la Bretagne. Nous souhaitons d\u2019abord faire un rappel historique de cette r\u00e9alit\u00e9.<\/p>\n<p><strong>1. Saint-Malo et Dol : aux sources de la nation bretonne<\/strong><\/p>\n<p style=\"text-align: justify;\">Nous devons d\u2019abord revenir \u00e0 leur fondation. Sous la pression des invasions anglo-saxonnes, la Bretagne romaine insulaire envoie des vagues de Bretons vers l&rsquo;Armorique o\u00f9 ils prot\u00e8gent l\u2019empire des assauts barbares. Saint Malo, un moine gallois, arrive vers 541 et fonde un monast\u00e8re sur un \u00eelot rocheux, \u00ab\u00a0l&rsquo;\u00cele de l&rsquo;\u00e9pervier\u00a0\u00bb, qui deviendra Saint-Malo. La l\u00e9gende raconte que saint Malo aurait excommuni\u00e9 une arm\u00e9e de serpents pour purifier la terre, un mythe qui renforce l&rsquo;id\u00e9e d&rsquo;une purification et d&rsquo;une appropriation spirituelle de la terre par les Bretons. L&rsquo;influence de saint Malo et de ses successeurs, avec la propagation de la langue bretonne et des coutumes celtiques, en cimente l\u2019identit\u00e9 bretonne d\u00e8s le d\u00e9but.<\/p>\n<p style=\"text-align: justify;\">Vers 525, saint Samson, un autre moine gallois, fonde un monast\u00e8re \u00e0 Dol, \u00e9tablissant ainsi un centre religieux majeur. Ce monast\u00e8re devient un symbole de la christianisation celtique de la r\u00e9gion et de la continuit\u00e9 culturelle bretonne des deux c\u00f4t\u00e9s de la Manche. Dol-de-Bretagne devient un archev\u00each\u00e9 en 848 sous Nomino\u00eb, illustrant l&rsquo;organisation religieuse et politique bretonne ind\u00e9pendante de Tours ou de Reims. Soulignons que le roi des Bretons,\u00a0Nomino\u00eb, est sacr\u00e9 \u00e0 Dol en 848.<\/p>\n<p style=\"text-align: justify;\">En 876, Saint-Malo devient \u00e0 nouveau une ligne de front face aux forces de destruction qui menacent la Bretagne. La ville est assi\u00e9g\u00e9e par les Vikings, mais les Bretons, sous la direction de chefs comme Alain le Grand, r\u00e9sistent. La construction des premi\u00e8res fortifications autour de l&rsquo;\u00eele de Saint-Malo commence, symbolisant la r\u00e9sistance bretonne et la volont\u00e9 des Bretons de prot\u00e9ger leur culture et leur territoire. En 937, lors de la lib\u00e9ration de la Bretagne des Vikings, Saint-Malo est strat\u00e9giquement importante. Barbetorte, en renfor\u00e7ant les d\u00e9fenses de la cit\u00e9, montre l&rsquo;importance de la ville dans la d\u00e9fense globale de la souverainet\u00e9 bretonne.<\/p>\n<p style=\"text-align: justify;\">Dol subit \u00e9galement des raids et l\u2019occupation vikings, mais la reconqu\u00eate par Alain Barbetorte conforte la r\u00e9silience de la ville. C\u2019est d\u2019ailleurs \u00e0 Dol que d\u00e9barque Alain Barbetorte lors de sa contre-offensive victorieuse contre l\u2019occupation \u00e9trang\u00e8re de la Bretagne qui est acquise avec la victoire de Trans-la-For\u00eat en 939, toujours dans le Pays de Dol.<\/p>\n<p style=\"text-align: justify;\">Dol, tout comme Saint-Malo, continueront de marquer l\u2019histoire de la Bretagne ducale ind\u00e9pendante pendant plus de cinq si\u00e8cles. Des figures du pays de Dol aussi \u00e9minentes que Jacques Cartier continueront d\u2019incarner les valeurs de notre peuple et rappelleront aux Bretons la place de premier plan que Dol et Saint-Malo occupent dans leur histoire nationale.<\/p>\n<p style=\"text-align: justify;\">Aujourd\u2019hui, lutter pour la renaissance nationale de la Bretagne passe in\u00e9vitablement par Saint-Malo et le Pays de Dol, deux de ses berceaux historiques. Les nationalistes bretons tiennent \u00e0 l\u2019affirmer par l\u2019implantation du PNB dans la r\u00e9gion malouine et doloise.<\/p>\n<p style=\"text-align: justify;\"><strong>2. La situation de la Bretagne en 2025<\/strong><\/p>\n<p style=\"text-align: justify;\">La Bretagne fait face \u00e0 une crise existentielle. Le 21e si\u00e8cle d\u00e9terminera si les Bretons existeront encore comme peuple ou s\u2019ils seront marginalis\u00e9s jusqu\u2019\u00e0 l\u2019effacement irr\u00e9versible.<\/p>\n<p style=\"text-align: justify;\">Quelques chiffres. En 1945, il y avait plus d\u2019un million de locuteurs bretons en Bretagne, ils sont \u00e0 peine plus de 100,000 en 2024 pour une moyenne d\u2019\u00e2ge de 58 ans (enqu\u00eate TMO). Il s\u2019agit du r\u00e9sultat d\u2019une politique permanente men\u00e9e par l\u2019\u00c9tat fran\u00e7ais pour la d\u00e9truire et avec elle, le peuple breton comme peuple conscient de lui-m\u00eame. La langue est, comme on sait, un trait fondamental de l\u2019identit\u00e9 et de la conscience d\u2019un peuple. Cette politique d\u00e9coule d\u2019une n\u00e9gation plus large par l\u2019\u00c9tat fran\u00e7ais des droits politiques fondamentaux du peuple breton, notamment celui de se gouverner lui-m\u00eame.<\/p>\n<p style=\"text-align: justify;\">Au plan d\u00e9mographique, la Bretagne fait face un collapsus caus\u00e9 par deux ph\u00e9nom\u00e8nes. Premi\u00e8rement, l\u2019\u00e9croulement de la natalit\u00e9, situ\u00e9 aujourd\u2019hui \u00e0 1,3 enfant par femme, et par l\u2019\u00e9migration. Contrairement \u00e0 une id\u00e9e re\u00e7ue, la jeunesse bretonne continue de s\u2019expatrier massivement hors de Bretagne faute des conditions \u00e9conomiques n\u00e9cesaires \u00e0 son maintien dans leur pays. Cette \u00e9migration mortif\u00e8re acc\u00e9l\u00e8re le vieillissement de notre peuple dont la moyenne d\u2019\u00e2ge est d\u00e9sormais de 44 ans et fait perdre \u00e0 la nation une part importante de son \u00e9lite naturelle.<\/p>\n<p style=\"text-align: justify;\">\u00c0 ce vieillissement s\u2019ajoute deux processus parall\u00e8les.<\/p>\n<p style=\"text-align: justify;\">Le premier, l\u2019afflux d\u2019actifs et de retrait\u00e9s fran\u00e7ais qui \u00e9vincent progressivement les Bretons de pans entiers de la Bretagne. Cette v\u00e9ritable colonisation de peuplement fran\u00e7aise, avec plus de 20,000 nouveaux venus chaque ann\u00e9e en Bretagne administrative (Insee), entra\u00eene des effets dramatiques pour la population bretonne dont la crise du logement est l\u2019un des plus puissants et des plus d\u00e9l\u00e9t\u00e8re avec un autre, encore plus destructeur\u00a0: la dilution du peuple breton physique sur sa terre historique.<\/p>\n<p style=\"text-align: justify;\">Le second, c\u2019est l\u2019afflux de migrants extra-europ\u00e9ens organis\u00e9 par l\u2019\u00c9tat fran\u00e7ais avec l\u2019appui de politiciens opportunistes et d\u2019un certain patronat en mal de main d\u2019oeuvre servile. Les cons\u00e9quences peuvent s\u2019observer dans toutes les villes de Bretagne, \u00e0 commencer par Rennes, Nantes ou Brest o\u00f9 la population bretonne dispara\u00eet, remplac\u00e9e par des populations du tiers-monde. Narcotrafic, islamisme, criminalit\u00e9 end\u00e9mitique et harc\u00e8lement de rue sont quelques uns des sympt\u00f4mes g\u00e9n\u00e9r\u00e9s par ce processus. Si les partisans du statu quo, par ignorance ou duplicit\u00e9 persistent \u00e0 nier cette r\u00e9alit\u00e9, une part croissante du peuple breton prend conscience de l\u2019ampleur d\u2019un ph\u00e9nom\u00e8ne de tr\u00e8s grande ampleur aux ramifications mortelles.<\/p>\n<p style=\"text-align: justify;\">Ironiquement, les m\u00e9dias et les responsables politiques commentent cet effondrement d\u00e9mographique en le qualifiant de \u00ab\u00a0dynamisme d\u00e9mographique\u00a0\u00bb. Une inversion pure et simple de la r\u00e9alit\u00e9 qui emp\u00eache les Bretons de mesurer l\u2019ampleur de la crise qui les menace.<\/p>\n<p style=\"text-align: justify;\">Face au projet historique de l\u2019\u00c9tat fran\u00e7ais qui vise \u00e0 d\u00e9truire le peuple breton par une assimilation coercitive, face \u00e0 l\u2019effondrement d\u00e9mographique que la Bretagne traverse et \u00e0 ses cons\u00e9quences pr\u00e9cit\u00e9es, le risque d\u2019une disparition pure et simple des Bretons comme peuple distinct au 21e si\u00e8cle est d\u00e9sormais une r\u00e9alit\u00e9. Le Parti National Breton refuse toute fatalit\u00e9 et s\u2019est donn\u00e9 pour mission de proposer aux Bretons une voie nouvelle pour une renaissance nationale de la Bretagne, dans tous les domaines. \u00c0 cet effet, il bat en br\u00e8che le consensus impos\u00e9 par l\u2019\u00c9tat fran\u00e7ais sur l\u2019ensemble des questions clefs qui conditionnent cette renaissance et il n\u2019h\u00e9sitera pas \u00e0 d\u00e9fier l\u2019ordre politique \u00e9tabli pour atteindre ses buts. Il en va du salut de notre peuple.<\/p>\n<p style=\"text-align: justify;\">Pour prendre les mesures n\u00e9cessaires \u00e0 cette renaissance nationale de la Bretagne, la nation bretonne doit disposer des outils politiques n\u00e9cessaires aux mesures qui la conditionnent. Comme nation celte, nous, Bretons, devons regarder la situation politique des peuples fr\u00e8res. L\u2019\u00c9cosse dispose aujourd\u2019hui d\u2019une large autonomie nationale, tandis que le Pays de Galles est lui-m\u00eame reconnu comme nation, dispose d\u2019un gouvernement autonome et d\u2019un budget annuel de 25 milliards d\u2019euros. Le conseil r\u00e9gional croupion de la Bretagne administrative dispose d\u2019un budget annuel de 1,9 milliard d\u2019euros. Partout o\u00f9 porte le regard, en Flandre, en Catalogne, au Pays Basque, pour ne citer que ces exemples, les peuples sont reconnus en tant que tels et disposent d\u2019une autonomie politique, \u00e0 d\u00e9faut d\u2019une ind\u00e9pendance de plein droit. Par comparaison, la nation bretonne demeure encha\u00een\u00e9e, subordonn\u00e9e, spoli\u00e9e par l\u2019\u00c9tat fran\u00e7ais gr\u00e2ce au concours d\u2019une classe politique bretonne objectivement m\u00e9diocre, servile, sans imagination et sans qualit\u00e9s, incapable de d\u00e9fendre les int\u00e9r\u00eats de la nation bretonne.<\/p>\n<p style=\"text-align: justify;\">Cette situation politique unique en Europe est d\u00e9sormais intenable.<\/p>\n<p style=\"text-align: justify;\"><strong>3. Les propositions du PNB pour Saint-Malo et le Pays de Dol<\/strong><\/p>\n<p style=\"text-align: justify;\"><em>Surtourisme<\/em><\/p>\n<p style=\"text-align: justify;\">La situation du Pays malouin et Pays de Dol s\u2019inscrit dans ce contexte g\u00e9n\u00e9ral. En se tournant essentiellement vers le tourisme de masse, Saint-Malo est entr\u00e9e dans une \u00e9conomie de comptoir. La ville accueille un million de touristes par an et au moins 10 % des emplois sont directement g\u00e9n\u00e9r\u00e9s par le tourisme, ce \u00e0 quoi il faut ajouter les secteurs de l\u2019h\u00f4tellerie-restauration et du commerce. Le poids \u00e9crasant de cette activit\u00e9 g\u00e9n\u00e8re des contradictions sociales fortes dont l\u2019acc\u00e8s au logement pour les travailleurs bretons est un des sympt\u00f4mes. L\u2019instabilit\u00e9 des emplois inh\u00e9rente au caract\u00e8re saisonnier de l\u2019\u00e9conomie touristique aggrave la pr\u00e9carit\u00e9 et la pauvret\u00e9 en privant une part de la population d\u2019emplois durables.<\/p>\n<p style=\"text-align: justify;\">Le Parti National Breton veut rompre avec cette d\u00e9pendance ext\u00e9rieure et engager, tant en Bretagne que dans le Pays malouin ou le Pays de Dol, une politique \u00e9conomique qui soit au service du peuple breton. Il ne s\u2019agit pas seulement de lutter contre la gentrification et la pr\u00e9carit\u00e9, mais contre la francisation induite par cette d\u00e9pendance qui devient progressivement une tutelle pure et simple. Pour rompre avec l\u2019\u00e9conomie de comptoir, la diversification de l\u2019\u00e9conomie malouine et doloise doit aller de paire avec sa bretonnisation, c\u2019est-\u00e0-dire la mobilisation du capital humain breton pour les int\u00e9r\u00eats bretons.<\/p>\n<p style=\"text-align: justify;\"><em>La crise du logement<\/em><\/p>\n<p style=\"text-align: justify;\">La politique du logement est une priorit\u00e9 du PNB car elle conditionne la pr\u00e9sence m\u00eame du peuple breton sur sa terre. \u00c0 Saint-Malo, la limitation des locations saisonni\u00e8res de courte dur\u00e9e adopt\u00e9e par la municipalit\u00e9 actuelle a \u00e9t\u00e9 une mesure n\u00e9cessaire et utile que le PNB approuve, mais qui est insuffisante au vu des besoins. \u00c0 ce jour, plus de 1600 logements sont encore r\u00e9serv\u00e9s \u00e0 la location de courte dur\u00e9e sur la ville de Saint-Malo. Le PNB veut amener ce chiffre \u00e0 0 pour que la totalit\u00e9 du parc immobilier locatif soit destin\u00e9 aux habitants \u00e0 l\u2019ann\u00e9e. La demande touristique serait ainsi r\u00e9orient\u00e9e vers les professionnels de ce secteur d\u2019activit\u00e9.<\/p>\n<p style=\"text-align: justify;\">Un autre probl\u00e8me critique est celui des r\u00e9sidences secondaires. Si la municipalit\u00e9 de Saint-Malo a \u00e9galement pris des mesures allant dans le bon sens avec une hausse de la taxe d\u2019habitation sur les propri\u00e9taires de telles r\u00e9sidences, souvent fran\u00e7ais, elle n\u2019est pas de nature \u00e0 lib\u00e9rer ces logements au profit des travailleurs bretons.<\/p>\n<p style=\"text-align: justify;\">Pour le PNB, une v\u00e9ritable entreprise de l\u2019acc\u00e8s prioritaire au logement pour les Bretons doit \u00eatre men\u00e9e \u00e0 Saint-Malo, mais aussi dans le Pays de Dol, en adoptant des mesures drastiques sur lesquelles nous reviendrons. Pour mener cette politique, une confrontation avec l\u2019\u00c9tat fran\u00e7ais est in\u00e9vitable. La l\u00e9gislation fran\u00e7aise actuelle, dict\u00e9e par Paris, emp\u00eache les Bretons de prendre ces mesures urgentes qui leur garantiraient l\u2019acc\u00e8s prioritaire au logement.<\/p>\n<p style=\"text-align: justify;\"><em>Diversifier l\u2019\u00e9conomie pour la rendre aux Bretons<\/em><\/p>\n<p style=\"text-align: justify;\">Rendre la Bretagne aux Bretons suppose d\u2019ancrer l\u2019\u00e9conomie entre les mains des Bretons eux-m\u00eames. Pour s\u2019affirmer, les Bretons doivent savoir qui ils sont. Revivifier la culture bretonne en lui donnant une place nouvelle dans le pays malouin et le Pays de Dol figure parmi ses priorit\u00e9s. Le projet de Mus\u00e9e Maritime, qui engloutit 20\u00a0% des d\u00e9penses d\u2019\u00e9quipement de la ville de Saint-Malo, s\u2019inscrit dans la poursuite d\u2019un mod\u00e8le touristique obsol\u00e8te sur fond de nostalgie incapacitante. Que ce soit en Bretagne ou dans le Pays malouin ou le Pays de Dol, le PNB veut r\u00e9orienter toute l\u2019action politique vers l\u2019avenir, c\u2019est-\u00e0-dire vers le capital humain breton, par opposition \u00e0 la \u00ab\u00a0fossilisation\u00a0\u00bb rampante actuelle. Il souhaite r\u00e9orienter ces moyens d\u2019infrastructure vers la dynamisation de la d\u00e9mographie bretonne, notamment par le d\u00e9veloppement de cr\u00e8ches \u00e0 Saint-Malo et Dol, ainsi que par la cr\u00e9ation d\u2019un enseignement en langue bretonne, de la maternelle au secondaire, avec l\u2019ambition de d\u00e9velopper son usage dans l\u2019activit\u00e9 \u00e9conomique locale. Pour renforcer cette conscience, doit s\u2019y ajouter deux festivals annuels consacr\u00e9s aux saint bretons fondateurs de la Bretagne que sont Saint Malo et Saint Samson, indissociables de Saint-Malo et de Dol. Ces festivals devraient accorder une large place \u00e0 la culture, \u00e0 la langue et \u00e0 l\u2019histoire bretonnes et r\u00e9affirmer la nationalit\u00e9 bretonne de ces villes.<\/p>\n<p style=\"text-align: justify;\">Le PNB veut\u00a0diversifier l\u2019\u00e9conomie du Pays de Dol et de Saint-Malo, d\u00e9velopper un emploi local qui soit stable et durable et qui b\u00e9n\u00e9ficie \u00e0 la dynamisation des communes sur le long terme, Pour cela, le PNB veut l\u2019adoption d\u2019un syst\u00e8me d\u2019emplois francs effectif \u00e0 l\u2019\u00e9chelle des communes des pays malouin et dolois. Les entreprises recrutant des personnes habitant la commune o\u00f9 elles sont implant\u00e9es b\u00e9n\u00e9ficieraient d\u2019un abattement fiscal tr\u00e8s incitatif.<\/p>\n<p style=\"text-align: justify;\">Le PNB promeut la cr\u00e9ation d\u2019un \u00ab\u00a0tech hub maritime\u00a0\u00bb malouin orient\u00e9 vers les technologies du 21e si\u00e8cle gr\u00e2ce \u00e0 des conditions fiscales et r\u00e9glementaires hyper comp\u00e9titives rendues possibles dans le cadre d\u2019une autonomie imm\u00e9diate de la Bretagne. Il souhaite que soit adoss\u00e9 \u00e0 ce hub une \u00e9cole de formation maritime, de financement public et priv\u00e9, qui r\u00e9pondrait aux besoins des entreprises participantes. \u00c0 cet \u00e9gard, si le PNB veut d\u00e9velopper l\u2019emploi et l\u2019esprit d\u2019entreprise bretons, il ne s\u2019oppose pas aux coop\u00e9rations internationales, ni aux investissements \u00e9trangers, tout particuli\u00e8rement dans le domaine \u00e9conomique. Saint-Malo, en raison de sa visibilit\u00e9 internationale, peut poursuivre un tel projet.<\/p>\n<p style=\"text-align: justify;\">Ce sont l\u00e0 quelques propositions du PNB. Le mouvement d\u00e9veloppera \u00e9tape par \u00e9tape son programme pour le pays de Dol sur la base de son exp\u00e9rience et des \u00e9changes qu\u2019il entretiendra avec la population et les diff\u00e9rents acteurs de la soci\u00e9t\u00e9 civile.<\/p>\n<p><strong>4. Aper\u00e7u du programme du PNB<\/strong><\/p>\n<p style=\"text-align: justify;\">Le Parti National Breton souhaite l\u2019ind\u00e9pendance pleine et enti\u00e8re de la Bretagne au terme d\u2019un processus d\u2019autonomie progressive. Son programme national, loin d\u2019\u00eatre un exercice id\u00e9ologique de t\u00e9moignage, se focalise sur des revendications d\u2019application imm\u00e9diate. Celles-ci sont disponibles sur le site officiel du PNB, mais nous pouvons en citer quelques-unes qui sont particuli\u00e8rement pertinentes pour Saint-Malo et le Pays de Dol.<\/p>\n<p style=\"text-align: justify;\">\u2022 Pour l\u2019autonomie imm\u00e9diate\u00a0:<\/p>\n<p style=\"text-align: justify;\">Point 17 \u2013 L\u2019autonomie la Bretagne r\u00e9unifi\u00e9e dans le cadre d\u2019une Assembl\u00e9e de Bretagne dot\u00e9e de toutes les comp\u00e9tences int\u00e9rieures : fiscalit\u00e9, \u00e9conomie, \u00e9ducation, culture, justice, police.<\/p>\n<p style=\"text-align: justify;\">\u2022 Pour le logement\u00a0:<\/p>\n<p style=\"text-align: justify;\">Point 7 \u2013 La cr\u00e9ation d\u2019un statut de r\u00e9sident encadrant l\u2019acc\u00e8s \u00e0 la propri\u00e9t\u00e9 immobili\u00e8re dans l\u2019un des cinq d\u00e9partements bretons. Est \u00e9ligible \u00e0 ce statut toute personne qui justifie d&rsquo;une p\u00e9riode de 10 ans de r\u00e9sidence continue en Bretagne, \u00e0 raison de 6 mois et un jour par an sur cette p\u00e9riode. Les personnes n\u00e9es de parents n\u00e9s en Bretagne qui r\u00e9sident hors de Bretagne sont exempt\u00e9es de ce statut.<\/p>\n<p style=\"text-align: justify;\">Point 8 \u2013 L\u2019exclusivit\u00e9 bretonne pour l\u2019acc\u00e8s au logement social. Tout logement social neuf ou vacant sera prioritairement r\u00e9serv\u00e9 aux personnes n\u00e9es dans l&rsquo;un des cinq d\u00e9partements bretons ou, \u00e0 d\u00e9faut, qui justifie d&rsquo;une p\u00e9riode de r\u00e9sidence de 10 ans continue en Bretagne, \u00e0 raison de 6 mois et un jour par an sur cette p\u00e9riode. Les personnes n\u00e9es de parents n\u00e9s en Bretagne qui r\u00e9sident hors de Bretagne sont exempt\u00e9es de ce statut.<\/p>\n<p style=\"text-align: justify;\">Point 9 \u2013 La taxation \u00e0 50% des revenus des locations saisonni\u00e8res. Son produit sera revers\u00e9 aux communes bretonnes afin qu\u2019elles d\u00e9veloppent l\u2019offre de logement locale pour les Bretons exclusivement.<\/p>\n<p style=\"text-align: justify;\">Point 10 \u2013 La taxation annuelle des propri\u00e9taires de r\u00e9sidences secondaires ne r\u00e9sidant pas en Bretagne \u00e0 hauteur de 10% de la valeur du bien immobilier concern\u00e9. Le produit sera revers\u00e9 aux communes bretonnes afin qu\u2019elles d\u00e9veloppent l\u2019offre de logement locale pour les Bretons exclusivement. Les propri\u00e9taires de r\u00e9sidence secondaires qui ne r\u00e9sident pas en Bretagne mais qui justifient d\u2019au moins un parent n\u00e9 en Bretagne ou de deux grands-parents n\u00e9s en Bretagne sont exempt\u00e9s de cette taxe.<\/p>\n<p style=\"text-align: justify;\">\u2022 Pour l\u2019emploi\u00a0:<\/p>\n<p style=\"text-align: justify;\">Point 5 \u2013 La priorit\u00e9 de l\u2019acc\u00e8s aux postes de la fonction publique territoriale, hospitali\u00e8re, ou d\u2019\u00e9tat en Bretagne pour les personnes n\u00e9es de parents n\u00e9s en Bretagne historique.<\/p>\n<p style=\"text-align: justify;\">Point 6 \u2013 La priorit\u00e9 de l\u2019acc\u00e8s aux offres d\u2019embauche du secteur priv\u00e9 ainsi que les embauches d\u2019agents contractuels de droit priv\u00e9 du secteur public pour les personnes n\u00e9es en Bretagne historique ou, \u00e0 d\u00e9faut, par des personnes justifiant d\u2019une dur\u00e9e de r\u00e9sidence continue de 5 ans en Bretagne historique \u00e0 raison de 6 mois et un jour par an.<\/p>\n<p style=\"text-align: justify;\"><strong>5. Les objectifs du PNB dans le pays de Dol<\/strong><\/p>\n<p style=\"text-align: justify;\">Sous la direction du chef de section du Pays de Dol, Herv\u00e9 Archier, le Parti National Breton se fixe pour premier objectif de s\u2019implanter en profondeur dans le territoire et ce dans la longue dur\u00e9e. \u00c0 cet effet, il entend proc\u00e9der au travail conventionnel de propagande par voie d\u2019affichage, de distribution de tracts, et de diverses initiatives qui viseront \u00e0 d\u00e9velopper le sentiment national breton dans la grande r\u00e9gion doloise, condition indispensable au recrutement de patriotes bretons par le PNB dans la r\u00e9gion.<\/p>\n<p style=\"text-align: justify;\">Le Parti National Breton cherchera \u00e0 devenir un acteur politique visible et reconnu du pays de Dol afin de changer la dynamique actuelle. Il veut mettre un terme \u00e0 tous les niveaux au statu quo dict\u00e9 par l\u2019\u00c9tat fran\u00e7ais en Bretagne, statu quo d\u00e9fendu par les partis fran\u00e7ais. Le PNB veut imposer par son action la primaut\u00e9 des int\u00e9r\u00eats de la nation bretonne dans le d\u00e9bat public.<\/p>\n<p style=\"text-align: justify;\">Le Parti National Breton veut enfin apporter une contribution positive qui soit de nature \u00e0 porter la renaissance bretonne du pays de Dol sur tous les plans. Cela implique de nouer des contacts avec les repr\u00e9sentants de la soci\u00e9t\u00e9 civile, sans a priori et sans sectarisme, et de participer aux \u00e9lections \u00e0 chaque fois que cela sera possible. Le PNB sera attentif aux propositions qui lui seront communiqu\u00e9es par les habitants du pays de Dol et soutiendra toutes les initiatives, d\u2019o\u00f9 qu\u2019elles viennent et sans esprit partisan, qui b\u00e9n\u00e9ficieront au bien commun de la r\u00e9gion doloise et de son peuple.<\/p>\n<p><img decoding=\"async\" class=\"alignnone size-full wp-image-5547\" src=\"https:\/\/partinationalbreton.com\/wp-content\/uploads\/2025\/02\/signal-2025-02-02-004738_006.jpg\" alt=\"\" width=\"1339\" height=\"1417\" \/><\/p>\n<p style=\"text-align: right;\"><strong>Budig Gourmaelon<\/strong><\/p>\n","protected":false},"excerpt":{"rendered":"<p>Pour adh\u00e9rer au PNB : partinationalbreton@yandex.com Samedi 1er f\u00e9vrier 2025, \u00e0 Sant-Malo\u00f9 (Saint-Malo), le Parti National Breton a officialis\u00e9 la cr\u00e9ation de la section des pays de Saint-Malo et de Dol sous la direction de Herv\u00e9 Archier, responsable territorial du Parti. Apr\u00e8s une visite de la ville historique en compagnie des membres du mouvement, le [&hellip;]<\/p>\n","protected":false},"author":1,"featured_media":3351,"comment_status":"open","ping_status":"open","sticky":false,"template":"","format":"standard","meta":{"sb_editor_width":"","footnotes":""},"categories":[41,65,49],"tags":[],"class_list":["post-3350","post","type-post","status-publish","format-standard","has-post-thumbnail","hentry","category-ille-et-vilaine","category-principale","category-vie-du-parti"],"relative_dates":{"created":"1 an ago","modified":"1 an ago"},"yoast_head":"<!-- This site is optimized with the Yoast SEO plugin v26.3 - https:\/\/yoast.com\/wordpress\/plugins\/seo\/ -->\n<title>Officialisation de la section du PNB de Saint-Malo et du Pays de Dol ! - STOURM<\/title>\n<meta name=\"robots\" content=\"index, follow, max-snippet:-1, max-image-preview:large, max-video-preview:-1\" \/>\n<link rel=\"canonical\" href=\"https:\/\/stourm.news\/?p=3350\" \/>\n<meta property=\"og:locale\" content=\"fr_FR\" \/>\n<meta property=\"og:type\" content=\"article\" \/>\n<meta property=\"og:title\" content=\"Officialisation de la section du PNB de Saint-Malo et du Pays de Dol ! - STOURM\" \/>\n<meta property=\"og:description\" content=\"Pour adh\u00e9rer au PNB : partinationalbreton@yandex.com Samedi 1er f\u00e9vrier 2025, \u00e0 Sant-Malo\u00f9 (Saint-Malo), le Parti National Breton a officialis\u00e9 la cr\u00e9ation de la section des pays de Saint-Malo et de Dol sous la direction de Herv\u00e9 Archier, responsable territorial du Parti. Apr\u00e8s une visite de la ville historique en compagnie des membres du mouvement, le [&hellip;]\" \/>\n<meta property=\"og:url\" content=\"https:\/\/stourm.news\/?p=3350\" \/>\n<meta property=\"og:site_name\" content=\"STOURM\" \/>\n<meta property=\"article:publisher\" content=\"https:\/\/www.facebook.com\/stourmnews\/\" \/>\n<meta property=\"article:published_time\" content=\"2025-02-03T07:52:30+00:00\" \/>\n<meta property=\"article:modified_time\" content=\"2025-02-03T07:58:26+00:00\" \/>\n<meta property=\"og:image\" content=\"https:\/\/stourm.news\/wp-content\/uploads\/2025\/02\/signal-2025-02-02-004738_023-1.jpg\" \/>\n\t<meta property=\"og:image:width\" content=\"1857\" \/>\n\t<meta property=\"og:image:height\" content=\"1205\" \/>\n\t<meta property=\"og:image:type\" content=\"image\/jpeg\" \/>\n<meta name=\"author\" content=\"La r\u00e9daction\" \/>\n<meta name=\"twitter:card\" content=\"summary_large_image\" \/>\n<meta name=\"twitter:label1\" content=\"\u00c9crit par\" \/>\n\t<meta name=\"twitter:data1\" content=\"La r\u00e9daction\" \/>\n\t<meta name=\"twitter:label2\" content=\"Dur\u00e9e de lecture estim\u00e9e\" \/>\n\t<meta name=\"twitter:data2\" content=\"16 minutes\" \/>\n<script type=\"application\/ld+json\" class=\"yoast-schema-graph\">{\"@context\":\"https:\/\/schema.org\",\"@graph\":[{\"@type\":\"Article\",\"@id\":\"https:\/\/stourm.news\/?p=3350#article\",\"isPartOf\":{\"@id\":\"https:\/\/stourm.news\/?p=3350\"},\"author\":{\"name\":\"La r\u00e9daction\",\"@id\":\"https:\/\/stourm.news\/#\/schema\/person\/c3e1dc65988632e190969234ef046cf9\"},\"headline\":\"Officialisation de la section du PNB de Saint-Malo et du Pays de Dol !\",\"datePublished\":\"2025-02-03T07:52:30+00:00\",\"dateModified\":\"2025-02-03T07:58:26+00:00\",\"mainEntityOfPage\":{\"@id\":\"https:\/\/stourm.news\/?p=3350\"},\"wordCount\":3378,\"commentCount\":0,\"publisher\":{\"@id\":\"https:\/\/stourm.news\/#organization\"},\"image\":{\"@id\":\"https:\/\/stourm.news\/?p=3350#primaryimage\"},\"thumbnailUrl\":\"https:\/\/stourm.news\/wp-content\/uploads\/2025\/02\/signal-2025-02-02-004738_023-1.jpg\",\"articleSection\":[\"Ille-et-Vilaine\",\"Principale\",\"Vie du Parti\"],\"inLanguage\":\"fr-FR\",\"potentialAction\":[{\"@type\":\"CommentAction\",\"name\":\"Comment\",\"target\":[\"https:\/\/stourm.news\/?p=3350#respond\"]}]},{\"@type\":\"WebPage\",\"@id\":\"https:\/\/stourm.news\/?p=3350\",\"url\":\"https:\/\/stourm.news\/?p=3350\",\"name\":\"Officialisation de la section du PNB de Saint-Malo et du Pays de Dol ! - STOURM\",\"isPartOf\":{\"@id\":\"https:\/\/stourm.news\/#website\"},\"primaryImageOfPage\":{\"@id\":\"https:\/\/stourm.news\/?p=3350#primaryimage\"},\"image\":{\"@id\":\"https:\/\/stourm.news\/?p=3350#primaryimage\"},\"thumbnailUrl\":\"https:\/\/stourm.news\/wp-content\/uploads\/2025\/02\/signal-2025-02-02-004738_023-1.jpg\",\"datePublished\":\"2025-02-03T07:52:30+00:00\",\"dateModified\":\"2025-02-03T07:58:26+00:00\",\"breadcrumb\":{\"@id\":\"https:\/\/stourm.news\/?p=3350#breadcrumb\"},\"inLanguage\":\"fr-FR\",\"potentialAction\":[{\"@type\":\"ReadAction\",\"target\":[\"https:\/\/stourm.news\/?p=3350\"]}]},{\"@type\":\"ImageObject\",\"inLanguage\":\"fr-FR\",\"@id\":\"https:\/\/stourm.news\/?p=3350#primaryimage\",\"url\":\"https:\/\/stourm.news\/wp-content\/uploads\/2025\/02\/signal-2025-02-02-004738_023-1.jpg\",\"contentUrl\":\"https:\/\/stourm.news\/wp-content\/uploads\/2025\/02\/signal-2025-02-02-004738_023-1.jpg\",\"width\":1857,\"height\":1205},{\"@type\":\"BreadcrumbList\",\"@id\":\"https:\/\/stourm.news\/?p=3350#breadcrumb\",\"itemListElement\":[{\"@type\":\"ListItem\",\"position\":1,\"name\":\"Accueil\",\"item\":\"https:\/\/stourm.news\/\"},{\"@type\":\"ListItem\",\"position\":2,\"name\":\"Officialisation de la section du PNB de Saint-Malo et du Pays de Dol !\"}]},{\"@type\":\"WebSite\",\"@id\":\"https:\/\/stourm.news\/#website\",\"url\":\"https:\/\/stourm.news\/\",\"name\":\"Stourm\",\"description\":\"Kazetenn Strollad Broadel Breizh\",\"publisher\":{\"@id\":\"https:\/\/stourm.news\/#organization\"},\"potentialAction\":[{\"@type\":\"SearchAction\",\"target\":{\"@type\":\"EntryPoint\",\"urlTemplate\":\"https:\/\/stourm.news\/?s={search_term_string}\"},\"query-input\":{\"@type\":\"PropertyValueSpecification\",\"valueRequired\":true,\"valueName\":\"search_term_string\"}}],\"inLanguage\":\"fr-FR\"},{\"@type\":\"Organization\",\"@id\":\"https:\/\/stourm.news\/#organization\",\"name\":\"Stourm\",\"url\":\"https:\/\/stourm.news\/\",\"logo\":{\"@type\":\"ImageObject\",\"inLanguage\":\"fr-FR\",\"@id\":\"https:\/\/stourm.news\/#\/schema\/logo\/image\/\",\"url\":\"https:\/\/stourm.news\/wp-content\/uploads\/2025\/11\/cropped-Capture-decran-2025-11-28-a-15.19.07.png\",\"contentUrl\":\"https:\/\/stourm.news\/wp-content\/uploads\/2025\/11\/cropped-Capture-decran-2025-11-28-a-15.19.07.png\",\"width\":1855,\"height\":383,\"caption\":\"Stourm\"},\"image\":{\"@id\":\"https:\/\/stourm.news\/#\/schema\/logo\/image\/\"},\"sameAs\":[\"https:\/\/www.facebook.com\/stourmnews\/\"]},{\"@type\":\"Person\",\"@id\":\"https:\/\/stourm.news\/#\/schema\/person\/c3e1dc65988632e190969234ef046cf9\",\"name\":\"La r\u00e9daction\",\"image\":{\"@type\":\"ImageObject\",\"inLanguage\":\"fr-FR\",\"@id\":\"https:\/\/stourm.news\/#\/schema\/person\/image\/\",\"url\":\"https:\/\/secure.gravatar.com\/avatar\/7463443f194b6b5fb706b074ca0ef59a0cfcfd720cb47764b0ec5a952ce422b3?s=96&d=mm&r=g\",\"contentUrl\":\"https:\/\/secure.gravatar.com\/avatar\/7463443f194b6b5fb706b074ca0ef59a0cfcfd720cb47764b0ec5a952ce422b3?s=96&d=mm&r=g\",\"caption\":\"La r\u00e9daction\"},\"sameAs\":[\"https:\/\/stourm.news\"],\"url\":\"https:\/\/stourm.news\/?author=1\"}]}<\/script>\n<!-- \/ Yoast SEO plugin. -->","yoast_head_json":{"title":"Officialisation de la section du PNB de Saint-Malo et du Pays de Dol ! - STOURM","robots":{"index":"index","follow":"follow","max-snippet":"max-snippet:-1","max-image-preview":"max-image-preview:large","max-video-preview":"max-video-preview:-1"},"canonical":"https:\/\/stourm.news\/?p=3350","og_locale":"fr_FR","og_type":"article","og_title":"Officialisation de la section du PNB de Saint-Malo et du Pays de Dol ! - STOURM","og_description":"Pour adh\u00e9rer au PNB : partinationalbreton@yandex.com Samedi 1er f\u00e9vrier 2025, \u00e0 Sant-Malo\u00f9 (Saint-Malo), le Parti National Breton a officialis\u00e9 la cr\u00e9ation de la section des pays de Saint-Malo et de Dol sous la direction de Herv\u00e9 Archier, responsable territorial du Parti. Apr\u00e8s une visite de la ville historique en compagnie des membres du mouvement, le [&hellip;]","og_url":"https:\/\/stourm.news\/?p=3350","og_site_name":"STOURM","article_publisher":"https:\/\/www.facebook.com\/stourmnews\/","article_published_time":"2025-02-03T07:52:30+00:00","article_modified_time":"2025-02-03T07:58:26+00:00","og_image":[{"width":1857,"height":1205,"url":"https:\/\/stourm.news\/wp-content\/uploads\/2025\/02\/signal-2025-02-02-004738_023-1.jpg","type":"image\/jpeg"}],"author":"La r\u00e9daction","twitter_card":"summary_large_image","twitter_misc":{"\u00c9crit par":"La r\u00e9daction","Dur\u00e9e de lecture estim\u00e9e":"16 minutes"},"schema":{"@context":"https:\/\/schema.org","@graph":[{"@type":"Article","@id":"https:\/\/stourm.news\/?p=3350#article","isPartOf":{"@id":"https:\/\/stourm.news\/?p=3350"},"author":{"name":"La r\u00e9daction","@id":"https:\/\/stourm.news\/#\/schema\/person\/c3e1dc65988632e190969234ef046cf9"},"headline":"Officialisation de la section du PNB de Saint-Malo et du Pays de Dol !","datePublished":"2025-02-03T07:52:30+00:00","dateModified":"2025-02-03T07:58:26+00:00","mainEntityOfPage":{"@id":"https:\/\/stourm.news\/?p=3350"},"wordCount":3378,"commentCount":0,"publisher":{"@id":"https:\/\/stourm.news\/#organization"},"image":{"@id":"https:\/\/stourm.news\/?p=3350#primaryimage"},"thumbnailUrl":"https:\/\/stourm.news\/wp-content\/uploads\/2025\/02\/signal-2025-02-02-004738_023-1.jpg","articleSection":["Ille-et-Vilaine","Principale","Vie du Parti"],"inLanguage":"fr-FR","potentialAction":[{"@type":"CommentAction","name":"Comment","target":["https:\/\/stourm.news\/?p=3350#respond"]}]},{"@type":"WebPage","@id":"https:\/\/stourm.news\/?p=3350","url":"https:\/\/stourm.news\/?p=3350","name":"Officialisation de la section du PNB de Saint-Malo et du Pays de Dol ! - STOURM","isPartOf":{"@id":"https:\/\/stourm.news\/#website"},"primaryImageOfPage":{"@id":"https:\/\/stourm.news\/?p=3350#primaryimage"},"image":{"@id":"https:\/\/stourm.news\/?p=3350#primaryimage"},"thumbnailUrl":"https:\/\/stourm.news\/wp-content\/uploads\/2025\/02\/signal-2025-02-02-004738_023-1.jpg","datePublished":"2025-02-03T07:52:30+00:00","dateModified":"2025-02-03T07:58:26+00:00","breadcrumb":{"@id":"https:\/\/stourm.news\/?p=3350#breadcrumb"},"inLanguage":"fr-FR","potentialAction":[{"@type":"ReadAction","target":["https:\/\/stourm.news\/?p=3350"]}]},{"@type":"ImageObject","inLanguage":"fr-FR","@id":"https:\/\/stourm.news\/?p=3350#primaryimage","url":"https:\/\/stourm.news\/wp-content\/uploads\/2025\/02\/signal-2025-02-02-004738_023-1.jpg","contentUrl":"https:\/\/stourm.news\/wp-content\/uploads\/2025\/02\/signal-2025-02-02-004738_023-1.jpg","width":1857,"height":1205},{"@type":"BreadcrumbList","@id":"https:\/\/stourm.news\/?p=3350#breadcrumb","itemListElement":[{"@type":"ListItem","position":1,"name":"Accueil","item":"https:\/\/stourm.news\/"},{"@type":"ListItem","position":2,"name":"Officialisation de la section du PNB de Saint-Malo et du Pays de Dol !"}]},{"@type":"WebSite","@id":"https:\/\/stourm.news\/#website","url":"https:\/\/stourm.news\/","name":"Stourm","description":"Kazetenn Strollad Broadel Breizh","publisher":{"@id":"https:\/\/stourm.news\/#organization"},"potentialAction":[{"@type":"SearchAction","target":{"@type":"EntryPoint","urlTemplate":"https:\/\/stourm.news\/?s={search_term_string}"},"query-input":{"@type":"PropertyValueSpecification","valueRequired":true,"valueName":"search_term_string"}}],"inLanguage":"fr-FR"},{"@type":"Organization","@id":"https:\/\/stourm.news\/#organization","name":"Stourm","url":"https:\/\/stourm.news\/","logo":{"@type":"ImageObject","inLanguage":"fr-FR","@id":"https:\/\/stourm.news\/#\/schema\/logo\/image\/","url":"https:\/\/stourm.news\/wp-content\/uploads\/2025\/11\/cropped-Capture-decran-2025-11-28-a-15.19.07.png","contentUrl":"https:\/\/stourm.news\/wp-content\/uploads\/2025\/11\/cropped-Capture-decran-2025-11-28-a-15.19.07.png","width":1855,"height":383,"caption":"Stourm"},"image":{"@id":"https:\/\/stourm.news\/#\/schema\/logo\/image\/"},"sameAs":["https:\/\/www.facebook.com\/stourmnews\/"]},{"@type":"Person","@id":"https:\/\/stourm.news\/#\/schema\/person\/c3e1dc65988632e190969234ef046cf9","name":"La r\u00e9daction","image":{"@type":"ImageObject","inLanguage":"fr-FR","@id":"https:\/\/stourm.news\/#\/schema\/person\/image\/","url":"https:\/\/secure.gravatar.com\/avatar\/7463443f194b6b5fb706b074ca0ef59a0cfcfd720cb47764b0ec5a952ce422b3?s=96&d=mm&r=g","contentUrl":"https:\/\/secure.gravatar.com\/avatar\/7463443f194b6b5fb706b074ca0ef59a0cfcfd720cb47764b0ec5a952ce422b3?s=96&d=mm&r=g","caption":"La r\u00e9daction"},"sameAs":["https:\/\/stourm.news"],"url":"https:\/\/stourm.news\/?author=1"}]}},"_links":{"self":[{"href":"https:\/\/stourm.news\/index.php?rest_route=\/wp\/v2\/posts\/3350","targetHints":{"allow":["GET"]}}],"collection":[{"href":"https:\/\/stourm.news\/index.php?rest_route=\/wp\/v2\/posts"}],"about":[{"href":"https:\/\/stourm.news\/index.php?rest_route=\/wp\/v2\/types\/post"}],"author":[{"embeddable":true,"href":"https:\/\/stourm.news\/index.php?rest_route=\/wp\/v2\/users\/1"}],"replies":[{"embeddable":true,"href":"https:\/\/stourm.news\/index.php?rest_route=%2Fwp%2Fv2%2Fcomments&post=3350"}],"version-history":[{"count":4,"href":"https:\/\/stourm.news\/index.php?rest_route=\/wp\/v2\/posts\/3350\/revisions"}],"predecessor-version":[{"id":3355,"href":"https:\/\/stourm.news\/index.php?rest_route=\/wp\/v2\/posts\/3350\/revisions\/3355"}],"wp:featuredmedia":[{"embeddable":true,"href":"https:\/\/stourm.news\/index.php?rest_route=\/wp\/v2\/media\/3351"}],"wp:attachment":[{"href":"https:\/\/stourm.news\/index.php?rest_route=%2Fwp%2Fv2%2Fmedia&parent=3350"}],"wp:term":[{"taxonomy":"category","embeddable":true,"href":"https:\/\/stourm.news\/index.php?rest_route=%2Fwp%2Fv2%2Fcategories&post=3350"},{"taxonomy":"post_tag","embeddable":true,"href":"https:\/\/stourm.news\/index.php?rest_route=%2Fwp%2Fv2%2Ftags&post=3350"}],"curies":[{"name":"wp","href":"https:\/\/api.w.org\/{rel}","templated":true}]}}