{"id":3359,"date":"2025-10-15T01:54:07","date_gmt":"2025-10-15T01:54:07","guid":{"rendered":"https:\/\/stourm.news\/?p=3359"},"modified":"2025-10-15T09:16:30","modified_gmt":"2025-10-15T09:16:30","slug":"disparition-de-job-an-irien-grand-militant-de-la-langue-bretonne-et-de-la-foi-chretienne","status":"publish","type":"post","link":"https:\/\/stourm.news\/?p=3359","title":{"rendered":"Emsav : 15 octobre 1937, naissance de Job an Irien, militant de la langue bretonne et de la foi chr\u00e9tienne"},"content":{"rendered":"<p style=\"text-align: justify;\">Job an Irien est disparu le 2 f\u00e9vrier, \u00e0 l&rsquo;\u00e2ge de 88 ans. Job \u00e9tait n\u00e9 le 15 octobre 1937 \u00e0 Bodiliz. Sa vie, un v\u00e9ritable \u00e9cho de la Bretagne, a \u00e9t\u00e9 marqu\u00e9e par un engagement sans faille pour le maintien et le d\u00e9veloppement de la langue bretonne, une mission spirituelle et culturelle qui a fa\u00e7onn\u00e9 son existence.<\/p>\n<p style=\"text-align: justify;\">Job an Irien a grandi dans une \u00e9poque o\u00f9 la Bretagne commen\u00e7ait \u00e0 r\u00e9affirmer son identit\u00e9 culturelle apr\u00e8s des d\u00e9cennies de marginalisation linguistique par l&rsquo;\u00c9tat fran\u00e7ais. Son enfance, berc\u00e9e par les chants et les contes en breton de sa famille, a forg\u00e9 en lui un amour profond pour notre langue et nos traditions. Tout d&rsquo;abord scolaris\u00e9 \u00e0 l&rsquo;\u00e9cole la\u00efque de Bodiliz puis \u00e0 l&rsquo;internat de Lanniliz, il poursuivit ses \u00e9tudes au coll\u00e8ge \u00e0 Kastellin (Ch\u00e2teaulin) avant d&rsquo;entrer au s\u00e9minaire de Kemper (Quimper). D\u00e8s le d\u00e9but, l&rsquo;enseignement obligatoire du fran\u00e7ais et la r\u00e9pression de la langue bretonne le choqu\u00e8rent, forgeant une volont\u00e9 de refuser l&rsquo;injustice et de d\u00e9fendre sa langue maternelle.<\/p>\n<p style=\"text-align: justify;\">Il poursuivit son \u00e9ducation au s\u00e9minaire de Pont-Croix, o\u00f9 il d\u00e9couvrit l&rsquo;histoire de Bretagne gr\u00e2ce \u00e0 une riche biblioth\u00e8que. \u00ab\u00a0Pourquoi seulement apprendre l\u2019histoire de France sans donner la place qui lui revient \u00e0 l\u2019histoire r\u00e9elle de notre pays?\u00a0\u00bb s&rsquo;interroge le jeune homme. D&rsquo;autres s\u00e9minaristes partagent alors ses sentiments. C&rsquo;est \u00e0 ce moment-l\u00e0 que Job an Irien d\u00e9couvre le Bleun Brug, fond\u00e9 par l&rsquo;Abb\u00e9 Yann Vari Perrot en 1905, qu&rsquo;il rejoignit bient\u00f4t. Il commen\u00e7a \u00e0 \u00e9crire des chants pour enfants en breton aux c\u00f4t\u00e9s de Mikael Skouarneg.<\/p>\n<p><img fetchpriority=\"high\" decoding=\"async\" class=\"aligncenter\" src=\"https:\/\/www.xavierdelanglais.bzh\/wp-content\/uploads\/RJ-BB-1BB-EO-5067.jpg\" width=\"377\" height=\"521\" \/><\/p>\n<p style=\"text-align: justify;\">D\u00e8s les d\u00e9buts de son sacerdoce, Job a \u00e9t\u00e9 un pionnier. En tant qu&rsquo;aum\u00f4nier du Bleun-Brug, il a particip\u00e9 \u00e0 la r\u00e9daction de nombreux cahiers, a \u00e9crit des chansons et des cantiques qui ont enrichi la liturgie bretonne. Son travail a \u00e9t\u00e9 essentiel dans la pr\u00e9servation et la promotion de la langue bretonne \u00e0 une \u00e9poque o\u00f9 celle-ci connaissait un d\u00e9clin rapide.<\/p>\n<p style=\"text-align: justify;\">En 1984, Job an Irien a r\u00e9alis\u00e9 l&rsquo;un de ses r\u00eaves en fondant le centre spirituel de Minihi Levenez \u00e0 Guimiliau. Ce lieu est devenu un sanctuaire pour la langue bretonne, un espace o\u00f9 les fid\u00e8les pouvaient vivre leur foi dans leur langue maternelle. Minihi Levenez a \u00e9t\u00e9 un lieu de p\u00e8lerinage, de culture et de formation pour tous ceux qui souhaitaient approfondir leur connaissance du breton et de la spiritualit\u00e9 bretonne. Gr\u00e2ce \u00e0 ses efforts, des semaines de stage, des ateliers de musique et de chant en breton y ont vu le jour, permettant \u00e0 la langue de r\u00e9sonner avec force et espoir.<\/p>\n<p><img decoding=\"async\" class=\"aligncenter\" src=\"https:\/\/www.argedour.bzh\/wp-content\/uploads\/2016\/11\/chapelle-2.jpg\" width=\"560\" height=\"419\" \/><\/p>\n<p style=\"text-align: justify;\">La contribution de Job an Irien \u00e0 la culture bretonne ne s&rsquo;est pas arr\u00eat\u00e9e l\u00e0. Il a \u00e9t\u00e9 un ardent d\u00e9fenseur de l&rsquo;usage du breton dans la liturgie, traduisant des textes sacr\u00e9s, dont le Nouveau Testament en breton, un travail titanesque qui a donn\u00e9 aux Bretons l&rsquo;acc\u00e8s aux \u00c9critures dans leur langue.<\/p>\n<p><iframe title=\"Dialogues, 5 questions \u00e0 Job An Irien\" width=\"500\" height=\"281\" src=\"https:\/\/www.youtube.com\/embed\/0R0ZpHnD5NY?feature=oembed\" frameborder=\"0\" allow=\"accelerometer; autoplay; clipboard-write; encrypted-media; gyroscope; picture-in-picture; web-share\" referrerpolicy=\"strict-origin-when-cross-origin\" allowfullscreen><\/iframe><\/p>\n<p style=\"text-align: justify;\">Ses cantiques, souvent compos\u00e9s sur des m\u00e9lodies traditionnelles, ont enrichi le r\u00e9pertoire des \u00e9glises du L\u00e9on, donnant une nouvelle vie \u00e0 la musique religieuse bretonne.<\/p>\n<p style=\"text-align: justify;\">Job a \u00e9galement collabor\u00e9 avec des figures embl\u00e9matiques de la culture bretonne comme Ren\u00e9 Abjean, avec qui il a cr\u00e9\u00e9 la cantate \u00ab\u00a0<strong><a href=\"https:\/\/www.coop-breizh.fr\/11024-cd-ar-marc-h-dall-le-cheval-aveugle-rene-abjean-job-an-irien-3359340164864.html\">Ar Marc&rsquo;h Dall<\/a><\/strong>\u00ab\u00a0. Cette \u0153uvre, une narration po\u00e9tique et musicale, explore l&rsquo;identit\u00e9 bretonne \u00e0 travers l&rsquo;histoire de Job lui-m\u00eame et de son engagement pour sa terre.<\/p>\n<p><iframe title=\"09\/12\/2020 - Atersadenn Job an Irien gant Mathieu Herry diwar-benn &quot;Ar Marc&#039;h Dall&quot;\" width=\"500\" height=\"281\" src=\"https:\/\/www.youtube.com\/embed\/cc7NBSdFOIc?feature=oembed\" frameborder=\"0\" allow=\"accelerometer; autoplay; clipboard-write; encrypted-media; gyroscope; picture-in-picture; web-share\" referrerpolicy=\"strict-origin-when-cross-origin\" allowfullscreen><\/iframe><\/p>\n<p style=\"text-align: justify;\">En 1997, il a publi\u00e9 un missel en breton, un travail monumental sous l&rsquo;\u00e9gide de l&rsquo;\u00e9v\u00each\u00e9 de Quimper et L\u00e9on, qui a fait de lui un pionnier dans la transformation de la pratique religieuse en Bretagne. Ce missel n&rsquo;\u00e9tait pas seulement un livre de pri\u00e8res mais un symbole de la r\u00e9silience et de la vitalit\u00e9 de la langue bretonne.<\/p>\n<p style=\"text-align: justify;\">Job an Irien a \u00e9t\u00e9 un authentique r\u00e9sistant, humble, patient, d\u00e9vou\u00e9 \u00e0 son peuple et sa langue, ne se laissant jamais d\u00e9courager et puisant dans sa foi la force n\u00e9cessaire \u00e0 la poursuite de son oeuvre. Homme de foi et de lettres, po\u00e8te, compositeur, traducteur, mais avant tout, un pr\u00eatre breton qui voyait dans la langue bretonne un moyen de vivre sa foi de mani\u00e8re authentique et profonde, comme depuis l&rsquo;origine, il a \u00e9t\u00e9 un gardien de l&rsquo;\u00e2me de la Bretagne, un \u00e9ducateur qui a transmis son savoir et son amour pour la langue \u00e0 des g\u00e9n\u00e9rations de Bretons. Ces graines sem\u00e9es porteront leurs fruits.<\/p>\n<p><iframe title=\"Job an Irien - Pennad Kaoz - Brezhoweb\" width=\"500\" height=\"281\" src=\"https:\/\/www.youtube.com\/embed\/w8khmLJ1twI?feature=oembed\" frameborder=\"0\" allow=\"accelerometer; autoplay; clipboard-write; encrypted-media; gyroscope; picture-in-picture; web-share\" referrerpolicy=\"strict-origin-when-cross-origin\" allowfullscreen><\/iframe><\/p>\n<p style=\"text-align: right;\"><strong>Yann ar Gall<\/strong><\/p>\n","protected":false},"excerpt":{"rendered":"<p>Job an Irien est disparu le 2 f\u00e9vrier, \u00e0 l&rsquo;\u00e2ge de 88 ans. Job \u00e9tait n\u00e9 le 15 octobre 1937 \u00e0 Bodiliz. Sa vie, un v\u00e9ritable \u00e9cho de la Bretagne, a \u00e9t\u00e9 marqu\u00e9e par un engagement sans faille pour le maintien et le d\u00e9veloppement de la langue bretonne, une mission spirituelle et culturelle qui a [&hellip;]<\/p>\n","protected":false},"author":1,"featured_media":3360,"comment_status":"open","ping_status":"open","sticky":false,"template":"","format":"standard","meta":{"sb_editor_width":"","footnotes":""},"categories":[58,65],"tags":[],"class_list":["post-3359","post","type-post","status-publish","format-standard","has-post-thumbnail","hentry","category-breizh","category-principale"],"relative_dates":{"created":"7 mois ago","modified":"7 mois ago"},"yoast_head":"<!-- This site is optimized with the Yoast SEO plugin v26.3 - https:\/\/yoast.com\/wordpress\/plugins\/seo\/ -->\n<title>Emsav : 15 octobre 1937, naissance de Job an Irien, militant de la langue bretonne et de la foi chr\u00e9tienne - STOURM<\/title>\n<meta name=\"robots\" content=\"index, follow, max-snippet:-1, max-image-preview:large, max-video-preview:-1\" \/>\n<link rel=\"canonical\" href=\"https:\/\/stourm.news\/?p=3359\" \/>\n<meta property=\"og:locale\" content=\"fr_FR\" \/>\n<meta property=\"og:type\" content=\"article\" \/>\n<meta property=\"og:title\" content=\"Emsav : 15 octobre 1937, naissance de Job an Irien, militant de la langue bretonne et de la foi chr\u00e9tienne - STOURM\" \/>\n<meta property=\"og:description\" content=\"Job an Irien est disparu le 2 f\u00e9vrier, \u00e0 l&rsquo;\u00e2ge de 88 ans. Job \u00e9tait n\u00e9 le 15 octobre 1937 \u00e0 Bodiliz. Sa vie, un v\u00e9ritable \u00e9cho de la Bretagne, a \u00e9t\u00e9 marqu\u00e9e par un engagement sans faille pour le maintien et le d\u00e9veloppement de la langue bretonne, une mission spirituelle et culturelle qui a [&hellip;]\" \/>\n<meta property=\"og:url\" content=\"https:\/\/stourm.news\/?p=3359\" \/>\n<meta property=\"og:site_name\" content=\"STOURM\" \/>\n<meta property=\"article:publisher\" content=\"https:\/\/www.facebook.com\/stourmnews\/\" \/>\n<meta property=\"article:published_time\" content=\"2025-10-15T01:54:07+00:00\" \/>\n<meta property=\"article:modified_time\" content=\"2025-10-15T09:16:30+00:00\" \/>\n<meta property=\"og:image\" content=\"https:\/\/stourm.news\/wp-content\/uploads\/2025\/02\/job-an-irien.jpg\" \/>\n\t<meta property=\"og:image:width\" content=\"1422\" \/>\n\t<meta property=\"og:image:height\" content=\"947\" \/>\n\t<meta property=\"og:image:type\" content=\"image\/jpeg\" \/>\n<meta name=\"author\" content=\"La r\u00e9daction\" \/>\n<meta name=\"twitter:card\" content=\"summary_large_image\" \/>\n<meta name=\"twitter:label1\" content=\"\u00c9crit par\" \/>\n\t<meta name=\"twitter:data1\" content=\"La r\u00e9daction\" \/>\n\t<meta name=\"twitter:label2\" content=\"Dur\u00e9e de lecture estim\u00e9e\" \/>\n\t<meta name=\"twitter:data2\" content=\"5 minutes\" \/>\n<script type=\"application\/ld+json\" class=\"yoast-schema-graph\">{\"@context\":\"https:\/\/schema.org\",\"@graph\":[{\"@type\":\"Article\",\"@id\":\"https:\/\/stourm.news\/?p=3359#article\",\"isPartOf\":{\"@id\":\"https:\/\/stourm.news\/?p=3359\"},\"author\":{\"name\":\"La r\u00e9daction\",\"@id\":\"https:\/\/stourm.news\/#\/schema\/person\/c3e1dc65988632e190969234ef046cf9\"},\"headline\":\"Emsav : 15 octobre 1937, naissance de Job an Irien, militant de la langue bretonne et de la foi chr\u00e9tienne\",\"datePublished\":\"2025-10-15T01:54:07+00:00\",\"dateModified\":\"2025-10-15T09:16:30+00:00\",\"mainEntityOfPage\":{\"@id\":\"https:\/\/stourm.news\/?p=3359\"},\"wordCount\":827,\"commentCount\":0,\"publisher\":{\"@id\":\"https:\/\/stourm.news\/#organization\"},\"image\":{\"@id\":\"https:\/\/stourm.news\/?p=3359#primaryimage\"},\"thumbnailUrl\":\"https:\/\/stourm.news\/wp-content\/uploads\/2025\/02\/job-an-irien.jpg\",\"articleSection\":[\"Breizh\",\"Principale\"],\"inLanguage\":\"fr-FR\",\"potentialAction\":[{\"@type\":\"CommentAction\",\"name\":\"Comment\",\"target\":[\"https:\/\/stourm.news\/?p=3359#respond\"]}]},{\"@type\":\"WebPage\",\"@id\":\"https:\/\/stourm.news\/?p=3359\",\"url\":\"https:\/\/stourm.news\/?p=3359\",\"name\":\"Emsav : 15 octobre 1937, naissance de Job an Irien, militant de la langue bretonne et de la foi chr\u00e9tienne - STOURM\",\"isPartOf\":{\"@id\":\"https:\/\/stourm.news\/#website\"},\"primaryImageOfPage\":{\"@id\":\"https:\/\/stourm.news\/?p=3359#primaryimage\"},\"image\":{\"@id\":\"https:\/\/stourm.news\/?p=3359#primaryimage\"},\"thumbnailUrl\":\"https:\/\/stourm.news\/wp-content\/uploads\/2025\/02\/job-an-irien.jpg\",\"datePublished\":\"2025-10-15T01:54:07+00:00\",\"dateModified\":\"2025-10-15T09:16:30+00:00\",\"breadcrumb\":{\"@id\":\"https:\/\/stourm.news\/?p=3359#breadcrumb\"},\"inLanguage\":\"fr-FR\",\"potentialAction\":[{\"@type\":\"ReadAction\",\"target\":[\"https:\/\/stourm.news\/?p=3359\"]}]},{\"@type\":\"ImageObject\",\"inLanguage\":\"fr-FR\",\"@id\":\"https:\/\/stourm.news\/?p=3359#primaryimage\",\"url\":\"https:\/\/stourm.news\/wp-content\/uploads\/2025\/02\/job-an-irien.jpg\",\"contentUrl\":\"https:\/\/stourm.news\/wp-content\/uploads\/2025\/02\/job-an-irien.jpg\",\"width\":1422,\"height\":947},{\"@type\":\"BreadcrumbList\",\"@id\":\"https:\/\/stourm.news\/?p=3359#breadcrumb\",\"itemListElement\":[{\"@type\":\"ListItem\",\"position\":1,\"name\":\"Accueil\",\"item\":\"https:\/\/stourm.news\/\"},{\"@type\":\"ListItem\",\"position\":2,\"name\":\"Emsav : 15 octobre 1937, naissance de Job an Irien, militant de la langue bretonne et de la foi chr\u00e9tienne\"}]},{\"@type\":\"WebSite\",\"@id\":\"https:\/\/stourm.news\/#website\",\"url\":\"https:\/\/stourm.news\/\",\"name\":\"Stourm\",\"description\":\"Kazetenn Strollad Broadel Breizh\",\"publisher\":{\"@id\":\"https:\/\/stourm.news\/#organization\"},\"potentialAction\":[{\"@type\":\"SearchAction\",\"target\":{\"@type\":\"EntryPoint\",\"urlTemplate\":\"https:\/\/stourm.news\/?s={search_term_string}\"},\"query-input\":{\"@type\":\"PropertyValueSpecification\",\"valueRequired\":true,\"valueName\":\"search_term_string\"}}],\"inLanguage\":\"fr-FR\"},{\"@type\":\"Organization\",\"@id\":\"https:\/\/stourm.news\/#organization\",\"name\":\"Stourm\",\"url\":\"https:\/\/stourm.news\/\",\"logo\":{\"@type\":\"ImageObject\",\"inLanguage\":\"fr-FR\",\"@id\":\"https:\/\/stourm.news\/#\/schema\/logo\/image\/\",\"url\":\"https:\/\/stourm.news\/wp-content\/uploads\/2025\/11\/cropped-Capture-decran-2025-11-28-a-15.19.07.png\",\"contentUrl\":\"https:\/\/stourm.news\/wp-content\/uploads\/2025\/11\/cropped-Capture-decran-2025-11-28-a-15.19.07.png\",\"width\":1855,\"height\":383,\"caption\":\"Stourm\"},\"image\":{\"@id\":\"https:\/\/stourm.news\/#\/schema\/logo\/image\/\"},\"sameAs\":[\"https:\/\/www.facebook.com\/stourmnews\/\"]},{\"@type\":\"Person\",\"@id\":\"https:\/\/stourm.news\/#\/schema\/person\/c3e1dc65988632e190969234ef046cf9\",\"name\":\"La r\u00e9daction\",\"image\":{\"@type\":\"ImageObject\",\"inLanguage\":\"fr-FR\",\"@id\":\"https:\/\/stourm.news\/#\/schema\/person\/image\/\",\"url\":\"https:\/\/secure.gravatar.com\/avatar\/7463443f194b6b5fb706b074ca0ef59a0cfcfd720cb47764b0ec5a952ce422b3?s=96&d=mm&r=g\",\"contentUrl\":\"https:\/\/secure.gravatar.com\/avatar\/7463443f194b6b5fb706b074ca0ef59a0cfcfd720cb47764b0ec5a952ce422b3?s=96&d=mm&r=g\",\"caption\":\"La r\u00e9daction\"},\"sameAs\":[\"https:\/\/stourm.news\"],\"url\":\"https:\/\/stourm.news\/?author=1\"}]}<\/script>\n<!-- \/ Yoast SEO plugin. -->","yoast_head_json":{"title":"Emsav : 15 octobre 1937, naissance de Job an Irien, militant de la langue bretonne et de la foi chr\u00e9tienne - STOURM","robots":{"index":"index","follow":"follow","max-snippet":"max-snippet:-1","max-image-preview":"max-image-preview:large","max-video-preview":"max-video-preview:-1"},"canonical":"https:\/\/stourm.news\/?p=3359","og_locale":"fr_FR","og_type":"article","og_title":"Emsav : 15 octobre 1937, naissance de Job an Irien, militant de la langue bretonne et de la foi chr\u00e9tienne - STOURM","og_description":"Job an Irien est disparu le 2 f\u00e9vrier, \u00e0 l&rsquo;\u00e2ge de 88 ans. Job \u00e9tait n\u00e9 le 15 octobre 1937 \u00e0 Bodiliz. Sa vie, un v\u00e9ritable \u00e9cho de la Bretagne, a \u00e9t\u00e9 marqu\u00e9e par un engagement sans faille pour le maintien et le d\u00e9veloppement de la langue bretonne, une mission spirituelle et culturelle qui a [&hellip;]","og_url":"https:\/\/stourm.news\/?p=3359","og_site_name":"STOURM","article_publisher":"https:\/\/www.facebook.com\/stourmnews\/","article_published_time":"2025-10-15T01:54:07+00:00","article_modified_time":"2025-10-15T09:16:30+00:00","og_image":[{"width":1422,"height":947,"url":"https:\/\/stourm.news\/wp-content\/uploads\/2025\/02\/job-an-irien.jpg","type":"image\/jpeg"}],"author":"La r\u00e9daction","twitter_card":"summary_large_image","twitter_misc":{"\u00c9crit par":"La r\u00e9daction","Dur\u00e9e de lecture estim\u00e9e":"5 minutes"},"schema":{"@context":"https:\/\/schema.org","@graph":[{"@type":"Article","@id":"https:\/\/stourm.news\/?p=3359#article","isPartOf":{"@id":"https:\/\/stourm.news\/?p=3359"},"author":{"name":"La r\u00e9daction","@id":"https:\/\/stourm.news\/#\/schema\/person\/c3e1dc65988632e190969234ef046cf9"},"headline":"Emsav : 15 octobre 1937, naissance de Job an Irien, militant de la langue bretonne et de la foi chr\u00e9tienne","datePublished":"2025-10-15T01:54:07+00:00","dateModified":"2025-10-15T09:16:30+00:00","mainEntityOfPage":{"@id":"https:\/\/stourm.news\/?p=3359"},"wordCount":827,"commentCount":0,"publisher":{"@id":"https:\/\/stourm.news\/#organization"},"image":{"@id":"https:\/\/stourm.news\/?p=3359#primaryimage"},"thumbnailUrl":"https:\/\/stourm.news\/wp-content\/uploads\/2025\/02\/job-an-irien.jpg","articleSection":["Breizh","Principale"],"inLanguage":"fr-FR","potentialAction":[{"@type":"CommentAction","name":"Comment","target":["https:\/\/stourm.news\/?p=3359#respond"]}]},{"@type":"WebPage","@id":"https:\/\/stourm.news\/?p=3359","url":"https:\/\/stourm.news\/?p=3359","name":"Emsav : 15 octobre 1937, naissance de Job an Irien, militant de la langue bretonne et de la foi chr\u00e9tienne - STOURM","isPartOf":{"@id":"https:\/\/stourm.news\/#website"},"primaryImageOfPage":{"@id":"https:\/\/stourm.news\/?p=3359#primaryimage"},"image":{"@id":"https:\/\/stourm.news\/?p=3359#primaryimage"},"thumbnailUrl":"https:\/\/stourm.news\/wp-content\/uploads\/2025\/02\/job-an-irien.jpg","datePublished":"2025-10-15T01:54:07+00:00","dateModified":"2025-10-15T09:16:30+00:00","breadcrumb":{"@id":"https:\/\/stourm.news\/?p=3359#breadcrumb"},"inLanguage":"fr-FR","potentialAction":[{"@type":"ReadAction","target":["https:\/\/stourm.news\/?p=3359"]}]},{"@type":"ImageObject","inLanguage":"fr-FR","@id":"https:\/\/stourm.news\/?p=3359#primaryimage","url":"https:\/\/stourm.news\/wp-content\/uploads\/2025\/02\/job-an-irien.jpg","contentUrl":"https:\/\/stourm.news\/wp-content\/uploads\/2025\/02\/job-an-irien.jpg","width":1422,"height":947},{"@type":"BreadcrumbList","@id":"https:\/\/stourm.news\/?p=3359#breadcrumb","itemListElement":[{"@type":"ListItem","position":1,"name":"Accueil","item":"https:\/\/stourm.news\/"},{"@type":"ListItem","position":2,"name":"Emsav : 15 octobre 1937, naissance de Job an Irien, militant de la langue bretonne et de la foi chr\u00e9tienne"}]},{"@type":"WebSite","@id":"https:\/\/stourm.news\/#website","url":"https:\/\/stourm.news\/","name":"Stourm","description":"Kazetenn Strollad Broadel Breizh","publisher":{"@id":"https:\/\/stourm.news\/#organization"},"potentialAction":[{"@type":"SearchAction","target":{"@type":"EntryPoint","urlTemplate":"https:\/\/stourm.news\/?s={search_term_string}"},"query-input":{"@type":"PropertyValueSpecification","valueRequired":true,"valueName":"search_term_string"}}],"inLanguage":"fr-FR"},{"@type":"Organization","@id":"https:\/\/stourm.news\/#organization","name":"Stourm","url":"https:\/\/stourm.news\/","logo":{"@type":"ImageObject","inLanguage":"fr-FR","@id":"https:\/\/stourm.news\/#\/schema\/logo\/image\/","url":"https:\/\/stourm.news\/wp-content\/uploads\/2025\/11\/cropped-Capture-decran-2025-11-28-a-15.19.07.png","contentUrl":"https:\/\/stourm.news\/wp-content\/uploads\/2025\/11\/cropped-Capture-decran-2025-11-28-a-15.19.07.png","width":1855,"height":383,"caption":"Stourm"},"image":{"@id":"https:\/\/stourm.news\/#\/schema\/logo\/image\/"},"sameAs":["https:\/\/www.facebook.com\/stourmnews\/"]},{"@type":"Person","@id":"https:\/\/stourm.news\/#\/schema\/person\/c3e1dc65988632e190969234ef046cf9","name":"La r\u00e9daction","image":{"@type":"ImageObject","inLanguage":"fr-FR","@id":"https:\/\/stourm.news\/#\/schema\/person\/image\/","url":"https:\/\/secure.gravatar.com\/avatar\/7463443f194b6b5fb706b074ca0ef59a0cfcfd720cb47764b0ec5a952ce422b3?s=96&d=mm&r=g","contentUrl":"https:\/\/secure.gravatar.com\/avatar\/7463443f194b6b5fb706b074ca0ef59a0cfcfd720cb47764b0ec5a952ce422b3?s=96&d=mm&r=g","caption":"La r\u00e9daction"},"sameAs":["https:\/\/stourm.news"],"url":"https:\/\/stourm.news\/?author=1"}]}},"_links":{"self":[{"href":"https:\/\/stourm.news\/index.php?rest_route=\/wp\/v2\/posts\/3359","targetHints":{"allow":["GET"]}}],"collection":[{"href":"https:\/\/stourm.news\/index.php?rest_route=\/wp\/v2\/posts"}],"about":[{"href":"https:\/\/stourm.news\/index.php?rest_route=\/wp\/v2\/types\/post"}],"author":[{"embeddable":true,"href":"https:\/\/stourm.news\/index.php?rest_route=\/wp\/v2\/users\/1"}],"replies":[{"embeddable":true,"href":"https:\/\/stourm.news\/index.php?rest_route=%2Fwp%2Fv2%2Fcomments&post=3359"}],"version-history":[{"count":6,"href":"https:\/\/stourm.news\/index.php?rest_route=\/wp\/v2\/posts\/3359\/revisions"}],"predecessor-version":[{"id":4806,"href":"https:\/\/stourm.news\/index.php?rest_route=\/wp\/v2\/posts\/3359\/revisions\/4806"}],"wp:featuredmedia":[{"embeddable":true,"href":"https:\/\/stourm.news\/index.php?rest_route=\/wp\/v2\/media\/3360"}],"wp:attachment":[{"href":"https:\/\/stourm.news\/index.php?rest_route=%2Fwp%2Fv2%2Fmedia&parent=3359"}],"wp:term":[{"taxonomy":"category","embeddable":true,"href":"https:\/\/stourm.news\/index.php?rest_route=%2Fwp%2Fv2%2Fcategories&post=3359"},{"taxonomy":"post_tag","embeddable":true,"href":"https:\/\/stourm.news\/index.php?rest_route=%2Fwp%2Fv2%2Ftags&post=3359"}],"curies":[{"name":"wp","href":"https:\/\/api.w.org\/{rel}","templated":true}]}}