{"id":3366,"date":"2025-02-04T04:14:14","date_gmt":"2025-02-04T04:14:14","guid":{"rendered":"https:\/\/stourm.news\/?p=3366"},"modified":"2025-02-04T04:14:14","modified_gmt":"2025-02-04T04:14:14","slug":"les-heros-de-la-revolution-irlandaise-sean-mac-diarmada","status":"publish","type":"post","link":"https:\/\/stourm.news\/?p=3366","title":{"rendered":"Les h\u00e9ros de la r\u00e9volution irlandaise : Se\u00e1n Mac Diarmada"},"content":{"rendered":"<p style=\"text-align: justify;\">Se\u00e1n Mac Diarmada est n\u00e9 John MacDermott \u00e0 Corranmore, pr\u00e8s de Kiltyclogher dans le comt\u00e9 de Leitrim, une r\u00e9gion o\u00f9 le paysage est marqu\u00e9 par la pauvret\u00e9. Son p\u00e8re Donald McDermott est membre de la CISR et ami de John Daly.<\/p>\n<p style=\"text-align: justify;\">Autour de Mac Diarmada, dans la campagne de Leitrim, il y a des signes de l&rsquo;histoire irlandaise dans toute la r\u00e9gion. Il y a une ancienne sudation, des roches de masse datant de l&rsquo;\u00e9poque p\u00e9nale et des pers\u00e9cutions des XVIIe et XVIIIe si\u00e8cles, et des demeures abandonn\u00e9es \u00e0 la suite de la famine des ann\u00e9es 1840.<\/p>\n<p><img fetchpriority=\"high\" decoding=\"async\" class=\"alignnone size-medium aligncenter\" src=\"https:\/\/heritageireland.ie\/assets\/uploads\/2020\/10\/151202_Sean_McDermott_Cottage_129-1200x750.jpg\" width=\"1200\" height=\"750\" \/><\/p>\n<p style=\"text-align: center;\"><em>Maison natale de Se\u00e1n Mac Diarmada<\/em><\/p>\n<p style=\"text-align: justify;\">Il fait ses \u00e9tudes \u00e0 l&rsquo;\u00e9cole nationale de Corradoona. En 1908, il s&rsquo;installe \u00e0 Dublin, \u00e9poque \u00e0 laquelle il est d\u00e9j\u00e0 impliqu\u00e9 depuis longtemps dans plusieurs organisations nationalistes et culturelles irlandaises, dont le Sinn F\u00e9in, la Fraternit\u00e9 r\u00e9publicaine irlandaise (IRB), l&rsquo;Ancien Ordre des Hiberniens et la Ligue ga\u00e9lique. Il est rapidement promu au Conseil supr\u00eame de l&rsquo;IRB et finalement \u00e9lu secr\u00e9taire. Il a initialement refus\u00e9 de rejoindre l&rsquo;IRB car celui-ci a \u00e9t\u00e9 condamn\u00e9 par l&rsquo;\u00c9glise catholique, mais Bulmer Hobson l&rsquo;a convaincu du contraire.<\/p>\n<p style=\"text-align: justify;\">En 1910, il devient directeur du journal radical Irish Freedom, qu&rsquo;il fonde avec Bulmer Hobson et Denis McCullough. Il est \u00e9galement organisateur national pour l&rsquo;IRB et est pris sous l&rsquo;aile du v\u00e9t\u00e9ran Fenian Tom Clarke. En effet, au fil des ann\u00e9es, les deux hommes deviennent presque ins\u00e9parables. Peu de temps apr\u00e8s, Mac Diarmada contracte la polio et avait besoin d&rsquo;une canne pour marcher.<\/p>\n<p><img decoding=\"async\" class=\"alignnone size-medium\" src=\"https:\/\/upload.wikimedia.org\/wikipedia\/commons\/thumb\/3\/3d\/Green_Sunburst_Flag.svg\/1200px-Green_Sunburst_Flag.svg.png\" width=\"1200\" height=\"686\" \/><\/p>\n<p style=\"text-align: center;\"><em>Drapeau de l&rsquo;Irish R\u00e9publican Brotherhood<\/em><\/p>\n<p style=\"text-align: justify;\">MacDiarmada et Clarke soutiennent les travailleurs lors du lock-out de Dublin en 1913.<\/p>\n<p style=\"text-align: justify;\">En novembre 1913, Mac Diarmada est l&rsquo;un des premiers membres des Volontaires irlandais et continue \u00e0 travailler pour amener cette organisation sous le contr\u00f4le de l&rsquo;IRB. En mai 1915, Mac Diarmada est arr\u00eat\u00e9 \u00e0 Tuam, dans le comt\u00e9 de Galway, en vertu de la loi sur la d\u00e9fense du royaume de 1914, pour avoir prononc\u00e9 un discours contre l&rsquo;enr\u00f4lement dans l&rsquo;arm\u00e9e britannique pendant la Premi\u00e8re Guerre mondiale.<\/p>\n<p style=\"text-align: justify;\">Apr\u00e8s sa lib\u00e9ration en septembre 1915, il rejoint le Comit\u00e9 militaire secret de l&rsquo;IRB, charg\u00e9 de planifier le soul\u00e8vement. En fait, Mac Diarmada et Clarke en sont les principaux responsables. En 1914, il d\u00e9clare que \u00ab l\u2019esprit patriotique irlandais mourrait pour toujours \u00e0 moins qu\u2019un sacrifice de sang ne soit fait dans les prochaines ann\u00e9es \u00bb. \u00bb.<\/p>\n<p><img decoding=\"async\" class=\"aligncenter\" src=\"https:\/\/preview.redd.it\/what-are-your-thoughts-criticisms-and-opinions-on-tom-clarke-v0-dvxiwkmrx6eb1.jpg?width=1080&amp;crop=smart&amp;auto=webp&amp;s=3155504388774a6b864ec9d998a49a99b5783198\" width=\"407\" height=\"565\" \/><\/p>\n<p style=\"text-align: center;\"><em>Tom Clarke<\/em><\/p>\n<p style=\"text-align: justify;\">En raison de son handicap, Mac Diarmada participe peu aux combats de la semaine de P\u00e2ques, mais il est stationn\u00e9 au si\u00e8ge de la Poste centrale de Dublin (GPO), en tant que membre du Gouvernement R\u00e9publicain Provisoire. Apr\u00e8s sa reddition, il a failli \u00e9chapper \u00e0 l&rsquo;ex\u00e9cution en se m\u00ealant au grand nombre de prisonniers. Il est finalement reconnu par Daniel Hoey de la Division G15. \u00c0 l&rsquo;issue d&rsquo;une cour martiale le 9 mai, Mac Diarmada est ex\u00e9cut\u00e9 par un peloton d&rsquo;ex\u00e9cution dans la prison de Kilmainham le 12 mai, \u00e0 l&rsquo;\u00e2ge de 33 ans.<\/p>\n<p><img loading=\"lazy\" decoding=\"async\" class=\"alignnone size-medium\" src=\"https:\/\/res.cloudinary.com\/tg4\/image\/upload\/387231.jpg\" width=\"1920\" height=\"1080\" \/><\/p>\n<p style=\"text-align: justify;\">En septembre 1919, Hoey est abattu par l&rsquo;escouade de Michael Collins. De m\u00eame, l&rsquo;officier britannique Lee-Wilson, qui a ordonn\u00e9 que Mac Diarmada soit abattu plut\u00f4t que emprisonn\u00e9, est \u00e9galement tu\u00e9 \u00e0 Cork sur ordre de Collins pendant la guerre d&rsquo;ind\u00e9pendance irlandaise.<\/p>\n<p style=\"text-align: justify;\">Mac Diarmada entretenait une correspondance r\u00e9guli\u00e8re avec Nell Ryan. Dans sa derni\u00e8re lettre, il \u00e9crit : \u00ab Miss Ryan, celle qui, selon toute probabilit\u00e9, si j&rsquo;avais v\u00e9cu, aurait \u00e9t\u00e9 ma femme \u00bb. \u00ab\u00a0Min\u00a0\u00bb Josephine Ryan et sa s\u0153ur, Phyllis, sont coursi\u00e8res du GPO17 et r\u00e9ussissent \u00e0 s&rsquo;\u00e9chapper. Min, l&rsquo;une des fondatrices de Cumann na mBan, r\u00e9ussit \u00e0 s&rsquo;\u00e9chapper de l&rsquo;Irlande vers l&rsquo;Am\u00e9rique18 elle \u00e9pouse plus tard Richard Mulcahy.<\/p>\n<p><img loading=\"lazy\" decoding=\"async\" class=\"alignnone size-medium\" src=\"https:\/\/www.go-to-ireland.com\/wp-content\/uploads\/2016\/07\/cumann-na-mban-1.jpg\" width=\"2000\" height=\"1047\" \/><\/p>\n<p style=\"text-align: center;\"><em>Cumann na mBan<\/em><\/p>\n<p style=\"text-align: justify;\">Avant son ex\u00e9cution, Mac Diarmada \u00e9crit : \u00ab Je ressens un bonheur comme je n&rsquo;en ai jamais connu. Je meurs pour que la nation irlandaise vive ! \u00ab\u00a0.<\/p>\n<p style=\"text-align: right;\"><strong>Olwen Kerdrel<\/strong><\/p>\n<p style=\"text-align: justify;\">\n","protected":false},"excerpt":{"rendered":"<p>Se\u00e1n Mac Diarmada est n\u00e9 John MacDermott \u00e0 Corranmore, pr\u00e8s de Kiltyclogher dans le comt\u00e9 de Leitrim, une r\u00e9gion o\u00f9 le paysage est marqu\u00e9 par la pauvret\u00e9. Son p\u00e8re Donald McDermott est membre de la CISR et ami de John Daly. Autour de Mac Diarmada, dans la campagne de Leitrim, il y a des signes [&hellip;]<\/p>\n","protected":false},"author":1,"featured_media":3367,"comment_status":"open","ping_status":"open","sticky":false,"template":"","format":"standard","meta":{"sb_editor_width":"","footnotes":""},"categories":[84,65],"tags":[],"class_list":["post-3366","post","type-post","status-publish","format-standard","has-post-thumbnail","hentry","category-celtisme","category-principale"],"relative_dates":{"created":"1 an ago","modified":"1 an ago"},"yoast_head":"<!-- This site is optimized with the Yoast SEO plugin v26.3 - https:\/\/yoast.com\/wordpress\/plugins\/seo\/ -->\n<title>Les h\u00e9ros de la r\u00e9volution irlandaise : Se\u00e1n Mac Diarmada - STOURM<\/title>\n<meta name=\"robots\" content=\"index, follow, max-snippet:-1, max-image-preview:large, max-video-preview:-1\" \/>\n<link rel=\"canonical\" href=\"https:\/\/stourm.news\/?p=3366\" \/>\n<meta property=\"og:locale\" content=\"fr_FR\" \/>\n<meta property=\"og:type\" content=\"article\" \/>\n<meta property=\"og:title\" content=\"Les h\u00e9ros de la r\u00e9volution irlandaise : Se\u00e1n Mac Diarmada - STOURM\" \/>\n<meta property=\"og:description\" content=\"Se\u00e1n Mac Diarmada est n\u00e9 John MacDermott \u00e0 Corranmore, pr\u00e8s de Kiltyclogher dans le comt\u00e9 de Leitrim, une r\u00e9gion o\u00f9 le paysage est marqu\u00e9 par la pauvret\u00e9. Son p\u00e8re Donald McDermott est membre de la CISR et ami de John Daly. Autour de Mac Diarmada, dans la campagne de Leitrim, il y a des signes [&hellip;]\" \/>\n<meta property=\"og:url\" content=\"https:\/\/stourm.news\/?p=3366\" \/>\n<meta property=\"og:site_name\" content=\"STOURM\" \/>\n<meta property=\"article:publisher\" content=\"https:\/\/www.facebook.com\/stourmnews\/\" \/>\n<meta property=\"article:published_time\" content=\"2025-02-04T04:14:14+00:00\" \/>\n<meta property=\"og:image\" content=\"https:\/\/stourm.news\/wp-content\/uploads\/2025\/02\/Capture-decran-2025-02-04-a-13.13.07.png\" \/>\n\t<meta property=\"og:image:width\" content=\"966\" \/>\n\t<meta property=\"og:image:height\" content=\"644\" \/>\n\t<meta property=\"og:image:type\" content=\"image\/png\" \/>\n<meta name=\"author\" content=\"La r\u00e9daction\" \/>\n<meta name=\"twitter:card\" content=\"summary_large_image\" \/>\n<meta name=\"twitter:label1\" content=\"\u00c9crit par\" \/>\n\t<meta name=\"twitter:data1\" content=\"La r\u00e9daction\" \/>\n\t<meta name=\"twitter:label2\" content=\"Dur\u00e9e de lecture estim\u00e9e\" \/>\n\t<meta name=\"twitter:data2\" content=\"5 minutes\" \/>\n<script type=\"application\/ld+json\" class=\"yoast-schema-graph\">{\"@context\":\"https:\/\/schema.org\",\"@graph\":[{\"@type\":\"Article\",\"@id\":\"https:\/\/stourm.news\/?p=3366#article\",\"isPartOf\":{\"@id\":\"https:\/\/stourm.news\/?p=3366\"},\"author\":{\"name\":\"La r\u00e9daction\",\"@id\":\"https:\/\/stourm.news\/#\/schema\/person\/c3e1dc65988632e190969234ef046cf9\"},\"headline\":\"Les h\u00e9ros de la r\u00e9volution irlandaise : Se\u00e1n Mac Diarmada\",\"datePublished\":\"2025-02-04T04:14:14+00:00\",\"mainEntityOfPage\":{\"@id\":\"https:\/\/stourm.news\/?p=3366\"},\"wordCount\":695,\"commentCount\":0,\"publisher\":{\"@id\":\"https:\/\/stourm.news\/#organization\"},\"image\":{\"@id\":\"https:\/\/stourm.news\/?p=3366#primaryimage\"},\"thumbnailUrl\":\"https:\/\/stourm.news\/wp-content\/uploads\/2025\/02\/Capture-decran-2025-02-04-a-13.13.07.png\",\"articleSection\":[\"Celtisme\",\"Principale\"],\"inLanguage\":\"fr-FR\",\"potentialAction\":[{\"@type\":\"CommentAction\",\"name\":\"Comment\",\"target\":[\"https:\/\/stourm.news\/?p=3366#respond\"]}]},{\"@type\":\"WebPage\",\"@id\":\"https:\/\/stourm.news\/?p=3366\",\"url\":\"https:\/\/stourm.news\/?p=3366\",\"name\":\"Les h\u00e9ros de la r\u00e9volution irlandaise : Se\u00e1n Mac Diarmada - STOURM\",\"isPartOf\":{\"@id\":\"https:\/\/stourm.news\/#website\"},\"primaryImageOfPage\":{\"@id\":\"https:\/\/stourm.news\/?p=3366#primaryimage\"},\"image\":{\"@id\":\"https:\/\/stourm.news\/?p=3366#primaryimage\"},\"thumbnailUrl\":\"https:\/\/stourm.news\/wp-content\/uploads\/2025\/02\/Capture-decran-2025-02-04-a-13.13.07.png\",\"datePublished\":\"2025-02-04T04:14:14+00:00\",\"breadcrumb\":{\"@id\":\"https:\/\/stourm.news\/?p=3366#breadcrumb\"},\"inLanguage\":\"fr-FR\",\"potentialAction\":[{\"@type\":\"ReadAction\",\"target\":[\"https:\/\/stourm.news\/?p=3366\"]}]},{\"@type\":\"ImageObject\",\"inLanguage\":\"fr-FR\",\"@id\":\"https:\/\/stourm.news\/?p=3366#primaryimage\",\"url\":\"https:\/\/stourm.news\/wp-content\/uploads\/2025\/02\/Capture-decran-2025-02-04-a-13.13.07.png\",\"contentUrl\":\"https:\/\/stourm.news\/wp-content\/uploads\/2025\/02\/Capture-decran-2025-02-04-a-13.13.07.png\",\"width\":966,\"height\":644},{\"@type\":\"BreadcrumbList\",\"@id\":\"https:\/\/stourm.news\/?p=3366#breadcrumb\",\"itemListElement\":[{\"@type\":\"ListItem\",\"position\":1,\"name\":\"Accueil\",\"item\":\"https:\/\/stourm.news\/\"},{\"@type\":\"ListItem\",\"position\":2,\"name\":\"Les h\u00e9ros de la r\u00e9volution irlandaise : Se\u00e1n Mac Diarmada\"}]},{\"@type\":\"WebSite\",\"@id\":\"https:\/\/stourm.news\/#website\",\"url\":\"https:\/\/stourm.news\/\",\"name\":\"Stourm\",\"description\":\"Kazetenn Strollad Broadel Breizh\",\"publisher\":{\"@id\":\"https:\/\/stourm.news\/#organization\"},\"potentialAction\":[{\"@type\":\"SearchAction\",\"target\":{\"@type\":\"EntryPoint\",\"urlTemplate\":\"https:\/\/stourm.news\/?s={search_term_string}\"},\"query-input\":{\"@type\":\"PropertyValueSpecification\",\"valueRequired\":true,\"valueName\":\"search_term_string\"}}],\"inLanguage\":\"fr-FR\"},{\"@type\":\"Organization\",\"@id\":\"https:\/\/stourm.news\/#organization\",\"name\":\"Stourm\",\"url\":\"https:\/\/stourm.news\/\",\"logo\":{\"@type\":\"ImageObject\",\"inLanguage\":\"fr-FR\",\"@id\":\"https:\/\/stourm.news\/#\/schema\/logo\/image\/\",\"url\":\"https:\/\/stourm.news\/wp-content\/uploads\/2025\/11\/cropped-Capture-decran-2025-11-28-a-15.19.07.png\",\"contentUrl\":\"https:\/\/stourm.news\/wp-content\/uploads\/2025\/11\/cropped-Capture-decran-2025-11-28-a-15.19.07.png\",\"width\":1855,\"height\":383,\"caption\":\"Stourm\"},\"image\":{\"@id\":\"https:\/\/stourm.news\/#\/schema\/logo\/image\/\"},\"sameAs\":[\"https:\/\/www.facebook.com\/stourmnews\/\"]},{\"@type\":\"Person\",\"@id\":\"https:\/\/stourm.news\/#\/schema\/person\/c3e1dc65988632e190969234ef046cf9\",\"name\":\"La r\u00e9daction\",\"image\":{\"@type\":\"ImageObject\",\"inLanguage\":\"fr-FR\",\"@id\":\"https:\/\/stourm.news\/#\/schema\/person\/image\/\",\"url\":\"https:\/\/secure.gravatar.com\/avatar\/7463443f194b6b5fb706b074ca0ef59a0cfcfd720cb47764b0ec5a952ce422b3?s=96&d=mm&r=g\",\"contentUrl\":\"https:\/\/secure.gravatar.com\/avatar\/7463443f194b6b5fb706b074ca0ef59a0cfcfd720cb47764b0ec5a952ce422b3?s=96&d=mm&r=g\",\"caption\":\"La r\u00e9daction\"},\"sameAs\":[\"https:\/\/stourm.news\"],\"url\":\"https:\/\/stourm.news\/?author=1\"}]}<\/script>\n<!-- \/ Yoast SEO plugin. -->","yoast_head_json":{"title":"Les h\u00e9ros de la r\u00e9volution irlandaise : Se\u00e1n Mac Diarmada - STOURM","robots":{"index":"index","follow":"follow","max-snippet":"max-snippet:-1","max-image-preview":"max-image-preview:large","max-video-preview":"max-video-preview:-1"},"canonical":"https:\/\/stourm.news\/?p=3366","og_locale":"fr_FR","og_type":"article","og_title":"Les h\u00e9ros de la r\u00e9volution irlandaise : Se\u00e1n Mac Diarmada - STOURM","og_description":"Se\u00e1n Mac Diarmada est n\u00e9 John MacDermott \u00e0 Corranmore, pr\u00e8s de Kiltyclogher dans le comt\u00e9 de Leitrim, une r\u00e9gion o\u00f9 le paysage est marqu\u00e9 par la pauvret\u00e9. Son p\u00e8re Donald McDermott est membre de la CISR et ami de John Daly. Autour de Mac Diarmada, dans la campagne de Leitrim, il y a des signes [&hellip;]","og_url":"https:\/\/stourm.news\/?p=3366","og_site_name":"STOURM","article_publisher":"https:\/\/www.facebook.com\/stourmnews\/","article_published_time":"2025-02-04T04:14:14+00:00","og_image":[{"width":966,"height":644,"url":"https:\/\/stourm.news\/wp-content\/uploads\/2025\/02\/Capture-decran-2025-02-04-a-13.13.07.png","type":"image\/png"}],"author":"La r\u00e9daction","twitter_card":"summary_large_image","twitter_misc":{"\u00c9crit par":"La r\u00e9daction","Dur\u00e9e de lecture estim\u00e9e":"5 minutes"},"schema":{"@context":"https:\/\/schema.org","@graph":[{"@type":"Article","@id":"https:\/\/stourm.news\/?p=3366#article","isPartOf":{"@id":"https:\/\/stourm.news\/?p=3366"},"author":{"name":"La r\u00e9daction","@id":"https:\/\/stourm.news\/#\/schema\/person\/c3e1dc65988632e190969234ef046cf9"},"headline":"Les h\u00e9ros de la r\u00e9volution irlandaise : Se\u00e1n Mac Diarmada","datePublished":"2025-02-04T04:14:14+00:00","mainEntityOfPage":{"@id":"https:\/\/stourm.news\/?p=3366"},"wordCount":695,"commentCount":0,"publisher":{"@id":"https:\/\/stourm.news\/#organization"},"image":{"@id":"https:\/\/stourm.news\/?p=3366#primaryimage"},"thumbnailUrl":"https:\/\/stourm.news\/wp-content\/uploads\/2025\/02\/Capture-decran-2025-02-04-a-13.13.07.png","articleSection":["Celtisme","Principale"],"inLanguage":"fr-FR","potentialAction":[{"@type":"CommentAction","name":"Comment","target":["https:\/\/stourm.news\/?p=3366#respond"]}]},{"@type":"WebPage","@id":"https:\/\/stourm.news\/?p=3366","url":"https:\/\/stourm.news\/?p=3366","name":"Les h\u00e9ros de la r\u00e9volution irlandaise : Se\u00e1n Mac Diarmada - STOURM","isPartOf":{"@id":"https:\/\/stourm.news\/#website"},"primaryImageOfPage":{"@id":"https:\/\/stourm.news\/?p=3366#primaryimage"},"image":{"@id":"https:\/\/stourm.news\/?p=3366#primaryimage"},"thumbnailUrl":"https:\/\/stourm.news\/wp-content\/uploads\/2025\/02\/Capture-decran-2025-02-04-a-13.13.07.png","datePublished":"2025-02-04T04:14:14+00:00","breadcrumb":{"@id":"https:\/\/stourm.news\/?p=3366#breadcrumb"},"inLanguage":"fr-FR","potentialAction":[{"@type":"ReadAction","target":["https:\/\/stourm.news\/?p=3366"]}]},{"@type":"ImageObject","inLanguage":"fr-FR","@id":"https:\/\/stourm.news\/?p=3366#primaryimage","url":"https:\/\/stourm.news\/wp-content\/uploads\/2025\/02\/Capture-decran-2025-02-04-a-13.13.07.png","contentUrl":"https:\/\/stourm.news\/wp-content\/uploads\/2025\/02\/Capture-decran-2025-02-04-a-13.13.07.png","width":966,"height":644},{"@type":"BreadcrumbList","@id":"https:\/\/stourm.news\/?p=3366#breadcrumb","itemListElement":[{"@type":"ListItem","position":1,"name":"Accueil","item":"https:\/\/stourm.news\/"},{"@type":"ListItem","position":2,"name":"Les h\u00e9ros de la r\u00e9volution irlandaise : Se\u00e1n Mac Diarmada"}]},{"@type":"WebSite","@id":"https:\/\/stourm.news\/#website","url":"https:\/\/stourm.news\/","name":"Stourm","description":"Kazetenn Strollad Broadel Breizh","publisher":{"@id":"https:\/\/stourm.news\/#organization"},"potentialAction":[{"@type":"SearchAction","target":{"@type":"EntryPoint","urlTemplate":"https:\/\/stourm.news\/?s={search_term_string}"},"query-input":{"@type":"PropertyValueSpecification","valueRequired":true,"valueName":"search_term_string"}}],"inLanguage":"fr-FR"},{"@type":"Organization","@id":"https:\/\/stourm.news\/#organization","name":"Stourm","url":"https:\/\/stourm.news\/","logo":{"@type":"ImageObject","inLanguage":"fr-FR","@id":"https:\/\/stourm.news\/#\/schema\/logo\/image\/","url":"https:\/\/stourm.news\/wp-content\/uploads\/2025\/11\/cropped-Capture-decran-2025-11-28-a-15.19.07.png","contentUrl":"https:\/\/stourm.news\/wp-content\/uploads\/2025\/11\/cropped-Capture-decran-2025-11-28-a-15.19.07.png","width":1855,"height":383,"caption":"Stourm"},"image":{"@id":"https:\/\/stourm.news\/#\/schema\/logo\/image\/"},"sameAs":["https:\/\/www.facebook.com\/stourmnews\/"]},{"@type":"Person","@id":"https:\/\/stourm.news\/#\/schema\/person\/c3e1dc65988632e190969234ef046cf9","name":"La r\u00e9daction","image":{"@type":"ImageObject","inLanguage":"fr-FR","@id":"https:\/\/stourm.news\/#\/schema\/person\/image\/","url":"https:\/\/secure.gravatar.com\/avatar\/7463443f194b6b5fb706b074ca0ef59a0cfcfd720cb47764b0ec5a952ce422b3?s=96&d=mm&r=g","contentUrl":"https:\/\/secure.gravatar.com\/avatar\/7463443f194b6b5fb706b074ca0ef59a0cfcfd720cb47764b0ec5a952ce422b3?s=96&d=mm&r=g","caption":"La r\u00e9daction"},"sameAs":["https:\/\/stourm.news"],"url":"https:\/\/stourm.news\/?author=1"}]}},"_links":{"self":[{"href":"https:\/\/stourm.news\/index.php?rest_route=\/wp\/v2\/posts\/3366","targetHints":{"allow":["GET"]}}],"collection":[{"href":"https:\/\/stourm.news\/index.php?rest_route=\/wp\/v2\/posts"}],"about":[{"href":"https:\/\/stourm.news\/index.php?rest_route=\/wp\/v2\/types\/post"}],"author":[{"embeddable":true,"href":"https:\/\/stourm.news\/index.php?rest_route=\/wp\/v2\/users\/1"}],"replies":[{"embeddable":true,"href":"https:\/\/stourm.news\/index.php?rest_route=%2Fwp%2Fv2%2Fcomments&post=3366"}],"version-history":[{"count":1,"href":"https:\/\/stourm.news\/index.php?rest_route=\/wp\/v2\/posts\/3366\/revisions"}],"predecessor-version":[{"id":3368,"href":"https:\/\/stourm.news\/index.php?rest_route=\/wp\/v2\/posts\/3366\/revisions\/3368"}],"wp:featuredmedia":[{"embeddable":true,"href":"https:\/\/stourm.news\/index.php?rest_route=\/wp\/v2\/media\/3367"}],"wp:attachment":[{"href":"https:\/\/stourm.news\/index.php?rest_route=%2Fwp%2Fv2%2Fmedia&parent=3366"}],"wp:term":[{"taxonomy":"category","embeddable":true,"href":"https:\/\/stourm.news\/index.php?rest_route=%2Fwp%2Fv2%2Fcategories&post=3366"},{"taxonomy":"post_tag","embeddable":true,"href":"https:\/\/stourm.news\/index.php?rest_route=%2Fwp%2Fv2%2Ftags&post=3366"}],"curies":[{"name":"wp","href":"https:\/\/api.w.org\/{rel}","templated":true}]}}