{"id":3369,"date":"2025-02-04T06:57:19","date_gmt":"2025-02-04T06:57:19","guid":{"rendered":"https:\/\/stourm.news\/?p=3369"},"modified":"2025-02-04T06:57:19","modified_gmt":"2025-02-04T06:57:19","slug":"nantes-un-lyceen-agresse-a-1-contre-4-devant-son-etablissement-par-une-bande-ethnique","status":"publish","type":"post","link":"https:\/\/stourm.news\/?p=3369","title":{"rendered":"Nantes : un lyc\u00e9en agress\u00e9 \u00e0 1 contre 4 devant son \u00e9tablissement par une bande ethnique"},"content":{"rendered":"<p style=\"text-align: justify;\">Nouvelle <strong>agression<\/strong> aux abords d\u2019un \u00e9tablissement scolaire de l\u2019agglom\u00e9ration nantaise. Vendredi, le 31 janvier, un jeune homme de 18 ans a \u00e9t\u00e9 pris \u00e0 partie, empoign\u00e9 <strong>et copieusement pass\u00e9 \u00e0 tabac par une bande de quatre adolescent<\/strong>s, devant son lyc\u00e9e. Les faits se sont d\u00e9roul\u00e9s vers 13h50 sur le perron de l\u2019institut priv\u00e9 Saint-Dominique, dans le nord de Saint-Herblain, dans la banlieue ouest de Nantes. <strong>La victime a \u00e9t\u00e9 rou\u00e9e de coups<\/strong>, projet\u00e9e \u00e0 terre. L\u2019un de ses agresseurs <strong>a sorti un couteau<\/strong>, dont il s\u2019est abstenu de faire usage.<\/p>\n<p style=\"text-align: justify;\">Alert\u00e9es par le lyc\u00e9e, les forces de l\u2019ordre sont intervenues aux abords de l\u2019\u00e9tablissement scolaire, mettant en place un p\u00e9rim\u00e8tre de s\u00e9curit\u00e9 dans le quartier. Trois des quatre agresseurs ont pu \u00eatre interpell\u00e9s dans un centre commercial voisin. Parmi le trio, se trouvait un adolescent de 13 ans, <strong>en possession du couteau d\u00e9crit par la victime.<\/strong><\/p>\n<p style=\"text-align: justify;\"><strong>D\u00e9j\u00e0 connu de la police<\/strong>, ce jeune d\u00e9linquant r\u00e9cidiviste avait \u00e9t\u00e9 arr\u00eat\u00e9 mi-janvier pour une s\u00e9rie de vols avec violence et d\u2019extorsions dans l\u2019ensemble de l\u2019agglom\u00e9ration nantaise. Un dossier caract\u00e9ris\u00e9 par des d\u00e9lits qui se doublaient, selon le parquet, d\u2019une \u00abvraie volont\u00e9 d\u2019humiliation\u00bb des victimes, film\u00e9es par la bande de voleurs. \u00abLes jeunes nient les faits, sauf l\u2019un d\u2019eux qui reconna\u00eet avoir donn\u00e9 un coup de poing\u00bb, indique une source polici\u00e8re nantaise. Le jeune homme victime de l\u2019agression \u00e0 un contre quatre de vendredi dernier a \u00e9t\u00e9 pris en charge par les secours.<\/p>\n<p style=\"text-align: justify;\">Les agressions de lyc\u00e9ens se sont multipli\u00e9es ces derniers mois \u00e0 Nantes et dans sa banlieue. Entre octobre et novembre, quelque quinze lyc\u00e9ens et jeunes hommes ont \u00e9t\u00e9 attaqu\u00e9s par une m\u00eame bande dans les quartiers chics de Canclaux, dans le centre-ouest de la cit\u00e9 des ducs. Sept jeunes, de 14 \u00e0 17 ans, ont \u00e9t\u00e9 interpell\u00e9s en d\u00e9cembre et ont reconnu les faits. Selon une source judiciaire, cinq d\u2019entre eux ont re\u00e7u une simple mesure \u00e9ducative provisoire judiciaire leur interdisant notamment de para\u00eetre dans le quartier o\u00f9 ils ont commis les agressions et leur imposant un couvre-feu entre 22h et 6h. Au grand d\u00e9sespoir des victimes et de leurs proches.<\/p>\n<p>Source : <a href=\"https:\/\/www.lefigaro.fr\/nantes\/nantes-un-lyceen-agresse-a-1-contre-4-devant-son-etablissement-prive-20250203\">Le Figaro<\/a><\/p>\n","protected":false},"excerpt":{"rendered":"<p>Nouvelle agression aux abords d\u2019un \u00e9tablissement scolaire de l\u2019agglom\u00e9ration nantaise. Vendredi, le 31 janvier, un jeune homme de 18 ans a \u00e9t\u00e9 pris \u00e0 partie, empoign\u00e9 et copieusement pass\u00e9 \u00e0 tabac par une bande de quatre adolescents, devant son lyc\u00e9e. Les faits se sont d\u00e9roul\u00e9s vers 13h50 sur le perron de l\u2019institut priv\u00e9 Saint-Dominique, dans [&hellip;]<\/p>\n","protected":false},"author":1,"featured_media":3370,"comment_status":"open","ping_status":"open","sticky":false,"template":"","format":"standard","meta":{"sb_editor_width":"","footnotes":""},"categories":[31,42,62],"tags":[],"class_list":["post-3369","post","type-post","status-publish","format-standard","has-post-thumbnail","hentry","category-agression","category-loire-atlantique","category-revue-de-presse"],"relative_dates":{"created":"1 an ago","modified":"1 an ago"},"yoast_head":"<!-- This site is optimized with the Yoast SEO plugin v26.3 - https:\/\/yoast.com\/wordpress\/plugins\/seo\/ -->\n<title>Nantes : un lyc\u00e9en agress\u00e9 \u00e0 1 contre 4 devant son \u00e9tablissement par une bande ethnique - STOURM<\/title>\n<meta name=\"robots\" content=\"index, follow, max-snippet:-1, max-image-preview:large, max-video-preview:-1\" \/>\n<link rel=\"canonical\" href=\"https:\/\/stourm.news\/?p=3369\" \/>\n<meta property=\"og:locale\" content=\"fr_FR\" \/>\n<meta property=\"og:type\" content=\"article\" \/>\n<meta property=\"og:title\" content=\"Nantes : un lyc\u00e9en agress\u00e9 \u00e0 1 contre 4 devant son \u00e9tablissement par une bande ethnique - STOURM\" \/>\n<meta property=\"og:description\" content=\"Nouvelle agression aux abords d\u2019un \u00e9tablissement scolaire de l\u2019agglom\u00e9ration nantaise. Vendredi, le 31 janvier, un jeune homme de 18 ans a \u00e9t\u00e9 pris \u00e0 partie, empoign\u00e9 et copieusement pass\u00e9 \u00e0 tabac par une bande de quatre adolescents, devant son lyc\u00e9e. Les faits se sont d\u00e9roul\u00e9s vers 13h50 sur le perron de l\u2019institut priv\u00e9 Saint-Dominique, dans [&hellip;]\" \/>\n<meta property=\"og:url\" content=\"https:\/\/stourm.news\/?p=3369\" \/>\n<meta property=\"og:site_name\" content=\"STOURM\" \/>\n<meta property=\"article:publisher\" content=\"https:\/\/www.facebook.com\/stourmnews\/\" \/>\n<meta property=\"article:published_time\" content=\"2025-02-04T06:57:19+00:00\" \/>\n<meta name=\"author\" content=\"La r\u00e9daction\" \/>\n<meta name=\"twitter:card\" content=\"summary_large_image\" \/>\n<meta name=\"twitter:label1\" content=\"\u00c9crit par\" \/>\n\t<meta name=\"twitter:data1\" content=\"La r\u00e9daction\" \/>\n\t<meta name=\"twitter:label2\" content=\"Dur\u00e9e de lecture estim\u00e9e\" \/>\n\t<meta name=\"twitter:data2\" content=\"2 minutes\" \/>\n<script type=\"application\/ld+json\" class=\"yoast-schema-graph\">{\"@context\":\"https:\/\/schema.org\",\"@graph\":[{\"@type\":\"Article\",\"@id\":\"https:\/\/stourm.news\/?p=3369#article\",\"isPartOf\":{\"@id\":\"https:\/\/stourm.news\/?p=3369\"},\"author\":{\"name\":\"La r\u00e9daction\",\"@id\":\"https:\/\/stourm.news\/#\/schema\/person\/c3e1dc65988632e190969234ef046cf9\"},\"headline\":\"Nantes : un lyc\u00e9en agress\u00e9 \u00e0 1 contre 4 devant son \u00e9tablissement par une bande ethnique\",\"datePublished\":\"2025-02-04T06:57:19+00:00\",\"mainEntityOfPage\":{\"@id\":\"https:\/\/stourm.news\/?p=3369\"},\"wordCount\":405,\"commentCount\":0,\"publisher\":{\"@id\":\"https:\/\/stourm.news\/#organization\"},\"image\":{\"@id\":\"https:\/\/stourm.news\/?p=3369#primaryimage\"},\"thumbnailUrl\":\"https:\/\/stourm.news\/wp-content\/uploads\/2025\/02\/MjAyMzEwMDU4ZTRiNDY4NTMxNDJjZDI4Yzg3MDJlYWEyMmMzYWM.avif\",\"articleSection\":[\"Agression\",\"Loire-Atlantique\",\"Revue de presse\"],\"inLanguage\":\"fr-FR\",\"potentialAction\":[{\"@type\":\"CommentAction\",\"name\":\"Comment\",\"target\":[\"https:\/\/stourm.news\/?p=3369#respond\"]}]},{\"@type\":\"WebPage\",\"@id\":\"https:\/\/stourm.news\/?p=3369\",\"url\":\"https:\/\/stourm.news\/?p=3369\",\"name\":\"Nantes : un lyc\u00e9en agress\u00e9 \u00e0 1 contre 4 devant son \u00e9tablissement par une bande ethnique - STOURM\",\"isPartOf\":{\"@id\":\"https:\/\/stourm.news\/#website\"},\"primaryImageOfPage\":{\"@id\":\"https:\/\/stourm.news\/?p=3369#primaryimage\"},\"image\":{\"@id\":\"https:\/\/stourm.news\/?p=3369#primaryimage\"},\"thumbnailUrl\":\"https:\/\/stourm.news\/wp-content\/uploads\/2025\/02\/MjAyMzEwMDU4ZTRiNDY4NTMxNDJjZDI4Yzg3MDJlYWEyMmMzYWM.avif\",\"datePublished\":\"2025-02-04T06:57:19+00:00\",\"breadcrumb\":{\"@id\":\"https:\/\/stourm.news\/?p=3369#breadcrumb\"},\"inLanguage\":\"fr-FR\",\"potentialAction\":[{\"@type\":\"ReadAction\",\"target\":[\"https:\/\/stourm.news\/?p=3369\"]}]},{\"@type\":\"ImageObject\",\"inLanguage\":\"fr-FR\",\"@id\":\"https:\/\/stourm.news\/?p=3369#primaryimage\",\"url\":\"https:\/\/stourm.news\/wp-content\/uploads\/2025\/02\/MjAyMzEwMDU4ZTRiNDY4NTMxNDJjZDI4Yzg3MDJlYWEyMmMzYWM.avif\",\"contentUrl\":\"https:\/\/stourm.news\/wp-content\/uploads\/2025\/02\/MjAyMzEwMDU4ZTRiNDY4NTMxNDJjZDI4Yzg3MDJlYWEyMmMzYWM.avif\",\"width\":1260,\"height\":708},{\"@type\":\"BreadcrumbList\",\"@id\":\"https:\/\/stourm.news\/?p=3369#breadcrumb\",\"itemListElement\":[{\"@type\":\"ListItem\",\"position\":1,\"name\":\"Accueil\",\"item\":\"https:\/\/stourm.news\/\"},{\"@type\":\"ListItem\",\"position\":2,\"name\":\"Nantes : un lyc\u00e9en agress\u00e9 \u00e0 1 contre 4 devant son \u00e9tablissement par une bande ethnique\"}]},{\"@type\":\"WebSite\",\"@id\":\"https:\/\/stourm.news\/#website\",\"url\":\"https:\/\/stourm.news\/\",\"name\":\"Stourm\",\"description\":\"Kazetenn Strollad Broadel Breizh\",\"publisher\":{\"@id\":\"https:\/\/stourm.news\/#organization\"},\"potentialAction\":[{\"@type\":\"SearchAction\",\"target\":{\"@type\":\"EntryPoint\",\"urlTemplate\":\"https:\/\/stourm.news\/?s={search_term_string}\"},\"query-input\":{\"@type\":\"PropertyValueSpecification\",\"valueRequired\":true,\"valueName\":\"search_term_string\"}}],\"inLanguage\":\"fr-FR\"},{\"@type\":\"Organization\",\"@id\":\"https:\/\/stourm.news\/#organization\",\"name\":\"Stourm\",\"url\":\"https:\/\/stourm.news\/\",\"logo\":{\"@type\":\"ImageObject\",\"inLanguage\":\"fr-FR\",\"@id\":\"https:\/\/stourm.news\/#\/schema\/logo\/image\/\",\"url\":\"https:\/\/stourm.news\/wp-content\/uploads\/2025\/11\/cropped-Capture-decran-2025-11-28-a-15.19.07.png\",\"contentUrl\":\"https:\/\/stourm.news\/wp-content\/uploads\/2025\/11\/cropped-Capture-decran-2025-11-28-a-15.19.07.png\",\"width\":1855,\"height\":383,\"caption\":\"Stourm\"},\"image\":{\"@id\":\"https:\/\/stourm.news\/#\/schema\/logo\/image\/\"},\"sameAs\":[\"https:\/\/www.facebook.com\/stourmnews\/\"]},{\"@type\":\"Person\",\"@id\":\"https:\/\/stourm.news\/#\/schema\/person\/c3e1dc65988632e190969234ef046cf9\",\"name\":\"La r\u00e9daction\",\"image\":{\"@type\":\"ImageObject\",\"inLanguage\":\"fr-FR\",\"@id\":\"https:\/\/stourm.news\/#\/schema\/person\/image\/\",\"url\":\"https:\/\/secure.gravatar.com\/avatar\/7463443f194b6b5fb706b074ca0ef59a0cfcfd720cb47764b0ec5a952ce422b3?s=96&d=mm&r=g\",\"contentUrl\":\"https:\/\/secure.gravatar.com\/avatar\/7463443f194b6b5fb706b074ca0ef59a0cfcfd720cb47764b0ec5a952ce422b3?s=96&d=mm&r=g\",\"caption\":\"La r\u00e9daction\"},\"sameAs\":[\"https:\/\/stourm.news\"],\"url\":\"https:\/\/stourm.news\/?author=1\"}]}<\/script>\n<!-- \/ Yoast SEO plugin. -->","yoast_head_json":{"title":"Nantes : un lyc\u00e9en agress\u00e9 \u00e0 1 contre 4 devant son \u00e9tablissement par une bande ethnique - STOURM","robots":{"index":"index","follow":"follow","max-snippet":"max-snippet:-1","max-image-preview":"max-image-preview:large","max-video-preview":"max-video-preview:-1"},"canonical":"https:\/\/stourm.news\/?p=3369","og_locale":"fr_FR","og_type":"article","og_title":"Nantes : un lyc\u00e9en agress\u00e9 \u00e0 1 contre 4 devant son \u00e9tablissement par une bande ethnique - STOURM","og_description":"Nouvelle agression aux abords d\u2019un \u00e9tablissement scolaire de l\u2019agglom\u00e9ration nantaise. Vendredi, le 31 janvier, un jeune homme de 18 ans a \u00e9t\u00e9 pris \u00e0 partie, empoign\u00e9 et copieusement pass\u00e9 \u00e0 tabac par une bande de quatre adolescents, devant son lyc\u00e9e. Les faits se sont d\u00e9roul\u00e9s vers 13h50 sur le perron de l\u2019institut priv\u00e9 Saint-Dominique, dans [&hellip;]","og_url":"https:\/\/stourm.news\/?p=3369","og_site_name":"STOURM","article_publisher":"https:\/\/www.facebook.com\/stourmnews\/","article_published_time":"2025-02-04T06:57:19+00:00","author":"La r\u00e9daction","twitter_card":"summary_large_image","twitter_misc":{"\u00c9crit par":"La r\u00e9daction","Dur\u00e9e de lecture estim\u00e9e":"2 minutes"},"schema":{"@context":"https:\/\/schema.org","@graph":[{"@type":"Article","@id":"https:\/\/stourm.news\/?p=3369#article","isPartOf":{"@id":"https:\/\/stourm.news\/?p=3369"},"author":{"name":"La r\u00e9daction","@id":"https:\/\/stourm.news\/#\/schema\/person\/c3e1dc65988632e190969234ef046cf9"},"headline":"Nantes : un lyc\u00e9en agress\u00e9 \u00e0 1 contre 4 devant son \u00e9tablissement par une bande ethnique","datePublished":"2025-02-04T06:57:19+00:00","mainEntityOfPage":{"@id":"https:\/\/stourm.news\/?p=3369"},"wordCount":405,"commentCount":0,"publisher":{"@id":"https:\/\/stourm.news\/#organization"},"image":{"@id":"https:\/\/stourm.news\/?p=3369#primaryimage"},"thumbnailUrl":"https:\/\/stourm.news\/wp-content\/uploads\/2025\/02\/MjAyMzEwMDU4ZTRiNDY4NTMxNDJjZDI4Yzg3MDJlYWEyMmMzYWM.avif","articleSection":["Agression","Loire-Atlantique","Revue de presse"],"inLanguage":"fr-FR","potentialAction":[{"@type":"CommentAction","name":"Comment","target":["https:\/\/stourm.news\/?p=3369#respond"]}]},{"@type":"WebPage","@id":"https:\/\/stourm.news\/?p=3369","url":"https:\/\/stourm.news\/?p=3369","name":"Nantes : un lyc\u00e9en agress\u00e9 \u00e0 1 contre 4 devant son \u00e9tablissement par une bande ethnique - STOURM","isPartOf":{"@id":"https:\/\/stourm.news\/#website"},"primaryImageOfPage":{"@id":"https:\/\/stourm.news\/?p=3369#primaryimage"},"image":{"@id":"https:\/\/stourm.news\/?p=3369#primaryimage"},"thumbnailUrl":"https:\/\/stourm.news\/wp-content\/uploads\/2025\/02\/MjAyMzEwMDU4ZTRiNDY4NTMxNDJjZDI4Yzg3MDJlYWEyMmMzYWM.avif","datePublished":"2025-02-04T06:57:19+00:00","breadcrumb":{"@id":"https:\/\/stourm.news\/?p=3369#breadcrumb"},"inLanguage":"fr-FR","potentialAction":[{"@type":"ReadAction","target":["https:\/\/stourm.news\/?p=3369"]}]},{"@type":"ImageObject","inLanguage":"fr-FR","@id":"https:\/\/stourm.news\/?p=3369#primaryimage","url":"https:\/\/stourm.news\/wp-content\/uploads\/2025\/02\/MjAyMzEwMDU4ZTRiNDY4NTMxNDJjZDI4Yzg3MDJlYWEyMmMzYWM.avif","contentUrl":"https:\/\/stourm.news\/wp-content\/uploads\/2025\/02\/MjAyMzEwMDU4ZTRiNDY4NTMxNDJjZDI4Yzg3MDJlYWEyMmMzYWM.avif","width":1260,"height":708},{"@type":"BreadcrumbList","@id":"https:\/\/stourm.news\/?p=3369#breadcrumb","itemListElement":[{"@type":"ListItem","position":1,"name":"Accueil","item":"https:\/\/stourm.news\/"},{"@type":"ListItem","position":2,"name":"Nantes : un lyc\u00e9en agress\u00e9 \u00e0 1 contre 4 devant son \u00e9tablissement par une bande ethnique"}]},{"@type":"WebSite","@id":"https:\/\/stourm.news\/#website","url":"https:\/\/stourm.news\/","name":"Stourm","description":"Kazetenn Strollad Broadel Breizh","publisher":{"@id":"https:\/\/stourm.news\/#organization"},"potentialAction":[{"@type":"SearchAction","target":{"@type":"EntryPoint","urlTemplate":"https:\/\/stourm.news\/?s={search_term_string}"},"query-input":{"@type":"PropertyValueSpecification","valueRequired":true,"valueName":"search_term_string"}}],"inLanguage":"fr-FR"},{"@type":"Organization","@id":"https:\/\/stourm.news\/#organization","name":"Stourm","url":"https:\/\/stourm.news\/","logo":{"@type":"ImageObject","inLanguage":"fr-FR","@id":"https:\/\/stourm.news\/#\/schema\/logo\/image\/","url":"https:\/\/stourm.news\/wp-content\/uploads\/2025\/11\/cropped-Capture-decran-2025-11-28-a-15.19.07.png","contentUrl":"https:\/\/stourm.news\/wp-content\/uploads\/2025\/11\/cropped-Capture-decran-2025-11-28-a-15.19.07.png","width":1855,"height":383,"caption":"Stourm"},"image":{"@id":"https:\/\/stourm.news\/#\/schema\/logo\/image\/"},"sameAs":["https:\/\/www.facebook.com\/stourmnews\/"]},{"@type":"Person","@id":"https:\/\/stourm.news\/#\/schema\/person\/c3e1dc65988632e190969234ef046cf9","name":"La r\u00e9daction","image":{"@type":"ImageObject","inLanguage":"fr-FR","@id":"https:\/\/stourm.news\/#\/schema\/person\/image\/","url":"https:\/\/secure.gravatar.com\/avatar\/7463443f194b6b5fb706b074ca0ef59a0cfcfd720cb47764b0ec5a952ce422b3?s=96&d=mm&r=g","contentUrl":"https:\/\/secure.gravatar.com\/avatar\/7463443f194b6b5fb706b074ca0ef59a0cfcfd720cb47764b0ec5a952ce422b3?s=96&d=mm&r=g","caption":"La r\u00e9daction"},"sameAs":["https:\/\/stourm.news"],"url":"https:\/\/stourm.news\/?author=1"}]}},"_links":{"self":[{"href":"https:\/\/stourm.news\/index.php?rest_route=\/wp\/v2\/posts\/3369","targetHints":{"allow":["GET"]}}],"collection":[{"href":"https:\/\/stourm.news\/index.php?rest_route=\/wp\/v2\/posts"}],"about":[{"href":"https:\/\/stourm.news\/index.php?rest_route=\/wp\/v2\/types\/post"}],"author":[{"embeddable":true,"href":"https:\/\/stourm.news\/index.php?rest_route=\/wp\/v2\/users\/1"}],"replies":[{"embeddable":true,"href":"https:\/\/stourm.news\/index.php?rest_route=%2Fwp%2Fv2%2Fcomments&post=3369"}],"version-history":[{"count":1,"href":"https:\/\/stourm.news\/index.php?rest_route=\/wp\/v2\/posts\/3369\/revisions"}],"predecessor-version":[{"id":3371,"href":"https:\/\/stourm.news\/index.php?rest_route=\/wp\/v2\/posts\/3369\/revisions\/3371"}],"wp:featuredmedia":[{"embeddable":true,"href":"https:\/\/stourm.news\/index.php?rest_route=\/wp\/v2\/media\/3370"}],"wp:attachment":[{"href":"https:\/\/stourm.news\/index.php?rest_route=%2Fwp%2Fv2%2Fmedia&parent=3369"}],"wp:term":[{"taxonomy":"category","embeddable":true,"href":"https:\/\/stourm.news\/index.php?rest_route=%2Fwp%2Fv2%2Fcategories&post=3369"},{"taxonomy":"post_tag","embeddable":true,"href":"https:\/\/stourm.news\/index.php?rest_route=%2Fwp%2Fv2%2Ftags&post=3369"}],"curies":[{"name":"wp","href":"https:\/\/api.w.org\/{rel}","templated":true}]}}