{"id":3372,"date":"2025-02-04T07:17:22","date_gmt":"2025-02-04T07:17:22","guid":{"rendered":"https:\/\/stourm.news\/?p=3372"},"modified":"2025-02-04T07:20:03","modified_gmt":"2025-02-04T07:20:03","slug":"luniversite-de-rennes-2-saccage-par-lultra-gauche","status":"publish","type":"post","link":"https:\/\/stourm.news\/?p=3372","title":{"rendered":"L&rsquo;universit\u00e9 de Rennes 2 saccag\u00e9e par l&rsquo;ultra-gauche, le campus ferm\u00e9 aux 18,000 \u00e9tudiants"},"content":{"rendered":"<p style=\"text-align: justify;\">Apr\u00e8s une violente occupation de l&rsquo;ultra-gauche, notamment de l&rsquo;Union Pirate, faux nez des m\u00e9lenchonistes, l&rsquo;universit\u00e9 Rennes 2 est dans un triste \u00e9tat au point que la direction a jug\u00e9 n\u00e9cessaire de reporter la reprise des cours \u00e0 la semaine prochaine. Les co\u00fbts seront \u00e0 la charge des contribuables bretons, aucune poursuite judiciaire n&rsquo;a \u00e9t\u00e9 annonc\u00e9e.<\/p>\n<p><img fetchpriority=\"high\" decoding=\"async\" class=\"alignnone size-medium\" src=\"https:\/\/pbs.twimg.com\/media\/Gi3zFcmW8AAY6k3?format=jpg&amp;name=4096x4096\" width=\"4000\" height=\"3000\" \/><\/p>\n<p><img decoding=\"async\" class=\"alignnone size-medium\" src=\"https:\/\/pbs.twimg.com\/media\/Gi3zFcrWgAAUcTD?format=jpg&amp;name=4096x4096\" width=\"4000\" height=\"3000\" \/><\/p>\n<p><img decoding=\"async\" class=\"alignnone size-medium\" src=\"https:\/\/pbs.twimg.com\/media\/Gi5XeG-W0AAzwbO?format=jpg&amp;name=large\" width=\"2048\" height=\"922\" \/><\/p>\n<p><img loading=\"lazy\" decoding=\"async\" class=\"alignnone size-medium\" src=\"https:\/\/pbs.twimg.com\/media\/Gi5XeKdXoAAF60w?format=jpg&amp;name=large\" width=\"2048\" height=\"1155\" \/><\/p>\n<p><img loading=\"lazy\" decoding=\"async\" class=\"alignnone size-medium\" src=\"https:\/\/media.letelegramme.fr\/api\/v1\/images\/view\/67a0f69c1c029664e44f9b8c\/web_golden_xxl\/67a0f69c1c029664e44f9b8c.1\" width=\"1200\" height=\"750\" \/><\/p>\n<p style=\"text-align: right;\"><strong>Ewen Broc&rsquo;han<\/strong><\/p>\n","protected":false},"excerpt":{"rendered":"<p>Apr\u00e8s une violente occupation de l&rsquo;ultra-gauche, notamment de l&rsquo;Union Pirate, faux nez des m\u00e9lenchonistes, l&rsquo;universit\u00e9 Rennes 2 est dans un triste \u00e9tat au point que la direction a jug\u00e9 n\u00e9cessaire de reporter la reprise des cours \u00e0 la semaine prochaine. Les co\u00fbts seront \u00e0 la charge des contribuables bretons, aucune poursuite judiciaire n&rsquo;a \u00e9t\u00e9 annonc\u00e9e. [&hellip;]<\/p>\n","protected":false},"author":1,"featured_media":3374,"comment_status":"open","ping_status":"open","sticky":false,"template":"","format":"standard","meta":{"sb_editor_width":"","footnotes":""},"categories":[36,41,62],"tags":[],"class_list":["post-3372","post","type-post","status-publish","format-standard","has-post-thumbnail","hentry","category-extreme-gauche","category-ille-et-vilaine","category-revue-de-presse"],"relative_dates":{"created":"1 an ago","modified":"1 an ago"},"yoast_head":"<!-- This site is optimized with the Yoast SEO plugin v26.3 - https:\/\/yoast.com\/wordpress\/plugins\/seo\/ -->\n<title>L&#039;universit\u00e9 de Rennes 2 saccag\u00e9e par l&#039;ultra-gauche, le campus ferm\u00e9 aux 18,000 \u00e9tudiants - STOURM<\/title>\n<meta name=\"robots\" content=\"index, follow, max-snippet:-1, max-image-preview:large, max-video-preview:-1\" \/>\n<link rel=\"canonical\" href=\"https:\/\/stourm.news\/?p=3372\" \/>\n<meta property=\"og:locale\" content=\"fr_FR\" \/>\n<meta property=\"og:type\" content=\"article\" \/>\n<meta property=\"og:title\" content=\"L&#039;universit\u00e9 de Rennes 2 saccag\u00e9e par l&#039;ultra-gauche, le campus ferm\u00e9 aux 18,000 \u00e9tudiants - STOURM\" \/>\n<meta property=\"og:description\" content=\"Apr\u00e8s une violente occupation de l&rsquo;ultra-gauche, notamment de l&rsquo;Union Pirate, faux nez des m\u00e9lenchonistes, l&rsquo;universit\u00e9 Rennes 2 est dans un triste \u00e9tat au point que la direction a jug\u00e9 n\u00e9cessaire de reporter la reprise des cours \u00e0 la semaine prochaine. Les co\u00fbts seront \u00e0 la charge des contribuables bretons, aucune poursuite judiciaire n&rsquo;a \u00e9t\u00e9 annonc\u00e9e. [&hellip;]\" \/>\n<meta property=\"og:url\" content=\"https:\/\/stourm.news\/?p=3372\" \/>\n<meta property=\"og:site_name\" content=\"STOURM\" \/>\n<meta property=\"article:publisher\" content=\"https:\/\/www.facebook.com\/stourmnews\/\" \/>\n<meta property=\"article:published_time\" content=\"2025-02-04T07:17:22+00:00\" \/>\n<meta property=\"article:modified_time\" content=\"2025-02-04T07:20:03+00:00\" \/>\n<meta property=\"og:image\" content=\"https:\/\/stourm.news\/wp-content\/uploads\/2025\/02\/Capture-decran-2025-02-04-a-16.17.33-1024x641.png\" \/>\n\t<meta property=\"og:image:width\" content=\"1024\" \/>\n\t<meta property=\"og:image:height\" content=\"641\" \/>\n\t<meta property=\"og:image:type\" content=\"image\/png\" \/>\n<meta name=\"author\" content=\"La r\u00e9daction\" \/>\n<meta name=\"twitter:card\" content=\"summary_large_image\" \/>\n<meta name=\"twitter:label1\" content=\"\u00c9crit par\" \/>\n\t<meta name=\"twitter:data1\" content=\"La r\u00e9daction\" \/>\n\t<meta name=\"twitter:label2\" content=\"Dur\u00e9e de lecture estim\u00e9e\" \/>\n\t<meta name=\"twitter:data2\" content=\"2 minutes\" \/>\n<script type=\"application\/ld+json\" class=\"yoast-schema-graph\">{\"@context\":\"https:\/\/schema.org\",\"@graph\":[{\"@type\":\"Article\",\"@id\":\"https:\/\/stourm.news\/?p=3372#article\",\"isPartOf\":{\"@id\":\"https:\/\/stourm.news\/?p=3372\"},\"author\":{\"name\":\"La r\u00e9daction\",\"@id\":\"https:\/\/stourm.news\/#\/schema\/person\/c3e1dc65988632e190969234ef046cf9\"},\"headline\":\"L&rsquo;universit\u00e9 de Rennes 2 saccag\u00e9e par l&rsquo;ultra-gauche, le campus ferm\u00e9 aux 18,000 \u00e9tudiants\",\"datePublished\":\"2025-02-04T07:17:22+00:00\",\"dateModified\":\"2025-02-04T07:20:03+00:00\",\"mainEntityOfPage\":{\"@id\":\"https:\/\/stourm.news\/?p=3372\"},\"wordCount\":78,\"commentCount\":0,\"publisher\":{\"@id\":\"https:\/\/stourm.news\/#organization\"},\"image\":{\"@id\":\"https:\/\/stourm.news\/?p=3372#primaryimage\"},\"thumbnailUrl\":\"https:\/\/stourm.news\/wp-content\/uploads\/2025\/02\/Capture-decran-2025-02-04-a-16.17.33.png\",\"articleSection\":[\"Extr\u00eame-gauche\",\"Ille-et-Vilaine\",\"Revue de presse\"],\"inLanguage\":\"fr-FR\",\"potentialAction\":[{\"@type\":\"CommentAction\",\"name\":\"Comment\",\"target\":[\"https:\/\/stourm.news\/?p=3372#respond\"]}]},{\"@type\":\"WebPage\",\"@id\":\"https:\/\/stourm.news\/?p=3372\",\"url\":\"https:\/\/stourm.news\/?p=3372\",\"name\":\"L'universit\u00e9 de Rennes 2 saccag\u00e9e par l'ultra-gauche, le campus ferm\u00e9 aux 18,000 \u00e9tudiants - STOURM\",\"isPartOf\":{\"@id\":\"https:\/\/stourm.news\/#website\"},\"primaryImageOfPage\":{\"@id\":\"https:\/\/stourm.news\/?p=3372#primaryimage\"},\"image\":{\"@id\":\"https:\/\/stourm.news\/?p=3372#primaryimage\"},\"thumbnailUrl\":\"https:\/\/stourm.news\/wp-content\/uploads\/2025\/02\/Capture-decran-2025-02-04-a-16.17.33.png\",\"datePublished\":\"2025-02-04T07:17:22+00:00\",\"dateModified\":\"2025-02-04T07:20:03+00:00\",\"breadcrumb\":{\"@id\":\"https:\/\/stourm.news\/?p=3372#breadcrumb\"},\"inLanguage\":\"fr-FR\",\"potentialAction\":[{\"@type\":\"ReadAction\",\"target\":[\"https:\/\/stourm.news\/?p=3372\"]}]},{\"@type\":\"ImageObject\",\"inLanguage\":\"fr-FR\",\"@id\":\"https:\/\/stourm.news\/?p=3372#primaryimage\",\"url\":\"https:\/\/stourm.news\/wp-content\/uploads\/2025\/02\/Capture-decran-2025-02-04-a-16.17.33.png\",\"contentUrl\":\"https:\/\/stourm.news\/wp-content\/uploads\/2025\/02\/Capture-decran-2025-02-04-a-16.17.33.png\",\"width\":1380,\"height\":864},{\"@type\":\"BreadcrumbList\",\"@id\":\"https:\/\/stourm.news\/?p=3372#breadcrumb\",\"itemListElement\":[{\"@type\":\"ListItem\",\"position\":1,\"name\":\"Accueil\",\"item\":\"https:\/\/stourm.news\/\"},{\"@type\":\"ListItem\",\"position\":2,\"name\":\"L&rsquo;universit\u00e9 de Rennes 2 saccag\u00e9e par l&rsquo;ultra-gauche, le campus ferm\u00e9 aux 18,000 \u00e9tudiants\"}]},{\"@type\":\"WebSite\",\"@id\":\"https:\/\/stourm.news\/#website\",\"url\":\"https:\/\/stourm.news\/\",\"name\":\"Stourm\",\"description\":\"Kazetenn Strollad Broadel Breizh\",\"publisher\":{\"@id\":\"https:\/\/stourm.news\/#organization\"},\"potentialAction\":[{\"@type\":\"SearchAction\",\"target\":{\"@type\":\"EntryPoint\",\"urlTemplate\":\"https:\/\/stourm.news\/?s={search_term_string}\"},\"query-input\":{\"@type\":\"PropertyValueSpecification\",\"valueRequired\":true,\"valueName\":\"search_term_string\"}}],\"inLanguage\":\"fr-FR\"},{\"@type\":\"Organization\",\"@id\":\"https:\/\/stourm.news\/#organization\",\"name\":\"Stourm\",\"url\":\"https:\/\/stourm.news\/\",\"logo\":{\"@type\":\"ImageObject\",\"inLanguage\":\"fr-FR\",\"@id\":\"https:\/\/stourm.news\/#\/schema\/logo\/image\/\",\"url\":\"https:\/\/stourm.news\/wp-content\/uploads\/2025\/11\/cropped-Capture-decran-2025-11-28-a-15.19.07.png\",\"contentUrl\":\"https:\/\/stourm.news\/wp-content\/uploads\/2025\/11\/cropped-Capture-decran-2025-11-28-a-15.19.07.png\",\"width\":1855,\"height\":383,\"caption\":\"Stourm\"},\"image\":{\"@id\":\"https:\/\/stourm.news\/#\/schema\/logo\/image\/\"},\"sameAs\":[\"https:\/\/www.facebook.com\/stourmnews\/\"]},{\"@type\":\"Person\",\"@id\":\"https:\/\/stourm.news\/#\/schema\/person\/c3e1dc65988632e190969234ef046cf9\",\"name\":\"La r\u00e9daction\",\"image\":{\"@type\":\"ImageObject\",\"inLanguage\":\"fr-FR\",\"@id\":\"https:\/\/stourm.news\/#\/schema\/person\/image\/\",\"url\":\"https:\/\/secure.gravatar.com\/avatar\/7463443f194b6b5fb706b074ca0ef59a0cfcfd720cb47764b0ec5a952ce422b3?s=96&d=mm&r=g\",\"contentUrl\":\"https:\/\/secure.gravatar.com\/avatar\/7463443f194b6b5fb706b074ca0ef59a0cfcfd720cb47764b0ec5a952ce422b3?s=96&d=mm&r=g\",\"caption\":\"La r\u00e9daction\"},\"sameAs\":[\"https:\/\/stourm.news\"],\"url\":\"https:\/\/stourm.news\/?author=1\"}]}<\/script>\n<!-- \/ Yoast SEO plugin. -->","yoast_head_json":{"title":"L'universit\u00e9 de Rennes 2 saccag\u00e9e par l'ultra-gauche, le campus ferm\u00e9 aux 18,000 \u00e9tudiants - STOURM","robots":{"index":"index","follow":"follow","max-snippet":"max-snippet:-1","max-image-preview":"max-image-preview:large","max-video-preview":"max-video-preview:-1"},"canonical":"https:\/\/stourm.news\/?p=3372","og_locale":"fr_FR","og_type":"article","og_title":"L'universit\u00e9 de Rennes 2 saccag\u00e9e par l'ultra-gauche, le campus ferm\u00e9 aux 18,000 \u00e9tudiants - STOURM","og_description":"Apr\u00e8s une violente occupation de l&rsquo;ultra-gauche, notamment de l&rsquo;Union Pirate, faux nez des m\u00e9lenchonistes, l&rsquo;universit\u00e9 Rennes 2 est dans un triste \u00e9tat au point que la direction a jug\u00e9 n\u00e9cessaire de reporter la reprise des cours \u00e0 la semaine prochaine. Les co\u00fbts seront \u00e0 la charge des contribuables bretons, aucune poursuite judiciaire n&rsquo;a \u00e9t\u00e9 annonc\u00e9e. [&hellip;]","og_url":"https:\/\/stourm.news\/?p=3372","og_site_name":"STOURM","article_publisher":"https:\/\/www.facebook.com\/stourmnews\/","article_published_time":"2025-02-04T07:17:22+00:00","article_modified_time":"2025-02-04T07:20:03+00:00","og_image":[{"width":1024,"height":641,"url":"https:\/\/stourm.news\/wp-content\/uploads\/2025\/02\/Capture-decran-2025-02-04-a-16.17.33-1024x641.png","type":"image\/png"}],"author":"La r\u00e9daction","twitter_card":"summary_large_image","twitter_misc":{"\u00c9crit par":"La r\u00e9daction","Dur\u00e9e de lecture estim\u00e9e":"2 minutes"},"schema":{"@context":"https:\/\/schema.org","@graph":[{"@type":"Article","@id":"https:\/\/stourm.news\/?p=3372#article","isPartOf":{"@id":"https:\/\/stourm.news\/?p=3372"},"author":{"name":"La r\u00e9daction","@id":"https:\/\/stourm.news\/#\/schema\/person\/c3e1dc65988632e190969234ef046cf9"},"headline":"L&rsquo;universit\u00e9 de Rennes 2 saccag\u00e9e par l&rsquo;ultra-gauche, le campus ferm\u00e9 aux 18,000 \u00e9tudiants","datePublished":"2025-02-04T07:17:22+00:00","dateModified":"2025-02-04T07:20:03+00:00","mainEntityOfPage":{"@id":"https:\/\/stourm.news\/?p=3372"},"wordCount":78,"commentCount":0,"publisher":{"@id":"https:\/\/stourm.news\/#organization"},"image":{"@id":"https:\/\/stourm.news\/?p=3372#primaryimage"},"thumbnailUrl":"https:\/\/stourm.news\/wp-content\/uploads\/2025\/02\/Capture-decran-2025-02-04-a-16.17.33.png","articleSection":["Extr\u00eame-gauche","Ille-et-Vilaine","Revue de presse"],"inLanguage":"fr-FR","potentialAction":[{"@type":"CommentAction","name":"Comment","target":["https:\/\/stourm.news\/?p=3372#respond"]}]},{"@type":"WebPage","@id":"https:\/\/stourm.news\/?p=3372","url":"https:\/\/stourm.news\/?p=3372","name":"L'universit\u00e9 de Rennes 2 saccag\u00e9e par l'ultra-gauche, le campus ferm\u00e9 aux 18,000 \u00e9tudiants - STOURM","isPartOf":{"@id":"https:\/\/stourm.news\/#website"},"primaryImageOfPage":{"@id":"https:\/\/stourm.news\/?p=3372#primaryimage"},"image":{"@id":"https:\/\/stourm.news\/?p=3372#primaryimage"},"thumbnailUrl":"https:\/\/stourm.news\/wp-content\/uploads\/2025\/02\/Capture-decran-2025-02-04-a-16.17.33.png","datePublished":"2025-02-04T07:17:22+00:00","dateModified":"2025-02-04T07:20:03+00:00","breadcrumb":{"@id":"https:\/\/stourm.news\/?p=3372#breadcrumb"},"inLanguage":"fr-FR","potentialAction":[{"@type":"ReadAction","target":["https:\/\/stourm.news\/?p=3372"]}]},{"@type":"ImageObject","inLanguage":"fr-FR","@id":"https:\/\/stourm.news\/?p=3372#primaryimage","url":"https:\/\/stourm.news\/wp-content\/uploads\/2025\/02\/Capture-decran-2025-02-04-a-16.17.33.png","contentUrl":"https:\/\/stourm.news\/wp-content\/uploads\/2025\/02\/Capture-decran-2025-02-04-a-16.17.33.png","width":1380,"height":864},{"@type":"BreadcrumbList","@id":"https:\/\/stourm.news\/?p=3372#breadcrumb","itemListElement":[{"@type":"ListItem","position":1,"name":"Accueil","item":"https:\/\/stourm.news\/"},{"@type":"ListItem","position":2,"name":"L&rsquo;universit\u00e9 de Rennes 2 saccag\u00e9e par l&rsquo;ultra-gauche, le campus ferm\u00e9 aux 18,000 \u00e9tudiants"}]},{"@type":"WebSite","@id":"https:\/\/stourm.news\/#website","url":"https:\/\/stourm.news\/","name":"Stourm","description":"Kazetenn Strollad Broadel Breizh","publisher":{"@id":"https:\/\/stourm.news\/#organization"},"potentialAction":[{"@type":"SearchAction","target":{"@type":"EntryPoint","urlTemplate":"https:\/\/stourm.news\/?s={search_term_string}"},"query-input":{"@type":"PropertyValueSpecification","valueRequired":true,"valueName":"search_term_string"}}],"inLanguage":"fr-FR"},{"@type":"Organization","@id":"https:\/\/stourm.news\/#organization","name":"Stourm","url":"https:\/\/stourm.news\/","logo":{"@type":"ImageObject","inLanguage":"fr-FR","@id":"https:\/\/stourm.news\/#\/schema\/logo\/image\/","url":"https:\/\/stourm.news\/wp-content\/uploads\/2025\/11\/cropped-Capture-decran-2025-11-28-a-15.19.07.png","contentUrl":"https:\/\/stourm.news\/wp-content\/uploads\/2025\/11\/cropped-Capture-decran-2025-11-28-a-15.19.07.png","width":1855,"height":383,"caption":"Stourm"},"image":{"@id":"https:\/\/stourm.news\/#\/schema\/logo\/image\/"},"sameAs":["https:\/\/www.facebook.com\/stourmnews\/"]},{"@type":"Person","@id":"https:\/\/stourm.news\/#\/schema\/person\/c3e1dc65988632e190969234ef046cf9","name":"La r\u00e9daction","image":{"@type":"ImageObject","inLanguage":"fr-FR","@id":"https:\/\/stourm.news\/#\/schema\/person\/image\/","url":"https:\/\/secure.gravatar.com\/avatar\/7463443f194b6b5fb706b074ca0ef59a0cfcfd720cb47764b0ec5a952ce422b3?s=96&d=mm&r=g","contentUrl":"https:\/\/secure.gravatar.com\/avatar\/7463443f194b6b5fb706b074ca0ef59a0cfcfd720cb47764b0ec5a952ce422b3?s=96&d=mm&r=g","caption":"La r\u00e9daction"},"sameAs":["https:\/\/stourm.news"],"url":"https:\/\/stourm.news\/?author=1"}]}},"_links":{"self":[{"href":"https:\/\/stourm.news\/index.php?rest_route=\/wp\/v2\/posts\/3372","targetHints":{"allow":["GET"]}}],"collection":[{"href":"https:\/\/stourm.news\/index.php?rest_route=\/wp\/v2\/posts"}],"about":[{"href":"https:\/\/stourm.news\/index.php?rest_route=\/wp\/v2\/types\/post"}],"author":[{"embeddable":true,"href":"https:\/\/stourm.news\/index.php?rest_route=\/wp\/v2\/users\/1"}],"replies":[{"embeddable":true,"href":"https:\/\/stourm.news\/index.php?rest_route=%2Fwp%2Fv2%2Fcomments&post=3372"}],"version-history":[{"count":3,"href":"https:\/\/stourm.news\/index.php?rest_route=\/wp\/v2\/posts\/3372\/revisions"}],"predecessor-version":[{"id":3376,"href":"https:\/\/stourm.news\/index.php?rest_route=\/wp\/v2\/posts\/3372\/revisions\/3376"}],"wp:featuredmedia":[{"embeddable":true,"href":"https:\/\/stourm.news\/index.php?rest_route=\/wp\/v2\/media\/3374"}],"wp:attachment":[{"href":"https:\/\/stourm.news\/index.php?rest_route=%2Fwp%2Fv2%2Fmedia&parent=3372"}],"wp:term":[{"taxonomy":"category","embeddable":true,"href":"https:\/\/stourm.news\/index.php?rest_route=%2Fwp%2Fv2%2Fcategories&post=3372"},{"taxonomy":"post_tag","embeddable":true,"href":"https:\/\/stourm.news\/index.php?rest_route=%2Fwp%2Fv2%2Ftags&post=3372"}],"curies":[{"name":"wp","href":"https:\/\/api.w.org\/{rel}","templated":true}]}}