{"id":3377,"date":"2025-02-04T17:32:21","date_gmt":"2025-02-04T17:32:21","guid":{"rendered":"https:\/\/stourm.news\/?p=3377"},"modified":"2025-02-04T17:32:21","modified_gmt":"2025-02-04T17:32:21","slug":"william-butler-yeats-poesie-et-insurrection-nationaliste-par-yann-ar-gall","status":"publish","type":"post","link":"https:\/\/stourm.news\/?p=3377","title":{"rendered":"William Butler Yeats : po\u00e9sie et insurrection nationaliste (par Yann ar Gall)"},"content":{"rendered":"<p style=\"text-align: justify;\">Dans le panth\u00e9on des po\u00e8tes irlandais, William Butler Yeats occupe la premi\u00e8re place. L&rsquo;un de ses po\u00e8mes les plus notables est \u00ab\u00a0Easter, 1916\u00a0\u00bb (\u00ab\u00a0P\u00e2ques, 1916\u00a0\u00bb). \u00c9crit en r\u00e9ponse \u00e0 l&rsquo;insurrection irlandaise de la P\u00e2ques de 1916 contre l&rsquo;occupation anglaise, ce soul\u00e8vement a marqu\u00e9 un tournant crucial dans la lutte pour l&rsquo;ind\u00e9pendance de l&rsquo;Irlande. Le po\u00e8me explore les th\u00e8mes de la transformation personnelle et nationale, la mortalit\u00e9, et le sacrifice pour la cause de la libert\u00e9.<\/p>\n<p style=\"text-align: justify;\">\u00ab\u00a0Easter, 1916\u00a0\u00bb est souvent analys\u00e9 pour sa structure complexe, son utilisation de la r\u00e9p\u00e9tition, et son m\u00e9lange de c\u00e9l\u00e9bration et de deuil, faisant de lui un chef-d&rsquo;\u0153uvre de la litt\u00e9rature nationaliste. Ce po\u00e8me ne se contente pas d&rsquo;exprimer le nationalisme; il le fa\u00e7onne et le perp\u00e9tue dans la conscience irlandaise, rendant Yeats un pilier fondamental de l&rsquo;identit\u00e9 litt\u00e9raire et culturelle irlandaise.<\/p>\n<p><img fetchpriority=\"high\" decoding=\"async\" class=\"aligncenter\" src=\"https:\/\/images.saymedia-content.com\/.image\/t_share\/MTk2MTUwODg5ODUyMDUyOTk3\/william-butler-yeats-leda-and-the-swan.jpg\" width=\"454\" height=\"611\" \/><\/p>\n<p style=\"text-align: center;\"><em>William Butler Yeats<\/em><\/p>\n<p><strong>Je les ai rencontr\u00e9s \u00e0 la tomb\u00e9e du jour,<\/strong><br \/>\n<strong>Qui venaient avec des visages \u00e9clatants<\/strong><br \/>\n<strong>De leur comptoir, de leur bureau, parmi les grises<\/strong><br \/>\n<strong>Maisons du dix-huiti\u00e8me si\u00e8cle.<\/strong><br \/>\n<strong>J\u2019ai pass\u00e9 mon chemin avec un salut de la t\u00eate<\/strong><br \/>\n<strong>Ou des mots polis sans int\u00e9r\u00eat,<\/strong><br \/>\n<strong>Ou bien je me suis attard\u00e9 un instant,<\/strong><br \/>\n<strong>Des mots polis sans int\u00e9r\u00eat,<\/strong><br \/>\n<strong>Ou avant m\u00eame d\u2019avoir fini j\u2019ai pens\u00e9<\/strong><br \/>\n<strong>A quelque histoire plaisante, ou \u00e0 un bon mot,<\/strong><br \/>\n<strong>Destin\u00e9s \u00e0 distraire une connaissance<\/strong><br \/>\n<strong>Au club, au coin du feu,<\/strong><br \/>\n<strong>Parce que j\u2019\u00e9tais s\u00fbr qu\u2019eux et moi<\/strong><br \/>\n<strong>Nous jouions dans la m\u00eame farce:<\/strong><br \/>\n<strong>Tout est chang\u00e9, chang\u00e9 du tout au tout :<\/strong><br \/>\n<strong>Une beaut\u00e9 terrible est n\u00e9e.<\/strong><\/p>\n<p><strong>Cette femme, ses jours se passaient<\/strong><br \/>\n<strong>Dans un d\u00e9vouement sans m\u00e9fiance;<\/strong><br \/>\n<strong>Ses nuits, ses argumentations<\/strong><br \/>\n<strong>A en avoir la voix bris\u00e9e.<\/strong><br \/>\n<strong>Quelle voix pourtant \u00e9tait plus douce que la sienne<\/strong><br \/>\n<strong>Dans la beaut\u00e9 de sa jeunesse,<\/strong><br \/>\n<strong>Au temps o\u00f9 elle chassait \u00e0 courre?<\/strong><br \/>\n<strong>Cet homme avait tenu une \u00e9cole,<\/strong><br \/>\n<strong>Et mont\u00e9 notre cheval ail\u00e9;<\/strong><br \/>\n<strong>Cet autre qui l\u2019aidait, son ami,<\/strong><br \/>\n<strong>Arrivait \u00e0 la force de l\u2019\u00e2ge:<\/strong><br \/>\n<strong>Pour finir il aurait sans doute conquis la gloire<\/strong><br \/>\n<strong>Tant sa nature paraissait sensible,<\/strong><br \/>\n<strong>Si audacieuse et d\u00e9licate sa pens\u00e9e.<\/strong><br \/>\n<strong>Cet autre encore, toujours j\u2019avais song\u00e9 \u00e0 lui<\/strong><br \/>\n<strong>Comme \u00e0 un rustre ivrogne et pr\u00e9tentieux.<\/strong><br \/>\n<strong>Il avait caus\u00e9 un tort tr\u00e8s amer<\/strong><br \/>\n<strong>A des \u00eatres proches de mon coeur.<\/strong><br \/>\n<strong>Pourtant, je le compterai au nombre de ceux que je chante ;<\/strong><br \/>\n<strong>Lui aussi a c\u00e9d\u00e9 son r\u00f4le<\/strong><br \/>\n<strong>Dans la com\u00e9die d\u00e9risoire ;<\/strong><br \/>\n<strong>Lui aussi a \u00e9t\u00e9 chang\u00e9 \u00e0 son tour,<\/strong><br \/>\n<strong>Transform\u00e9 du tout au tout :<\/strong><br \/>\n<strong>Une beaut\u00e9 terrible est n\u00e9e.<\/strong><\/p>\n<p><strong>Les coeurs qui n\u2019ont qu\u2019un seul dessein,<\/strong><br \/>\n<strong>Hiver comme \u00e9t\u00e9, voici qu\u2019un sortil\u00e8ge<\/strong><br \/>\n<strong>Semble les avoir chang\u00e9s en une pierre<\/strong><br \/>\n<strong>Qui trouble le courant de la vie.<\/strong><br \/>\n<strong>Le cheval qui vient sur la route,<\/strong><br \/>\n<strong>Le cavalier, les oiseaux qui errent<\/strong><br \/>\n<strong>Dans le mouvant d\u00e9sordre des nuages,<\/strong><br \/>\n<strong>Changent de minute en minute ;<\/strong><br \/>\n<strong>L\u2019ombre d\u2019un nuage sur le courant<\/strong><br \/>\n<strong>De minute en minute change ;<\/strong><br \/>\n<strong>Le sabot d\u2019un cheval d\u00e9rape sur le bord<\/strong><br \/>\n<strong>De l\u2019eau, et le cheval y tombe ;<\/strong><br \/>\n<strong>Les poules d\u2019eau aux longues pattes plongent,<\/strong><br \/>\n<strong>Les poules d\u2019eau appellent les coqs des marais ;<\/strong><br \/>\n<strong>Tous vivent dans l\u2019instant :<\/strong><br \/>\n<strong>Mais la pierre est au milieu d\u2019eux tous.<\/strong><\/p>\n<p><strong>Un sacrifice trop long<\/strong><br \/>\n<strong>Peut changer le coeur en pierre.<\/strong><br \/>\n<strong>Quand cela sera-t-il assez ?<\/strong><br \/>\n<strong>En finir est le r\u00f4le du Ciel, et notre r\u00f4le<\/strong><br \/>\n<strong>Est de murmurer les noms l\u2019un apr\u00e8s l\u2019autre<\/strong><br \/>\n<strong>Comme une m\u00e8re le nom de son enfant<\/strong><br \/>\n<strong>Lorsqu\u2019enfin le sommeil s\u2019est appesanti<\/strong><br \/>\n<strong>Sur ses membres fatigu\u00e9s par la course.<\/strong><br \/>\n<strong>Qu\u2019est-ce d\u2019autre que la nuit qui tombe ?<\/strong><br \/>\n<strong>Non, non, \u2013 non pas la nuit : la mort ;<\/strong><br \/>\n<strong>Mais \u00e9tait-ce, apr\u00e8s tout, une mort inutile ?<\/strong><br \/>\n<strong>L\u2019Angleterre, en effet, pourrait tenir parole<\/strong><br \/>\n<strong>Malgr\u00e9 tout ce qui a \u00e9t\u00e9 dit et fait.<\/strong><br \/>\n<strong>Nous le connaisons leur r\u00eave ; assez<\/strong><br \/>\n<strong>Pour savoir qu\u2019ils ont r\u00eav\u00e9 et qu\u2019ils sont morts ;<\/strong><br \/>\n<strong>Mais si le mirage d\u2019un excessif amour<\/strong><br \/>\n<strong>Les ayant \u00e9gar\u00e9s, \u00e9tait la cause de leur mort ?<\/strong><br \/>\n<strong>en v\u00e9rit\u00e9 je le r\u00e9sume \u00e0 un po\u00e8me-<\/strong><br \/>\n<strong>MacDonagh et MacBride,<\/strong><br \/>\n<strong>Et Connolly et Pearse,<\/strong><br \/>\n<strong>Maintenant et \u00e0 tout jamais,<\/strong><br \/>\n<strong>Partout o\u00f9 l\u2019on porte le vert,<\/strong><br \/>\n<strong>Sont chang\u00e9s, chang\u00e9s du tout au tout :<\/strong><br \/>\n<strong>Une beaut\u00e9 terrible est n\u00e9e.<\/strong><\/p>\n<p style=\"text-align: justify;\">Le po\u00e8me est compos\u00e9 de seize strophes de quatre vers, ce qui peut \u00eatre vu comme un clin d&rsquo;\u0153il symbolique \u00e0 l&rsquo;ann\u00e9e 1916. La structure r\u00e9guli\u00e8re contraste avec le contenu tumultueux, cr\u00e9ant une tension entre forme et sujet.<\/p>\n<p style=\"text-align: justify;\"><span class=\"css-1jxf684 r-bcqeeo r-1ttztb7 r-qvutc0 r-poiln3 r-1wl4xqv\"><span class=\"css-1jxf684 r-bcqeeo r-1ttztb7 r-qvutc0 r-poiln3\">Yeats utilise un <\/span><\/span><span class=\"css-1jxf684 r-bcqeeo r-1ttztb7 r-qvutc0 r-poiln3\">sch\u00e9ma de rimes irr\u00e9guli\u00e8res<\/span><span class=\"css-1jxf684 r-bcqeeo r-1ttztb7 r-qvutc0 r-poiln3 r-1wl4xqv\"><span class=\"css-1jxf684 r-bcqeeo r-1ttztb7 r-qvutc0 r-poiln3\">, mais il y a une certaine r\u00e9gularit\u00e9 dans la longueur des lignes et un rythme qui, bien que non strictement r\u00e9gulier, \u00e9voque la forme du chant ou de la m\u00e9lop\u00e9e. Il y a une <\/span><\/span><span class=\"css-1jxf684 r-bcqeeo r-1ttztb7 r-qvutc0 r-poiln3\">cadence<\/span><span class=\"css-1jxf684 r-bcqeeo r-1ttztb7 r-qvutc0 r-poiln3 r-1wl4xqv\"><span class=\"css-1jxf684 r-bcqeeo r-1ttztb7 r-qvutc0 r-poiln3\"> qui rappelle \u00e0 la fois la <\/span><\/span><span class=\"css-1jxf684 r-bcqeeo r-1ttztb7 r-qvutc0 r-poiln3\">tradition orale irlandaise<\/span><span class=\"css-1jxf684 r-bcqeeo r-1ttztb7 r-qvutc0 r-poiln3 r-1wl4xqv\"><span class=\"css-1jxf684 r-bcqeeo r-1ttztb7 r-qvutc0 r-poiln3\"> et une certaine formalit\u00e9 po\u00e9tique.<\/span><\/span><\/p>\n<p style=\"text-align: justify;\"><span class=\"css-1jxf684 r-bcqeeo r-1ttztb7 r-qvutc0 r-poiln3 r-1wl4xqv\"><span class=\"css-1jxf684 r-bcqeeo r-1ttztb7 r-qvutc0 r-poiln3\">Le langage de Yeats est \u00e0 la fois simple et complexe. Il commence avec des descriptions ordinaires des personnages avant de passer \u00e0 une langue plus <\/span><\/span><span class=\"css-1jxf684 r-bcqeeo r-1ttztb7 r-qvutc0 r-poiln3\">symbolique et m\u00e9taphorique<\/span><span class=\"css-1jxf684 r-bcqeeo r-1ttztb7 r-qvutc0 r-poiln3 r-1wl4xqv\"><span class=\"css-1jxf684 r-bcqeeo r-1ttztb7 r-qvutc0 r-poiln3\">, refl\u00e9tant la transformation des individus et de la nation.<\/span><\/span><\/p>\n<p style=\"text-align: justify;\"><span class=\"css-1jxf684 r-bcqeeo r-1ttztb7 r-qvutc0 r-poiln3 r-1wl4xqv\"><span class=\"css-1jxf684 r-bcqeeo r-1ttztb7 r-qvutc0 r-poiln3\"> L&rsquo;expression \u00ab\u00a0<\/span><\/span><span class=\"css-1jxf684 r-bcqeeo r-1ttztb7 r-qvutc0 r-poiln3\">A terrible beauty is born<\/span><span class=\"css-1jxf684 r-bcqeeo r-1ttztb7 r-qvutc0 r-poiln3 r-1wl4xqv\"><span class=\"css-1jxf684 r-bcqeeo r-1ttztb7 r-qvutc0 r-poiln3\">\u00a0\u00bb est r\u00e9p\u00e9t\u00e9e \u00e0 la fin de trois strophes, agissant comme un refrain qui marque le po\u00e8me et souligne l&rsquo;ironie tragique de l&rsquo;\u00e9v\u00e9nement. La r\u00e9p\u00e9tition de \u00ab\u00a0changed, changed utterly\u00a0\u00bb renforce \u00e9galement le th\u00e8me de la transformation.<\/span><\/span><\/p>\n<p style=\"text-align: justify;\">Yeats utilise des symboles naturels (arbres, pierres, ruisseaux, oiseaux) pour repr\u00e9senter la transformation et l&rsquo;immutabilit\u00e9. Le contraste entre les \u00e9l\u00e9ments naturels en constante \u00e9volution et la \u00ab\u00a0pierre\u00a0\u00bb qui ne change pas symbolise la mani\u00e8re dont le sacrifice peut fossiliser des moments ou des personnes dans l&rsquo;histoire.<\/p>\n<p style=\"text-align: justify;\">Le po\u00e8me explore la transformation des individus ordinaires en h\u00e9ros nationaux, illustrant comment des actes de sacrifice changent non seulement les personnes mais aussi le cours de l&rsquo;histoire.<\/p>\n<p><img decoding=\"async\" class=\"aligncenter\" src=\"https:\/\/live.staticflickr.com\/143\/322900082_1fabff4f91_b.jpg\" width=\"538\" height=\"400\" \/><\/p>\n<div class=\"css-146c3p1 r-bcqeeo r-1ttztb7 r-qvutc0 r-37j5jr r-a023e6 r-rjixqe r-16dba41\" dir=\"ltr\" style=\"text-align: justify;\"><span class=\"css-1jxf684 r-bcqeeo r-1ttztb7 r-qvutc0 r-poiln3 r-1wl4xqv\"><span class=\"css-1jxf684 r-bcqeeo r-1ttztb7 r-qvutc0 r-poiln3\">Le nationalisme est un th\u00e8me central, exprim\u00e9 \u00e0 travers le sacrifice des leaders de l&rsquo;insurrection. Yeats examine la complexit\u00e9 de ses sentiments envers ces individus, passant de l&rsquo;indiff\u00e9rence ou de l&rsquo;antipathie \u00e0 une reconnaissance solennelle de leur contribution \u00e0 la cause irlandaise.<\/span><\/span><\/div>\n<div dir=\"ltr\" style=\"text-align: justify;\"><\/div>\n<div dir=\"ltr\" style=\"text-align: justify;\">Il y a une dualit\u00e9 entre la beaut\u00e9 et la trag\u00e9die, une \u00ab\u00a0terrible beaut\u00e9\u00a0\u00bb, qui refl\u00e8te le sentiment de perte et de grandeur simultan\u00e9s. <span style=\"font-family: var(--viral-mag-body-family, Poppins); font-size: var(--viral-mag-body-size, 16px); font-style: var(--viral-mag-body-style, normal); letter-spacing: var(--viral-mag-body-letter-spacing, 0); text-transform: var(--viral-mag-body-text-transform, none); text-decoration: var(--viral-mag-body-text-decoration, none);\">En d\u00e9crivant la \u00ab\u00a0pierre\u00a0\u00bb comme ayant un c\u0153ur, Yeats personifie l&rsquo;impact psychologique et historique du sacrifice. <\/span><span style=\"font-family: var(--viral-mag-body-family, Poppins); font-size: var(--viral-mag-body-size, 16px); font-style: var(--viral-mag-body-style, normal); letter-spacing: var(--viral-mag-body-letter-spacing, 0); text-transform: var(--viral-mag-body-text-transform, none); text-decoration: var(--viral-mag-body-text-decoration, none);\">L&rsquo;ironie est pr\u00e9sente dans le regard initialement d\u00e9daigneux ou superficiel que Yeats porte sur les insurg\u00e9s, contrast\u00e9 avec leur \u00e9l\u00e9vation posthume en h\u00e9ros. <\/span>L&rsquo;imagerie naturelle et la juxtaposition entre le mouvement constant de la nature et le retrait fig\u00e9 des h\u00e9ros morts cr\u00e9ent une atmosph\u00e8re de contemplation et de r\u00e9flexion.<\/div>\n<div dir=\"ltr\"><\/div>\n<div dir=\"ltr\"><iframe title=\"YouTube video player\" src=\"https:\/\/www.youtube.com\/embed\/yodIHB0ryGI?si=6tuutzg1jmdVrLnN\" width=\"560\" height=\"315\" frameborder=\"0\" allowfullscreen=\"allowfullscreen\"><\/iframe><\/div>\n<div dir=\"ltr\"><\/div>\n<div dir=\"ltr\" style=\"text-align: right;\"><strong>Yann ar Gall<\/strong><\/div>\n","protected":false},"excerpt":{"rendered":"<p>Dans le panth\u00e9on des po\u00e8tes irlandais, William Butler Yeats occupe la premi\u00e8re place. L&rsquo;un de ses po\u00e8mes les plus notables est \u00ab\u00a0Easter, 1916\u00a0\u00bb (\u00ab\u00a0P\u00e2ques, 1916\u00a0\u00bb). \u00c9crit en r\u00e9ponse \u00e0 l&rsquo;insurrection irlandaise de la P\u00e2ques de 1916 contre l&rsquo;occupation anglaise, ce soul\u00e8vement a marqu\u00e9 un tournant crucial dans la lutte pour l&rsquo;ind\u00e9pendance de l&rsquo;Irlande. Le po\u00e8me [&hellip;]<\/p>\n","protected":false},"author":1,"featured_media":3378,"comment_status":"open","ping_status":"open","sticky":false,"template":"","format":"standard","meta":{"sb_editor_width":"","footnotes":""},"categories":[84,65],"tags":[],"class_list":["post-3377","post","type-post","status-publish","format-standard","has-post-thumbnail","hentry","category-celtisme","category-principale"],"relative_dates":{"created":"1 an ago","modified":"1 an ago"},"yoast_head":"<!-- This site is optimized with the Yoast SEO plugin v26.3 - https:\/\/yoast.com\/wordpress\/plugins\/seo\/ -->\n<title>William Butler Yeats : po\u00e9sie et insurrection nationaliste (par Yann ar Gall) - STOURM<\/title>\n<meta name=\"robots\" content=\"index, follow, max-snippet:-1, max-image-preview:large, max-video-preview:-1\" \/>\n<link rel=\"canonical\" href=\"https:\/\/stourm.news\/?p=3377\" \/>\n<meta property=\"og:locale\" content=\"fr_FR\" \/>\n<meta property=\"og:type\" content=\"article\" \/>\n<meta property=\"og:title\" content=\"William Butler Yeats : po\u00e9sie et insurrection nationaliste (par Yann ar Gall) - STOURM\" \/>\n<meta property=\"og:description\" content=\"Dans le panth\u00e9on des po\u00e8tes irlandais, William Butler Yeats occupe la premi\u00e8re place. L&rsquo;un de ses po\u00e8mes les plus notables est \u00ab\u00a0Easter, 1916\u00a0\u00bb (\u00ab\u00a0P\u00e2ques, 1916\u00a0\u00bb). \u00c9crit en r\u00e9ponse \u00e0 l&rsquo;insurrection irlandaise de la P\u00e2ques de 1916 contre l&rsquo;occupation anglaise, ce soul\u00e8vement a marqu\u00e9 un tournant crucial dans la lutte pour l&rsquo;ind\u00e9pendance de l&rsquo;Irlande. Le po\u00e8me [&hellip;]\" \/>\n<meta property=\"og:url\" content=\"https:\/\/stourm.news\/?p=3377\" \/>\n<meta property=\"og:site_name\" content=\"STOURM\" \/>\n<meta property=\"article:publisher\" content=\"https:\/\/www.facebook.com\/stourmnews\/\" \/>\n<meta property=\"article:published_time\" content=\"2025-02-04T17:32:21+00:00\" \/>\n<meta property=\"og:image\" content=\"https:\/\/stourm.news\/wp-content\/uploads\/2025\/02\/0_William_Butler_Yeats_by_George_Charles_Beresford.webp\" \/>\n\t<meta property=\"og:image:width\" content=\"615\" \/>\n\t<meta property=\"og:image:height\" content=\"409\" \/>\n\t<meta property=\"og:image:type\" content=\"image\/webp\" \/>\n<meta name=\"author\" content=\"La r\u00e9daction\" \/>\n<meta name=\"twitter:card\" content=\"summary_large_image\" \/>\n<meta name=\"twitter:label1\" content=\"\u00c9crit par\" \/>\n\t<meta name=\"twitter:data1\" content=\"La r\u00e9daction\" \/>\n\t<meta name=\"twitter:label2\" content=\"Dur\u00e9e de lecture estim\u00e9e\" \/>\n\t<meta name=\"twitter:data2\" content=\"6 minutes\" \/>\n<script type=\"application\/ld+json\" class=\"yoast-schema-graph\">{\"@context\":\"https:\/\/schema.org\",\"@graph\":[{\"@type\":\"Article\",\"@id\":\"https:\/\/stourm.news\/?p=3377#article\",\"isPartOf\":{\"@id\":\"https:\/\/stourm.news\/?p=3377\"},\"author\":{\"name\":\"La r\u00e9daction\",\"@id\":\"https:\/\/stourm.news\/#\/schema\/person\/c3e1dc65988632e190969234ef046cf9\"},\"headline\":\"William Butler Yeats : po\u00e9sie et insurrection nationaliste (par Yann ar Gall)\",\"datePublished\":\"2025-02-04T17:32:21+00:00\",\"mainEntityOfPage\":{\"@id\":\"https:\/\/stourm.news\/?p=3377\"},\"wordCount\":1197,\"commentCount\":0,\"publisher\":{\"@id\":\"https:\/\/stourm.news\/#organization\"},\"image\":{\"@id\":\"https:\/\/stourm.news\/?p=3377#primaryimage\"},\"thumbnailUrl\":\"https:\/\/stourm.news\/wp-content\/uploads\/2025\/02\/0_William_Butler_Yeats_by_George_Charles_Beresford.webp\",\"articleSection\":[\"Celtisme\",\"Principale\"],\"inLanguage\":\"fr-FR\",\"potentialAction\":[{\"@type\":\"CommentAction\",\"name\":\"Comment\",\"target\":[\"https:\/\/stourm.news\/?p=3377#respond\"]}]},{\"@type\":\"WebPage\",\"@id\":\"https:\/\/stourm.news\/?p=3377\",\"url\":\"https:\/\/stourm.news\/?p=3377\",\"name\":\"William Butler Yeats : po\u00e9sie et insurrection nationaliste (par Yann ar Gall) - STOURM\",\"isPartOf\":{\"@id\":\"https:\/\/stourm.news\/#website\"},\"primaryImageOfPage\":{\"@id\":\"https:\/\/stourm.news\/?p=3377#primaryimage\"},\"image\":{\"@id\":\"https:\/\/stourm.news\/?p=3377#primaryimage\"},\"thumbnailUrl\":\"https:\/\/stourm.news\/wp-content\/uploads\/2025\/02\/0_William_Butler_Yeats_by_George_Charles_Beresford.webp\",\"datePublished\":\"2025-02-04T17:32:21+00:00\",\"breadcrumb\":{\"@id\":\"https:\/\/stourm.news\/?p=3377#breadcrumb\"},\"inLanguage\":\"fr-FR\",\"potentialAction\":[{\"@type\":\"ReadAction\",\"target\":[\"https:\/\/stourm.news\/?p=3377\"]}]},{\"@type\":\"ImageObject\",\"inLanguage\":\"fr-FR\",\"@id\":\"https:\/\/stourm.news\/?p=3377#primaryimage\",\"url\":\"https:\/\/stourm.news\/wp-content\/uploads\/2025\/02\/0_William_Butler_Yeats_by_George_Charles_Beresford.webp\",\"contentUrl\":\"https:\/\/stourm.news\/wp-content\/uploads\/2025\/02\/0_William_Butler_Yeats_by_George_Charles_Beresford.webp\",\"width\":615,\"height\":409},{\"@type\":\"BreadcrumbList\",\"@id\":\"https:\/\/stourm.news\/?p=3377#breadcrumb\",\"itemListElement\":[{\"@type\":\"ListItem\",\"position\":1,\"name\":\"Accueil\",\"item\":\"https:\/\/stourm.news\/\"},{\"@type\":\"ListItem\",\"position\":2,\"name\":\"William Butler Yeats : po\u00e9sie et insurrection nationaliste (par Yann ar Gall)\"}]},{\"@type\":\"WebSite\",\"@id\":\"https:\/\/stourm.news\/#website\",\"url\":\"https:\/\/stourm.news\/\",\"name\":\"Stourm\",\"description\":\"Kazetenn Strollad Broadel Breizh\",\"publisher\":{\"@id\":\"https:\/\/stourm.news\/#organization\"},\"potentialAction\":[{\"@type\":\"SearchAction\",\"target\":{\"@type\":\"EntryPoint\",\"urlTemplate\":\"https:\/\/stourm.news\/?s={search_term_string}\"},\"query-input\":{\"@type\":\"PropertyValueSpecification\",\"valueRequired\":true,\"valueName\":\"search_term_string\"}}],\"inLanguage\":\"fr-FR\"},{\"@type\":\"Organization\",\"@id\":\"https:\/\/stourm.news\/#organization\",\"name\":\"Stourm\",\"url\":\"https:\/\/stourm.news\/\",\"logo\":{\"@type\":\"ImageObject\",\"inLanguage\":\"fr-FR\",\"@id\":\"https:\/\/stourm.news\/#\/schema\/logo\/image\/\",\"url\":\"https:\/\/stourm.news\/wp-content\/uploads\/2025\/11\/cropped-Capture-decran-2025-11-28-a-15.19.07.png\",\"contentUrl\":\"https:\/\/stourm.news\/wp-content\/uploads\/2025\/11\/cropped-Capture-decran-2025-11-28-a-15.19.07.png\",\"width\":1855,\"height\":383,\"caption\":\"Stourm\"},\"image\":{\"@id\":\"https:\/\/stourm.news\/#\/schema\/logo\/image\/\"},\"sameAs\":[\"https:\/\/www.facebook.com\/stourmnews\/\"]},{\"@type\":\"Person\",\"@id\":\"https:\/\/stourm.news\/#\/schema\/person\/c3e1dc65988632e190969234ef046cf9\",\"name\":\"La r\u00e9daction\",\"image\":{\"@type\":\"ImageObject\",\"inLanguage\":\"fr-FR\",\"@id\":\"https:\/\/stourm.news\/#\/schema\/person\/image\/\",\"url\":\"https:\/\/secure.gravatar.com\/avatar\/7463443f194b6b5fb706b074ca0ef59a0cfcfd720cb47764b0ec5a952ce422b3?s=96&d=mm&r=g\",\"contentUrl\":\"https:\/\/secure.gravatar.com\/avatar\/7463443f194b6b5fb706b074ca0ef59a0cfcfd720cb47764b0ec5a952ce422b3?s=96&d=mm&r=g\",\"caption\":\"La r\u00e9daction\"},\"sameAs\":[\"https:\/\/stourm.news\"],\"url\":\"https:\/\/stourm.news\/?author=1\"}]}<\/script>\n<!-- \/ Yoast SEO plugin. -->","yoast_head_json":{"title":"William Butler Yeats : po\u00e9sie et insurrection nationaliste (par Yann ar Gall) - STOURM","robots":{"index":"index","follow":"follow","max-snippet":"max-snippet:-1","max-image-preview":"max-image-preview:large","max-video-preview":"max-video-preview:-1"},"canonical":"https:\/\/stourm.news\/?p=3377","og_locale":"fr_FR","og_type":"article","og_title":"William Butler Yeats : po\u00e9sie et insurrection nationaliste (par Yann ar Gall) - STOURM","og_description":"Dans le panth\u00e9on des po\u00e8tes irlandais, William Butler Yeats occupe la premi\u00e8re place. L&rsquo;un de ses po\u00e8mes les plus notables est \u00ab\u00a0Easter, 1916\u00a0\u00bb (\u00ab\u00a0P\u00e2ques, 1916\u00a0\u00bb). \u00c9crit en r\u00e9ponse \u00e0 l&rsquo;insurrection irlandaise de la P\u00e2ques de 1916 contre l&rsquo;occupation anglaise, ce soul\u00e8vement a marqu\u00e9 un tournant crucial dans la lutte pour l&rsquo;ind\u00e9pendance de l&rsquo;Irlande. Le po\u00e8me [&hellip;]","og_url":"https:\/\/stourm.news\/?p=3377","og_site_name":"STOURM","article_publisher":"https:\/\/www.facebook.com\/stourmnews\/","article_published_time":"2025-02-04T17:32:21+00:00","og_image":[{"width":615,"height":409,"url":"https:\/\/stourm.news\/wp-content\/uploads\/2025\/02\/0_William_Butler_Yeats_by_George_Charles_Beresford.webp","type":"image\/webp"}],"author":"La r\u00e9daction","twitter_card":"summary_large_image","twitter_misc":{"\u00c9crit par":"La r\u00e9daction","Dur\u00e9e de lecture estim\u00e9e":"6 minutes"},"schema":{"@context":"https:\/\/schema.org","@graph":[{"@type":"Article","@id":"https:\/\/stourm.news\/?p=3377#article","isPartOf":{"@id":"https:\/\/stourm.news\/?p=3377"},"author":{"name":"La r\u00e9daction","@id":"https:\/\/stourm.news\/#\/schema\/person\/c3e1dc65988632e190969234ef046cf9"},"headline":"William Butler Yeats : po\u00e9sie et insurrection nationaliste (par Yann ar Gall)","datePublished":"2025-02-04T17:32:21+00:00","mainEntityOfPage":{"@id":"https:\/\/stourm.news\/?p=3377"},"wordCount":1197,"commentCount":0,"publisher":{"@id":"https:\/\/stourm.news\/#organization"},"image":{"@id":"https:\/\/stourm.news\/?p=3377#primaryimage"},"thumbnailUrl":"https:\/\/stourm.news\/wp-content\/uploads\/2025\/02\/0_William_Butler_Yeats_by_George_Charles_Beresford.webp","articleSection":["Celtisme","Principale"],"inLanguage":"fr-FR","potentialAction":[{"@type":"CommentAction","name":"Comment","target":["https:\/\/stourm.news\/?p=3377#respond"]}]},{"@type":"WebPage","@id":"https:\/\/stourm.news\/?p=3377","url":"https:\/\/stourm.news\/?p=3377","name":"William Butler Yeats : po\u00e9sie et insurrection nationaliste (par Yann ar Gall) - STOURM","isPartOf":{"@id":"https:\/\/stourm.news\/#website"},"primaryImageOfPage":{"@id":"https:\/\/stourm.news\/?p=3377#primaryimage"},"image":{"@id":"https:\/\/stourm.news\/?p=3377#primaryimage"},"thumbnailUrl":"https:\/\/stourm.news\/wp-content\/uploads\/2025\/02\/0_William_Butler_Yeats_by_George_Charles_Beresford.webp","datePublished":"2025-02-04T17:32:21+00:00","breadcrumb":{"@id":"https:\/\/stourm.news\/?p=3377#breadcrumb"},"inLanguage":"fr-FR","potentialAction":[{"@type":"ReadAction","target":["https:\/\/stourm.news\/?p=3377"]}]},{"@type":"ImageObject","inLanguage":"fr-FR","@id":"https:\/\/stourm.news\/?p=3377#primaryimage","url":"https:\/\/stourm.news\/wp-content\/uploads\/2025\/02\/0_William_Butler_Yeats_by_George_Charles_Beresford.webp","contentUrl":"https:\/\/stourm.news\/wp-content\/uploads\/2025\/02\/0_William_Butler_Yeats_by_George_Charles_Beresford.webp","width":615,"height":409},{"@type":"BreadcrumbList","@id":"https:\/\/stourm.news\/?p=3377#breadcrumb","itemListElement":[{"@type":"ListItem","position":1,"name":"Accueil","item":"https:\/\/stourm.news\/"},{"@type":"ListItem","position":2,"name":"William Butler Yeats : po\u00e9sie et insurrection nationaliste (par Yann ar Gall)"}]},{"@type":"WebSite","@id":"https:\/\/stourm.news\/#website","url":"https:\/\/stourm.news\/","name":"Stourm","description":"Kazetenn Strollad Broadel Breizh","publisher":{"@id":"https:\/\/stourm.news\/#organization"},"potentialAction":[{"@type":"SearchAction","target":{"@type":"EntryPoint","urlTemplate":"https:\/\/stourm.news\/?s={search_term_string}"},"query-input":{"@type":"PropertyValueSpecification","valueRequired":true,"valueName":"search_term_string"}}],"inLanguage":"fr-FR"},{"@type":"Organization","@id":"https:\/\/stourm.news\/#organization","name":"Stourm","url":"https:\/\/stourm.news\/","logo":{"@type":"ImageObject","inLanguage":"fr-FR","@id":"https:\/\/stourm.news\/#\/schema\/logo\/image\/","url":"https:\/\/stourm.news\/wp-content\/uploads\/2025\/11\/cropped-Capture-decran-2025-11-28-a-15.19.07.png","contentUrl":"https:\/\/stourm.news\/wp-content\/uploads\/2025\/11\/cropped-Capture-decran-2025-11-28-a-15.19.07.png","width":1855,"height":383,"caption":"Stourm"},"image":{"@id":"https:\/\/stourm.news\/#\/schema\/logo\/image\/"},"sameAs":["https:\/\/www.facebook.com\/stourmnews\/"]},{"@type":"Person","@id":"https:\/\/stourm.news\/#\/schema\/person\/c3e1dc65988632e190969234ef046cf9","name":"La r\u00e9daction","image":{"@type":"ImageObject","inLanguage":"fr-FR","@id":"https:\/\/stourm.news\/#\/schema\/person\/image\/","url":"https:\/\/secure.gravatar.com\/avatar\/7463443f194b6b5fb706b074ca0ef59a0cfcfd720cb47764b0ec5a952ce422b3?s=96&d=mm&r=g","contentUrl":"https:\/\/secure.gravatar.com\/avatar\/7463443f194b6b5fb706b074ca0ef59a0cfcfd720cb47764b0ec5a952ce422b3?s=96&d=mm&r=g","caption":"La r\u00e9daction"},"sameAs":["https:\/\/stourm.news"],"url":"https:\/\/stourm.news\/?author=1"}]}},"_links":{"self":[{"href":"https:\/\/stourm.news\/index.php?rest_route=\/wp\/v2\/posts\/3377","targetHints":{"allow":["GET"]}}],"collection":[{"href":"https:\/\/stourm.news\/index.php?rest_route=\/wp\/v2\/posts"}],"about":[{"href":"https:\/\/stourm.news\/index.php?rest_route=\/wp\/v2\/types\/post"}],"author":[{"embeddable":true,"href":"https:\/\/stourm.news\/index.php?rest_route=\/wp\/v2\/users\/1"}],"replies":[{"embeddable":true,"href":"https:\/\/stourm.news\/index.php?rest_route=%2Fwp%2Fv2%2Fcomments&post=3377"}],"version-history":[{"count":1,"href":"https:\/\/stourm.news\/index.php?rest_route=\/wp\/v2\/posts\/3377\/revisions"}],"predecessor-version":[{"id":3379,"href":"https:\/\/stourm.news\/index.php?rest_route=\/wp\/v2\/posts\/3377\/revisions\/3379"}],"wp:featuredmedia":[{"embeddable":true,"href":"https:\/\/stourm.news\/index.php?rest_route=\/wp\/v2\/media\/3378"}],"wp:attachment":[{"href":"https:\/\/stourm.news\/index.php?rest_route=%2Fwp%2Fv2%2Fmedia&parent=3377"}],"wp:term":[{"taxonomy":"category","embeddable":true,"href":"https:\/\/stourm.news\/index.php?rest_route=%2Fwp%2Fv2%2Fcategories&post=3377"},{"taxonomy":"post_tag","embeddable":true,"href":"https:\/\/stourm.news\/index.php?rest_route=%2Fwp%2Fv2%2Ftags&post=3377"}],"curies":[{"name":"wp","href":"https:\/\/api.w.org\/{rel}","templated":true}]}}