{"id":3380,"date":"2025-02-05T16:52:57","date_gmt":"2025-02-05T16:52:57","guid":{"rendered":"https:\/\/stourm.news\/?p=3380"},"modified":"2025-02-05T16:52:57","modified_gmt":"2025-02-05T16:52:57","slug":"editorial-le-nationalisme-de-substitution-nationalisme-des-alienes-par-ewen-brochan","status":"publish","type":"post","link":"https:\/\/stourm.news\/?p=3380","title":{"rendered":"\u00c9ditorial : \u00ab\u00a0Le nationalisme de substitution, nationalisme des ali\u00e9n\u00e9s\u00a0\u00bb (Par Ewen Broc&rsquo;han)"},"content":{"rendered":"<p style=\"text-align: justify;\">Le nationalisme breton, dans sa forme la plus pure, est l&rsquo;expression d&rsquo;un amour profond pour la terre, la langue, et les traditions de la Bretagne. Pourtant, un ph\u00e9nom\u00e8ne inqui\u00e9tant \u00e9merge dans nos rues et nos discussions : plus qu&rsquo;un nationalisme d&#8217;emprunt, un nationalisme de substitution.<\/p>\n<p style=\"text-align: justify;\">Ce terme d\u00e9signe ceux qui, sous couvert de solidarit\u00e9 internationale, agitent avec passion les drapeaux de nations \u00e9trang\u00e8res &#8211; Palestine ou Isra\u00ebl, entre autres &#8211; mais n\u00e9gligent, ignorent ou s&rsquo;opposent aux luttes de leur propre patrie. Cette agitation symbolique, bien que souvent motiv\u00e9e par des intentions nobles, exprime non pas la force d&rsquo;un engagement, mais son absence auquel le suivisme tente vainement de r\u00e9pondre. Il est d&rsquo;ailleurs ironique que la gauche la plus radicale, pourtant hostile au nationalisme en Europe, soit devenue le bastion de la mystique palestinienne du sang et du sol.<\/p>\n<p style=\"text-align: justify;\">Il est essentiel de d\u00e9noncer le d\u00e9tournement de l&rsquo;\u00e9nergie nationale. Les luttes pour la libert\u00e9 et la justice des nations du monde m\u00e9ritent certes notre attention, mais pas au d\u00e9triment de notre propre nation. On observe trop souvent des Bretons plus actifs pour des causes lointaines que pour le renouveau de leur propre langue, la sauvegarde de leur patrimoine, ou la d\u00e9fense de leurs droits nationaux.<\/p>\n<p style=\"text-align: justify;\">Ce nationalisme de substitution donne une image fallacieuse de l&rsquo;activisme, o\u00f9 l&rsquo;on pr\u00e9f\u00e8re s&rsquo;engager \u00e0 peu de frais dans des luttes exotiques plut\u00f4t que de s&rsquo;investir dans des actions concr\u00e8tes pour la Bretagne, contre l&rsquo;occupation fran\u00e7aise et ses cons\u00e9quences. O\u00f9 sont les manifestations pour la libert\u00e9 nationale de la Bretagne ou le salut de sa langue, menac\u00e9e purement et simplement de disparition ?<\/p>\n<p style=\"text-align: justify;\">Le v\u00e9ritable nationalisme breton ne se satisfait pas de symboles agit\u00e9s au vent; il exige du concret. Il requiert des actions qui fortifient la patrie, qui renforcent la communaut\u00e9 bretonne, qui pr\u00e9servent et promeuvent notre h\u00e9ritage.<\/p>\n<p style=\"text-align: justify;\">Ainsi, il est imp\u00e9ratif de r\u00e9orienter notre \u00e9nergie vers ce qui est n\u00f4tre. Le nationalisme breton doit \u00eatre v\u00e9cu \u00e0 travers un engagement authentique pour notre terre, notre langue, et notre identit\u00e9. Le temps est venu de cesser de se cacher derri\u00e8re des causes \u00e9trang\u00e8res pour \u00e9viter de faire face aux d\u00e9fis de notre propre nation. La Bretagne a besoin de d\u00e9fenseurs non pas de drapeaux \u00e9trangers, mais de son propre drapeau, de son histoire, de son avenir.<\/p>\n<p style=\"text-align: right;\"><strong>Ewen Broc&rsquo;han<\/strong><\/p>\n","protected":false},"excerpt":{"rendered":"<p>Le nationalisme breton, dans sa forme la plus pure, est l&rsquo;expression d&rsquo;un amour profond pour la terre, la langue, et les traditions de la Bretagne. Pourtant, un ph\u00e9nom\u00e8ne inqui\u00e9tant \u00e9merge dans nos rues et nos discussions : plus qu&rsquo;un nationalisme d&#8217;emprunt, un nationalisme de substitution. Ce terme d\u00e9signe ceux qui, sous couvert de solidarit\u00e9 internationale, [&hellip;]<\/p>\n","protected":false},"author":1,"featured_media":3381,"comment_status":"open","ping_status":"open","sticky":false,"template":"","format":"standard","meta":{"sb_editor_width":"","footnotes":""},"categories":[63,65],"tags":[],"class_list":["post-3380","post","type-post","status-publish","format-standard","has-post-thumbnail","hentry","category-editorial","category-principale"],"relative_dates":{"created":"1 an ago","modified":"1 an ago"},"yoast_head":"<!-- This site is optimized with the Yoast SEO plugin v26.3 - https:\/\/yoast.com\/wordpress\/plugins\/seo\/ -->\n<title>\u00c9ditorial : &quot;Le nationalisme de substitution, nationalisme des ali\u00e9n\u00e9s&quot; (Par Ewen Broc&#039;han) - STOURM<\/title>\n<meta name=\"robots\" content=\"index, follow, max-snippet:-1, max-image-preview:large, max-video-preview:-1\" \/>\n<link rel=\"canonical\" href=\"https:\/\/stourm.news\/?p=3380\" \/>\n<meta property=\"og:locale\" content=\"fr_FR\" \/>\n<meta property=\"og:type\" content=\"article\" \/>\n<meta property=\"og:title\" content=\"\u00c9ditorial : &quot;Le nationalisme de substitution, nationalisme des ali\u00e9n\u00e9s&quot; (Par Ewen Broc&#039;han) - STOURM\" \/>\n<meta property=\"og:description\" content=\"Le nationalisme breton, dans sa forme la plus pure, est l&rsquo;expression d&rsquo;un amour profond pour la terre, la langue, et les traditions de la Bretagne. Pourtant, un ph\u00e9nom\u00e8ne inqui\u00e9tant \u00e9merge dans nos rues et nos discussions : plus qu&rsquo;un nationalisme d&#8217;emprunt, un nationalisme de substitution. Ce terme d\u00e9signe ceux qui, sous couvert de solidarit\u00e9 internationale, [&hellip;]\" \/>\n<meta property=\"og:url\" content=\"https:\/\/stourm.news\/?p=3380\" \/>\n<meta property=\"og:site_name\" content=\"STOURM\" \/>\n<meta property=\"article:publisher\" content=\"https:\/\/www.facebook.com\/stourmnews\/\" \/>\n<meta property=\"article:published_time\" content=\"2025-02-05T16:52:57+00:00\" \/>\n<meta property=\"og:image\" content=\"https:\/\/stourm.news\/wp-content\/uploads\/2025\/02\/656b7472a7826557b641003b.webp\" \/>\n\t<meta property=\"og:image:width\" content=\"1200\" \/>\n\t<meta property=\"og:image:height\" content=\"750\" \/>\n\t<meta property=\"og:image:type\" content=\"image\/webp\" \/>\n<meta name=\"author\" content=\"La r\u00e9daction\" \/>\n<meta name=\"twitter:card\" content=\"summary_large_image\" \/>\n<meta name=\"twitter:label1\" content=\"\u00c9crit par\" \/>\n\t<meta name=\"twitter:data1\" content=\"La r\u00e9daction\" \/>\n\t<meta name=\"twitter:label2\" content=\"Dur\u00e9e de lecture estim\u00e9e\" \/>\n\t<meta name=\"twitter:data2\" content=\"2 minutes\" \/>\n<script type=\"application\/ld+json\" class=\"yoast-schema-graph\">{\"@context\":\"https:\/\/schema.org\",\"@graph\":[{\"@type\":\"Article\",\"@id\":\"https:\/\/stourm.news\/?p=3380#article\",\"isPartOf\":{\"@id\":\"https:\/\/stourm.news\/?p=3380\"},\"author\":{\"name\":\"La r\u00e9daction\",\"@id\":\"https:\/\/stourm.news\/#\/schema\/person\/c3e1dc65988632e190969234ef046cf9\"},\"headline\":\"\u00c9ditorial : \u00ab\u00a0Le nationalisme de substitution, nationalisme des ali\u00e9n\u00e9s\u00a0\u00bb (Par Ewen Broc&rsquo;han)\",\"datePublished\":\"2025-02-05T16:52:57+00:00\",\"mainEntityOfPage\":{\"@id\":\"https:\/\/stourm.news\/?p=3380\"},\"wordCount\":440,\"commentCount\":0,\"publisher\":{\"@id\":\"https:\/\/stourm.news\/#organization\"},\"image\":{\"@id\":\"https:\/\/stourm.news\/?p=3380#primaryimage\"},\"thumbnailUrl\":\"https:\/\/stourm.news\/wp-content\/uploads\/2025\/02\/656b7472a7826557b641003b.webp\",\"articleSection\":[\"Editorial\",\"Principale\"],\"inLanguage\":\"fr-FR\",\"potentialAction\":[{\"@type\":\"CommentAction\",\"name\":\"Comment\",\"target\":[\"https:\/\/stourm.news\/?p=3380#respond\"]}]},{\"@type\":\"WebPage\",\"@id\":\"https:\/\/stourm.news\/?p=3380\",\"url\":\"https:\/\/stourm.news\/?p=3380\",\"name\":\"\u00c9ditorial : \\\"Le nationalisme de substitution, nationalisme des ali\u00e9n\u00e9s\\\" (Par Ewen Broc'han) - STOURM\",\"isPartOf\":{\"@id\":\"https:\/\/stourm.news\/#website\"},\"primaryImageOfPage\":{\"@id\":\"https:\/\/stourm.news\/?p=3380#primaryimage\"},\"image\":{\"@id\":\"https:\/\/stourm.news\/?p=3380#primaryimage\"},\"thumbnailUrl\":\"https:\/\/stourm.news\/wp-content\/uploads\/2025\/02\/656b7472a7826557b641003b.webp\",\"datePublished\":\"2025-02-05T16:52:57+00:00\",\"breadcrumb\":{\"@id\":\"https:\/\/stourm.news\/?p=3380#breadcrumb\"},\"inLanguage\":\"fr-FR\",\"potentialAction\":[{\"@type\":\"ReadAction\",\"target\":[\"https:\/\/stourm.news\/?p=3380\"]}]},{\"@type\":\"ImageObject\",\"inLanguage\":\"fr-FR\",\"@id\":\"https:\/\/stourm.news\/?p=3380#primaryimage\",\"url\":\"https:\/\/stourm.news\/wp-content\/uploads\/2025\/02\/656b7472a7826557b641003b.webp\",\"contentUrl\":\"https:\/\/stourm.news\/wp-content\/uploads\/2025\/02\/656b7472a7826557b641003b.webp\",\"width\":1200,\"height\":750},{\"@type\":\"BreadcrumbList\",\"@id\":\"https:\/\/stourm.news\/?p=3380#breadcrumb\",\"itemListElement\":[{\"@type\":\"ListItem\",\"position\":1,\"name\":\"Accueil\",\"item\":\"https:\/\/stourm.news\/\"},{\"@type\":\"ListItem\",\"position\":2,\"name\":\"\u00c9ditorial : \u00ab\u00a0Le nationalisme de substitution, nationalisme des ali\u00e9n\u00e9s\u00a0\u00bb (Par Ewen Broc&rsquo;han)\"}]},{\"@type\":\"WebSite\",\"@id\":\"https:\/\/stourm.news\/#website\",\"url\":\"https:\/\/stourm.news\/\",\"name\":\"Stourm\",\"description\":\"Kazetenn Strollad Broadel Breizh\",\"publisher\":{\"@id\":\"https:\/\/stourm.news\/#organization\"},\"potentialAction\":[{\"@type\":\"SearchAction\",\"target\":{\"@type\":\"EntryPoint\",\"urlTemplate\":\"https:\/\/stourm.news\/?s={search_term_string}\"},\"query-input\":{\"@type\":\"PropertyValueSpecification\",\"valueRequired\":true,\"valueName\":\"search_term_string\"}}],\"inLanguage\":\"fr-FR\"},{\"@type\":\"Organization\",\"@id\":\"https:\/\/stourm.news\/#organization\",\"name\":\"Stourm\",\"url\":\"https:\/\/stourm.news\/\",\"logo\":{\"@type\":\"ImageObject\",\"inLanguage\":\"fr-FR\",\"@id\":\"https:\/\/stourm.news\/#\/schema\/logo\/image\/\",\"url\":\"https:\/\/stourm.news\/wp-content\/uploads\/2025\/11\/cropped-Capture-decran-2025-11-28-a-15.19.07.png\",\"contentUrl\":\"https:\/\/stourm.news\/wp-content\/uploads\/2025\/11\/cropped-Capture-decran-2025-11-28-a-15.19.07.png\",\"width\":1855,\"height\":383,\"caption\":\"Stourm\"},\"image\":{\"@id\":\"https:\/\/stourm.news\/#\/schema\/logo\/image\/\"},\"sameAs\":[\"https:\/\/www.facebook.com\/stourmnews\/\"]},{\"@type\":\"Person\",\"@id\":\"https:\/\/stourm.news\/#\/schema\/person\/c3e1dc65988632e190969234ef046cf9\",\"name\":\"La r\u00e9daction\",\"image\":{\"@type\":\"ImageObject\",\"inLanguage\":\"fr-FR\",\"@id\":\"https:\/\/stourm.news\/#\/schema\/person\/image\/\",\"url\":\"https:\/\/secure.gravatar.com\/avatar\/7463443f194b6b5fb706b074ca0ef59a0cfcfd720cb47764b0ec5a952ce422b3?s=96&d=mm&r=g\",\"contentUrl\":\"https:\/\/secure.gravatar.com\/avatar\/7463443f194b6b5fb706b074ca0ef59a0cfcfd720cb47764b0ec5a952ce422b3?s=96&d=mm&r=g\",\"caption\":\"La r\u00e9daction\"},\"sameAs\":[\"https:\/\/stourm.news\"],\"url\":\"https:\/\/stourm.news\/?author=1\"}]}<\/script>\n<!-- \/ Yoast SEO plugin. -->","yoast_head_json":{"title":"\u00c9ditorial : \"Le nationalisme de substitution, nationalisme des ali\u00e9n\u00e9s\" (Par Ewen Broc'han) - STOURM","robots":{"index":"index","follow":"follow","max-snippet":"max-snippet:-1","max-image-preview":"max-image-preview:large","max-video-preview":"max-video-preview:-1"},"canonical":"https:\/\/stourm.news\/?p=3380","og_locale":"fr_FR","og_type":"article","og_title":"\u00c9ditorial : \"Le nationalisme de substitution, nationalisme des ali\u00e9n\u00e9s\" (Par Ewen Broc'han) - STOURM","og_description":"Le nationalisme breton, dans sa forme la plus pure, est l&rsquo;expression d&rsquo;un amour profond pour la terre, la langue, et les traditions de la Bretagne. Pourtant, un ph\u00e9nom\u00e8ne inqui\u00e9tant \u00e9merge dans nos rues et nos discussions : plus qu&rsquo;un nationalisme d&#8217;emprunt, un nationalisme de substitution. Ce terme d\u00e9signe ceux qui, sous couvert de solidarit\u00e9 internationale, [&hellip;]","og_url":"https:\/\/stourm.news\/?p=3380","og_site_name":"STOURM","article_publisher":"https:\/\/www.facebook.com\/stourmnews\/","article_published_time":"2025-02-05T16:52:57+00:00","og_image":[{"width":1200,"height":750,"url":"https:\/\/stourm.news\/wp-content\/uploads\/2025\/02\/656b7472a7826557b641003b.webp","type":"image\/webp"}],"author":"La r\u00e9daction","twitter_card":"summary_large_image","twitter_misc":{"\u00c9crit par":"La r\u00e9daction","Dur\u00e9e de lecture estim\u00e9e":"2 minutes"},"schema":{"@context":"https:\/\/schema.org","@graph":[{"@type":"Article","@id":"https:\/\/stourm.news\/?p=3380#article","isPartOf":{"@id":"https:\/\/stourm.news\/?p=3380"},"author":{"name":"La r\u00e9daction","@id":"https:\/\/stourm.news\/#\/schema\/person\/c3e1dc65988632e190969234ef046cf9"},"headline":"\u00c9ditorial : \u00ab\u00a0Le nationalisme de substitution, nationalisme des ali\u00e9n\u00e9s\u00a0\u00bb (Par Ewen Broc&rsquo;han)","datePublished":"2025-02-05T16:52:57+00:00","mainEntityOfPage":{"@id":"https:\/\/stourm.news\/?p=3380"},"wordCount":440,"commentCount":0,"publisher":{"@id":"https:\/\/stourm.news\/#organization"},"image":{"@id":"https:\/\/stourm.news\/?p=3380#primaryimage"},"thumbnailUrl":"https:\/\/stourm.news\/wp-content\/uploads\/2025\/02\/656b7472a7826557b641003b.webp","articleSection":["Editorial","Principale"],"inLanguage":"fr-FR","potentialAction":[{"@type":"CommentAction","name":"Comment","target":["https:\/\/stourm.news\/?p=3380#respond"]}]},{"@type":"WebPage","@id":"https:\/\/stourm.news\/?p=3380","url":"https:\/\/stourm.news\/?p=3380","name":"\u00c9ditorial : \"Le nationalisme de substitution, nationalisme des ali\u00e9n\u00e9s\" (Par Ewen Broc'han) - STOURM","isPartOf":{"@id":"https:\/\/stourm.news\/#website"},"primaryImageOfPage":{"@id":"https:\/\/stourm.news\/?p=3380#primaryimage"},"image":{"@id":"https:\/\/stourm.news\/?p=3380#primaryimage"},"thumbnailUrl":"https:\/\/stourm.news\/wp-content\/uploads\/2025\/02\/656b7472a7826557b641003b.webp","datePublished":"2025-02-05T16:52:57+00:00","breadcrumb":{"@id":"https:\/\/stourm.news\/?p=3380#breadcrumb"},"inLanguage":"fr-FR","potentialAction":[{"@type":"ReadAction","target":["https:\/\/stourm.news\/?p=3380"]}]},{"@type":"ImageObject","inLanguage":"fr-FR","@id":"https:\/\/stourm.news\/?p=3380#primaryimage","url":"https:\/\/stourm.news\/wp-content\/uploads\/2025\/02\/656b7472a7826557b641003b.webp","contentUrl":"https:\/\/stourm.news\/wp-content\/uploads\/2025\/02\/656b7472a7826557b641003b.webp","width":1200,"height":750},{"@type":"BreadcrumbList","@id":"https:\/\/stourm.news\/?p=3380#breadcrumb","itemListElement":[{"@type":"ListItem","position":1,"name":"Accueil","item":"https:\/\/stourm.news\/"},{"@type":"ListItem","position":2,"name":"\u00c9ditorial : \u00ab\u00a0Le nationalisme de substitution, nationalisme des ali\u00e9n\u00e9s\u00a0\u00bb (Par Ewen Broc&rsquo;han)"}]},{"@type":"WebSite","@id":"https:\/\/stourm.news\/#website","url":"https:\/\/stourm.news\/","name":"Stourm","description":"Kazetenn Strollad Broadel Breizh","publisher":{"@id":"https:\/\/stourm.news\/#organization"},"potentialAction":[{"@type":"SearchAction","target":{"@type":"EntryPoint","urlTemplate":"https:\/\/stourm.news\/?s={search_term_string}"},"query-input":{"@type":"PropertyValueSpecification","valueRequired":true,"valueName":"search_term_string"}}],"inLanguage":"fr-FR"},{"@type":"Organization","@id":"https:\/\/stourm.news\/#organization","name":"Stourm","url":"https:\/\/stourm.news\/","logo":{"@type":"ImageObject","inLanguage":"fr-FR","@id":"https:\/\/stourm.news\/#\/schema\/logo\/image\/","url":"https:\/\/stourm.news\/wp-content\/uploads\/2025\/11\/cropped-Capture-decran-2025-11-28-a-15.19.07.png","contentUrl":"https:\/\/stourm.news\/wp-content\/uploads\/2025\/11\/cropped-Capture-decran-2025-11-28-a-15.19.07.png","width":1855,"height":383,"caption":"Stourm"},"image":{"@id":"https:\/\/stourm.news\/#\/schema\/logo\/image\/"},"sameAs":["https:\/\/www.facebook.com\/stourmnews\/"]},{"@type":"Person","@id":"https:\/\/stourm.news\/#\/schema\/person\/c3e1dc65988632e190969234ef046cf9","name":"La r\u00e9daction","image":{"@type":"ImageObject","inLanguage":"fr-FR","@id":"https:\/\/stourm.news\/#\/schema\/person\/image\/","url":"https:\/\/secure.gravatar.com\/avatar\/7463443f194b6b5fb706b074ca0ef59a0cfcfd720cb47764b0ec5a952ce422b3?s=96&d=mm&r=g","contentUrl":"https:\/\/secure.gravatar.com\/avatar\/7463443f194b6b5fb706b074ca0ef59a0cfcfd720cb47764b0ec5a952ce422b3?s=96&d=mm&r=g","caption":"La r\u00e9daction"},"sameAs":["https:\/\/stourm.news"],"url":"https:\/\/stourm.news\/?author=1"}]}},"_links":{"self":[{"href":"https:\/\/stourm.news\/index.php?rest_route=\/wp\/v2\/posts\/3380","targetHints":{"allow":["GET"]}}],"collection":[{"href":"https:\/\/stourm.news\/index.php?rest_route=\/wp\/v2\/posts"}],"about":[{"href":"https:\/\/stourm.news\/index.php?rest_route=\/wp\/v2\/types\/post"}],"author":[{"embeddable":true,"href":"https:\/\/stourm.news\/index.php?rest_route=\/wp\/v2\/users\/1"}],"replies":[{"embeddable":true,"href":"https:\/\/stourm.news\/index.php?rest_route=%2Fwp%2Fv2%2Fcomments&post=3380"}],"version-history":[{"count":1,"href":"https:\/\/stourm.news\/index.php?rest_route=\/wp\/v2\/posts\/3380\/revisions"}],"predecessor-version":[{"id":3382,"href":"https:\/\/stourm.news\/index.php?rest_route=\/wp\/v2\/posts\/3380\/revisions\/3382"}],"wp:featuredmedia":[{"embeddable":true,"href":"https:\/\/stourm.news\/index.php?rest_route=\/wp\/v2\/media\/3381"}],"wp:attachment":[{"href":"https:\/\/stourm.news\/index.php?rest_route=%2Fwp%2Fv2%2Fmedia&parent=3380"}],"wp:term":[{"taxonomy":"category","embeddable":true,"href":"https:\/\/stourm.news\/index.php?rest_route=%2Fwp%2Fv2%2Fcategories&post=3380"},{"taxonomy":"post_tag","embeddable":true,"href":"https:\/\/stourm.news\/index.php?rest_route=%2Fwp%2Fv2%2Ftags&post=3380"}],"curies":[{"name":"wp","href":"https:\/\/api.w.org\/{rel}","templated":true}]}}