{"id":3385,"date":"2025-02-06T07:07:24","date_gmt":"2025-02-06T07:07:24","guid":{"rendered":"https:\/\/stourm.news\/?p=3385"},"modified":"2025-02-06T07:07:24","modified_gmt":"2025-02-06T07:07:24","slug":"editorial-la-diaspora-bretonne-sixieme-departement-breton-et-pivot-de-la-renaissance-nationale-de-la-bretagne-ewen-brochan","status":"publish","type":"post","link":"https:\/\/stourm.news\/?p=3385","title":{"rendered":"\u00c9ditorial : \u00ab\u00a0La diaspora bretonne, sixi\u00e8me d\u00e9partement breton et pivot de la renaissance nationale de la Bretagne\u00a0\u00bb (Ewen Broc&rsquo;han)"},"content":{"rendered":"<p style=\"text-align: justify;\">La Bretagne compte une diaspora de plus d&rsquo;un million et demi de personnes en France, ainsi qu&rsquo;un grand nombre de par le monde. Cette diaspora est une force que n&rsquo;a pas su mobiliser l&rsquo;Emsav pour la d\u00e9fense de la nation bretonne et de ses int\u00e9r\u00eats.<\/p>\n<p style=\"text-align: justify;\">Cela doit changer \u00e0 un moment o\u00f9, psychologiquement, une rupture historique a lieu. Jadis, les Bretons quittaient la Bretagne avec un regard n\u00e9gatif, voire traumatique de leur pays, alors plong\u00e9 dans une longue nuit par l&rsquo;\u00e9tranglement de l&rsquo;isolement et du sous-d\u00e9veloppement impos\u00e9 par la France depuis Louis XIV. Pauvres, peu \u00e9duqu\u00e9s, ils souffraient d&rsquo;un grand sentiment d&rsquo;inf\u00e9riorit\u00e9 qui \u00e9tait cyniquement entretenu par l&rsquo;\u00c9tat fran\u00e7ais, son \u00e9cole et sa presse. Au 21e si\u00e8cle, la diaspora bretonne est tr\u00e8s \u00e9duqu\u00e9e, consciente ethniquement, et souvent tr\u00e8s attach\u00e9e \u00e0 la patrie. Cette inversion compl\u00e8te pr\u00e9dispose les Bretons de l&rsquo;\u00e9tranger \u00e0 soutenir la Bretagne dans ses combats.<\/p>\n<p style=\"text-align: justify;\">Les Bretons \u00e0 l&rsquo;\u00e9tranger ne sont pas de simples spectateurs de leur patrie ; ils sont des acteurs potentiels de notre ind\u00e9pendance. Leurs associations principales, si elles sont extirp\u00e9es de la passivit\u00e9 folklorique qui a \u00e9t\u00e9 leur mode jusqu&rsquo;\u00e0 aujourd&rsquo;hui, peuvent devenir des quartiers g\u00e9n\u00e9raux d&rsquo;o\u00f9 partent les offensives intellectuelles et politiques pour la reconnaissance de la nation bretonne, de ses droits, de son \u00c9tat. Cela passe par une organisation m\u00e9thodique avec l&rsquo;aide de nos compatriotes \u00e9tablis au del\u00e0 de nos fronti\u00e8res. Leurs comp\u00e9tences sont d&rsquo;autant plus pr\u00e9cieuses pour notre nation.<\/p>\n<p style=\"text-align: justify;\">Un r\u00e9seau, invisible mais puissant, reliant le plus grand nombre de Bretons expatri\u00e9s : voil\u00e0 ce dont la nation bretonne a besoin au 21e si\u00e8cle. Ils doivent \u00eatre mis \u00e0 l&rsquo;honneur, activement contact\u00e9s, organis\u00e9s et mobilis\u00e9s par l&rsquo;avant-garde nationaliste. Chaque association, chaque festival, chaque r\u00e9union, chaque publication acquis \u00e0 notre projet national peut devenir un maillon de cette cha\u00eene bretonne qui encercle le globe. Ce \u00ab\u00a0sixi\u00e8me d\u00e9partement\u00a0\u00bb breton a \u00e9t\u00e9 trop longtemps ignor\u00e9, il ne doit plus l&rsquo;\u00eatre. Au contraire, il doit devenir central, aussi central que ne l&rsquo;ont \u00e9t\u00e9 les front culturel ou linguistique.<\/p>\n<p style=\"text-align: right;\"><strong>Ewen Broc&rsquo;han<\/strong><\/p>\n","protected":false},"excerpt":{"rendered":"<p>La Bretagne compte une diaspora de plus d&rsquo;un million et demi de personnes en France, ainsi qu&rsquo;un grand nombre de par le monde. Cette diaspora est une force que n&rsquo;a pas su mobiliser l&rsquo;Emsav pour la d\u00e9fense de la nation bretonne et de ses int\u00e9r\u00eats. Cela doit changer \u00e0 un moment o\u00f9, psychologiquement, une rupture [&hellip;]<\/p>\n","protected":false},"author":1,"featured_media":3386,"comment_status":"open","ping_status":"open","sticky":false,"template":"","format":"standard","meta":{"sb_editor_width":"","footnotes":""},"categories":[63,65],"tags":[],"class_list":["post-3385","post","type-post","status-publish","format-standard","has-post-thumbnail","hentry","category-editorial","category-principale"],"relative_dates":{"created":"1 an ago","modified":"1 an ago"},"yoast_head":"<!-- This site is optimized with the Yoast SEO plugin v26.3 - https:\/\/yoast.com\/wordpress\/plugins\/seo\/ -->\n<title>\u00c9ditorial : &quot;La diaspora bretonne, sixi\u00e8me d\u00e9partement breton et pivot de la renaissance nationale de la Bretagne&quot; (Ewen Broc&#039;han) - STOURM<\/title>\n<meta name=\"robots\" content=\"index, follow, max-snippet:-1, max-image-preview:large, max-video-preview:-1\" \/>\n<link rel=\"canonical\" href=\"https:\/\/stourm.news\/?p=3385\" \/>\n<meta property=\"og:locale\" content=\"fr_FR\" \/>\n<meta property=\"og:type\" content=\"article\" \/>\n<meta property=\"og:title\" content=\"\u00c9ditorial : &quot;La diaspora bretonne, sixi\u00e8me d\u00e9partement breton et pivot de la renaissance nationale de la Bretagne&quot; (Ewen Broc&#039;han) - STOURM\" \/>\n<meta property=\"og:description\" content=\"La Bretagne compte une diaspora de plus d&rsquo;un million et demi de personnes en France, ainsi qu&rsquo;un grand nombre de par le monde. Cette diaspora est une force que n&rsquo;a pas su mobiliser l&rsquo;Emsav pour la d\u00e9fense de la nation bretonne et de ses int\u00e9r\u00eats. Cela doit changer \u00e0 un moment o\u00f9, psychologiquement, une rupture [&hellip;]\" \/>\n<meta property=\"og:url\" content=\"https:\/\/stourm.news\/?p=3385\" \/>\n<meta property=\"og:site_name\" content=\"STOURM\" \/>\n<meta property=\"article:publisher\" content=\"https:\/\/www.facebook.com\/stourmnews\/\" \/>\n<meta property=\"article:published_time\" content=\"2025-02-06T07:07:24+00:00\" \/>\n<meta property=\"og:image\" content=\"https:\/\/stourm.news\/wp-content\/uploads\/2025\/02\/dossier4.jpg\" \/>\n\t<meta property=\"og:image:width\" content=\"980\" \/>\n\t<meta property=\"og:image:height\" content=\"562\" \/>\n\t<meta property=\"og:image:type\" content=\"image\/jpeg\" \/>\n<meta name=\"author\" content=\"La r\u00e9daction\" \/>\n<meta name=\"twitter:card\" content=\"summary_large_image\" \/>\n<meta name=\"twitter:label1\" content=\"\u00c9crit par\" \/>\n\t<meta name=\"twitter:data1\" content=\"La r\u00e9daction\" \/>\n\t<meta name=\"twitter:label2\" content=\"Dur\u00e9e de lecture estim\u00e9e\" \/>\n\t<meta name=\"twitter:data2\" content=\"2 minutes\" \/>\n<script type=\"application\/ld+json\" class=\"yoast-schema-graph\">{\"@context\":\"https:\/\/schema.org\",\"@graph\":[{\"@type\":\"Article\",\"@id\":\"https:\/\/stourm.news\/?p=3385#article\",\"isPartOf\":{\"@id\":\"https:\/\/stourm.news\/?p=3385\"},\"author\":{\"name\":\"La r\u00e9daction\",\"@id\":\"https:\/\/stourm.news\/#\/schema\/person\/c3e1dc65988632e190969234ef046cf9\"},\"headline\":\"\u00c9ditorial : \u00ab\u00a0La diaspora bretonne, sixi\u00e8me d\u00e9partement breton et pivot de la renaissance nationale de la Bretagne\u00a0\u00bb (Ewen Broc&rsquo;han)\",\"datePublished\":\"2025-02-06T07:07:24+00:00\",\"mainEntityOfPage\":{\"@id\":\"https:\/\/stourm.news\/?p=3385\"},\"wordCount\":401,\"commentCount\":0,\"publisher\":{\"@id\":\"https:\/\/stourm.news\/#organization\"},\"image\":{\"@id\":\"https:\/\/stourm.news\/?p=3385#primaryimage\"},\"thumbnailUrl\":\"https:\/\/stourm.news\/wp-content\/uploads\/2025\/02\/dossier4.jpg\",\"articleSection\":[\"Editorial\",\"Principale\"],\"inLanguage\":\"fr-FR\",\"potentialAction\":[{\"@type\":\"CommentAction\",\"name\":\"Comment\",\"target\":[\"https:\/\/stourm.news\/?p=3385#respond\"]}]},{\"@type\":\"WebPage\",\"@id\":\"https:\/\/stourm.news\/?p=3385\",\"url\":\"https:\/\/stourm.news\/?p=3385\",\"name\":\"\u00c9ditorial : \\\"La diaspora bretonne, sixi\u00e8me d\u00e9partement breton et pivot de la renaissance nationale de la Bretagne\\\" (Ewen Broc'han) - STOURM\",\"isPartOf\":{\"@id\":\"https:\/\/stourm.news\/#website\"},\"primaryImageOfPage\":{\"@id\":\"https:\/\/stourm.news\/?p=3385#primaryimage\"},\"image\":{\"@id\":\"https:\/\/stourm.news\/?p=3385#primaryimage\"},\"thumbnailUrl\":\"https:\/\/stourm.news\/wp-content\/uploads\/2025\/02\/dossier4.jpg\",\"datePublished\":\"2025-02-06T07:07:24+00:00\",\"breadcrumb\":{\"@id\":\"https:\/\/stourm.news\/?p=3385#breadcrumb\"},\"inLanguage\":\"fr-FR\",\"potentialAction\":[{\"@type\":\"ReadAction\",\"target\":[\"https:\/\/stourm.news\/?p=3385\"]}]},{\"@type\":\"ImageObject\",\"inLanguage\":\"fr-FR\",\"@id\":\"https:\/\/stourm.news\/?p=3385#primaryimage\",\"url\":\"https:\/\/stourm.news\/wp-content\/uploads\/2025\/02\/dossier4.jpg\",\"contentUrl\":\"https:\/\/stourm.news\/wp-content\/uploads\/2025\/02\/dossier4.jpg\",\"width\":980,\"height\":562},{\"@type\":\"BreadcrumbList\",\"@id\":\"https:\/\/stourm.news\/?p=3385#breadcrumb\",\"itemListElement\":[{\"@type\":\"ListItem\",\"position\":1,\"name\":\"Accueil\",\"item\":\"https:\/\/stourm.news\/\"},{\"@type\":\"ListItem\",\"position\":2,\"name\":\"\u00c9ditorial : \u00ab\u00a0La diaspora bretonne, sixi\u00e8me d\u00e9partement breton et pivot de la renaissance nationale de la Bretagne\u00a0\u00bb (Ewen Broc&rsquo;han)\"}]},{\"@type\":\"WebSite\",\"@id\":\"https:\/\/stourm.news\/#website\",\"url\":\"https:\/\/stourm.news\/\",\"name\":\"Stourm\",\"description\":\"Kazetenn Strollad Broadel Breizh\",\"publisher\":{\"@id\":\"https:\/\/stourm.news\/#organization\"},\"potentialAction\":[{\"@type\":\"SearchAction\",\"target\":{\"@type\":\"EntryPoint\",\"urlTemplate\":\"https:\/\/stourm.news\/?s={search_term_string}\"},\"query-input\":{\"@type\":\"PropertyValueSpecification\",\"valueRequired\":true,\"valueName\":\"search_term_string\"}}],\"inLanguage\":\"fr-FR\"},{\"@type\":\"Organization\",\"@id\":\"https:\/\/stourm.news\/#organization\",\"name\":\"Stourm\",\"url\":\"https:\/\/stourm.news\/\",\"logo\":{\"@type\":\"ImageObject\",\"inLanguage\":\"fr-FR\",\"@id\":\"https:\/\/stourm.news\/#\/schema\/logo\/image\/\",\"url\":\"https:\/\/stourm.news\/wp-content\/uploads\/2025\/11\/cropped-Capture-decran-2025-11-28-a-15.19.07.png\",\"contentUrl\":\"https:\/\/stourm.news\/wp-content\/uploads\/2025\/11\/cropped-Capture-decran-2025-11-28-a-15.19.07.png\",\"width\":1855,\"height\":383,\"caption\":\"Stourm\"},\"image\":{\"@id\":\"https:\/\/stourm.news\/#\/schema\/logo\/image\/\"},\"sameAs\":[\"https:\/\/www.facebook.com\/stourmnews\/\"]},{\"@type\":\"Person\",\"@id\":\"https:\/\/stourm.news\/#\/schema\/person\/c3e1dc65988632e190969234ef046cf9\",\"name\":\"La r\u00e9daction\",\"image\":{\"@type\":\"ImageObject\",\"inLanguage\":\"fr-FR\",\"@id\":\"https:\/\/stourm.news\/#\/schema\/person\/image\/\",\"url\":\"https:\/\/secure.gravatar.com\/avatar\/7463443f194b6b5fb706b074ca0ef59a0cfcfd720cb47764b0ec5a952ce422b3?s=96&d=mm&r=g\",\"contentUrl\":\"https:\/\/secure.gravatar.com\/avatar\/7463443f194b6b5fb706b074ca0ef59a0cfcfd720cb47764b0ec5a952ce422b3?s=96&d=mm&r=g\",\"caption\":\"La r\u00e9daction\"},\"sameAs\":[\"https:\/\/stourm.news\"],\"url\":\"https:\/\/stourm.news\/?author=1\"}]}<\/script>\n<!-- \/ Yoast SEO plugin. -->","yoast_head_json":{"title":"\u00c9ditorial : \"La diaspora bretonne, sixi\u00e8me d\u00e9partement breton et pivot de la renaissance nationale de la Bretagne\" (Ewen Broc'han) - STOURM","robots":{"index":"index","follow":"follow","max-snippet":"max-snippet:-1","max-image-preview":"max-image-preview:large","max-video-preview":"max-video-preview:-1"},"canonical":"https:\/\/stourm.news\/?p=3385","og_locale":"fr_FR","og_type":"article","og_title":"\u00c9ditorial : \"La diaspora bretonne, sixi\u00e8me d\u00e9partement breton et pivot de la renaissance nationale de la Bretagne\" (Ewen Broc'han) - STOURM","og_description":"La Bretagne compte une diaspora de plus d&rsquo;un million et demi de personnes en France, ainsi qu&rsquo;un grand nombre de par le monde. Cette diaspora est une force que n&rsquo;a pas su mobiliser l&rsquo;Emsav pour la d\u00e9fense de la nation bretonne et de ses int\u00e9r\u00eats. Cela doit changer \u00e0 un moment o\u00f9, psychologiquement, une rupture [&hellip;]","og_url":"https:\/\/stourm.news\/?p=3385","og_site_name":"STOURM","article_publisher":"https:\/\/www.facebook.com\/stourmnews\/","article_published_time":"2025-02-06T07:07:24+00:00","og_image":[{"width":980,"height":562,"url":"https:\/\/stourm.news\/wp-content\/uploads\/2025\/02\/dossier4.jpg","type":"image\/jpeg"}],"author":"La r\u00e9daction","twitter_card":"summary_large_image","twitter_misc":{"\u00c9crit par":"La r\u00e9daction","Dur\u00e9e de lecture estim\u00e9e":"2 minutes"},"schema":{"@context":"https:\/\/schema.org","@graph":[{"@type":"Article","@id":"https:\/\/stourm.news\/?p=3385#article","isPartOf":{"@id":"https:\/\/stourm.news\/?p=3385"},"author":{"name":"La r\u00e9daction","@id":"https:\/\/stourm.news\/#\/schema\/person\/c3e1dc65988632e190969234ef046cf9"},"headline":"\u00c9ditorial : \u00ab\u00a0La diaspora bretonne, sixi\u00e8me d\u00e9partement breton et pivot de la renaissance nationale de la Bretagne\u00a0\u00bb (Ewen Broc&rsquo;han)","datePublished":"2025-02-06T07:07:24+00:00","mainEntityOfPage":{"@id":"https:\/\/stourm.news\/?p=3385"},"wordCount":401,"commentCount":0,"publisher":{"@id":"https:\/\/stourm.news\/#organization"},"image":{"@id":"https:\/\/stourm.news\/?p=3385#primaryimage"},"thumbnailUrl":"https:\/\/stourm.news\/wp-content\/uploads\/2025\/02\/dossier4.jpg","articleSection":["Editorial","Principale"],"inLanguage":"fr-FR","potentialAction":[{"@type":"CommentAction","name":"Comment","target":["https:\/\/stourm.news\/?p=3385#respond"]}]},{"@type":"WebPage","@id":"https:\/\/stourm.news\/?p=3385","url":"https:\/\/stourm.news\/?p=3385","name":"\u00c9ditorial : \"La diaspora bretonne, sixi\u00e8me d\u00e9partement breton et pivot de la renaissance nationale de la Bretagne\" (Ewen Broc'han) - STOURM","isPartOf":{"@id":"https:\/\/stourm.news\/#website"},"primaryImageOfPage":{"@id":"https:\/\/stourm.news\/?p=3385#primaryimage"},"image":{"@id":"https:\/\/stourm.news\/?p=3385#primaryimage"},"thumbnailUrl":"https:\/\/stourm.news\/wp-content\/uploads\/2025\/02\/dossier4.jpg","datePublished":"2025-02-06T07:07:24+00:00","breadcrumb":{"@id":"https:\/\/stourm.news\/?p=3385#breadcrumb"},"inLanguage":"fr-FR","potentialAction":[{"@type":"ReadAction","target":["https:\/\/stourm.news\/?p=3385"]}]},{"@type":"ImageObject","inLanguage":"fr-FR","@id":"https:\/\/stourm.news\/?p=3385#primaryimage","url":"https:\/\/stourm.news\/wp-content\/uploads\/2025\/02\/dossier4.jpg","contentUrl":"https:\/\/stourm.news\/wp-content\/uploads\/2025\/02\/dossier4.jpg","width":980,"height":562},{"@type":"BreadcrumbList","@id":"https:\/\/stourm.news\/?p=3385#breadcrumb","itemListElement":[{"@type":"ListItem","position":1,"name":"Accueil","item":"https:\/\/stourm.news\/"},{"@type":"ListItem","position":2,"name":"\u00c9ditorial : \u00ab\u00a0La diaspora bretonne, sixi\u00e8me d\u00e9partement breton et pivot de la renaissance nationale de la Bretagne\u00a0\u00bb (Ewen Broc&rsquo;han)"}]},{"@type":"WebSite","@id":"https:\/\/stourm.news\/#website","url":"https:\/\/stourm.news\/","name":"Stourm","description":"Kazetenn Strollad Broadel Breizh","publisher":{"@id":"https:\/\/stourm.news\/#organization"},"potentialAction":[{"@type":"SearchAction","target":{"@type":"EntryPoint","urlTemplate":"https:\/\/stourm.news\/?s={search_term_string}"},"query-input":{"@type":"PropertyValueSpecification","valueRequired":true,"valueName":"search_term_string"}}],"inLanguage":"fr-FR"},{"@type":"Organization","@id":"https:\/\/stourm.news\/#organization","name":"Stourm","url":"https:\/\/stourm.news\/","logo":{"@type":"ImageObject","inLanguage":"fr-FR","@id":"https:\/\/stourm.news\/#\/schema\/logo\/image\/","url":"https:\/\/stourm.news\/wp-content\/uploads\/2025\/11\/cropped-Capture-decran-2025-11-28-a-15.19.07.png","contentUrl":"https:\/\/stourm.news\/wp-content\/uploads\/2025\/11\/cropped-Capture-decran-2025-11-28-a-15.19.07.png","width":1855,"height":383,"caption":"Stourm"},"image":{"@id":"https:\/\/stourm.news\/#\/schema\/logo\/image\/"},"sameAs":["https:\/\/www.facebook.com\/stourmnews\/"]},{"@type":"Person","@id":"https:\/\/stourm.news\/#\/schema\/person\/c3e1dc65988632e190969234ef046cf9","name":"La r\u00e9daction","image":{"@type":"ImageObject","inLanguage":"fr-FR","@id":"https:\/\/stourm.news\/#\/schema\/person\/image\/","url":"https:\/\/secure.gravatar.com\/avatar\/7463443f194b6b5fb706b074ca0ef59a0cfcfd720cb47764b0ec5a952ce422b3?s=96&d=mm&r=g","contentUrl":"https:\/\/secure.gravatar.com\/avatar\/7463443f194b6b5fb706b074ca0ef59a0cfcfd720cb47764b0ec5a952ce422b3?s=96&d=mm&r=g","caption":"La r\u00e9daction"},"sameAs":["https:\/\/stourm.news"],"url":"https:\/\/stourm.news\/?author=1"}]}},"_links":{"self":[{"href":"https:\/\/stourm.news\/index.php?rest_route=\/wp\/v2\/posts\/3385","targetHints":{"allow":["GET"]}}],"collection":[{"href":"https:\/\/stourm.news\/index.php?rest_route=\/wp\/v2\/posts"}],"about":[{"href":"https:\/\/stourm.news\/index.php?rest_route=\/wp\/v2\/types\/post"}],"author":[{"embeddable":true,"href":"https:\/\/stourm.news\/index.php?rest_route=\/wp\/v2\/users\/1"}],"replies":[{"embeddable":true,"href":"https:\/\/stourm.news\/index.php?rest_route=%2Fwp%2Fv2%2Fcomments&post=3385"}],"version-history":[{"count":1,"href":"https:\/\/stourm.news\/index.php?rest_route=\/wp\/v2\/posts\/3385\/revisions"}],"predecessor-version":[{"id":3387,"href":"https:\/\/stourm.news\/index.php?rest_route=\/wp\/v2\/posts\/3385\/revisions\/3387"}],"wp:featuredmedia":[{"embeddable":true,"href":"https:\/\/stourm.news\/index.php?rest_route=\/wp\/v2\/media\/3386"}],"wp:attachment":[{"href":"https:\/\/stourm.news\/index.php?rest_route=%2Fwp%2Fv2%2Fmedia&parent=3385"}],"wp:term":[{"taxonomy":"category","embeddable":true,"href":"https:\/\/stourm.news\/index.php?rest_route=%2Fwp%2Fv2%2Fcategories&post=3385"},{"taxonomy":"post_tag","embeddable":true,"href":"https:\/\/stourm.news\/index.php?rest_route=%2Fwp%2Fv2%2Ftags&post=3385"}],"curies":[{"name":"wp","href":"https:\/\/api.w.org\/{rel}","templated":true}]}}