{"id":3388,"date":"2025-02-06T07:26:19","date_gmt":"2025-02-06T07:26:19","guid":{"rendered":"https:\/\/stourm.news\/?p=3388"},"modified":"2025-02-06T07:26:42","modified_gmt":"2025-02-06T07:26:42","slug":"accueil-en-france-du-chef-djihadiste-de-la-syrie-la-politique-pro-musulmane-du-gouvernement-francais-menace-la-bretagne","status":"publish","type":"post","link":"https:\/\/stourm.news\/?p=3388","title":{"rendered":"Accueil en France du chef djihadiste de la Syrie : la politique pro-musulmane du gouvernement fran\u00e7ais menace la Bretagne"},"content":{"rendered":"<p style=\"text-align: justify;\">Depuis la Bretagne, nous observons avec amertume comment la France, notre oppresseur historique, annonce vouloir accueillir officiellement Abou Mohammed al-Jolani, chef djihadiste qui a pris le contr\u00f4le de la Syrie. Cette d\u00e9cision de la France n&rsquo;est qu&rsquo;un autre exemple de la politique cynique d&rsquo;un \u00c9tat qui pr\u00e9tend d\u00e9fendre les valeurs de libert\u00e9 et de d\u00e9mocratie, tout en jouant avec le feu du terrorisme pour ses propres int\u00e9r\u00eats.<\/p>\n<blockquote class=\"twitter-tweet\">\n<p dir=\"rtl\" lang=\"ar\">\u0639\u0628\u0631 \u0627\u062a\u0635\u0627\u0644 \u0647\u0627\u062a\u0641\u064a \u0627\u0644\u0631\u0626\u064a\u0633 \u0627\u0644\u0641\u0631\u0646\u0633\u064a \u0625\u064a\u0645\u0627\u0646\u0648\u064a\u0644 \u0645\u0627\u0643\u0631\u0648\u0646 \u064a\u0647\u0646\u0626 \u0631\u0626\u064a\u0633 \u0627\u0644\u062c\u0645\u0647\u0648\u0631\u064a\u0629 \u0627\u0644\u0639\u0631\u0628\u064a\u0629 \u0627\u0644\u0633\u0648\u0631\u064a\u0629 \u0627\u0644\u0633\u064a\u062f \u0623\u062d\u0645\u062f \u0627\u0644\u0634\u0631\u0639 \u0628\u062a\u0648\u0644\u064a\u0647 \u0645\u0646\u0635\u0628 \u0631\u0626\u0627\u0633\u0629 \u0627\u0644\u062c\u0645\u0647\u0648\u0631\u064a\u0629<a href=\"https:\/\/twitter.com\/hashtag\/%D8%B1%D8%A6%D8%A7%D8%B3%D8%A9_%D8%A7%D9%84%D8%AC%D9%85%D9%87%D9%88%D8%B1%D9%8A%D8%A9_%D8%A7%D9%84%D8%B9%D8%B1%D8%A8%D9%8A%D8%A9_%D8%A7%D9%84%D8%B3%D9%88%D8%B1%D9%8A%D8%A9?src=hash&amp;ref_src=twsrc%5Etfw\">#\u0631\u0626\u0627\u0633\u0629_\u0627\u0644\u062c\u0645\u0647\u0648\u0631\u064a\u0629_\u0627\u0644\u0639\u0631\u0628\u064a\u0629_\u0627\u0644\u0633\u0648\u0631\u064a\u0629<\/a> <a href=\"https:\/\/t.co\/QyayE2OxIW\">pic.twitter.com\/QyayE2OxIW<\/a><\/p>\n<p>\u2014 \u0631\u0626\u0627\u0633\u0629 \u0627\u0644\u062c\u0645\u0647\u0648\u0631\u064a\u0629 \u0627\u0644\u0639\u0631\u0628\u064a\u0629 \u0627\u0644\u0633\u0648\u0631\u064a\u0629 (@G_CSyria) <a href=\"https:\/\/twitter.com\/G_CSyria\/status\/1887225970588828070?ref_src=twsrc%5Etfw\">February 5, 2025<\/a><\/p><\/blockquote>\n<p><script async src=\"https:\/\/platform.twitter.com\/widgets.js\" charset=\"utf-8\"><\/script><\/p>\n<p style=\"text-align: justify;\">La France, cette m\u00eame puissance qui a longtemps tent\u00e9 et continue de tenter d&rsquo;assimiler la Bretagne \u00e0 son image, se retrouve aujourd&rsquo;hui \u00e0 tendre la main \u00e0 Abou Mohammed al-Jolani, l&rsquo;homme qui a transform\u00e9 la Syrie en un bastion djihadiste apr\u00e8s la chute de Bachar el-Assad. Cette d\u00e9cision est un signe de plus de l&rsquo;hypocrisie et de la manipulation de l&rsquo;\u00c9tat fran\u00e7ais, mais aussi des graves risques qu&rsquo;il fait peser sur l&rsquo;avenir de nos enfants.<\/p>\n<p style=\"text-align: justify;\">Pourquoi la France accueillerait-elle un homme dont les mains sont tach\u00e9es du sang de la guerre civile syrienne ? Parce que la France n&rsquo;a que faire de l&rsquo;\u00e9thique. Elle a toujours \u00e9t\u00e9 pr\u00eate \u00e0 soutenir des r\u00e9gimes sanguinaires et des mouvements terroristes pourvu qu&rsquo;ils servent ses int\u00e9r\u00eats.<\/p>\n<p style=\"text-align: justify;\">Alors que la France accueille un djihadiste notoire, elle n\u00e9glige les aspirations s\u00e9curitaires et identitaires de la Bretagne. Cet acte met en lumi\u00e8re une politique \u00e9trang\u00e8re qui regarde ailleurs quand il s&rsquo;agit de menaces r\u00e9elles pour la paix et la stabilit\u00e9, y compris en France, a fortiori en Bretagne. Un gouvernement fran\u00e7ais qui s&#8217;empresse de reconna\u00eetre le fondateur d&rsquo;Al Qaeda en Syrie, un ancien compagnon de route d&rsquo;Al Baghdadi, chef de l&rsquo;\u00c9tat Islamique qui a commandit\u00e9 la mort de notre compatriote Estelle Rouat au Bataclan, est un gouvernement qui met sciemment les Bretons en danger. Il d\u00e9montre sa faiblesse face \u00e0 ce p\u00e9ril imm\u00e9diat et permanent, p\u00e9ril qu&rsquo;il organise lui-m\u00eame par l&rsquo;immigration massive qu&rsquo;il impose \u00e0 la Bretagne.<\/p>\n<p style=\"text-align: justify;\">Nous, Bretons, devons rester vigilants. La d\u00e9cision de la France de fraterniser avec des djihadistes r\u00e9affirme notre besoin vital d&rsquo;ind\u00e9pendance nationale. Cette situation nous rappelle que notre lutte pour l&rsquo;ind\u00e9pendance n&rsquo;est pas juste une question de culture ou de langue, mais aussi de survie face \u00e0 une puissance qui menace notre existence, directement ou indirectement. Accueillir Jolani n&rsquo;est pas juste une erreur de jugement ; c&rsquo;est une d\u00e9claration de la France sur sa vision du monde et de ses int\u00e9r\u00eats. La Bretagne doit se lib\u00e9rer de cet \u00c9tat qui, par ses actions, montre qu&rsquo;il ne m\u00e9rite ni notre confiance ni notre loyaut\u00e9.<\/p>\n<p style=\"text-align: right;\"><strong>Yann ar Gall<\/strong><\/p>\n","protected":false},"excerpt":{"rendered":"<p>Depuis la Bretagne, nous observons avec amertume comment la France, notre oppresseur historique, annonce vouloir accueillir officiellement Abou Mohammed al-Jolani, chef djihadiste qui a pris le contr\u00f4le de la Syrie. Cette d\u00e9cision de la France n&rsquo;est qu&rsquo;un autre exemple de la politique cynique d&rsquo;un \u00c9tat qui pr\u00e9tend d\u00e9fendre les valeurs de libert\u00e9 et de d\u00e9mocratie, [&hellip;]<\/p>\n","protected":false},"author":1,"featured_media":3390,"comment_status":"open","ping_status":"open","sticky":false,"template":"","format":"standard","meta":{"sb_editor_width":"","footnotes":""},"categories":[66,65],"tags":[],"class_list":["post-3388","post","type-post","status-publish","format-standard","has-post-thumbnail","hentry","category-international","category-principale"],"relative_dates":{"created":"1 an ago","modified":"1 an ago"},"yoast_head":"<!-- This site is optimized with the Yoast SEO plugin v26.3 - https:\/\/yoast.com\/wordpress\/plugins\/seo\/ -->\n<title>Accueil en France du chef djihadiste de la Syrie : la politique pro-musulmane du gouvernement fran\u00e7ais menace la Bretagne - STOURM<\/title>\n<meta name=\"robots\" content=\"index, follow, max-snippet:-1, max-image-preview:large, max-video-preview:-1\" \/>\n<link rel=\"canonical\" href=\"https:\/\/stourm.news\/?p=3388\" \/>\n<meta property=\"og:locale\" content=\"fr_FR\" \/>\n<meta property=\"og:type\" content=\"article\" \/>\n<meta property=\"og:title\" content=\"Accueil en France du chef djihadiste de la Syrie : la politique pro-musulmane du gouvernement fran\u00e7ais menace la Bretagne - STOURM\" \/>\n<meta property=\"og:description\" content=\"Depuis la Bretagne, nous observons avec amertume comment la France, notre oppresseur historique, annonce vouloir accueillir officiellement Abou Mohammed al-Jolani, chef djihadiste qui a pris le contr\u00f4le de la Syrie. Cette d\u00e9cision de la France n&rsquo;est qu&rsquo;un autre exemple de la politique cynique d&rsquo;un \u00c9tat qui pr\u00e9tend d\u00e9fendre les valeurs de libert\u00e9 et de d\u00e9mocratie, [&hellip;]\" \/>\n<meta property=\"og:url\" content=\"https:\/\/stourm.news\/?p=3388\" \/>\n<meta property=\"og:site_name\" content=\"STOURM\" \/>\n<meta property=\"article:publisher\" content=\"https:\/\/www.facebook.com\/stourmnews\/\" \/>\n<meta property=\"article:published_time\" content=\"2025-02-06T07:26:19+00:00\" \/>\n<meta property=\"article:modified_time\" content=\"2025-02-06T07:26:42+00:00\" \/>\n<meta property=\"og:image\" content=\"https:\/\/stourm.news\/wp-content\/uploads\/2025\/02\/GjD8qJRXsAAowXS.jpg\" \/>\n\t<meta property=\"og:image:width\" content=\"1500\" \/>\n\t<meta property=\"og:image:height\" content=\"945\" \/>\n\t<meta property=\"og:image:type\" content=\"image\/jpeg\" \/>\n<meta name=\"author\" content=\"La r\u00e9daction\" \/>\n<meta name=\"twitter:card\" content=\"summary_large_image\" \/>\n<meta name=\"twitter:label1\" content=\"\u00c9crit par\" \/>\n\t<meta name=\"twitter:data1\" content=\"La r\u00e9daction\" \/>\n\t<meta name=\"twitter:label2\" content=\"Dur\u00e9e de lecture estim\u00e9e\" \/>\n\t<meta name=\"twitter:data2\" content=\"3 minutes\" \/>\n<script type=\"application\/ld+json\" class=\"yoast-schema-graph\">{\"@context\":\"https:\/\/schema.org\",\"@graph\":[{\"@type\":\"Article\",\"@id\":\"https:\/\/stourm.news\/?p=3388#article\",\"isPartOf\":{\"@id\":\"https:\/\/stourm.news\/?p=3388\"},\"author\":{\"name\":\"La r\u00e9daction\",\"@id\":\"https:\/\/stourm.news\/#\/schema\/person\/c3e1dc65988632e190969234ef046cf9\"},\"headline\":\"Accueil en France du chef djihadiste de la Syrie : la politique pro-musulmane du gouvernement fran\u00e7ais menace la Bretagne\",\"datePublished\":\"2025-02-06T07:26:19+00:00\",\"dateModified\":\"2025-02-06T07:26:42+00:00\",\"mainEntityOfPage\":{\"@id\":\"https:\/\/stourm.news\/?p=3388\"},\"wordCount\":494,\"commentCount\":0,\"publisher\":{\"@id\":\"https:\/\/stourm.news\/#organization\"},\"image\":{\"@id\":\"https:\/\/stourm.news\/?p=3388#primaryimage\"},\"thumbnailUrl\":\"https:\/\/stourm.news\/wp-content\/uploads\/2025\/02\/GjD8qJRXsAAowXS.jpg\",\"articleSection\":[\"International\",\"Principale\"],\"inLanguage\":\"fr-FR\",\"potentialAction\":[{\"@type\":\"CommentAction\",\"name\":\"Comment\",\"target\":[\"https:\/\/stourm.news\/?p=3388#respond\"]}]},{\"@type\":\"WebPage\",\"@id\":\"https:\/\/stourm.news\/?p=3388\",\"url\":\"https:\/\/stourm.news\/?p=3388\",\"name\":\"Accueil en France du chef djihadiste de la Syrie : la politique pro-musulmane du gouvernement fran\u00e7ais menace la Bretagne - STOURM\",\"isPartOf\":{\"@id\":\"https:\/\/stourm.news\/#website\"},\"primaryImageOfPage\":{\"@id\":\"https:\/\/stourm.news\/?p=3388#primaryimage\"},\"image\":{\"@id\":\"https:\/\/stourm.news\/?p=3388#primaryimage\"},\"thumbnailUrl\":\"https:\/\/stourm.news\/wp-content\/uploads\/2025\/02\/GjD8qJRXsAAowXS.jpg\",\"datePublished\":\"2025-02-06T07:26:19+00:00\",\"dateModified\":\"2025-02-06T07:26:42+00:00\",\"breadcrumb\":{\"@id\":\"https:\/\/stourm.news\/?p=3388#breadcrumb\"},\"inLanguage\":\"fr-FR\",\"potentialAction\":[{\"@type\":\"ReadAction\",\"target\":[\"https:\/\/stourm.news\/?p=3388\"]}]},{\"@type\":\"ImageObject\",\"inLanguage\":\"fr-FR\",\"@id\":\"https:\/\/stourm.news\/?p=3388#primaryimage\",\"url\":\"https:\/\/stourm.news\/wp-content\/uploads\/2025\/02\/GjD8qJRXsAAowXS.jpg\",\"contentUrl\":\"https:\/\/stourm.news\/wp-content\/uploads\/2025\/02\/GjD8qJRXsAAowXS.jpg\",\"width\":1500,\"height\":945},{\"@type\":\"BreadcrumbList\",\"@id\":\"https:\/\/stourm.news\/?p=3388#breadcrumb\",\"itemListElement\":[{\"@type\":\"ListItem\",\"position\":1,\"name\":\"Accueil\",\"item\":\"https:\/\/stourm.news\/\"},{\"@type\":\"ListItem\",\"position\":2,\"name\":\"Accueil en France du chef djihadiste de la Syrie : la politique pro-musulmane du gouvernement fran\u00e7ais menace la Bretagne\"}]},{\"@type\":\"WebSite\",\"@id\":\"https:\/\/stourm.news\/#website\",\"url\":\"https:\/\/stourm.news\/\",\"name\":\"Stourm\",\"description\":\"Kazetenn Strollad Broadel Breizh\",\"publisher\":{\"@id\":\"https:\/\/stourm.news\/#organization\"},\"potentialAction\":[{\"@type\":\"SearchAction\",\"target\":{\"@type\":\"EntryPoint\",\"urlTemplate\":\"https:\/\/stourm.news\/?s={search_term_string}\"},\"query-input\":{\"@type\":\"PropertyValueSpecification\",\"valueRequired\":true,\"valueName\":\"search_term_string\"}}],\"inLanguage\":\"fr-FR\"},{\"@type\":\"Organization\",\"@id\":\"https:\/\/stourm.news\/#organization\",\"name\":\"Stourm\",\"url\":\"https:\/\/stourm.news\/\",\"logo\":{\"@type\":\"ImageObject\",\"inLanguage\":\"fr-FR\",\"@id\":\"https:\/\/stourm.news\/#\/schema\/logo\/image\/\",\"url\":\"https:\/\/stourm.news\/wp-content\/uploads\/2025\/11\/cropped-Capture-decran-2025-11-28-a-15.19.07.png\",\"contentUrl\":\"https:\/\/stourm.news\/wp-content\/uploads\/2025\/11\/cropped-Capture-decran-2025-11-28-a-15.19.07.png\",\"width\":1855,\"height\":383,\"caption\":\"Stourm\"},\"image\":{\"@id\":\"https:\/\/stourm.news\/#\/schema\/logo\/image\/\"},\"sameAs\":[\"https:\/\/www.facebook.com\/stourmnews\/\"]},{\"@type\":\"Person\",\"@id\":\"https:\/\/stourm.news\/#\/schema\/person\/c3e1dc65988632e190969234ef046cf9\",\"name\":\"La r\u00e9daction\",\"image\":{\"@type\":\"ImageObject\",\"inLanguage\":\"fr-FR\",\"@id\":\"https:\/\/stourm.news\/#\/schema\/person\/image\/\",\"url\":\"https:\/\/secure.gravatar.com\/avatar\/7463443f194b6b5fb706b074ca0ef59a0cfcfd720cb47764b0ec5a952ce422b3?s=96&d=mm&r=g\",\"contentUrl\":\"https:\/\/secure.gravatar.com\/avatar\/7463443f194b6b5fb706b074ca0ef59a0cfcfd720cb47764b0ec5a952ce422b3?s=96&d=mm&r=g\",\"caption\":\"La r\u00e9daction\"},\"sameAs\":[\"https:\/\/stourm.news\"],\"url\":\"https:\/\/stourm.news\/?author=1\"}]}<\/script>\n<!-- \/ Yoast SEO plugin. -->","yoast_head_json":{"title":"Accueil en France du chef djihadiste de la Syrie : la politique pro-musulmane du gouvernement fran\u00e7ais menace la Bretagne - STOURM","robots":{"index":"index","follow":"follow","max-snippet":"max-snippet:-1","max-image-preview":"max-image-preview:large","max-video-preview":"max-video-preview:-1"},"canonical":"https:\/\/stourm.news\/?p=3388","og_locale":"fr_FR","og_type":"article","og_title":"Accueil en France du chef djihadiste de la Syrie : la politique pro-musulmane du gouvernement fran\u00e7ais menace la Bretagne - STOURM","og_description":"Depuis la Bretagne, nous observons avec amertume comment la France, notre oppresseur historique, annonce vouloir accueillir officiellement Abou Mohammed al-Jolani, chef djihadiste qui a pris le contr\u00f4le de la Syrie. Cette d\u00e9cision de la France n&rsquo;est qu&rsquo;un autre exemple de la politique cynique d&rsquo;un \u00c9tat qui pr\u00e9tend d\u00e9fendre les valeurs de libert\u00e9 et de d\u00e9mocratie, [&hellip;]","og_url":"https:\/\/stourm.news\/?p=3388","og_site_name":"STOURM","article_publisher":"https:\/\/www.facebook.com\/stourmnews\/","article_published_time":"2025-02-06T07:26:19+00:00","article_modified_time":"2025-02-06T07:26:42+00:00","og_image":[{"width":1500,"height":945,"url":"https:\/\/stourm.news\/wp-content\/uploads\/2025\/02\/GjD8qJRXsAAowXS.jpg","type":"image\/jpeg"}],"author":"La r\u00e9daction","twitter_card":"summary_large_image","twitter_misc":{"\u00c9crit par":"La r\u00e9daction","Dur\u00e9e de lecture estim\u00e9e":"3 minutes"},"schema":{"@context":"https:\/\/schema.org","@graph":[{"@type":"Article","@id":"https:\/\/stourm.news\/?p=3388#article","isPartOf":{"@id":"https:\/\/stourm.news\/?p=3388"},"author":{"name":"La r\u00e9daction","@id":"https:\/\/stourm.news\/#\/schema\/person\/c3e1dc65988632e190969234ef046cf9"},"headline":"Accueil en France du chef djihadiste de la Syrie : la politique pro-musulmane du gouvernement fran\u00e7ais menace la Bretagne","datePublished":"2025-02-06T07:26:19+00:00","dateModified":"2025-02-06T07:26:42+00:00","mainEntityOfPage":{"@id":"https:\/\/stourm.news\/?p=3388"},"wordCount":494,"commentCount":0,"publisher":{"@id":"https:\/\/stourm.news\/#organization"},"image":{"@id":"https:\/\/stourm.news\/?p=3388#primaryimage"},"thumbnailUrl":"https:\/\/stourm.news\/wp-content\/uploads\/2025\/02\/GjD8qJRXsAAowXS.jpg","articleSection":["International","Principale"],"inLanguage":"fr-FR","potentialAction":[{"@type":"CommentAction","name":"Comment","target":["https:\/\/stourm.news\/?p=3388#respond"]}]},{"@type":"WebPage","@id":"https:\/\/stourm.news\/?p=3388","url":"https:\/\/stourm.news\/?p=3388","name":"Accueil en France du chef djihadiste de la Syrie : la politique pro-musulmane du gouvernement fran\u00e7ais menace la Bretagne - STOURM","isPartOf":{"@id":"https:\/\/stourm.news\/#website"},"primaryImageOfPage":{"@id":"https:\/\/stourm.news\/?p=3388#primaryimage"},"image":{"@id":"https:\/\/stourm.news\/?p=3388#primaryimage"},"thumbnailUrl":"https:\/\/stourm.news\/wp-content\/uploads\/2025\/02\/GjD8qJRXsAAowXS.jpg","datePublished":"2025-02-06T07:26:19+00:00","dateModified":"2025-02-06T07:26:42+00:00","breadcrumb":{"@id":"https:\/\/stourm.news\/?p=3388#breadcrumb"},"inLanguage":"fr-FR","potentialAction":[{"@type":"ReadAction","target":["https:\/\/stourm.news\/?p=3388"]}]},{"@type":"ImageObject","inLanguage":"fr-FR","@id":"https:\/\/stourm.news\/?p=3388#primaryimage","url":"https:\/\/stourm.news\/wp-content\/uploads\/2025\/02\/GjD8qJRXsAAowXS.jpg","contentUrl":"https:\/\/stourm.news\/wp-content\/uploads\/2025\/02\/GjD8qJRXsAAowXS.jpg","width":1500,"height":945},{"@type":"BreadcrumbList","@id":"https:\/\/stourm.news\/?p=3388#breadcrumb","itemListElement":[{"@type":"ListItem","position":1,"name":"Accueil","item":"https:\/\/stourm.news\/"},{"@type":"ListItem","position":2,"name":"Accueil en France du chef djihadiste de la Syrie : la politique pro-musulmane du gouvernement fran\u00e7ais menace la Bretagne"}]},{"@type":"WebSite","@id":"https:\/\/stourm.news\/#website","url":"https:\/\/stourm.news\/","name":"Stourm","description":"Kazetenn Strollad Broadel Breizh","publisher":{"@id":"https:\/\/stourm.news\/#organization"},"potentialAction":[{"@type":"SearchAction","target":{"@type":"EntryPoint","urlTemplate":"https:\/\/stourm.news\/?s={search_term_string}"},"query-input":{"@type":"PropertyValueSpecification","valueRequired":true,"valueName":"search_term_string"}}],"inLanguage":"fr-FR"},{"@type":"Organization","@id":"https:\/\/stourm.news\/#organization","name":"Stourm","url":"https:\/\/stourm.news\/","logo":{"@type":"ImageObject","inLanguage":"fr-FR","@id":"https:\/\/stourm.news\/#\/schema\/logo\/image\/","url":"https:\/\/stourm.news\/wp-content\/uploads\/2025\/11\/cropped-Capture-decran-2025-11-28-a-15.19.07.png","contentUrl":"https:\/\/stourm.news\/wp-content\/uploads\/2025\/11\/cropped-Capture-decran-2025-11-28-a-15.19.07.png","width":1855,"height":383,"caption":"Stourm"},"image":{"@id":"https:\/\/stourm.news\/#\/schema\/logo\/image\/"},"sameAs":["https:\/\/www.facebook.com\/stourmnews\/"]},{"@type":"Person","@id":"https:\/\/stourm.news\/#\/schema\/person\/c3e1dc65988632e190969234ef046cf9","name":"La r\u00e9daction","image":{"@type":"ImageObject","inLanguage":"fr-FR","@id":"https:\/\/stourm.news\/#\/schema\/person\/image\/","url":"https:\/\/secure.gravatar.com\/avatar\/7463443f194b6b5fb706b074ca0ef59a0cfcfd720cb47764b0ec5a952ce422b3?s=96&d=mm&r=g","contentUrl":"https:\/\/secure.gravatar.com\/avatar\/7463443f194b6b5fb706b074ca0ef59a0cfcfd720cb47764b0ec5a952ce422b3?s=96&d=mm&r=g","caption":"La r\u00e9daction"},"sameAs":["https:\/\/stourm.news"],"url":"https:\/\/stourm.news\/?author=1"}]}},"_links":{"self":[{"href":"https:\/\/stourm.news\/index.php?rest_route=\/wp\/v2\/posts\/3388","targetHints":{"allow":["GET"]}}],"collection":[{"href":"https:\/\/stourm.news\/index.php?rest_route=\/wp\/v2\/posts"}],"about":[{"href":"https:\/\/stourm.news\/index.php?rest_route=\/wp\/v2\/types\/post"}],"author":[{"embeddable":true,"href":"https:\/\/stourm.news\/index.php?rest_route=\/wp\/v2\/users\/1"}],"replies":[{"embeddable":true,"href":"https:\/\/stourm.news\/index.php?rest_route=%2Fwp%2Fv2%2Fcomments&post=3388"}],"version-history":[{"count":1,"href":"https:\/\/stourm.news\/index.php?rest_route=\/wp\/v2\/posts\/3388\/revisions"}],"predecessor-version":[{"id":3389,"href":"https:\/\/stourm.news\/index.php?rest_route=\/wp\/v2\/posts\/3388\/revisions\/3389"}],"wp:featuredmedia":[{"embeddable":true,"href":"https:\/\/stourm.news\/index.php?rest_route=\/wp\/v2\/media\/3390"}],"wp:attachment":[{"href":"https:\/\/stourm.news\/index.php?rest_route=%2Fwp%2Fv2%2Fmedia&parent=3388"}],"wp:term":[{"taxonomy":"category","embeddable":true,"href":"https:\/\/stourm.news\/index.php?rest_route=%2Fwp%2Fv2%2Fcategories&post=3388"},{"taxonomy":"post_tag","embeddable":true,"href":"https:\/\/stourm.news\/index.php?rest_route=%2Fwp%2Fv2%2Ftags&post=3388"}],"curies":[{"name":"wp","href":"https:\/\/api.w.org\/{rel}","templated":true}]}}