{"id":3405,"date":"2025-02-13T05:29:35","date_gmt":"2025-02-13T05:29:35","guid":{"rendered":"https:\/\/stourm.news\/?p=3405"},"modified":"2025-02-13T05:29:35","modified_gmt":"2025-02-13T05:29:35","slug":"mordelles-un-migrant-angolais-sous-oqtf-condamne-apres-lagression-dune-septuagenaire-pour-la-depouiller-17-mentions-a-son-casier","status":"publish","type":"post","link":"https:\/\/stourm.news\/?p=3405","title":{"rendered":"Mordelles : un migrant angolais sous OQTF condamn\u00e9 apr\u00e8s l\u2019agression d\u2019une septuag\u00e9naire pour la d\u00e9pouiller, 17 mentions \u00e0 son casier"},"content":{"rendered":"<p style=\"text-align: justify;\">Un homme de 39 ans a \u00e9t\u00e9 condamn\u00e9 \u00e0 cinq ans de prison ferme par le tribunal correctionnel de Rennes, lundi 10 f\u00e9vrier 2025. \u00c0 Mordelles, le 28 ao\u00fbt 2024, il avait violemment agress\u00e9 une septuag\u00e9naire pour lui voler son sac.<\/p>\n<p style=\"text-align: justify;\">Il est 7 h 30, le 28 ao\u00fbt 2024, quand une habitante de Mordelles, \u00e2g\u00e9e de 72 ans s\u2019appr\u00eate \u00e0 prendre place dans son v\u00e9hicule apr\u00e8s avoir achet\u00e9 son pain, comme tous les matins. Alors qu\u2019elle met le contact, un homme frappe \u00e0 sa vitre et l\u2019interroge sur les horaires du commerce voisin. \u00c0 peine a-t-elle le temps de r\u00e9pondre que l\u2019individu ouvre la porti\u00e8re, l\u2019extirpe violemment de son v\u00e9hicule et tente de lui arracher son sac en bandouli\u00e8re. La victime r\u00e9siste, mais finit par chuter. L\u2019agresseur s\u2019acharne, la tra\u00eene au sol jusqu\u2019\u00e0 ce qu\u2019elle l\u00e2che prise, avant de prendre la fuite. Moins de vingt minutes plus tard, il utilisera \u00e0 cinq reprises la carte bancaire vol\u00e9e.<\/p>\n<p style=\"text-align: justify;\">Interpell\u00e9 le 8 f\u00e9vrier 2025, Jos\u00e9 Kinkembo, 39 ans, est un r\u00e9cidiviste notoire. Coutumier de ce type d\u2019infractions particuli\u00e8rement choquantes , rappelle la pr\u00e9sidente du tribunal. Son casier judiciaire comporte dix-sept mentions dont des condamnations pour vols avec violence sur personne vuln\u00e9rable, menaces de mort, viol sur mineur et escroquerie. N\u00e9 en Angola, il vit en France depuis l\u2019enfance, o\u00f9 il a travaill\u00e9 comme ma\u00e7on avant qu\u2019une Obligation de quitter le territoire fran\u00e7ais (OQTF) ne soit prononc\u00e9e contre lui en raison de sa situation administrative irr\u00e9guli\u00e8re.<\/p>\n<p>Le tribunal condamne le pr\u00e9venu \u00e0 cinq ans d\u2019emprisonnement avec mandat de d\u00e9p\u00f4t. Il est \u00e9galement interdit de territoire fran\u00e7ais pendant une dur\u00e9e de dix ans.<\/p>\n<p style=\"text-align: justify;\">Source : <a href=\"https:\/\/www.ouest-france.fr\/bretagne\/ille-et-vilaine\/cinq-ans-de-prison-ferme-pour-lagression-violente-dune-septuagenaire-pres-de-rennes-a18bcf14-e897-11ef-9a7b-e9dff01c2f19\">Ouest-France<\/a><\/p>\n","protected":false},"excerpt":{"rendered":"<p>Un homme de 39 ans a \u00e9t\u00e9 condamn\u00e9 \u00e0 cinq ans de prison ferme par le tribunal correctionnel de Rennes, lundi 10 f\u00e9vrier 2025. \u00c0 Mordelles, le 28 ao\u00fbt 2024, il avait violemment agress\u00e9 une septuag\u00e9naire pour lui voler son sac. Il est 7 h 30, le 28 ao\u00fbt 2024, quand une habitante de Mordelles, [&hellip;]<\/p>\n","protected":false},"author":1,"featured_media":3406,"comment_status":"open","ping_status":"open","sticky":false,"template":"","format":"standard","meta":{"sb_editor_width":"","footnotes":""},"categories":[31,41,33,62],"tags":[],"class_list":["post-3405","post","type-post","status-publish","format-standard","has-post-thumbnail","hentry","category-agression","category-ille-et-vilaine","category-immigration","category-revue-de-presse"],"relative_dates":{"created":"1 an ago","modified":"1 an ago"},"yoast_head":"<!-- This site is optimized with the Yoast SEO plugin v26.3 - https:\/\/yoast.com\/wordpress\/plugins\/seo\/ -->\n<title>Mordelles : un migrant angolais sous OQTF condamn\u00e9 apr\u00e8s l\u2019agression d\u2019une septuag\u00e9naire pour la d\u00e9pouiller, 17 mentions \u00e0 son casier - STOURM<\/title>\n<meta name=\"robots\" content=\"index, follow, max-snippet:-1, max-image-preview:large, max-video-preview:-1\" \/>\n<link rel=\"canonical\" href=\"https:\/\/stourm.news\/?p=3405\" \/>\n<meta property=\"og:locale\" content=\"fr_FR\" \/>\n<meta property=\"og:type\" content=\"article\" \/>\n<meta property=\"og:title\" content=\"Mordelles : un migrant angolais sous OQTF condamn\u00e9 apr\u00e8s l\u2019agression d\u2019une septuag\u00e9naire pour la d\u00e9pouiller, 17 mentions \u00e0 son casier - STOURM\" \/>\n<meta property=\"og:description\" content=\"Un homme de 39 ans a \u00e9t\u00e9 condamn\u00e9 \u00e0 cinq ans de prison ferme par le tribunal correctionnel de Rennes, lundi 10 f\u00e9vrier 2025. \u00c0 Mordelles, le 28 ao\u00fbt 2024, il avait violemment agress\u00e9 une septuag\u00e9naire pour lui voler son sac. Il est 7 h 30, le 28 ao\u00fbt 2024, quand une habitante de Mordelles, [&hellip;]\" \/>\n<meta property=\"og:url\" content=\"https:\/\/stourm.news\/?p=3405\" \/>\n<meta property=\"og:site_name\" content=\"STOURM\" \/>\n<meta property=\"article:publisher\" content=\"https:\/\/www.facebook.com\/stourmnews\/\" \/>\n<meta property=\"article:published_time\" content=\"2025-02-13T05:29:35+00:00\" \/>\n<meta property=\"og:image\" content=\"https:\/\/stourm.news\/wp-content\/uploads\/2025\/02\/VILLE-MORDELLES_BD-180-scaled.jpg\" \/>\n\t<meta property=\"og:image:width\" content=\"2560\" \/>\n\t<meta property=\"og:image:height\" content=\"1707\" \/>\n\t<meta property=\"og:image:type\" content=\"image\/jpeg\" \/>\n<meta name=\"author\" content=\"La r\u00e9daction\" \/>\n<meta name=\"twitter:card\" content=\"summary_large_image\" \/>\n<meta name=\"twitter:label1\" content=\"\u00c9crit par\" \/>\n\t<meta name=\"twitter:data1\" content=\"La r\u00e9daction\" \/>\n\t<meta name=\"twitter:label2\" content=\"Dur\u00e9e de lecture estim\u00e9e\" \/>\n\t<meta name=\"twitter:data2\" content=\"2 minutes\" \/>\n<script type=\"application\/ld+json\" class=\"yoast-schema-graph\">{\"@context\":\"https:\/\/schema.org\",\"@graph\":[{\"@type\":\"Article\",\"@id\":\"https:\/\/stourm.news\/?p=3405#article\",\"isPartOf\":{\"@id\":\"https:\/\/stourm.news\/?p=3405\"},\"author\":{\"name\":\"La r\u00e9daction\",\"@id\":\"https:\/\/stourm.news\/#\/schema\/person\/c3e1dc65988632e190969234ef046cf9\"},\"headline\":\"Mordelles : un migrant angolais sous OQTF condamn\u00e9 apr\u00e8s l\u2019agression d\u2019une septuag\u00e9naire pour la d\u00e9pouiller, 17 mentions \u00e0 son casier\",\"datePublished\":\"2025-02-13T05:29:35+00:00\",\"mainEntityOfPage\":{\"@id\":\"https:\/\/stourm.news\/?p=3405\"},\"wordCount\":316,\"commentCount\":0,\"publisher\":{\"@id\":\"https:\/\/stourm.news\/#organization\"},\"image\":{\"@id\":\"https:\/\/stourm.news\/?p=3405#primaryimage\"},\"thumbnailUrl\":\"https:\/\/stourm.news\/wp-content\/uploads\/2025\/02\/VILLE-MORDELLES_BD-180-scaled.jpg\",\"articleSection\":[\"Agression\",\"Ille-et-Vilaine\",\"Immigration\",\"Revue de presse\"],\"inLanguage\":\"fr-FR\",\"potentialAction\":[{\"@type\":\"CommentAction\",\"name\":\"Comment\",\"target\":[\"https:\/\/stourm.news\/?p=3405#respond\"]}]},{\"@type\":\"WebPage\",\"@id\":\"https:\/\/stourm.news\/?p=3405\",\"url\":\"https:\/\/stourm.news\/?p=3405\",\"name\":\"Mordelles : un migrant angolais sous OQTF condamn\u00e9 apr\u00e8s l\u2019agression d\u2019une septuag\u00e9naire pour la d\u00e9pouiller, 17 mentions \u00e0 son casier - STOURM\",\"isPartOf\":{\"@id\":\"https:\/\/stourm.news\/#website\"},\"primaryImageOfPage\":{\"@id\":\"https:\/\/stourm.news\/?p=3405#primaryimage\"},\"image\":{\"@id\":\"https:\/\/stourm.news\/?p=3405#primaryimage\"},\"thumbnailUrl\":\"https:\/\/stourm.news\/wp-content\/uploads\/2025\/02\/VILLE-MORDELLES_BD-180-scaled.jpg\",\"datePublished\":\"2025-02-13T05:29:35+00:00\",\"breadcrumb\":{\"@id\":\"https:\/\/stourm.news\/?p=3405#breadcrumb\"},\"inLanguage\":\"fr-FR\",\"potentialAction\":[{\"@type\":\"ReadAction\",\"target\":[\"https:\/\/stourm.news\/?p=3405\"]}]},{\"@type\":\"ImageObject\",\"inLanguage\":\"fr-FR\",\"@id\":\"https:\/\/stourm.news\/?p=3405#primaryimage\",\"url\":\"https:\/\/stourm.news\/wp-content\/uploads\/2025\/02\/VILLE-MORDELLES_BD-180-scaled.jpg\",\"contentUrl\":\"https:\/\/stourm.news\/wp-content\/uploads\/2025\/02\/VILLE-MORDELLES_BD-180-scaled.jpg\",\"width\":2560,\"height\":1707},{\"@type\":\"BreadcrumbList\",\"@id\":\"https:\/\/stourm.news\/?p=3405#breadcrumb\",\"itemListElement\":[{\"@type\":\"ListItem\",\"position\":1,\"name\":\"Accueil\",\"item\":\"https:\/\/stourm.news\/\"},{\"@type\":\"ListItem\",\"position\":2,\"name\":\"Mordelles : un migrant angolais sous OQTF condamn\u00e9 apr\u00e8s l\u2019agression d\u2019une septuag\u00e9naire pour la d\u00e9pouiller, 17 mentions \u00e0 son casier\"}]},{\"@type\":\"WebSite\",\"@id\":\"https:\/\/stourm.news\/#website\",\"url\":\"https:\/\/stourm.news\/\",\"name\":\"Stourm\",\"description\":\"Kazetenn Strollad Broadel Breizh\",\"publisher\":{\"@id\":\"https:\/\/stourm.news\/#organization\"},\"potentialAction\":[{\"@type\":\"SearchAction\",\"target\":{\"@type\":\"EntryPoint\",\"urlTemplate\":\"https:\/\/stourm.news\/?s={search_term_string}\"},\"query-input\":{\"@type\":\"PropertyValueSpecification\",\"valueRequired\":true,\"valueName\":\"search_term_string\"}}],\"inLanguage\":\"fr-FR\"},{\"@type\":\"Organization\",\"@id\":\"https:\/\/stourm.news\/#organization\",\"name\":\"Stourm\",\"url\":\"https:\/\/stourm.news\/\",\"logo\":{\"@type\":\"ImageObject\",\"inLanguage\":\"fr-FR\",\"@id\":\"https:\/\/stourm.news\/#\/schema\/logo\/image\/\",\"url\":\"https:\/\/stourm.news\/wp-content\/uploads\/2025\/11\/cropped-Capture-decran-2025-11-28-a-15.19.07.png\",\"contentUrl\":\"https:\/\/stourm.news\/wp-content\/uploads\/2025\/11\/cropped-Capture-decran-2025-11-28-a-15.19.07.png\",\"width\":1855,\"height\":383,\"caption\":\"Stourm\"},\"image\":{\"@id\":\"https:\/\/stourm.news\/#\/schema\/logo\/image\/\"},\"sameAs\":[\"https:\/\/www.facebook.com\/stourmnews\/\"]},{\"@type\":\"Person\",\"@id\":\"https:\/\/stourm.news\/#\/schema\/person\/c3e1dc65988632e190969234ef046cf9\",\"name\":\"La r\u00e9daction\",\"image\":{\"@type\":\"ImageObject\",\"inLanguage\":\"fr-FR\",\"@id\":\"https:\/\/stourm.news\/#\/schema\/person\/image\/\",\"url\":\"https:\/\/secure.gravatar.com\/avatar\/7463443f194b6b5fb706b074ca0ef59a0cfcfd720cb47764b0ec5a952ce422b3?s=96&d=mm&r=g\",\"contentUrl\":\"https:\/\/secure.gravatar.com\/avatar\/7463443f194b6b5fb706b074ca0ef59a0cfcfd720cb47764b0ec5a952ce422b3?s=96&d=mm&r=g\",\"caption\":\"La r\u00e9daction\"},\"sameAs\":[\"https:\/\/stourm.news\"],\"url\":\"https:\/\/stourm.news\/?author=1\"}]}<\/script>\n<!-- \/ Yoast SEO plugin. -->","yoast_head_json":{"title":"Mordelles : un migrant angolais sous OQTF condamn\u00e9 apr\u00e8s l\u2019agression d\u2019une septuag\u00e9naire pour la d\u00e9pouiller, 17 mentions \u00e0 son casier - STOURM","robots":{"index":"index","follow":"follow","max-snippet":"max-snippet:-1","max-image-preview":"max-image-preview:large","max-video-preview":"max-video-preview:-1"},"canonical":"https:\/\/stourm.news\/?p=3405","og_locale":"fr_FR","og_type":"article","og_title":"Mordelles : un migrant angolais sous OQTF condamn\u00e9 apr\u00e8s l\u2019agression d\u2019une septuag\u00e9naire pour la d\u00e9pouiller, 17 mentions \u00e0 son casier - STOURM","og_description":"Un homme de 39 ans a \u00e9t\u00e9 condamn\u00e9 \u00e0 cinq ans de prison ferme par le tribunal correctionnel de Rennes, lundi 10 f\u00e9vrier 2025. \u00c0 Mordelles, le 28 ao\u00fbt 2024, il avait violemment agress\u00e9 une septuag\u00e9naire pour lui voler son sac. Il est 7 h 30, le 28 ao\u00fbt 2024, quand une habitante de Mordelles, [&hellip;]","og_url":"https:\/\/stourm.news\/?p=3405","og_site_name":"STOURM","article_publisher":"https:\/\/www.facebook.com\/stourmnews\/","article_published_time":"2025-02-13T05:29:35+00:00","og_image":[{"width":2560,"height":1707,"url":"https:\/\/stourm.news\/wp-content\/uploads\/2025\/02\/VILLE-MORDELLES_BD-180-scaled.jpg","type":"image\/jpeg"}],"author":"La r\u00e9daction","twitter_card":"summary_large_image","twitter_misc":{"\u00c9crit par":"La r\u00e9daction","Dur\u00e9e de lecture estim\u00e9e":"2 minutes"},"schema":{"@context":"https:\/\/schema.org","@graph":[{"@type":"Article","@id":"https:\/\/stourm.news\/?p=3405#article","isPartOf":{"@id":"https:\/\/stourm.news\/?p=3405"},"author":{"name":"La r\u00e9daction","@id":"https:\/\/stourm.news\/#\/schema\/person\/c3e1dc65988632e190969234ef046cf9"},"headline":"Mordelles : un migrant angolais sous OQTF condamn\u00e9 apr\u00e8s l\u2019agression d\u2019une septuag\u00e9naire pour la d\u00e9pouiller, 17 mentions \u00e0 son casier","datePublished":"2025-02-13T05:29:35+00:00","mainEntityOfPage":{"@id":"https:\/\/stourm.news\/?p=3405"},"wordCount":316,"commentCount":0,"publisher":{"@id":"https:\/\/stourm.news\/#organization"},"image":{"@id":"https:\/\/stourm.news\/?p=3405#primaryimage"},"thumbnailUrl":"https:\/\/stourm.news\/wp-content\/uploads\/2025\/02\/VILLE-MORDELLES_BD-180-scaled.jpg","articleSection":["Agression","Ille-et-Vilaine","Immigration","Revue de presse"],"inLanguage":"fr-FR","potentialAction":[{"@type":"CommentAction","name":"Comment","target":["https:\/\/stourm.news\/?p=3405#respond"]}]},{"@type":"WebPage","@id":"https:\/\/stourm.news\/?p=3405","url":"https:\/\/stourm.news\/?p=3405","name":"Mordelles : un migrant angolais sous OQTF condamn\u00e9 apr\u00e8s l\u2019agression d\u2019une septuag\u00e9naire pour la d\u00e9pouiller, 17 mentions \u00e0 son casier - STOURM","isPartOf":{"@id":"https:\/\/stourm.news\/#website"},"primaryImageOfPage":{"@id":"https:\/\/stourm.news\/?p=3405#primaryimage"},"image":{"@id":"https:\/\/stourm.news\/?p=3405#primaryimage"},"thumbnailUrl":"https:\/\/stourm.news\/wp-content\/uploads\/2025\/02\/VILLE-MORDELLES_BD-180-scaled.jpg","datePublished":"2025-02-13T05:29:35+00:00","breadcrumb":{"@id":"https:\/\/stourm.news\/?p=3405#breadcrumb"},"inLanguage":"fr-FR","potentialAction":[{"@type":"ReadAction","target":["https:\/\/stourm.news\/?p=3405"]}]},{"@type":"ImageObject","inLanguage":"fr-FR","@id":"https:\/\/stourm.news\/?p=3405#primaryimage","url":"https:\/\/stourm.news\/wp-content\/uploads\/2025\/02\/VILLE-MORDELLES_BD-180-scaled.jpg","contentUrl":"https:\/\/stourm.news\/wp-content\/uploads\/2025\/02\/VILLE-MORDELLES_BD-180-scaled.jpg","width":2560,"height":1707},{"@type":"BreadcrumbList","@id":"https:\/\/stourm.news\/?p=3405#breadcrumb","itemListElement":[{"@type":"ListItem","position":1,"name":"Accueil","item":"https:\/\/stourm.news\/"},{"@type":"ListItem","position":2,"name":"Mordelles : un migrant angolais sous OQTF condamn\u00e9 apr\u00e8s l\u2019agression d\u2019une septuag\u00e9naire pour la d\u00e9pouiller, 17 mentions \u00e0 son casier"}]},{"@type":"WebSite","@id":"https:\/\/stourm.news\/#website","url":"https:\/\/stourm.news\/","name":"Stourm","description":"Kazetenn Strollad Broadel Breizh","publisher":{"@id":"https:\/\/stourm.news\/#organization"},"potentialAction":[{"@type":"SearchAction","target":{"@type":"EntryPoint","urlTemplate":"https:\/\/stourm.news\/?s={search_term_string}"},"query-input":{"@type":"PropertyValueSpecification","valueRequired":true,"valueName":"search_term_string"}}],"inLanguage":"fr-FR"},{"@type":"Organization","@id":"https:\/\/stourm.news\/#organization","name":"Stourm","url":"https:\/\/stourm.news\/","logo":{"@type":"ImageObject","inLanguage":"fr-FR","@id":"https:\/\/stourm.news\/#\/schema\/logo\/image\/","url":"https:\/\/stourm.news\/wp-content\/uploads\/2025\/11\/cropped-Capture-decran-2025-11-28-a-15.19.07.png","contentUrl":"https:\/\/stourm.news\/wp-content\/uploads\/2025\/11\/cropped-Capture-decran-2025-11-28-a-15.19.07.png","width":1855,"height":383,"caption":"Stourm"},"image":{"@id":"https:\/\/stourm.news\/#\/schema\/logo\/image\/"},"sameAs":["https:\/\/www.facebook.com\/stourmnews\/"]},{"@type":"Person","@id":"https:\/\/stourm.news\/#\/schema\/person\/c3e1dc65988632e190969234ef046cf9","name":"La r\u00e9daction","image":{"@type":"ImageObject","inLanguage":"fr-FR","@id":"https:\/\/stourm.news\/#\/schema\/person\/image\/","url":"https:\/\/secure.gravatar.com\/avatar\/7463443f194b6b5fb706b074ca0ef59a0cfcfd720cb47764b0ec5a952ce422b3?s=96&d=mm&r=g","contentUrl":"https:\/\/secure.gravatar.com\/avatar\/7463443f194b6b5fb706b074ca0ef59a0cfcfd720cb47764b0ec5a952ce422b3?s=96&d=mm&r=g","caption":"La r\u00e9daction"},"sameAs":["https:\/\/stourm.news"],"url":"https:\/\/stourm.news\/?author=1"}]}},"_links":{"self":[{"href":"https:\/\/stourm.news\/index.php?rest_route=\/wp\/v2\/posts\/3405","targetHints":{"allow":["GET"]}}],"collection":[{"href":"https:\/\/stourm.news\/index.php?rest_route=\/wp\/v2\/posts"}],"about":[{"href":"https:\/\/stourm.news\/index.php?rest_route=\/wp\/v2\/types\/post"}],"author":[{"embeddable":true,"href":"https:\/\/stourm.news\/index.php?rest_route=\/wp\/v2\/users\/1"}],"replies":[{"embeddable":true,"href":"https:\/\/stourm.news\/index.php?rest_route=%2Fwp%2Fv2%2Fcomments&post=3405"}],"version-history":[{"count":1,"href":"https:\/\/stourm.news\/index.php?rest_route=\/wp\/v2\/posts\/3405\/revisions"}],"predecessor-version":[{"id":3407,"href":"https:\/\/stourm.news\/index.php?rest_route=\/wp\/v2\/posts\/3405\/revisions\/3407"}],"wp:featuredmedia":[{"embeddable":true,"href":"https:\/\/stourm.news\/index.php?rest_route=\/wp\/v2\/media\/3406"}],"wp:attachment":[{"href":"https:\/\/stourm.news\/index.php?rest_route=%2Fwp%2Fv2%2Fmedia&parent=3405"}],"wp:term":[{"taxonomy":"category","embeddable":true,"href":"https:\/\/stourm.news\/index.php?rest_route=%2Fwp%2Fv2%2Fcategories&post=3405"},{"taxonomy":"post_tag","embeddable":true,"href":"https:\/\/stourm.news\/index.php?rest_route=%2Fwp%2Fv2%2Ftags&post=3405"}],"curies":[{"name":"wp","href":"https:\/\/api.w.org\/{rel}","templated":true}]}}