{"id":3408,"date":"2025-02-13T06:32:17","date_gmt":"2025-02-13T06:32:17","guid":{"rendered":"https:\/\/stourm.news\/?p=3408"},"modified":"2025-02-13T08:47:53","modified_gmt":"2025-02-13T08:47:53","slug":"13-fevrier-1945-le-bombardement-criminel-de-dresde-par-les-allies-anglo-americains","status":"publish","type":"post","link":"https:\/\/stourm.news\/?p=3408","title":{"rendered":"13 f\u00e9vrier 1945 : le bombardement criminel de Dresde par les Alli\u00e9s anglo-am\u00e9ricains"},"content":{"rendered":"<p style=\"text-align: justify;\">\u00c0 l&rsquo;approche de la fin de la Seconde Guerre mondiale, une des actions les plus inf\u00e2mes et criminelles a \u00e9t\u00e9 commise par les forces alli\u00e9es &#8211; le bombardement de Dresde. Cette op\u00e9ration, connue sous le nom de \u00ab\u00a0Op\u00e9ration Thunderclap\u00a0\u00bb, a impliqu\u00e9 principalement la Royal Air Force britannique et l&rsquo;USAAF (United States Army Air Forces). Elle est \u00e0 ce jour l&rsquo;un des pires crimes de guerre de l&rsquo;histoire.<\/p>\n<p style=\"text-align: justify;\"><strong>L&rsquo;Attaque<\/strong><\/p>\n<p><img fetchpriority=\"high\" decoding=\"async\" class=\"alignnone size-medium\" src=\"https:\/\/warfarehistorynetwork.com\/wp-content\/uploads\/2024\/04\/W-Sum24-Cologne-1-e1713805335330.jpg\" width=\"2500\" height=\"1408\" \/><\/p>\n<p style=\"text-align: center;\"><em>Bombardiers Lancaster britanniques<\/em><\/p>\n<p style=\"text-align: justify;\">La premi\u00e8re attaque contre la ville d\u00e9bute le 13 f\u00e9vrier \u00e0 22h13. La RAF lance une premi\u00e8re vague de bombardiers \u00e9quip\u00e9s de bombes incendiaires et explosives. Environ 800 Lancaster et Halifax ont largu\u00e9 1 478 tonnes de bombes explosives et 1 182 tonnes de bombes incendiaires sur la ville.<\/p>\n<p style=\"text-align: justify;\">La deuxi\u00e8me vague a lieu quelques heures plus tard. Vers 1h30 du matin le 14 f\u00e9vrier, une deuxi\u00e8me vague de 529 bombardiers a suivi, intensifiant le feu d\u00e9j\u00e0 d\u00e9clench\u00e9.<\/p>\n<p style=\"text-align: justify;\">Enfin, la troisi\u00e8me vague parach\u00e8ve la destruction de la ville. L&rsquo;USAAF a men\u00e9 des raids le 14 f\u00e9vrier dans la matin\u00e9e et l&rsquo;apr\u00e8s-midi, principalement avec des bombes explosives, visant \u00e0 d\u00e9truire ce qui restait des infrastructures et \u00e0 emp\u00eacher les secours et l&rsquo;extinction des incendies.<\/p>\n<p style=\"text-align: justify;\"><strong>Un massacre \u00e0 grande \u00e9chelle d\u00e9lib\u00e9r\u00e9<\/strong><\/p>\n<p><img decoding=\"async\" class=\"alignnone size-medium\" src=\"https:\/\/as2.ftcdn.net\/v2\/jpg\/06\/60\/90\/57\/1000_F_660905759_0wHG6xFlxHrfvPjQBdh7Xa9kmQjjVmAS.jpg\" width=\"1000\" height=\"1000\" \/><\/p>\n<p style=\"text-align: justify;\">La ville, sans importance militaire ou industrielle, h\u00e9berge alors un tr\u00e8s grand nombre de r\u00e9fugi\u00e9s. Ce n&rsquo;\u00e9tait pas une op\u00e9ration militaire visant des cibles strat\u00e9giques; c&rsquo;\u00e9tait une strat\u00e9gie de terreur. Les Alli\u00e9s avaient choisi de d\u00e9truire cette ville pour briser le moral allemand. Une strat\u00e9gie qui sera employ\u00e9e contre le Japon gr\u00e2ce \u00e0 l&rsquo;arme atomique.<\/p>\n<p><img decoding=\"async\" class=\"alignnone size-medium\" src=\"https:\/\/gnayabchohan.com\/wp-content\/uploads\/2015\/02\/wpid-http3a2f2f40-media_-tumblr-com2f15cc9940a1d99a7a45ff79be0e1b4e332ftumblr_n3lz1ovra61spwf52o1_1280.jpg\" width=\"1180\" height=\"1234\" \/><\/p>\n<p style=\"text-align: center;\"><em>Enfants br\u00fbl\u00e9s \u00e0 Dresde<\/em><\/p>\n<p style=\"text-align: justify;\">Les conventions de la guerre, m\u00eame celles de l&rsquo;\u00e9poque, demandaient une distinction entre combattants et non-combattants. Le bombardement de Dresde a ignor\u00e9 ces principes fondamentaux. La proportionnalit\u00e9, la pr\u00e9caution dans l&rsquo;attaque, la protection des civils &#8211; tout cela a \u00e9t\u00e9 d\u00e9lib\u00e9r\u00e9ment ignor\u00e9 par les Alli\u00e9s.<\/p>\n<p><img loading=\"lazy\" decoding=\"async\" class=\"alignnone size-medium\" src=\"https:\/\/www.economist.com\/sites\/default\/files\/images\/print-edition\/20200208_BKP005_0.jpg\" width=\"1280\" height=\"720\" \/><\/p>\n<p style=\"text-align: justify;\">La ville de Dresde a subi des dommages catastrophiques. Environ 6,5 km\u00b2 de la ville ont \u00e9t\u00e9 r\u00e9duits en cendres, d\u00e9truisant environ 75% des structures du centre-ville. On estime jusqu&rsquo;\u00e0 135 000 le nombre victimes civiles.<\/p>\n<p><img loading=\"lazy\" decoding=\"async\" class=\"alignnone size-medium\" src=\"https:\/\/i.redd.it\/eu9hlrmi132c1.jpg\" width=\"1000\" height=\"1000\" \/><\/p>\n<p style=\"text-align: justify;\">Outre les morts, des milliers de personnes ont \u00e9t\u00e9 bless\u00e9es, et des centaines de milliers se sont retrouv\u00e9es sans abri dans une ville d\u00e9vast\u00e9e, aggravant la crise humanitaire d\u00e9j\u00e0 s\u00e9v\u00e8re en Allemagne \u00e0 cette p\u00e9riode de la guerre.<\/p>\n<p style=\"text-align: justify;\">Comme les villes bretonnes de Brest, Lorient ou Saint-Nazaire, la Venise de l&rsquo;Elbe fut engloutie \u00e0 jamais.<\/p>\n<p><iframe title=\"Beautiful Dresden before its destruction at the end of WWII in color: Watch and weep!\" width=\"500\" height=\"281\" src=\"https:\/\/www.youtube.com\/embed\/fja_P4mlGDA?feature=oembed\" frameborder=\"0\" allow=\"accelerometer; autoplay; clipboard-write; encrypted-media; gyroscope; picture-in-picture; web-share\" referrerpolicy=\"strict-origin-when-cross-origin\" allowfullscreen><\/iframe><\/p>\n<p style=\"text-align: right;\"><strong>Ewen Broc&rsquo;han<\/strong><\/p>\n","protected":false},"excerpt":{"rendered":"<p>\u00c0 l&rsquo;approche de la fin de la Seconde Guerre mondiale, une des actions les plus inf\u00e2mes et criminelles a \u00e9t\u00e9 commise par les forces alli\u00e9es &#8211; le bombardement de Dresde. Cette op\u00e9ration, connue sous le nom de \u00ab\u00a0Op\u00e9ration Thunderclap\u00a0\u00bb, a impliqu\u00e9 principalement la Royal Air Force britannique et l&rsquo;USAAF (United States Army Air Forces). Elle [&hellip;]<\/p>\n","protected":false},"author":1,"featured_media":3409,"comment_status":"open","ping_status":"open","sticky":false,"template":"","format":"standard","meta":{"sb_editor_width":"","footnotes":""},"categories":[75,65],"tags":[],"class_list":["post-3408","post","type-post","status-publish","format-standard","has-post-thumbnail","hentry","category-histoire","category-principale"],"relative_dates":{"created":"1 an ago","modified":"1 an ago"},"yoast_head":"<!-- This site is optimized with the Yoast SEO plugin v26.3 - https:\/\/yoast.com\/wordpress\/plugins\/seo\/ -->\n<title>13 f\u00e9vrier 1945 : le bombardement criminel de Dresde par les Alli\u00e9s anglo-am\u00e9ricains - STOURM<\/title>\n<meta name=\"robots\" content=\"index, follow, max-snippet:-1, max-image-preview:large, max-video-preview:-1\" \/>\n<link rel=\"canonical\" href=\"https:\/\/stourm.news\/?p=3408\" \/>\n<meta property=\"og:locale\" content=\"fr_FR\" \/>\n<meta property=\"og:type\" content=\"article\" \/>\n<meta property=\"og:title\" content=\"13 f\u00e9vrier 1945 : le bombardement criminel de Dresde par les Alli\u00e9s anglo-am\u00e9ricains - STOURM\" \/>\n<meta property=\"og:description\" content=\"\u00c0 l&rsquo;approche de la fin de la Seconde Guerre mondiale, une des actions les plus inf\u00e2mes et criminelles a \u00e9t\u00e9 commise par les forces alli\u00e9es &#8211; le bombardement de Dresde. Cette op\u00e9ration, connue sous le nom de \u00ab\u00a0Op\u00e9ration Thunderclap\u00a0\u00bb, a impliqu\u00e9 principalement la Royal Air Force britannique et l&rsquo;USAAF (United States Army Air Forces). Elle [&hellip;]\" \/>\n<meta property=\"og:url\" content=\"https:\/\/stourm.news\/?p=3408\" \/>\n<meta property=\"og:site_name\" content=\"STOURM\" \/>\n<meta property=\"article:publisher\" content=\"https:\/\/www.facebook.com\/stourmnews\/\" \/>\n<meta property=\"article:published_time\" content=\"2025-02-13T06:32:17+00:00\" \/>\n<meta property=\"article:modified_time\" content=\"2025-02-13T08:47:53+00:00\" \/>\n<meta property=\"og:image\" content=\"https:\/\/stourm.news\/wp-content\/uploads\/2025\/02\/lq17ldv99ye71.jpg\" \/>\n\t<meta property=\"og:image:width\" content=\"2048\" \/>\n\t<meta property=\"og:image:height\" content=\"1448\" \/>\n\t<meta property=\"og:image:type\" content=\"image\/jpeg\" \/>\n<meta name=\"author\" content=\"La r\u00e9daction\" \/>\n<meta name=\"twitter:card\" content=\"summary_large_image\" \/>\n<meta name=\"twitter:label1\" content=\"\u00c9crit par\" \/>\n\t<meta name=\"twitter:data1\" content=\"La r\u00e9daction\" \/>\n\t<meta name=\"twitter:label2\" content=\"Dur\u00e9e de lecture estim\u00e9e\" \/>\n\t<meta name=\"twitter:data2\" content=\"4 minutes\" \/>\n<script type=\"application\/ld+json\" class=\"yoast-schema-graph\">{\"@context\":\"https:\/\/schema.org\",\"@graph\":[{\"@type\":\"Article\",\"@id\":\"https:\/\/stourm.news\/?p=3408#article\",\"isPartOf\":{\"@id\":\"https:\/\/stourm.news\/?p=3408\"},\"author\":{\"name\":\"La r\u00e9daction\",\"@id\":\"https:\/\/stourm.news\/#\/schema\/person\/c3e1dc65988632e190969234ef046cf9\"},\"headline\":\"13 f\u00e9vrier 1945 : le bombardement criminel de Dresde par les Alli\u00e9s anglo-am\u00e9ricains\",\"datePublished\":\"2025-02-13T06:32:17+00:00\",\"dateModified\":\"2025-02-13T08:47:53+00:00\",\"mainEntityOfPage\":{\"@id\":\"https:\/\/stourm.news\/?p=3408\"},\"wordCount\":464,\"commentCount\":0,\"publisher\":{\"@id\":\"https:\/\/stourm.news\/#organization\"},\"image\":{\"@id\":\"https:\/\/stourm.news\/?p=3408#primaryimage\"},\"thumbnailUrl\":\"https:\/\/stourm.news\/wp-content\/uploads\/2025\/02\/lq17ldv99ye71.jpg\",\"articleSection\":[\"Histoire\",\"Principale\"],\"inLanguage\":\"fr-FR\",\"potentialAction\":[{\"@type\":\"CommentAction\",\"name\":\"Comment\",\"target\":[\"https:\/\/stourm.news\/?p=3408#respond\"]}]},{\"@type\":\"WebPage\",\"@id\":\"https:\/\/stourm.news\/?p=3408\",\"url\":\"https:\/\/stourm.news\/?p=3408\",\"name\":\"13 f\u00e9vrier 1945 : le bombardement criminel de Dresde par les Alli\u00e9s anglo-am\u00e9ricains - STOURM\",\"isPartOf\":{\"@id\":\"https:\/\/stourm.news\/#website\"},\"primaryImageOfPage\":{\"@id\":\"https:\/\/stourm.news\/?p=3408#primaryimage\"},\"image\":{\"@id\":\"https:\/\/stourm.news\/?p=3408#primaryimage\"},\"thumbnailUrl\":\"https:\/\/stourm.news\/wp-content\/uploads\/2025\/02\/lq17ldv99ye71.jpg\",\"datePublished\":\"2025-02-13T06:32:17+00:00\",\"dateModified\":\"2025-02-13T08:47:53+00:00\",\"breadcrumb\":{\"@id\":\"https:\/\/stourm.news\/?p=3408#breadcrumb\"},\"inLanguage\":\"fr-FR\",\"potentialAction\":[{\"@type\":\"ReadAction\",\"target\":[\"https:\/\/stourm.news\/?p=3408\"]}]},{\"@type\":\"ImageObject\",\"inLanguage\":\"fr-FR\",\"@id\":\"https:\/\/stourm.news\/?p=3408#primaryimage\",\"url\":\"https:\/\/stourm.news\/wp-content\/uploads\/2025\/02\/lq17ldv99ye71.jpg\",\"contentUrl\":\"https:\/\/stourm.news\/wp-content\/uploads\/2025\/02\/lq17ldv99ye71.jpg\",\"width\":2048,\"height\":1448},{\"@type\":\"BreadcrumbList\",\"@id\":\"https:\/\/stourm.news\/?p=3408#breadcrumb\",\"itemListElement\":[{\"@type\":\"ListItem\",\"position\":1,\"name\":\"Accueil\",\"item\":\"https:\/\/stourm.news\/\"},{\"@type\":\"ListItem\",\"position\":2,\"name\":\"13 f\u00e9vrier 1945 : le bombardement criminel de Dresde par les Alli\u00e9s anglo-am\u00e9ricains\"}]},{\"@type\":\"WebSite\",\"@id\":\"https:\/\/stourm.news\/#website\",\"url\":\"https:\/\/stourm.news\/\",\"name\":\"Stourm\",\"description\":\"Kazetenn Strollad Broadel Breizh\",\"publisher\":{\"@id\":\"https:\/\/stourm.news\/#organization\"},\"potentialAction\":[{\"@type\":\"SearchAction\",\"target\":{\"@type\":\"EntryPoint\",\"urlTemplate\":\"https:\/\/stourm.news\/?s={search_term_string}\"},\"query-input\":{\"@type\":\"PropertyValueSpecification\",\"valueRequired\":true,\"valueName\":\"search_term_string\"}}],\"inLanguage\":\"fr-FR\"},{\"@type\":\"Organization\",\"@id\":\"https:\/\/stourm.news\/#organization\",\"name\":\"Stourm\",\"url\":\"https:\/\/stourm.news\/\",\"logo\":{\"@type\":\"ImageObject\",\"inLanguage\":\"fr-FR\",\"@id\":\"https:\/\/stourm.news\/#\/schema\/logo\/image\/\",\"url\":\"https:\/\/stourm.news\/wp-content\/uploads\/2025\/11\/cropped-Capture-decran-2025-11-28-a-15.19.07.png\",\"contentUrl\":\"https:\/\/stourm.news\/wp-content\/uploads\/2025\/11\/cropped-Capture-decran-2025-11-28-a-15.19.07.png\",\"width\":1855,\"height\":383,\"caption\":\"Stourm\"},\"image\":{\"@id\":\"https:\/\/stourm.news\/#\/schema\/logo\/image\/\"},\"sameAs\":[\"https:\/\/www.facebook.com\/stourmnews\/\"]},{\"@type\":\"Person\",\"@id\":\"https:\/\/stourm.news\/#\/schema\/person\/c3e1dc65988632e190969234ef046cf9\",\"name\":\"La r\u00e9daction\",\"image\":{\"@type\":\"ImageObject\",\"inLanguage\":\"fr-FR\",\"@id\":\"https:\/\/stourm.news\/#\/schema\/person\/image\/\",\"url\":\"https:\/\/secure.gravatar.com\/avatar\/7463443f194b6b5fb706b074ca0ef59a0cfcfd720cb47764b0ec5a952ce422b3?s=96&d=mm&r=g\",\"contentUrl\":\"https:\/\/secure.gravatar.com\/avatar\/7463443f194b6b5fb706b074ca0ef59a0cfcfd720cb47764b0ec5a952ce422b3?s=96&d=mm&r=g\",\"caption\":\"La r\u00e9daction\"},\"sameAs\":[\"https:\/\/stourm.news\"],\"url\":\"https:\/\/stourm.news\/?author=1\"}]}<\/script>\n<!-- \/ Yoast SEO plugin. -->","yoast_head_json":{"title":"13 f\u00e9vrier 1945 : le bombardement criminel de Dresde par les Alli\u00e9s anglo-am\u00e9ricains - STOURM","robots":{"index":"index","follow":"follow","max-snippet":"max-snippet:-1","max-image-preview":"max-image-preview:large","max-video-preview":"max-video-preview:-1"},"canonical":"https:\/\/stourm.news\/?p=3408","og_locale":"fr_FR","og_type":"article","og_title":"13 f\u00e9vrier 1945 : le bombardement criminel de Dresde par les Alli\u00e9s anglo-am\u00e9ricains - STOURM","og_description":"\u00c0 l&rsquo;approche de la fin de la Seconde Guerre mondiale, une des actions les plus inf\u00e2mes et criminelles a \u00e9t\u00e9 commise par les forces alli\u00e9es &#8211; le bombardement de Dresde. Cette op\u00e9ration, connue sous le nom de \u00ab\u00a0Op\u00e9ration Thunderclap\u00a0\u00bb, a impliqu\u00e9 principalement la Royal Air Force britannique et l&rsquo;USAAF (United States Army Air Forces). Elle [&hellip;]","og_url":"https:\/\/stourm.news\/?p=3408","og_site_name":"STOURM","article_publisher":"https:\/\/www.facebook.com\/stourmnews\/","article_published_time":"2025-02-13T06:32:17+00:00","article_modified_time":"2025-02-13T08:47:53+00:00","og_image":[{"width":2048,"height":1448,"url":"https:\/\/stourm.news\/wp-content\/uploads\/2025\/02\/lq17ldv99ye71.jpg","type":"image\/jpeg"}],"author":"La r\u00e9daction","twitter_card":"summary_large_image","twitter_misc":{"\u00c9crit par":"La r\u00e9daction","Dur\u00e9e de lecture estim\u00e9e":"4 minutes"},"schema":{"@context":"https:\/\/schema.org","@graph":[{"@type":"Article","@id":"https:\/\/stourm.news\/?p=3408#article","isPartOf":{"@id":"https:\/\/stourm.news\/?p=3408"},"author":{"name":"La r\u00e9daction","@id":"https:\/\/stourm.news\/#\/schema\/person\/c3e1dc65988632e190969234ef046cf9"},"headline":"13 f\u00e9vrier 1945 : le bombardement criminel de Dresde par les Alli\u00e9s anglo-am\u00e9ricains","datePublished":"2025-02-13T06:32:17+00:00","dateModified":"2025-02-13T08:47:53+00:00","mainEntityOfPage":{"@id":"https:\/\/stourm.news\/?p=3408"},"wordCount":464,"commentCount":0,"publisher":{"@id":"https:\/\/stourm.news\/#organization"},"image":{"@id":"https:\/\/stourm.news\/?p=3408#primaryimage"},"thumbnailUrl":"https:\/\/stourm.news\/wp-content\/uploads\/2025\/02\/lq17ldv99ye71.jpg","articleSection":["Histoire","Principale"],"inLanguage":"fr-FR","potentialAction":[{"@type":"CommentAction","name":"Comment","target":["https:\/\/stourm.news\/?p=3408#respond"]}]},{"@type":"WebPage","@id":"https:\/\/stourm.news\/?p=3408","url":"https:\/\/stourm.news\/?p=3408","name":"13 f\u00e9vrier 1945 : le bombardement criminel de Dresde par les Alli\u00e9s anglo-am\u00e9ricains - STOURM","isPartOf":{"@id":"https:\/\/stourm.news\/#website"},"primaryImageOfPage":{"@id":"https:\/\/stourm.news\/?p=3408#primaryimage"},"image":{"@id":"https:\/\/stourm.news\/?p=3408#primaryimage"},"thumbnailUrl":"https:\/\/stourm.news\/wp-content\/uploads\/2025\/02\/lq17ldv99ye71.jpg","datePublished":"2025-02-13T06:32:17+00:00","dateModified":"2025-02-13T08:47:53+00:00","breadcrumb":{"@id":"https:\/\/stourm.news\/?p=3408#breadcrumb"},"inLanguage":"fr-FR","potentialAction":[{"@type":"ReadAction","target":["https:\/\/stourm.news\/?p=3408"]}]},{"@type":"ImageObject","inLanguage":"fr-FR","@id":"https:\/\/stourm.news\/?p=3408#primaryimage","url":"https:\/\/stourm.news\/wp-content\/uploads\/2025\/02\/lq17ldv99ye71.jpg","contentUrl":"https:\/\/stourm.news\/wp-content\/uploads\/2025\/02\/lq17ldv99ye71.jpg","width":2048,"height":1448},{"@type":"BreadcrumbList","@id":"https:\/\/stourm.news\/?p=3408#breadcrumb","itemListElement":[{"@type":"ListItem","position":1,"name":"Accueil","item":"https:\/\/stourm.news\/"},{"@type":"ListItem","position":2,"name":"13 f\u00e9vrier 1945 : le bombardement criminel de Dresde par les Alli\u00e9s anglo-am\u00e9ricains"}]},{"@type":"WebSite","@id":"https:\/\/stourm.news\/#website","url":"https:\/\/stourm.news\/","name":"Stourm","description":"Kazetenn Strollad Broadel Breizh","publisher":{"@id":"https:\/\/stourm.news\/#organization"},"potentialAction":[{"@type":"SearchAction","target":{"@type":"EntryPoint","urlTemplate":"https:\/\/stourm.news\/?s={search_term_string}"},"query-input":{"@type":"PropertyValueSpecification","valueRequired":true,"valueName":"search_term_string"}}],"inLanguage":"fr-FR"},{"@type":"Organization","@id":"https:\/\/stourm.news\/#organization","name":"Stourm","url":"https:\/\/stourm.news\/","logo":{"@type":"ImageObject","inLanguage":"fr-FR","@id":"https:\/\/stourm.news\/#\/schema\/logo\/image\/","url":"https:\/\/stourm.news\/wp-content\/uploads\/2025\/11\/cropped-Capture-decran-2025-11-28-a-15.19.07.png","contentUrl":"https:\/\/stourm.news\/wp-content\/uploads\/2025\/11\/cropped-Capture-decran-2025-11-28-a-15.19.07.png","width":1855,"height":383,"caption":"Stourm"},"image":{"@id":"https:\/\/stourm.news\/#\/schema\/logo\/image\/"},"sameAs":["https:\/\/www.facebook.com\/stourmnews\/"]},{"@type":"Person","@id":"https:\/\/stourm.news\/#\/schema\/person\/c3e1dc65988632e190969234ef046cf9","name":"La r\u00e9daction","image":{"@type":"ImageObject","inLanguage":"fr-FR","@id":"https:\/\/stourm.news\/#\/schema\/person\/image\/","url":"https:\/\/secure.gravatar.com\/avatar\/7463443f194b6b5fb706b074ca0ef59a0cfcfd720cb47764b0ec5a952ce422b3?s=96&d=mm&r=g","contentUrl":"https:\/\/secure.gravatar.com\/avatar\/7463443f194b6b5fb706b074ca0ef59a0cfcfd720cb47764b0ec5a952ce422b3?s=96&d=mm&r=g","caption":"La r\u00e9daction"},"sameAs":["https:\/\/stourm.news"],"url":"https:\/\/stourm.news\/?author=1"}]}},"_links":{"self":[{"href":"https:\/\/stourm.news\/index.php?rest_route=\/wp\/v2\/posts\/3408","targetHints":{"allow":["GET"]}}],"collection":[{"href":"https:\/\/stourm.news\/index.php?rest_route=\/wp\/v2\/posts"}],"about":[{"href":"https:\/\/stourm.news\/index.php?rest_route=\/wp\/v2\/types\/post"}],"author":[{"embeddable":true,"href":"https:\/\/stourm.news\/index.php?rest_route=\/wp\/v2\/users\/1"}],"replies":[{"embeddable":true,"href":"https:\/\/stourm.news\/index.php?rest_route=%2Fwp%2Fv2%2Fcomments&post=3408"}],"version-history":[{"count":3,"href":"https:\/\/stourm.news\/index.php?rest_route=\/wp\/v2\/posts\/3408\/revisions"}],"predecessor-version":[{"id":3413,"href":"https:\/\/stourm.news\/index.php?rest_route=\/wp\/v2\/posts\/3408\/revisions\/3413"}],"wp:featuredmedia":[{"embeddable":true,"href":"https:\/\/stourm.news\/index.php?rest_route=\/wp\/v2\/media\/3409"}],"wp:attachment":[{"href":"https:\/\/stourm.news\/index.php?rest_route=%2Fwp%2Fv2%2Fmedia&parent=3408"}],"wp:term":[{"taxonomy":"category","embeddable":true,"href":"https:\/\/stourm.news\/index.php?rest_route=%2Fwp%2Fv2%2Fcategories&post=3408"},{"taxonomy":"post_tag","embeddable":true,"href":"https:\/\/stourm.news\/index.php?rest_route=%2Fwp%2Fv2%2Ftags&post=3408"}],"curies":[{"name":"wp","href":"https:\/\/api.w.org\/{rel}","templated":true}]}}