{"id":3416,"date":"2025-02-13T10:09:38","date_gmt":"2025-02-13T10:09:38","guid":{"rendered":"https:\/\/stourm.news\/?p=3416"},"modified":"2025-02-13T10:09:38","modified_gmt":"2025-02-13T10:09:38","slug":"nationalisme-breton-et-federalisme-europeen-les-visions-de-yann-fouere-par-ronan-morvan","status":"publish","type":"post","link":"https:\/\/stourm.news\/?p=3416","title":{"rendered":"\u00ab\u00a0Nationalisme breton et f\u00e9d\u00e9ralisme europ\u00e9en : les visions de Yann Fou\u00e9r\u00e9\u00a0\u00bb par Ronan Morvan"},"content":{"rendered":"<p style=\"text-align: justify;\">Le nationalisme breton, tel qu&rsquo;il est port\u00e9 par des figures embl\u00e9matiques comme Yann Fou\u00e9r\u00e9, est un nationalisme pragmatique et ancr\u00e9 dans une profonde volont\u00e9 de reconnaissance de l&rsquo;identit\u00e9 et des droits du peuple breton. Ce nationalisme, se veut porteur d&rsquo;une vision plus large de l&rsquo;Europe, fond\u00e9e sur le f\u00e9d\u00e9ralisme et la d\u00e9centralisation des pouvoirs. \u00c0 travers ses \u00e9crits et ses engagements, Fou\u00e9r\u00e9 a d\u00e9fendu une Bretagne ind\u00e9pendante dans le cadre d&rsquo;une Europe unie, mais d\u00e9centralis\u00e9e et respectueuse de ses peuples et de leurs sp\u00e9cificit\u00e9s.<\/p>\n<p style=\"text-align: justify;\">Yann Fou\u00e9r\u00e9, intellectuel breton et fervent d\u00e9fenseur du droit des peuples \u00e0 disposer d&rsquo;eux-m\u00eames, a consacr\u00e9 une grande partie de sa vie \u00e0 l&rsquo;id\u00e9e d&rsquo;une Bretagne libre et ind\u00e9pendante. Toutefois, pour Fou\u00e9r\u00e9, l&rsquo;ind\u00e9pendance de la Bretagne ne signifie pas l&rsquo;isolement, mais une inscription dans une Europe nouvelle, celle des peuples et des cultures, fond\u00e9e sur le respect mutuel et la coop\u00e9ration. Il \u00e9crivait ainsi dans son ouvrage \u00ab La Bretagne et l&rsquo;Europe \u00bb : \u00ab Le nationalisme breton n&rsquo;est pas une r\u00e9ponse, mais un appel \u00e0 la libert\u00e9 et \u00e0 la solidarit\u00e9. Il s&rsquo;inscrit dans une Europe des peuples, une Europe des cultures et des identit\u00e9s, o\u00f9 chaque nation pourrait s&rsquo;\u00e9panouir sans les entrailles des grandes puissances.\u00a0\u00bb<\/p>\n<p style=\"text-align: justify;\">Pour Yann Fou\u00e9r\u00e9, la Bretagne devait retrouver sa souverainet\u00e9 tout en \u00e9tant partie prenante d&rsquo;un projet f\u00e9d\u00e9ral europ\u00e9en. C&rsquo;est dans cette optique qu&rsquo;il a d\u00e9fendu l&rsquo;id\u00e9e d&rsquo;une f\u00e9d\u00e9ration des peuples europ\u00e9ens, au sein de laquelle chaque nation, aussi petite soit-elle, aurait sa place et son influence. Un projet f\u00e9d\u00e9ral qui s&rsquo;opposerait \u00e0 la centralisation excessive et \u00e0 la vision uniformisante des grands \u00c9tats-nations.<\/p>\n<p><img fetchpriority=\"high\" decoding=\"async\" class=\"alignnone size-medium\" src=\"https:\/\/fondationyannfouere.org\/wp-content\/uploads\/2008\/11\/sc0011be90.jpg\" width=\"1273\" height=\"816\" \/><\/p>\n<p style=\"text-align: center;\"><em>Yann Fou\u00e9r\u00e9, Plessis<\/em><\/p>\n<p style=\"text-align: justify;\">Dans le m\u00eame ouvrage, Fou\u00e9r\u00e9 pr\u00f4ne une Europe d\u00e9centralis\u00e9e et f\u00e9d\u00e9rale, o\u00f9 les nations europ\u00e9ennes seraient les pierres angulaires d&rsquo;un projet collectif europ\u00e9en. Il affirme : \u00ab Une Europe des nations est le seul moyen de surmonter les dangers de la concentration du pouvoir et de l&rsquo;uniformisation. Une Europe o\u00f9 chaque peuple, m\u00eame petit, peut conserver sa dignit\u00e9 et son identit\u00e9, tout en apportant sa contribution \u00e0 la construction d&rsquo;un ensemble plus vaste.\u00a0\u00bb<\/p>\n<p style=\"text-align: justify;\">Le f\u00e9d\u00e9ralisme europ\u00e9en qu&rsquo;il imagine n&rsquo;est donc pas un simple r\u00eave th\u00e9orique. Il est le fruit de son exp\u00e9rience et de son analyse de la situation politique et culturelle de la Bretagne. Pour Fou\u00e9r\u00e9, l&rsquo;unification de l&rsquo;Europe, tout en \u00e9tant une n\u00e9cessit\u00e9 pour la paix et la prosp\u00e9rit\u00e9, doit se faire \u00e0 travers une coop\u00e9ration f\u00e9d\u00e9rale, respectueuse de la diversit\u00e9 des peuples qui la composent.<\/p>\n<p style=\"text-align: justify;\">Le mod\u00e8le f\u00e9d\u00e9ral qu&rsquo;il pr\u00f4ne se distingue des structures rigides et centralis\u00e9es, en mettant l&rsquo;accent sur l&rsquo;autonomie des peuples et de leurs r\u00e9gions. Dans une telle Europe, la Bretagne pourrait, tout en \u00e9tant ind\u00e9pendante, exercer sa souverainet\u00e9 dans un cadre f\u00e9d\u00e9ral o\u00f9 les int\u00e9r\u00eats de chaque nation seraient pris en compte.<\/p>\n<p style=\"text-align: justify;\">Le nationalisme breton de Yann Fou\u00e9r\u00e9 est indirectement li\u00e9 \u00e0 son projet de f\u00e9d\u00e9ralisme europ\u00e9en. L&rsquo;ind\u00e9pendance de la Bretagne, pour lui, est ins\u00e9parable de la construction d&rsquo;une Europe o\u00f9 chaque peuple trouve sa place. Dans son discours, Fou\u00e9r\u00e9 insiste sur le fait que l&rsquo;Europe ne doit pas \u00eatre domin\u00e9e par quelques grandes puissances, mais doit \u00eatre un v\u00e9ritable ensemble pluraliste, fond\u00e9 sur la coop\u00e9ration entre les peuples.<\/p>\n<p style=\"text-align: justify;\">Ainsi, il \u00e9crivait dans son \u00ab Manifeste pour une Europe f\u00e9d\u00e9rale \u00bb : \u00ab Une Bretagne libre, c&rsquo;est une Bretagne qui participe activement \u00e0 la construction d&rsquo;une Europe des peuples. C&rsquo;est dans cette Europe f\u00e9d\u00e9rale que r\u00e9side notre avenir commun.\u00a0\u00bb<\/p>\n<p><img decoding=\"async\" class=\"alignnone size-medium\" src=\"https:\/\/i0.wp.com\/revistaidees.cat\/wp-content\/uploads\/2020\/01\/Europa-oberta_Zielonka.jpg?fit=1024%2C578&amp;ssl=1\" width=\"1024\" height=\"578\" \/><\/p>\n<p style=\"text-align: justify;\">Il a constamment soulign\u00e9 que l&rsquo;ind\u00e9pendance bretonne ne devait pas \u00eatre un projet isol\u00e9, mais un projet inscrit dans un horizon europ\u00e9en plus large. Pour Yann Fou\u00e9r\u00e9, la Bretagne devait \u00eatre un acteur central de cette Europe f\u00e9d\u00e9rale, porteuse d&rsquo;une voix distincte mais r\u00e9solument tourn\u00e9e vers l&rsquo;Europe mais sur le monde.<\/p>\n<p style=\"text-align: justify;\">\u00c0 travers la pens\u00e9e de Yann Fou\u00e9r\u00e9, le nationalisme breton ne se limite pas \u00e0 une simple revendication de s\u00e9paratisme, mais s&rsquo;inscrit dans un projet de transformation profonde de l&rsquo;Europe. L&rsquo;ind\u00e9pendance bretonne, telle qu&rsquo;il la con\u00e7oit, n&rsquo;est qu&rsquo;un \u00e9l\u00e9ment d&rsquo;un ensemble plus vaste : celui d&rsquo;une Europe d\u00e9centralis\u00e9e et f\u00e9d\u00e9rale, o\u00f9 la Bretagne, comme les autres peuples, pourrait s&rsquo;\u00e9panouir dans le respect de ses racines culturelles et de ses sp\u00e9cificit\u00e9s ethniques.<\/p>\n<p style=\"text-align: justify;\">La Bretagne, dans cette vision, devient non seulement une nation libre, mais aussi un acteur majeur d&rsquo;une Europe plus juste, plus diversifi\u00e9e et plus solidaire. C&rsquo;est cette id\u00e9e que Yann Fou\u00e9r\u00e9 a d\u00e9fendue tout au long de sa vie : une Bretagne libre et unie dans une Europe des peuples, des cultures et des identit\u00e9s.<\/p>\n<p style=\"text-align: right;\"><strong>Ronan Morvan<\/strong><\/p>\n","protected":false},"excerpt":{"rendered":"<p>Le nationalisme breton, tel qu&rsquo;il est port\u00e9 par des figures embl\u00e9matiques comme Yann Fou\u00e9r\u00e9, est un nationalisme pragmatique et ancr\u00e9 dans une profonde volont\u00e9 de reconnaissance de l&rsquo;identit\u00e9 et des droits du peuple breton. Ce nationalisme, se veut porteur d&rsquo;une vision plus large de l&rsquo;Europe, fond\u00e9e sur le f\u00e9d\u00e9ralisme et la d\u00e9centralisation des pouvoirs. \u00c0 [&hellip;]<\/p>\n","protected":false},"author":1,"featured_media":3417,"comment_status":"open","ping_status":"open","sticky":false,"template":"","format":"standard","meta":{"sb_editor_width":"","footnotes":""},"categories":[63,74,65],"tags":[],"class_list":["post-3416","post","type-post","status-publish","format-standard","has-post-thumbnail","hentry","category-editorial","category-emsav","category-principale"],"relative_dates":{"created":"1 an ago","modified":"1 an ago"},"yoast_head":"<!-- This site is optimized with the Yoast SEO plugin v26.3 - https:\/\/yoast.com\/wordpress\/plugins\/seo\/ -->\n<title>&quot;Nationalisme breton et f\u00e9d\u00e9ralisme europ\u00e9en : les visions de Yann Fou\u00e9r\u00e9&quot; par Ronan Morvan - STOURM<\/title>\n<meta name=\"robots\" content=\"index, follow, max-snippet:-1, max-image-preview:large, max-video-preview:-1\" \/>\n<link rel=\"canonical\" href=\"https:\/\/stourm.news\/?p=3416\" \/>\n<meta property=\"og:locale\" content=\"fr_FR\" \/>\n<meta property=\"og:type\" content=\"article\" \/>\n<meta property=\"og:title\" content=\"&quot;Nationalisme breton et f\u00e9d\u00e9ralisme europ\u00e9en : les visions de Yann Fou\u00e9r\u00e9&quot; par Ronan Morvan - STOURM\" \/>\n<meta property=\"og:description\" content=\"Le nationalisme breton, tel qu&rsquo;il est port\u00e9 par des figures embl\u00e9matiques comme Yann Fou\u00e9r\u00e9, est un nationalisme pragmatique et ancr\u00e9 dans une profonde volont\u00e9 de reconnaissance de l&rsquo;identit\u00e9 et des droits du peuple breton. Ce nationalisme, se veut porteur d&rsquo;une vision plus large de l&rsquo;Europe, fond\u00e9e sur le f\u00e9d\u00e9ralisme et la d\u00e9centralisation des pouvoirs. \u00c0 [&hellip;]\" \/>\n<meta property=\"og:url\" content=\"https:\/\/stourm.news\/?p=3416\" \/>\n<meta property=\"og:site_name\" content=\"STOURM\" \/>\n<meta property=\"article:publisher\" content=\"https:\/\/www.facebook.com\/stourmnews\/\" \/>\n<meta property=\"article:published_time\" content=\"2025-02-13T10:09:38+00:00\" \/>\n<meta property=\"og:image\" content=\"https:\/\/stourm.news\/wp-content\/uploads\/2025\/02\/Capture-decran-2025-02-13-a-19.06.09.png\" \/>\n\t<meta property=\"og:image:width\" content=\"1008\" \/>\n\t<meta property=\"og:image:height\" content=\"786\" \/>\n\t<meta property=\"og:image:type\" content=\"image\/png\" \/>\n<meta name=\"author\" content=\"La r\u00e9daction\" \/>\n<meta name=\"twitter:card\" content=\"summary_large_image\" \/>\n<meta name=\"twitter:label1\" content=\"\u00c9crit par\" \/>\n\t<meta name=\"twitter:data1\" content=\"La r\u00e9daction\" \/>\n\t<meta name=\"twitter:label2\" content=\"Dur\u00e9e de lecture estim\u00e9e\" \/>\n\t<meta name=\"twitter:data2\" content=\"5 minutes\" \/>\n<script type=\"application\/ld+json\" class=\"yoast-schema-graph\">{\"@context\":\"https:\/\/schema.org\",\"@graph\":[{\"@type\":\"Article\",\"@id\":\"https:\/\/stourm.news\/?p=3416#article\",\"isPartOf\":{\"@id\":\"https:\/\/stourm.news\/?p=3416\"},\"author\":{\"name\":\"La r\u00e9daction\",\"@id\":\"https:\/\/stourm.news\/#\/schema\/person\/c3e1dc65988632e190969234ef046cf9\"},\"headline\":\"\u00ab\u00a0Nationalisme breton et f\u00e9d\u00e9ralisme europ\u00e9en : les visions de Yann Fou\u00e9r\u00e9\u00a0\u00bb par Ronan Morvan\",\"datePublished\":\"2025-02-13T10:09:38+00:00\",\"mainEntityOfPage\":{\"@id\":\"https:\/\/stourm.news\/?p=3416\"},\"wordCount\":892,\"commentCount\":0,\"publisher\":{\"@id\":\"https:\/\/stourm.news\/#organization\"},\"image\":{\"@id\":\"https:\/\/stourm.news\/?p=3416#primaryimage\"},\"thumbnailUrl\":\"https:\/\/stourm.news\/wp-content\/uploads\/2025\/02\/Capture-decran-2025-02-13-a-19.06.09.png\",\"articleSection\":[\"Editorial\",\"Emsav\",\"Principale\"],\"inLanguage\":\"fr-FR\",\"potentialAction\":[{\"@type\":\"CommentAction\",\"name\":\"Comment\",\"target\":[\"https:\/\/stourm.news\/?p=3416#respond\"]}]},{\"@type\":\"WebPage\",\"@id\":\"https:\/\/stourm.news\/?p=3416\",\"url\":\"https:\/\/stourm.news\/?p=3416\",\"name\":\"\\\"Nationalisme breton et f\u00e9d\u00e9ralisme europ\u00e9en : les visions de Yann Fou\u00e9r\u00e9\\\" par Ronan Morvan - STOURM\",\"isPartOf\":{\"@id\":\"https:\/\/stourm.news\/#website\"},\"primaryImageOfPage\":{\"@id\":\"https:\/\/stourm.news\/?p=3416#primaryimage\"},\"image\":{\"@id\":\"https:\/\/stourm.news\/?p=3416#primaryimage\"},\"thumbnailUrl\":\"https:\/\/stourm.news\/wp-content\/uploads\/2025\/02\/Capture-decran-2025-02-13-a-19.06.09.png\",\"datePublished\":\"2025-02-13T10:09:38+00:00\",\"breadcrumb\":{\"@id\":\"https:\/\/stourm.news\/?p=3416#breadcrumb\"},\"inLanguage\":\"fr-FR\",\"potentialAction\":[{\"@type\":\"ReadAction\",\"target\":[\"https:\/\/stourm.news\/?p=3416\"]}]},{\"@type\":\"ImageObject\",\"inLanguage\":\"fr-FR\",\"@id\":\"https:\/\/stourm.news\/?p=3416#primaryimage\",\"url\":\"https:\/\/stourm.news\/wp-content\/uploads\/2025\/02\/Capture-decran-2025-02-13-a-19.06.09.png\",\"contentUrl\":\"https:\/\/stourm.news\/wp-content\/uploads\/2025\/02\/Capture-decran-2025-02-13-a-19.06.09.png\",\"width\":1008,\"height\":786},{\"@type\":\"BreadcrumbList\",\"@id\":\"https:\/\/stourm.news\/?p=3416#breadcrumb\",\"itemListElement\":[{\"@type\":\"ListItem\",\"position\":1,\"name\":\"Accueil\",\"item\":\"https:\/\/stourm.news\/\"},{\"@type\":\"ListItem\",\"position\":2,\"name\":\"\u00ab\u00a0Nationalisme breton et f\u00e9d\u00e9ralisme europ\u00e9en : les visions de Yann Fou\u00e9r\u00e9\u00a0\u00bb par Ronan Morvan\"}]},{\"@type\":\"WebSite\",\"@id\":\"https:\/\/stourm.news\/#website\",\"url\":\"https:\/\/stourm.news\/\",\"name\":\"Stourm\",\"description\":\"Kazetenn Strollad Broadel Breizh\",\"publisher\":{\"@id\":\"https:\/\/stourm.news\/#organization\"},\"potentialAction\":[{\"@type\":\"SearchAction\",\"target\":{\"@type\":\"EntryPoint\",\"urlTemplate\":\"https:\/\/stourm.news\/?s={search_term_string}\"},\"query-input\":{\"@type\":\"PropertyValueSpecification\",\"valueRequired\":true,\"valueName\":\"search_term_string\"}}],\"inLanguage\":\"fr-FR\"},{\"@type\":\"Organization\",\"@id\":\"https:\/\/stourm.news\/#organization\",\"name\":\"Stourm\",\"url\":\"https:\/\/stourm.news\/\",\"logo\":{\"@type\":\"ImageObject\",\"inLanguage\":\"fr-FR\",\"@id\":\"https:\/\/stourm.news\/#\/schema\/logo\/image\/\",\"url\":\"https:\/\/stourm.news\/wp-content\/uploads\/2025\/11\/cropped-Capture-decran-2025-11-28-a-15.19.07.png\",\"contentUrl\":\"https:\/\/stourm.news\/wp-content\/uploads\/2025\/11\/cropped-Capture-decran-2025-11-28-a-15.19.07.png\",\"width\":1855,\"height\":383,\"caption\":\"Stourm\"},\"image\":{\"@id\":\"https:\/\/stourm.news\/#\/schema\/logo\/image\/\"},\"sameAs\":[\"https:\/\/www.facebook.com\/stourmnews\/\"]},{\"@type\":\"Person\",\"@id\":\"https:\/\/stourm.news\/#\/schema\/person\/c3e1dc65988632e190969234ef046cf9\",\"name\":\"La r\u00e9daction\",\"image\":{\"@type\":\"ImageObject\",\"inLanguage\":\"fr-FR\",\"@id\":\"https:\/\/stourm.news\/#\/schema\/person\/image\/\",\"url\":\"https:\/\/secure.gravatar.com\/avatar\/7463443f194b6b5fb706b074ca0ef59a0cfcfd720cb47764b0ec5a952ce422b3?s=96&d=mm&r=g\",\"contentUrl\":\"https:\/\/secure.gravatar.com\/avatar\/7463443f194b6b5fb706b074ca0ef59a0cfcfd720cb47764b0ec5a952ce422b3?s=96&d=mm&r=g\",\"caption\":\"La r\u00e9daction\"},\"sameAs\":[\"https:\/\/stourm.news\"],\"url\":\"https:\/\/stourm.news\/?author=1\"}]}<\/script>\n<!-- \/ Yoast SEO plugin. -->","yoast_head_json":{"title":"\"Nationalisme breton et f\u00e9d\u00e9ralisme europ\u00e9en : les visions de Yann Fou\u00e9r\u00e9\" par Ronan Morvan - STOURM","robots":{"index":"index","follow":"follow","max-snippet":"max-snippet:-1","max-image-preview":"max-image-preview:large","max-video-preview":"max-video-preview:-1"},"canonical":"https:\/\/stourm.news\/?p=3416","og_locale":"fr_FR","og_type":"article","og_title":"\"Nationalisme breton et f\u00e9d\u00e9ralisme europ\u00e9en : les visions de Yann Fou\u00e9r\u00e9\" par Ronan Morvan - STOURM","og_description":"Le nationalisme breton, tel qu&rsquo;il est port\u00e9 par des figures embl\u00e9matiques comme Yann Fou\u00e9r\u00e9, est un nationalisme pragmatique et ancr\u00e9 dans une profonde volont\u00e9 de reconnaissance de l&rsquo;identit\u00e9 et des droits du peuple breton. Ce nationalisme, se veut porteur d&rsquo;une vision plus large de l&rsquo;Europe, fond\u00e9e sur le f\u00e9d\u00e9ralisme et la d\u00e9centralisation des pouvoirs. \u00c0 [&hellip;]","og_url":"https:\/\/stourm.news\/?p=3416","og_site_name":"STOURM","article_publisher":"https:\/\/www.facebook.com\/stourmnews\/","article_published_time":"2025-02-13T10:09:38+00:00","og_image":[{"width":1008,"height":786,"url":"https:\/\/stourm.news\/wp-content\/uploads\/2025\/02\/Capture-decran-2025-02-13-a-19.06.09.png","type":"image\/png"}],"author":"La r\u00e9daction","twitter_card":"summary_large_image","twitter_misc":{"\u00c9crit par":"La r\u00e9daction","Dur\u00e9e de lecture estim\u00e9e":"5 minutes"},"schema":{"@context":"https:\/\/schema.org","@graph":[{"@type":"Article","@id":"https:\/\/stourm.news\/?p=3416#article","isPartOf":{"@id":"https:\/\/stourm.news\/?p=3416"},"author":{"name":"La r\u00e9daction","@id":"https:\/\/stourm.news\/#\/schema\/person\/c3e1dc65988632e190969234ef046cf9"},"headline":"\u00ab\u00a0Nationalisme breton et f\u00e9d\u00e9ralisme europ\u00e9en : les visions de Yann Fou\u00e9r\u00e9\u00a0\u00bb par Ronan Morvan","datePublished":"2025-02-13T10:09:38+00:00","mainEntityOfPage":{"@id":"https:\/\/stourm.news\/?p=3416"},"wordCount":892,"commentCount":0,"publisher":{"@id":"https:\/\/stourm.news\/#organization"},"image":{"@id":"https:\/\/stourm.news\/?p=3416#primaryimage"},"thumbnailUrl":"https:\/\/stourm.news\/wp-content\/uploads\/2025\/02\/Capture-decran-2025-02-13-a-19.06.09.png","articleSection":["Editorial","Emsav","Principale"],"inLanguage":"fr-FR","potentialAction":[{"@type":"CommentAction","name":"Comment","target":["https:\/\/stourm.news\/?p=3416#respond"]}]},{"@type":"WebPage","@id":"https:\/\/stourm.news\/?p=3416","url":"https:\/\/stourm.news\/?p=3416","name":"\"Nationalisme breton et f\u00e9d\u00e9ralisme europ\u00e9en : les visions de Yann Fou\u00e9r\u00e9\" par Ronan Morvan - STOURM","isPartOf":{"@id":"https:\/\/stourm.news\/#website"},"primaryImageOfPage":{"@id":"https:\/\/stourm.news\/?p=3416#primaryimage"},"image":{"@id":"https:\/\/stourm.news\/?p=3416#primaryimage"},"thumbnailUrl":"https:\/\/stourm.news\/wp-content\/uploads\/2025\/02\/Capture-decran-2025-02-13-a-19.06.09.png","datePublished":"2025-02-13T10:09:38+00:00","breadcrumb":{"@id":"https:\/\/stourm.news\/?p=3416#breadcrumb"},"inLanguage":"fr-FR","potentialAction":[{"@type":"ReadAction","target":["https:\/\/stourm.news\/?p=3416"]}]},{"@type":"ImageObject","inLanguage":"fr-FR","@id":"https:\/\/stourm.news\/?p=3416#primaryimage","url":"https:\/\/stourm.news\/wp-content\/uploads\/2025\/02\/Capture-decran-2025-02-13-a-19.06.09.png","contentUrl":"https:\/\/stourm.news\/wp-content\/uploads\/2025\/02\/Capture-decran-2025-02-13-a-19.06.09.png","width":1008,"height":786},{"@type":"BreadcrumbList","@id":"https:\/\/stourm.news\/?p=3416#breadcrumb","itemListElement":[{"@type":"ListItem","position":1,"name":"Accueil","item":"https:\/\/stourm.news\/"},{"@type":"ListItem","position":2,"name":"\u00ab\u00a0Nationalisme breton et f\u00e9d\u00e9ralisme europ\u00e9en : les visions de Yann Fou\u00e9r\u00e9\u00a0\u00bb par Ronan Morvan"}]},{"@type":"WebSite","@id":"https:\/\/stourm.news\/#website","url":"https:\/\/stourm.news\/","name":"Stourm","description":"Kazetenn Strollad Broadel Breizh","publisher":{"@id":"https:\/\/stourm.news\/#organization"},"potentialAction":[{"@type":"SearchAction","target":{"@type":"EntryPoint","urlTemplate":"https:\/\/stourm.news\/?s={search_term_string}"},"query-input":{"@type":"PropertyValueSpecification","valueRequired":true,"valueName":"search_term_string"}}],"inLanguage":"fr-FR"},{"@type":"Organization","@id":"https:\/\/stourm.news\/#organization","name":"Stourm","url":"https:\/\/stourm.news\/","logo":{"@type":"ImageObject","inLanguage":"fr-FR","@id":"https:\/\/stourm.news\/#\/schema\/logo\/image\/","url":"https:\/\/stourm.news\/wp-content\/uploads\/2025\/11\/cropped-Capture-decran-2025-11-28-a-15.19.07.png","contentUrl":"https:\/\/stourm.news\/wp-content\/uploads\/2025\/11\/cropped-Capture-decran-2025-11-28-a-15.19.07.png","width":1855,"height":383,"caption":"Stourm"},"image":{"@id":"https:\/\/stourm.news\/#\/schema\/logo\/image\/"},"sameAs":["https:\/\/www.facebook.com\/stourmnews\/"]},{"@type":"Person","@id":"https:\/\/stourm.news\/#\/schema\/person\/c3e1dc65988632e190969234ef046cf9","name":"La r\u00e9daction","image":{"@type":"ImageObject","inLanguage":"fr-FR","@id":"https:\/\/stourm.news\/#\/schema\/person\/image\/","url":"https:\/\/secure.gravatar.com\/avatar\/7463443f194b6b5fb706b074ca0ef59a0cfcfd720cb47764b0ec5a952ce422b3?s=96&d=mm&r=g","contentUrl":"https:\/\/secure.gravatar.com\/avatar\/7463443f194b6b5fb706b074ca0ef59a0cfcfd720cb47764b0ec5a952ce422b3?s=96&d=mm&r=g","caption":"La r\u00e9daction"},"sameAs":["https:\/\/stourm.news"],"url":"https:\/\/stourm.news\/?author=1"}]}},"_links":{"self":[{"href":"https:\/\/stourm.news\/index.php?rest_route=\/wp\/v2\/posts\/3416","targetHints":{"allow":["GET"]}}],"collection":[{"href":"https:\/\/stourm.news\/index.php?rest_route=\/wp\/v2\/posts"}],"about":[{"href":"https:\/\/stourm.news\/index.php?rest_route=\/wp\/v2\/types\/post"}],"author":[{"embeddable":true,"href":"https:\/\/stourm.news\/index.php?rest_route=\/wp\/v2\/users\/1"}],"replies":[{"embeddable":true,"href":"https:\/\/stourm.news\/index.php?rest_route=%2Fwp%2Fv2%2Fcomments&post=3416"}],"version-history":[{"count":1,"href":"https:\/\/stourm.news\/index.php?rest_route=\/wp\/v2\/posts\/3416\/revisions"}],"predecessor-version":[{"id":3418,"href":"https:\/\/stourm.news\/index.php?rest_route=\/wp\/v2\/posts\/3416\/revisions\/3418"}],"wp:featuredmedia":[{"embeddable":true,"href":"https:\/\/stourm.news\/index.php?rest_route=\/wp\/v2\/media\/3417"}],"wp:attachment":[{"href":"https:\/\/stourm.news\/index.php?rest_route=%2Fwp%2Fv2%2Fmedia&parent=3416"}],"wp:term":[{"taxonomy":"category","embeddable":true,"href":"https:\/\/stourm.news\/index.php?rest_route=%2Fwp%2Fv2%2Fcategories&post=3416"},{"taxonomy":"post_tag","embeddable":true,"href":"https:\/\/stourm.news\/index.php?rest_route=%2Fwp%2Fv2%2Ftags&post=3416"}],"curies":[{"name":"wp","href":"https:\/\/api.w.org\/{rel}","templated":true}]}}