{"id":3420,"date":"2025-02-13T10:47:47","date_gmt":"2025-02-13T10:47:47","guid":{"rendered":"https:\/\/stourm.news\/?p=3420"},"modified":"2025-02-13T10:55:52","modified_gmt":"2025-02-13T10:55:52","slug":"du-mercosur-au-ceta-les-mensonges-du-rn-sur-les-benefices-des-accords-de-libre-echange-pour-les-agriculteurs","status":"publish","type":"post","link":"https:\/\/stourm.news\/?p=3420","title":{"rendered":"Du Mercosur au CETA : les mensonges du RN sur les b\u00e9n\u00e9fices des accords de libre-\u00e9change pour les agriculteurs bretons"},"content":{"rendered":"<p style=\"text-align: justify;\">Fid\u00e8le \u00e0 sa ligne anti-europ\u00e9enne, le RN a violemment attaqu\u00e9 l&rsquo;accord de libre-\u00e9change entre l&rsquo;UE et le Mercosur, arguant notamment des menaces qu&rsquo;il ferait peser sur les agriculteurs de l&rsquo;Hexagone. La Bretagne, terre agricole s&rsquo;il en est, est vis\u00e9e au premier chef par cette rh\u00e9torique lep\u00e9niste.<\/p>\n<blockquote class=\"twitter-tweet\">\n<p dir=\"ltr\" lang=\"fr\">\ud83d\udd35 Le Var dit NON au <a href=\"https:\/\/twitter.com\/hashtag\/Mercosur?src=hash&amp;ref_src=twsrc%5Etfw\">#Mercosur<\/a> !<\/p>\n<p>Merci \u00e0 la mobilisation de nos nombreux militants partout dans le d\u00e9partement. <a href=\"https:\/\/t.co\/11qNaW4RWM\">pic.twitter.com\/11qNaW4RWM<\/a><\/p>\n<p>\u2014 RN Var (@RNVar_officiel) <a href=\"https:\/\/twitter.com\/RNVar_officiel\/status\/1888936219607720147?ref_src=twsrc%5Etfw\">February 10, 2025<\/a><\/p><\/blockquote>\n<p><script async src=\"https:\/\/platform.twitter.com\/widgets.js\" charset=\"utf-8\"><\/script><\/p>\n<blockquote class=\"twitter-tweet\">\n<p dir=\"ltr\" lang=\"fr\">Le PPE, le groupe de LR au Parlement europ\u00e9en soutient le Mercosur.<\/p>\n<p>Les agriculteurs sont flou\u00e9s, trahis par une droite qui multiplie les d\u00e9clarations de soutien \u00e0 Paris mais les condamne \u00e0 Bruxelles ! <a href=\"https:\/\/t.co\/KA5ulfelYw\">https:\/\/t.co\/KA5ulfelYw<\/a><\/p>\n<p>\u2014 Marine Le Pen (@MLP_officiel) <a href=\"https:\/\/twitter.com\/MLP_officiel\/status\/1889978991572037809?ref_src=twsrc%5Etfw\">February 13, 2025<\/a><\/p><\/blockquote>\n<p><script async src=\"https:\/\/platform.twitter.com\/widgets.js\" charset=\"utf-8\"><\/script><\/p>\n<p style=\"text-align: justify;\">Qu&rsquo;en est-il vraiment ? Si l&rsquo;on \u00e9tudie l&rsquo;accord de libre \u00e9change sign\u00e9 en 2019 entre l&rsquo;UE et le Canada (CETA) qu&rsquo;a violemment d\u00e9nonc\u00e9 le RN, ses affirmations catastrophistes de l&rsquo;\u00e9poque ont \u00e9t\u00e9 platement d\u00e9menties.<\/p>\n<blockquote class=\"twitter-tweet\">\n<p dir=\"ltr\" lang=\"fr\"><a href=\"https:\/\/twitter.com\/hashtag\/BonjourChezVous?src=hash&amp;ref_src=twsrc%5Etfw\">#BonjourChezVous<\/a> \u00ab\u00a0Le S\u00e9nat a vot\u00e9 contre le CETA. Et bien Val\u00e9rie Hayer a dit qu&rsquo;on l&rsquo;appliquera quand-m\u00eame. Nous, nous reviendrons sur tous les accords de libre \u00e9change car globalement nous y perdons\u00a0\u00bb explique <a href=\"https:\/\/twitter.com\/ljacobelli?ref_src=twsrc%5Etfw\">@ljacobelli<\/a>, porte-parole du <a href=\"https:\/\/twitter.com\/hashtag\/RN?src=hash&amp;ref_src=twsrc%5Etfw\">#RN<\/a>, <a href=\"https:\/\/t.co\/v1fTsTAGHL\">pic.twitter.com\/v1fTsTAGHL<\/a><\/p>\n<p>\u2014 Public S\u00e9nat (@publicsenat) <a href=\"https:\/\/twitter.com\/publicsenat\/status\/1783378939454357693?ref_src=twsrc%5Etfw\">April 25, 2024<\/a><\/p><\/blockquote>\n<p><script async src=\"https:\/\/platform.twitter.com\/widgets.js\" charset=\"utf-8\"><\/script><\/p>\n<p style=\"text-align: justify;\">Les exportations agricoles de l&rsquo;UE vers le Canada ont en effet augment\u00e9 significativement. Par exemple, les exportations fran\u00e7aises de fromage vers le Canada ont augment\u00e9 de 57% entre 2016 et 2022. Globalement, les exportations de biens de l&rsquo;UE vers le Canada ont augment\u00e9 de 7% en valeur entre septembre 2017 et juillet 2018. Les exportations fran\u00e7aises vers le Canada ont grimp\u00e9 de 33% entre 2017 et 2023.<\/p>\n<p><strong>Des importations canadiennes limit\u00e9es<\/strong><\/p>\n<p style=\"text-align: justify;\">\u00c0 l&rsquo;inverse, les exportations de viande bovine et porcine du Canada vers l&rsquo;UE restent limit\u00e9es. Par exemple, la France a import\u00e9 seulement 1.577 tonnes d&rsquo;\u00e9quivalent carcasse de viande bovine canadienne en 2021, tandis qu&rsquo;elle a export\u00e9 21.000 tonnes de b\u0153uf vers le Canada, soit 21 fois plus qu&rsquo;avant le CETA. Il n&rsquo;y a quasiment aucune importation de viande de volaille ou de porc canadienne en France depuis l&rsquo;entr\u00e9e en vigueur du CETA.<\/p>\n<p><strong>Les b\u00e9n\u00e9fices par secteur<\/strong><\/p>\n<p style=\"text-align: justify;\">Le secteur des vins et spiritueux ainsi que la fili\u00e8re laiti\u00e8re sont les grands b\u00e9n\u00e9ficiaires du CETA. Les exportations de vin fran\u00e7ais vers le Canada ont par exemple augment\u00e9 de 24% et celles de fromage de 60%. Les contingents ouverts par le CETA pour les produits laitiers sont de 18 500 tonnes par an, avec une augmentation progressive des quotas sur les cinq premi\u00e8res ann\u00e9es de mise en \u0153uvre de l&rsquo;accord.<\/p>\n<p style=\"text-align: justify;\"><strong>Balance commerciale<\/strong><\/p>\n<p style=\"text-align: justify;\">La balance commerciale agricole de la France avec le Canada est exc\u00e9dentaire pour plusieurs produits, notamment la viande bovine, la viande porcine et les produits sucr\u00e9s, m\u00eame si les montants demeurent relativement faibles.<\/p>\n<p><strong>Le CETA : un puissant soutien pour l&rsquo;agriculture bretonne<\/strong><\/p>\n<p style=\"text-align: justify;\">La Bretagne est une grande productrice de lait et de produits laitiers. Le CETA a notamment permis l&rsquo;augmentation des quotas d&rsquo;exportation de fromages vers le Canada, ce qui a directement b\u00e9n\u00e9fici\u00e9 aux producteurs bretons. Les exportations de fromages fran\u00e7ais ont augment\u00e9 de 60% depuis l&rsquo;application du CETA, avec une part non n\u00e9gligeable provenant de Bretagne.<\/p>\n<p style=\"text-align: justify;\">Les agriculteurs bretons b\u00e9n\u00e9ficient d&rsquo;un acc\u00e8s facilit\u00e9 au march\u00e9 canadien pour divers produits, y compris les produits agroalimentaires transform\u00e9s. Les normes de qualit\u00e9 et les appellations d&rsquo;origine prot\u00e9g\u00e9es (AOP) ont conserv\u00e9 leur valeur, permettant aux produits bretons de se d\u00e9marquer.<\/p>\n<p style=\"text-align: justify;\">En ouvrant le march\u00e9 canadien, le CETA a permis aux agriculteurs bretons de diversifier leurs d\u00e9bouch\u00e9s commerciaux, ce qui est crucial pour la stabilit\u00e9 \u00e9conomique des exploitations agricoles. Cela r\u00e9duit la d\u00e9pendance aux march\u00e9s europ\u00e9ens traditionnels et offre de nouvelles opportunit\u00e9s de croissance.<\/p>\n<p><strong>La d\u00e9magogie du RN menace l&rsquo;agriculture bretonne<\/strong><\/p>\n<p style=\"text-align: justify;\">Face \u00e0 ce d\u00e9menti cuisant, le RN pr\u00e9f\u00e8re mentir et mart\u00e8le que cet accord est n\u00e9faste, sans apporter de r\u00e9ponse aux chiffres qui d\u00e9montrent les profits consid\u00e9rables r\u00e9alis\u00e9s par les agriculteurs fran\u00e7ais gr\u00e2ce au CETA. Le populisme hexagonal ne s&#8217;embarrasse pas de d\u00e9tails et pr\u00e9f\u00e8re r\u00e9it\u00e9rer les m\u00eames mensonges \u00e0 propos de l&rsquo;accord sign\u00e9 avec le Mercosur, quitte \u00e0 menacer les int\u00e9r\u00eats des agriculteurs bretons. Une r\u00e9alit\u00e9 tr\u00e8s \u00e9loign\u00e9e de ce que pr\u00e9tend \u00eatre le RN hexagonal.<\/p>\n<p style=\"text-align: right;\"><strong>Ewen Broc&rsquo;han<\/strong><\/p>\n","protected":false},"excerpt":{"rendered":"<p>Fid\u00e8le \u00e0 sa ligne anti-europ\u00e9enne, le RN a violemment attaqu\u00e9 l&rsquo;accord de libre-\u00e9change entre l&rsquo;UE et le Mercosur, arguant notamment des menaces qu&rsquo;il ferait peser sur les agriculteurs de l&rsquo;Hexagone. La Bretagne, terre agricole s&rsquo;il en est, est vis\u00e9e au premier chef par cette rh\u00e9torique lep\u00e9niste. \ud83d\udd35 Le Var dit NON au #Mercosur ! Merci [&hellip;]<\/p>\n","protected":false},"author":1,"featured_media":3421,"comment_status":"open","ping_status":"open","sticky":false,"template":"","format":"standard","meta":{"sb_editor_width":"","footnotes":""},"categories":[55,66,65],"tags":[],"class_list":["post-3420","post","type-post","status-publish","format-standard","has-post-thumbnail","hentry","category-economie","category-international","category-principale"],"relative_dates":{"created":"1 an ago","modified":"1 an ago"},"yoast_head":"<!-- This site is optimized with the Yoast SEO plugin v26.3 - https:\/\/yoast.com\/wordpress\/plugins\/seo\/ -->\n<title>Du Mercosur au CETA : les mensonges du RN sur les b\u00e9n\u00e9fices des accords de libre-\u00e9change pour les agriculteurs bretons - STOURM<\/title>\n<meta name=\"robots\" content=\"index, follow, max-snippet:-1, max-image-preview:large, max-video-preview:-1\" \/>\n<link rel=\"canonical\" href=\"https:\/\/stourm.news\/?p=3420\" \/>\n<meta property=\"og:locale\" content=\"fr_FR\" \/>\n<meta property=\"og:type\" content=\"article\" \/>\n<meta property=\"og:title\" content=\"Du Mercosur au CETA : les mensonges du RN sur les b\u00e9n\u00e9fices des accords de libre-\u00e9change pour les agriculteurs bretons - STOURM\" \/>\n<meta property=\"og:description\" content=\"Fid\u00e8le \u00e0 sa ligne anti-europ\u00e9enne, le RN a violemment attaqu\u00e9 l&rsquo;accord de libre-\u00e9change entre l&rsquo;UE et le Mercosur, arguant notamment des menaces qu&rsquo;il ferait peser sur les agriculteurs de l&rsquo;Hexagone. La Bretagne, terre agricole s&rsquo;il en est, est vis\u00e9e au premier chef par cette rh\u00e9torique lep\u00e9niste. \ud83d\udd35 Le Var dit NON au #Mercosur ! Merci [&hellip;]\" \/>\n<meta property=\"og:url\" content=\"https:\/\/stourm.news\/?p=3420\" \/>\n<meta property=\"og:site_name\" content=\"STOURM\" \/>\n<meta property=\"article:publisher\" content=\"https:\/\/www.facebook.com\/stourmnews\/\" \/>\n<meta property=\"article:published_time\" content=\"2025-02-13T10:47:47+00:00\" \/>\n<meta property=\"article:modified_time\" content=\"2025-02-13T10:55:52+00:00\" \/>\n<meta property=\"og:image\" content=\"https:\/\/stourm.news\/wp-content\/uploads\/2025\/02\/T-Regnier-1414-shutterstock-fredex_430481605.jpg\" \/>\n\t<meta property=\"og:image:width\" content=\"1920\" \/>\n\t<meta property=\"og:image:height\" content=\"1080\" \/>\n\t<meta property=\"og:image:type\" content=\"image\/jpeg\" \/>\n<meta name=\"author\" content=\"La r\u00e9daction\" \/>\n<meta name=\"twitter:card\" content=\"summary_large_image\" \/>\n<meta name=\"twitter:label1\" content=\"\u00c9crit par\" \/>\n\t<meta name=\"twitter:data1\" content=\"La r\u00e9daction\" \/>\n\t<meta name=\"twitter:label2\" content=\"Dur\u00e9e de lecture estim\u00e9e\" \/>\n\t<meta name=\"twitter:data2\" content=\"4 minutes\" \/>\n<script type=\"application\/ld+json\" class=\"yoast-schema-graph\">{\"@context\":\"https:\/\/schema.org\",\"@graph\":[{\"@type\":\"Article\",\"@id\":\"https:\/\/stourm.news\/?p=3420#article\",\"isPartOf\":{\"@id\":\"https:\/\/stourm.news\/?p=3420\"},\"author\":{\"name\":\"La r\u00e9daction\",\"@id\":\"https:\/\/stourm.news\/#\/schema\/person\/c3e1dc65988632e190969234ef046cf9\"},\"headline\":\"Du Mercosur au CETA : les mensonges du RN sur les b\u00e9n\u00e9fices des accords de libre-\u00e9change pour les agriculteurs bretons\",\"datePublished\":\"2025-02-13T10:47:47+00:00\",\"dateModified\":\"2025-02-13T10:55:52+00:00\",\"mainEntityOfPage\":{\"@id\":\"https:\/\/stourm.news\/?p=3420\"},\"wordCount\":787,\"commentCount\":0,\"publisher\":{\"@id\":\"https:\/\/stourm.news\/#organization\"},\"image\":{\"@id\":\"https:\/\/stourm.news\/?p=3420#primaryimage\"},\"thumbnailUrl\":\"https:\/\/stourm.news\/wp-content\/uploads\/2025\/02\/T-Regnier-1414-shutterstock-fredex_430481605.jpg\",\"articleSection\":[\"Economie\",\"International\",\"Principale\"],\"inLanguage\":\"fr-FR\",\"potentialAction\":[{\"@type\":\"CommentAction\",\"name\":\"Comment\",\"target\":[\"https:\/\/stourm.news\/?p=3420#respond\"]}]},{\"@type\":\"WebPage\",\"@id\":\"https:\/\/stourm.news\/?p=3420\",\"url\":\"https:\/\/stourm.news\/?p=3420\",\"name\":\"Du Mercosur au CETA : les mensonges du RN sur les b\u00e9n\u00e9fices des accords de libre-\u00e9change pour les agriculteurs bretons - STOURM\",\"isPartOf\":{\"@id\":\"https:\/\/stourm.news\/#website\"},\"primaryImageOfPage\":{\"@id\":\"https:\/\/stourm.news\/?p=3420#primaryimage\"},\"image\":{\"@id\":\"https:\/\/stourm.news\/?p=3420#primaryimage\"},\"thumbnailUrl\":\"https:\/\/stourm.news\/wp-content\/uploads\/2025\/02\/T-Regnier-1414-shutterstock-fredex_430481605.jpg\",\"datePublished\":\"2025-02-13T10:47:47+00:00\",\"dateModified\":\"2025-02-13T10:55:52+00:00\",\"breadcrumb\":{\"@id\":\"https:\/\/stourm.news\/?p=3420#breadcrumb\"},\"inLanguage\":\"fr-FR\",\"potentialAction\":[{\"@type\":\"ReadAction\",\"target\":[\"https:\/\/stourm.news\/?p=3420\"]}]},{\"@type\":\"ImageObject\",\"inLanguage\":\"fr-FR\",\"@id\":\"https:\/\/stourm.news\/?p=3420#primaryimage\",\"url\":\"https:\/\/stourm.news\/wp-content\/uploads\/2025\/02\/T-Regnier-1414-shutterstock-fredex_430481605.jpg\",\"contentUrl\":\"https:\/\/stourm.news\/wp-content\/uploads\/2025\/02\/T-Regnier-1414-shutterstock-fredex_430481605.jpg\",\"width\":1920,\"height\":1080},{\"@type\":\"BreadcrumbList\",\"@id\":\"https:\/\/stourm.news\/?p=3420#breadcrumb\",\"itemListElement\":[{\"@type\":\"ListItem\",\"position\":1,\"name\":\"Accueil\",\"item\":\"https:\/\/stourm.news\/\"},{\"@type\":\"ListItem\",\"position\":2,\"name\":\"Du Mercosur au CETA : les mensonges du RN sur les b\u00e9n\u00e9fices des accords de libre-\u00e9change pour les agriculteurs bretons\"}]},{\"@type\":\"WebSite\",\"@id\":\"https:\/\/stourm.news\/#website\",\"url\":\"https:\/\/stourm.news\/\",\"name\":\"Stourm\",\"description\":\"Kazetenn Strollad Broadel Breizh\",\"publisher\":{\"@id\":\"https:\/\/stourm.news\/#organization\"},\"potentialAction\":[{\"@type\":\"SearchAction\",\"target\":{\"@type\":\"EntryPoint\",\"urlTemplate\":\"https:\/\/stourm.news\/?s={search_term_string}\"},\"query-input\":{\"@type\":\"PropertyValueSpecification\",\"valueRequired\":true,\"valueName\":\"search_term_string\"}}],\"inLanguage\":\"fr-FR\"},{\"@type\":\"Organization\",\"@id\":\"https:\/\/stourm.news\/#organization\",\"name\":\"Stourm\",\"url\":\"https:\/\/stourm.news\/\",\"logo\":{\"@type\":\"ImageObject\",\"inLanguage\":\"fr-FR\",\"@id\":\"https:\/\/stourm.news\/#\/schema\/logo\/image\/\",\"url\":\"https:\/\/stourm.news\/wp-content\/uploads\/2025\/11\/cropped-Capture-decran-2025-11-28-a-15.19.07.png\",\"contentUrl\":\"https:\/\/stourm.news\/wp-content\/uploads\/2025\/11\/cropped-Capture-decran-2025-11-28-a-15.19.07.png\",\"width\":1855,\"height\":383,\"caption\":\"Stourm\"},\"image\":{\"@id\":\"https:\/\/stourm.news\/#\/schema\/logo\/image\/\"},\"sameAs\":[\"https:\/\/www.facebook.com\/stourmnews\/\"]},{\"@type\":\"Person\",\"@id\":\"https:\/\/stourm.news\/#\/schema\/person\/c3e1dc65988632e190969234ef046cf9\",\"name\":\"La r\u00e9daction\",\"image\":{\"@type\":\"ImageObject\",\"inLanguage\":\"fr-FR\",\"@id\":\"https:\/\/stourm.news\/#\/schema\/person\/image\/\",\"url\":\"https:\/\/secure.gravatar.com\/avatar\/7463443f194b6b5fb706b074ca0ef59a0cfcfd720cb47764b0ec5a952ce422b3?s=96&d=mm&r=g\",\"contentUrl\":\"https:\/\/secure.gravatar.com\/avatar\/7463443f194b6b5fb706b074ca0ef59a0cfcfd720cb47764b0ec5a952ce422b3?s=96&d=mm&r=g\",\"caption\":\"La r\u00e9daction\"},\"sameAs\":[\"https:\/\/stourm.news\"],\"url\":\"https:\/\/stourm.news\/?author=1\"}]}<\/script>\n<!-- \/ Yoast SEO plugin. -->","yoast_head_json":{"title":"Du Mercosur au CETA : les mensonges du RN sur les b\u00e9n\u00e9fices des accords de libre-\u00e9change pour les agriculteurs bretons - STOURM","robots":{"index":"index","follow":"follow","max-snippet":"max-snippet:-1","max-image-preview":"max-image-preview:large","max-video-preview":"max-video-preview:-1"},"canonical":"https:\/\/stourm.news\/?p=3420","og_locale":"fr_FR","og_type":"article","og_title":"Du Mercosur au CETA : les mensonges du RN sur les b\u00e9n\u00e9fices des accords de libre-\u00e9change pour les agriculteurs bretons - STOURM","og_description":"Fid\u00e8le \u00e0 sa ligne anti-europ\u00e9enne, le RN a violemment attaqu\u00e9 l&rsquo;accord de libre-\u00e9change entre l&rsquo;UE et le Mercosur, arguant notamment des menaces qu&rsquo;il ferait peser sur les agriculteurs de l&rsquo;Hexagone. La Bretagne, terre agricole s&rsquo;il en est, est vis\u00e9e au premier chef par cette rh\u00e9torique lep\u00e9niste. \ud83d\udd35 Le Var dit NON au #Mercosur ! Merci [&hellip;]","og_url":"https:\/\/stourm.news\/?p=3420","og_site_name":"STOURM","article_publisher":"https:\/\/www.facebook.com\/stourmnews\/","article_published_time":"2025-02-13T10:47:47+00:00","article_modified_time":"2025-02-13T10:55:52+00:00","og_image":[{"width":1920,"height":1080,"url":"https:\/\/stourm.news\/wp-content\/uploads\/2025\/02\/T-Regnier-1414-shutterstock-fredex_430481605.jpg","type":"image\/jpeg"}],"author":"La r\u00e9daction","twitter_card":"summary_large_image","twitter_misc":{"\u00c9crit par":"La r\u00e9daction","Dur\u00e9e de lecture estim\u00e9e":"4 minutes"},"schema":{"@context":"https:\/\/schema.org","@graph":[{"@type":"Article","@id":"https:\/\/stourm.news\/?p=3420#article","isPartOf":{"@id":"https:\/\/stourm.news\/?p=3420"},"author":{"name":"La r\u00e9daction","@id":"https:\/\/stourm.news\/#\/schema\/person\/c3e1dc65988632e190969234ef046cf9"},"headline":"Du Mercosur au CETA : les mensonges du RN sur les b\u00e9n\u00e9fices des accords de libre-\u00e9change pour les agriculteurs bretons","datePublished":"2025-02-13T10:47:47+00:00","dateModified":"2025-02-13T10:55:52+00:00","mainEntityOfPage":{"@id":"https:\/\/stourm.news\/?p=3420"},"wordCount":787,"commentCount":0,"publisher":{"@id":"https:\/\/stourm.news\/#organization"},"image":{"@id":"https:\/\/stourm.news\/?p=3420#primaryimage"},"thumbnailUrl":"https:\/\/stourm.news\/wp-content\/uploads\/2025\/02\/T-Regnier-1414-shutterstock-fredex_430481605.jpg","articleSection":["Economie","International","Principale"],"inLanguage":"fr-FR","potentialAction":[{"@type":"CommentAction","name":"Comment","target":["https:\/\/stourm.news\/?p=3420#respond"]}]},{"@type":"WebPage","@id":"https:\/\/stourm.news\/?p=3420","url":"https:\/\/stourm.news\/?p=3420","name":"Du Mercosur au CETA : les mensonges du RN sur les b\u00e9n\u00e9fices des accords de libre-\u00e9change pour les agriculteurs bretons - STOURM","isPartOf":{"@id":"https:\/\/stourm.news\/#website"},"primaryImageOfPage":{"@id":"https:\/\/stourm.news\/?p=3420#primaryimage"},"image":{"@id":"https:\/\/stourm.news\/?p=3420#primaryimage"},"thumbnailUrl":"https:\/\/stourm.news\/wp-content\/uploads\/2025\/02\/T-Regnier-1414-shutterstock-fredex_430481605.jpg","datePublished":"2025-02-13T10:47:47+00:00","dateModified":"2025-02-13T10:55:52+00:00","breadcrumb":{"@id":"https:\/\/stourm.news\/?p=3420#breadcrumb"},"inLanguage":"fr-FR","potentialAction":[{"@type":"ReadAction","target":["https:\/\/stourm.news\/?p=3420"]}]},{"@type":"ImageObject","inLanguage":"fr-FR","@id":"https:\/\/stourm.news\/?p=3420#primaryimage","url":"https:\/\/stourm.news\/wp-content\/uploads\/2025\/02\/T-Regnier-1414-shutterstock-fredex_430481605.jpg","contentUrl":"https:\/\/stourm.news\/wp-content\/uploads\/2025\/02\/T-Regnier-1414-shutterstock-fredex_430481605.jpg","width":1920,"height":1080},{"@type":"BreadcrumbList","@id":"https:\/\/stourm.news\/?p=3420#breadcrumb","itemListElement":[{"@type":"ListItem","position":1,"name":"Accueil","item":"https:\/\/stourm.news\/"},{"@type":"ListItem","position":2,"name":"Du Mercosur au CETA : les mensonges du RN sur les b\u00e9n\u00e9fices des accords de libre-\u00e9change pour les agriculteurs bretons"}]},{"@type":"WebSite","@id":"https:\/\/stourm.news\/#website","url":"https:\/\/stourm.news\/","name":"Stourm","description":"Kazetenn Strollad Broadel Breizh","publisher":{"@id":"https:\/\/stourm.news\/#organization"},"potentialAction":[{"@type":"SearchAction","target":{"@type":"EntryPoint","urlTemplate":"https:\/\/stourm.news\/?s={search_term_string}"},"query-input":{"@type":"PropertyValueSpecification","valueRequired":true,"valueName":"search_term_string"}}],"inLanguage":"fr-FR"},{"@type":"Organization","@id":"https:\/\/stourm.news\/#organization","name":"Stourm","url":"https:\/\/stourm.news\/","logo":{"@type":"ImageObject","inLanguage":"fr-FR","@id":"https:\/\/stourm.news\/#\/schema\/logo\/image\/","url":"https:\/\/stourm.news\/wp-content\/uploads\/2025\/11\/cropped-Capture-decran-2025-11-28-a-15.19.07.png","contentUrl":"https:\/\/stourm.news\/wp-content\/uploads\/2025\/11\/cropped-Capture-decran-2025-11-28-a-15.19.07.png","width":1855,"height":383,"caption":"Stourm"},"image":{"@id":"https:\/\/stourm.news\/#\/schema\/logo\/image\/"},"sameAs":["https:\/\/www.facebook.com\/stourmnews\/"]},{"@type":"Person","@id":"https:\/\/stourm.news\/#\/schema\/person\/c3e1dc65988632e190969234ef046cf9","name":"La r\u00e9daction","image":{"@type":"ImageObject","inLanguage":"fr-FR","@id":"https:\/\/stourm.news\/#\/schema\/person\/image\/","url":"https:\/\/secure.gravatar.com\/avatar\/7463443f194b6b5fb706b074ca0ef59a0cfcfd720cb47764b0ec5a952ce422b3?s=96&d=mm&r=g","contentUrl":"https:\/\/secure.gravatar.com\/avatar\/7463443f194b6b5fb706b074ca0ef59a0cfcfd720cb47764b0ec5a952ce422b3?s=96&d=mm&r=g","caption":"La r\u00e9daction"},"sameAs":["https:\/\/stourm.news"],"url":"https:\/\/stourm.news\/?author=1"}]}},"_links":{"self":[{"href":"https:\/\/stourm.news\/index.php?rest_route=\/wp\/v2\/posts\/3420","targetHints":{"allow":["GET"]}}],"collection":[{"href":"https:\/\/stourm.news\/index.php?rest_route=\/wp\/v2\/posts"}],"about":[{"href":"https:\/\/stourm.news\/index.php?rest_route=\/wp\/v2\/types\/post"}],"author":[{"embeddable":true,"href":"https:\/\/stourm.news\/index.php?rest_route=\/wp\/v2\/users\/1"}],"replies":[{"embeddable":true,"href":"https:\/\/stourm.news\/index.php?rest_route=%2Fwp%2Fv2%2Fcomments&post=3420"}],"version-history":[{"count":5,"href":"https:\/\/stourm.news\/index.php?rest_route=\/wp\/v2\/posts\/3420\/revisions"}],"predecessor-version":[{"id":3426,"href":"https:\/\/stourm.news\/index.php?rest_route=\/wp\/v2\/posts\/3420\/revisions\/3426"}],"wp:featuredmedia":[{"embeddable":true,"href":"https:\/\/stourm.news\/index.php?rest_route=\/wp\/v2\/media\/3421"}],"wp:attachment":[{"href":"https:\/\/stourm.news\/index.php?rest_route=%2Fwp%2Fv2%2Fmedia&parent=3420"}],"wp:term":[{"taxonomy":"category","embeddable":true,"href":"https:\/\/stourm.news\/index.php?rest_route=%2Fwp%2Fv2%2Fcategories&post=3420"},{"taxonomy":"post_tag","embeddable":true,"href":"https:\/\/stourm.news\/index.php?rest_route=%2Fwp%2Fv2%2Ftags&post=3420"}],"curies":[{"name":"wp","href":"https:\/\/api.w.org\/{rel}","templated":true}]}}