{"id":3434,"date":"2025-02-15T08:09:37","date_gmt":"2025-02-15T08:09:37","guid":{"rendered":"https:\/\/stourm.news\/?p=3434"},"modified":"2025-02-15T08:12:35","modified_gmt":"2025-02-15T08:12:35","slug":"hede-bazouges-lancien-pirate-somalien-qui-avait-participe-a-la-prise-dotages-du-tanit-qui-avait-fait-une-victime-bretonne-en-2009-obtient-sa-regularisation","status":"publish","type":"post","link":"https:\/\/stourm.news\/?p=3434","title":{"rendered":"Hazho\u00f9-Bazeleg (H\u00e9d\u00e9-Bazouges) : l\u2019ancien pirate somalien qui avait particip\u00e9 \u00e0 la prise d\u2019otages du Tanit qui avait fait une victime bretonne en 2009 obtient sa r\u00e9gularisation"},"content":{"rendered":"<p style=\"text-align: justify;\">Mahmoud Abdi Mohamed, ancien pirate somalien impliqu\u00e9 dans la prise d\u2019otages du voilier breton Tanit en 2009, a obtenu gain de cause devant la cour administrative d\u2019appel de Nantes ce vendredi 14 f\u00e9vrier 2025.<\/p>\n<p><img fetchpriority=\"high\" decoding=\"async\" class=\"alignnone wp-image-3436 size-full\" src=\"https:\/\/stourm.news\/wp-content\/uploads\/2025\/02\/MjAxMzA5MzdlMDQ1ZTI3NzQwY2RlNDRhMTEwYTNkY2FkYjI0NWU.avif\" alt=\"\" width=\"1260\" height=\"708\" srcset=\"https:\/\/stourm.news\/wp-content\/uploads\/2025\/02\/MjAxMzA5MzdlMDQ1ZTI3NzQwY2RlNDRhMTEwYTNkY2FkYjI0NWU.avif 1260w, https:\/\/stourm.news\/wp-content\/uploads\/2025\/02\/MjAxMzA5MzdlMDQ1ZTI3NzQwY2RlNDRhMTEwYTNkY2FkYjI0NWU-300x169.avif 300w, https:\/\/stourm.news\/wp-content\/uploads\/2025\/02\/MjAxMzA5MzdlMDQ1ZTI3NzQwY2RlNDRhMTEwYTNkY2FkYjI0NWU-1024x575.avif 1024w, https:\/\/stourm.news\/wp-content\/uploads\/2025\/02\/MjAxMzA5MzdlMDQ1ZTI3NzQwY2RlNDRhMTEwYTNkY2FkYjI0NWU-768x432.avif 768w\" sizes=\"(max-width: 1260px) 100vw, 1260px\" \/><\/p>\n<p style=\"text-align: center;\"><em>Florent Lema\u00e7on<\/em><\/p>\n<p style=\"text-align: justify;\">Condamn\u00e9 \u00e0 neuf ans de prison pour sa participation \u00e0 cette attaque qui avait co\u00fbt\u00e9 la vie au skipper Florent Lema\u00e7on, il avait \u00e9t\u00e9 lib\u00e9r\u00e9 en 2015 pour bonne conduite. <strong>Install\u00e9 en Bretagne<\/strong>, il s\u2019est int\u00e9gr\u00e9 via la communaut\u00e9 Emma\u00fcs et travaille dans la restauration.<\/p>\n<p style=\"text-align: justify;\">Contestant une interdiction de retour sur le territoire fran\u00e7ais, il a b\u00e9n\u00e9fici\u00e9 du soutien de la maire de H\u00e9d\u00e9, d\u2019Emma\u00fcs, <strong>et de Chlo\u00e9 Lema\u00e7on, veuve de la victime<\/strong>. La pr\u00e9fecture d\u2019Ille-et-Vilaine, qui le consid\u00e9rait comme une menace pour l\u2019ordre public, a vu sa requ\u00eate rejet\u00e9e par la cour.<\/p>\n<p>Source : <a href=\"https:\/\/www.ouest-france.fr\/societe\/justice\/la-justice-annule-loqtf-de-lancien-pirate-somalien-qui-a-refait-sa-vie-pres-de-rennes-cbe65478-eac2-11ef-b0eb-c67afee0ebb6\">Ouest-France<\/a><\/p>\n","protected":false},"excerpt":{"rendered":"<p>Mahmoud Abdi Mohamed, ancien pirate somalien impliqu\u00e9 dans la prise d\u2019otages du voilier breton Tanit en 2009, a obtenu gain de cause devant la cour administrative d\u2019appel de Nantes ce vendredi 14 f\u00e9vrier 2025. Florent Lema\u00e7on Condamn\u00e9 \u00e0 neuf ans de prison pour sa participation \u00e0 cette attaque qui avait co\u00fbt\u00e9 la vie au skipper [&hellip;]<\/p>\n","protected":false},"author":1,"featured_media":3435,"comment_status":"open","ping_status":"open","sticky":false,"template":"","format":"standard","meta":{"sb_editor_width":"","footnotes":""},"categories":[37,41,33,65],"tags":[],"class_list":["post-3434","post","type-post","status-publish","format-standard","has-post-thumbnail","hentry","category-homicide","category-ille-et-vilaine","category-immigration","category-principale"],"relative_dates":{"created":"1 an ago","modified":"1 an ago"},"yoast_head":"<!-- This site is optimized with the Yoast SEO plugin v26.3 - https:\/\/yoast.com\/wordpress\/plugins\/seo\/ -->\n<title>Hazho\u00f9-Bazeleg (H\u00e9d\u00e9-Bazouges) : l\u2019ancien pirate somalien qui avait particip\u00e9 \u00e0 la prise d\u2019otages du Tanit qui avait fait une victime bretonne en 2009 obtient sa r\u00e9gularisation - STOURM<\/title>\n<meta name=\"robots\" content=\"index, follow, max-snippet:-1, max-image-preview:large, max-video-preview:-1\" \/>\n<link rel=\"canonical\" href=\"https:\/\/stourm.news\/?p=3434\" \/>\n<meta property=\"og:locale\" content=\"fr_FR\" \/>\n<meta property=\"og:type\" content=\"article\" \/>\n<meta property=\"og:title\" content=\"Hazho\u00f9-Bazeleg (H\u00e9d\u00e9-Bazouges) : l\u2019ancien pirate somalien qui avait particip\u00e9 \u00e0 la prise d\u2019otages du Tanit qui avait fait une victime bretonne en 2009 obtient sa r\u00e9gularisation - STOURM\" \/>\n<meta property=\"og:description\" content=\"Mahmoud Abdi Mohamed, ancien pirate somalien impliqu\u00e9 dans la prise d\u2019otages du voilier breton Tanit en 2009, a obtenu gain de cause devant la cour administrative d\u2019appel de Nantes ce vendredi 14 f\u00e9vrier 2025. Florent Lema\u00e7on Condamn\u00e9 \u00e0 neuf ans de prison pour sa participation \u00e0 cette attaque qui avait co\u00fbt\u00e9 la vie au skipper [&hellip;]\" \/>\n<meta property=\"og:url\" content=\"https:\/\/stourm.news\/?p=3434\" \/>\n<meta property=\"og:site_name\" content=\"STOURM\" \/>\n<meta property=\"article:publisher\" content=\"https:\/\/www.facebook.com\/stourmnews\/\" \/>\n<meta property=\"article:published_time\" content=\"2025-02-15T08:09:37+00:00\" \/>\n<meta property=\"article:modified_time\" content=\"2025-02-15T08:12:35+00:00\" \/>\n<meta property=\"og:image\" content=\"https:\/\/stourm.news\/wp-content\/uploads\/2025\/02\/Capture-decran-2025-02-15-a-17.03.06.png\" \/>\n\t<meta property=\"og:image:width\" content=\"796\" \/>\n\t<meta property=\"og:image:height\" content=\"476\" \/>\n\t<meta property=\"og:image:type\" content=\"image\/png\" \/>\n<meta name=\"author\" content=\"La r\u00e9daction\" \/>\n<meta name=\"twitter:card\" content=\"summary_large_image\" \/>\n<meta name=\"twitter:label1\" content=\"\u00c9crit par\" \/>\n\t<meta name=\"twitter:data1\" content=\"La r\u00e9daction\" \/>\n\t<meta name=\"twitter:label2\" content=\"Dur\u00e9e de lecture estim\u00e9e\" \/>\n\t<meta name=\"twitter:data2\" content=\"2 minutes\" \/>\n<script type=\"application\/ld+json\" class=\"yoast-schema-graph\">{\"@context\":\"https:\/\/schema.org\",\"@graph\":[{\"@type\":\"Article\",\"@id\":\"https:\/\/stourm.news\/?p=3434#article\",\"isPartOf\":{\"@id\":\"https:\/\/stourm.news\/?p=3434\"},\"author\":{\"name\":\"La r\u00e9daction\",\"@id\":\"https:\/\/stourm.news\/#\/schema\/person\/c3e1dc65988632e190969234ef046cf9\"},\"headline\":\"Hazho\u00f9-Bazeleg (H\u00e9d\u00e9-Bazouges) : l\u2019ancien pirate somalien qui avait particip\u00e9 \u00e0 la prise d\u2019otages du Tanit qui avait fait une victime bretonne en 2009 obtient sa r\u00e9gularisation\",\"datePublished\":\"2025-02-15T08:09:37+00:00\",\"dateModified\":\"2025-02-15T08:12:35+00:00\",\"mainEntityOfPage\":{\"@id\":\"https:\/\/stourm.news\/?p=3434\"},\"wordCount\":177,\"commentCount\":0,\"publisher\":{\"@id\":\"https:\/\/stourm.news\/#organization\"},\"image\":{\"@id\":\"https:\/\/stourm.news\/?p=3434#primaryimage\"},\"thumbnailUrl\":\"https:\/\/stourm.news\/wp-content\/uploads\/2025\/02\/Capture-decran-2025-02-15-a-17.03.06.png\",\"articleSection\":[\"Homicide\",\"Ille-et-Vilaine\",\"Immigration\",\"Principale\"],\"inLanguage\":\"fr-FR\",\"potentialAction\":[{\"@type\":\"CommentAction\",\"name\":\"Comment\",\"target\":[\"https:\/\/stourm.news\/?p=3434#respond\"]}]},{\"@type\":\"WebPage\",\"@id\":\"https:\/\/stourm.news\/?p=3434\",\"url\":\"https:\/\/stourm.news\/?p=3434\",\"name\":\"Hazho\u00f9-Bazeleg (H\u00e9d\u00e9-Bazouges) : l\u2019ancien pirate somalien qui avait particip\u00e9 \u00e0 la prise d\u2019otages du Tanit qui avait fait une victime bretonne en 2009 obtient sa r\u00e9gularisation - STOURM\",\"isPartOf\":{\"@id\":\"https:\/\/stourm.news\/#website\"},\"primaryImageOfPage\":{\"@id\":\"https:\/\/stourm.news\/?p=3434#primaryimage\"},\"image\":{\"@id\":\"https:\/\/stourm.news\/?p=3434#primaryimage\"},\"thumbnailUrl\":\"https:\/\/stourm.news\/wp-content\/uploads\/2025\/02\/Capture-decran-2025-02-15-a-17.03.06.png\",\"datePublished\":\"2025-02-15T08:09:37+00:00\",\"dateModified\":\"2025-02-15T08:12:35+00:00\",\"breadcrumb\":{\"@id\":\"https:\/\/stourm.news\/?p=3434#breadcrumb\"},\"inLanguage\":\"fr-FR\",\"potentialAction\":[{\"@type\":\"ReadAction\",\"target\":[\"https:\/\/stourm.news\/?p=3434\"]}]},{\"@type\":\"ImageObject\",\"inLanguage\":\"fr-FR\",\"@id\":\"https:\/\/stourm.news\/?p=3434#primaryimage\",\"url\":\"https:\/\/stourm.news\/wp-content\/uploads\/2025\/02\/Capture-decran-2025-02-15-a-17.03.06.png\",\"contentUrl\":\"https:\/\/stourm.news\/wp-content\/uploads\/2025\/02\/Capture-decran-2025-02-15-a-17.03.06.png\",\"width\":796,\"height\":476},{\"@type\":\"BreadcrumbList\",\"@id\":\"https:\/\/stourm.news\/?p=3434#breadcrumb\",\"itemListElement\":[{\"@type\":\"ListItem\",\"position\":1,\"name\":\"Accueil\",\"item\":\"https:\/\/stourm.news\/\"},{\"@type\":\"ListItem\",\"position\":2,\"name\":\"Hazho\u00f9-Bazeleg (H\u00e9d\u00e9-Bazouges) : l\u2019ancien pirate somalien qui avait particip\u00e9 \u00e0 la prise d\u2019otages du Tanit qui avait fait une victime bretonne en 2009 obtient sa r\u00e9gularisation\"}]},{\"@type\":\"WebSite\",\"@id\":\"https:\/\/stourm.news\/#website\",\"url\":\"https:\/\/stourm.news\/\",\"name\":\"Stourm\",\"description\":\"Kazetenn Strollad Broadel Breizh\",\"publisher\":{\"@id\":\"https:\/\/stourm.news\/#organization\"},\"potentialAction\":[{\"@type\":\"SearchAction\",\"target\":{\"@type\":\"EntryPoint\",\"urlTemplate\":\"https:\/\/stourm.news\/?s={search_term_string}\"},\"query-input\":{\"@type\":\"PropertyValueSpecification\",\"valueRequired\":true,\"valueName\":\"search_term_string\"}}],\"inLanguage\":\"fr-FR\"},{\"@type\":\"Organization\",\"@id\":\"https:\/\/stourm.news\/#organization\",\"name\":\"Stourm\",\"url\":\"https:\/\/stourm.news\/\",\"logo\":{\"@type\":\"ImageObject\",\"inLanguage\":\"fr-FR\",\"@id\":\"https:\/\/stourm.news\/#\/schema\/logo\/image\/\",\"url\":\"https:\/\/stourm.news\/wp-content\/uploads\/2025\/11\/cropped-Capture-decran-2025-11-28-a-15.19.07.png\",\"contentUrl\":\"https:\/\/stourm.news\/wp-content\/uploads\/2025\/11\/cropped-Capture-decran-2025-11-28-a-15.19.07.png\",\"width\":1855,\"height\":383,\"caption\":\"Stourm\"},\"image\":{\"@id\":\"https:\/\/stourm.news\/#\/schema\/logo\/image\/\"},\"sameAs\":[\"https:\/\/www.facebook.com\/stourmnews\/\"]},{\"@type\":\"Person\",\"@id\":\"https:\/\/stourm.news\/#\/schema\/person\/c3e1dc65988632e190969234ef046cf9\",\"name\":\"La r\u00e9daction\",\"image\":{\"@type\":\"ImageObject\",\"inLanguage\":\"fr-FR\",\"@id\":\"https:\/\/stourm.news\/#\/schema\/person\/image\/\",\"url\":\"https:\/\/secure.gravatar.com\/avatar\/7463443f194b6b5fb706b074ca0ef59a0cfcfd720cb47764b0ec5a952ce422b3?s=96&d=mm&r=g\",\"contentUrl\":\"https:\/\/secure.gravatar.com\/avatar\/7463443f194b6b5fb706b074ca0ef59a0cfcfd720cb47764b0ec5a952ce422b3?s=96&d=mm&r=g\",\"caption\":\"La r\u00e9daction\"},\"sameAs\":[\"https:\/\/stourm.news\"],\"url\":\"https:\/\/stourm.news\/?author=1\"}]}<\/script>\n<!-- \/ Yoast SEO plugin. -->","yoast_head_json":{"title":"Hazho\u00f9-Bazeleg (H\u00e9d\u00e9-Bazouges) : l\u2019ancien pirate somalien qui avait particip\u00e9 \u00e0 la prise d\u2019otages du Tanit qui avait fait une victime bretonne en 2009 obtient sa r\u00e9gularisation - STOURM","robots":{"index":"index","follow":"follow","max-snippet":"max-snippet:-1","max-image-preview":"max-image-preview:large","max-video-preview":"max-video-preview:-1"},"canonical":"https:\/\/stourm.news\/?p=3434","og_locale":"fr_FR","og_type":"article","og_title":"Hazho\u00f9-Bazeleg (H\u00e9d\u00e9-Bazouges) : l\u2019ancien pirate somalien qui avait particip\u00e9 \u00e0 la prise d\u2019otages du Tanit qui avait fait une victime bretonne en 2009 obtient sa r\u00e9gularisation - STOURM","og_description":"Mahmoud Abdi Mohamed, ancien pirate somalien impliqu\u00e9 dans la prise d\u2019otages du voilier breton Tanit en 2009, a obtenu gain de cause devant la cour administrative d\u2019appel de Nantes ce vendredi 14 f\u00e9vrier 2025. Florent Lema\u00e7on Condamn\u00e9 \u00e0 neuf ans de prison pour sa participation \u00e0 cette attaque qui avait co\u00fbt\u00e9 la vie au skipper [&hellip;]","og_url":"https:\/\/stourm.news\/?p=3434","og_site_name":"STOURM","article_publisher":"https:\/\/www.facebook.com\/stourmnews\/","article_published_time":"2025-02-15T08:09:37+00:00","article_modified_time":"2025-02-15T08:12:35+00:00","og_image":[{"width":796,"height":476,"url":"https:\/\/stourm.news\/wp-content\/uploads\/2025\/02\/Capture-decran-2025-02-15-a-17.03.06.png","type":"image\/png"}],"author":"La r\u00e9daction","twitter_card":"summary_large_image","twitter_misc":{"\u00c9crit par":"La r\u00e9daction","Dur\u00e9e de lecture estim\u00e9e":"2 minutes"},"schema":{"@context":"https:\/\/schema.org","@graph":[{"@type":"Article","@id":"https:\/\/stourm.news\/?p=3434#article","isPartOf":{"@id":"https:\/\/stourm.news\/?p=3434"},"author":{"name":"La r\u00e9daction","@id":"https:\/\/stourm.news\/#\/schema\/person\/c3e1dc65988632e190969234ef046cf9"},"headline":"Hazho\u00f9-Bazeleg (H\u00e9d\u00e9-Bazouges) : l\u2019ancien pirate somalien qui avait particip\u00e9 \u00e0 la prise d\u2019otages du Tanit qui avait fait une victime bretonne en 2009 obtient sa r\u00e9gularisation","datePublished":"2025-02-15T08:09:37+00:00","dateModified":"2025-02-15T08:12:35+00:00","mainEntityOfPage":{"@id":"https:\/\/stourm.news\/?p=3434"},"wordCount":177,"commentCount":0,"publisher":{"@id":"https:\/\/stourm.news\/#organization"},"image":{"@id":"https:\/\/stourm.news\/?p=3434#primaryimage"},"thumbnailUrl":"https:\/\/stourm.news\/wp-content\/uploads\/2025\/02\/Capture-decran-2025-02-15-a-17.03.06.png","articleSection":["Homicide","Ille-et-Vilaine","Immigration","Principale"],"inLanguage":"fr-FR","potentialAction":[{"@type":"CommentAction","name":"Comment","target":["https:\/\/stourm.news\/?p=3434#respond"]}]},{"@type":"WebPage","@id":"https:\/\/stourm.news\/?p=3434","url":"https:\/\/stourm.news\/?p=3434","name":"Hazho\u00f9-Bazeleg (H\u00e9d\u00e9-Bazouges) : l\u2019ancien pirate somalien qui avait particip\u00e9 \u00e0 la prise d\u2019otages du Tanit qui avait fait une victime bretonne en 2009 obtient sa r\u00e9gularisation - STOURM","isPartOf":{"@id":"https:\/\/stourm.news\/#website"},"primaryImageOfPage":{"@id":"https:\/\/stourm.news\/?p=3434#primaryimage"},"image":{"@id":"https:\/\/stourm.news\/?p=3434#primaryimage"},"thumbnailUrl":"https:\/\/stourm.news\/wp-content\/uploads\/2025\/02\/Capture-decran-2025-02-15-a-17.03.06.png","datePublished":"2025-02-15T08:09:37+00:00","dateModified":"2025-02-15T08:12:35+00:00","breadcrumb":{"@id":"https:\/\/stourm.news\/?p=3434#breadcrumb"},"inLanguage":"fr-FR","potentialAction":[{"@type":"ReadAction","target":["https:\/\/stourm.news\/?p=3434"]}]},{"@type":"ImageObject","inLanguage":"fr-FR","@id":"https:\/\/stourm.news\/?p=3434#primaryimage","url":"https:\/\/stourm.news\/wp-content\/uploads\/2025\/02\/Capture-decran-2025-02-15-a-17.03.06.png","contentUrl":"https:\/\/stourm.news\/wp-content\/uploads\/2025\/02\/Capture-decran-2025-02-15-a-17.03.06.png","width":796,"height":476},{"@type":"BreadcrumbList","@id":"https:\/\/stourm.news\/?p=3434#breadcrumb","itemListElement":[{"@type":"ListItem","position":1,"name":"Accueil","item":"https:\/\/stourm.news\/"},{"@type":"ListItem","position":2,"name":"Hazho\u00f9-Bazeleg (H\u00e9d\u00e9-Bazouges) : l\u2019ancien pirate somalien qui avait particip\u00e9 \u00e0 la prise d\u2019otages du Tanit qui avait fait une victime bretonne en 2009 obtient sa r\u00e9gularisation"}]},{"@type":"WebSite","@id":"https:\/\/stourm.news\/#website","url":"https:\/\/stourm.news\/","name":"Stourm","description":"Kazetenn Strollad Broadel Breizh","publisher":{"@id":"https:\/\/stourm.news\/#organization"},"potentialAction":[{"@type":"SearchAction","target":{"@type":"EntryPoint","urlTemplate":"https:\/\/stourm.news\/?s={search_term_string}"},"query-input":{"@type":"PropertyValueSpecification","valueRequired":true,"valueName":"search_term_string"}}],"inLanguage":"fr-FR"},{"@type":"Organization","@id":"https:\/\/stourm.news\/#organization","name":"Stourm","url":"https:\/\/stourm.news\/","logo":{"@type":"ImageObject","inLanguage":"fr-FR","@id":"https:\/\/stourm.news\/#\/schema\/logo\/image\/","url":"https:\/\/stourm.news\/wp-content\/uploads\/2025\/11\/cropped-Capture-decran-2025-11-28-a-15.19.07.png","contentUrl":"https:\/\/stourm.news\/wp-content\/uploads\/2025\/11\/cropped-Capture-decran-2025-11-28-a-15.19.07.png","width":1855,"height":383,"caption":"Stourm"},"image":{"@id":"https:\/\/stourm.news\/#\/schema\/logo\/image\/"},"sameAs":["https:\/\/www.facebook.com\/stourmnews\/"]},{"@type":"Person","@id":"https:\/\/stourm.news\/#\/schema\/person\/c3e1dc65988632e190969234ef046cf9","name":"La r\u00e9daction","image":{"@type":"ImageObject","inLanguage":"fr-FR","@id":"https:\/\/stourm.news\/#\/schema\/person\/image\/","url":"https:\/\/secure.gravatar.com\/avatar\/7463443f194b6b5fb706b074ca0ef59a0cfcfd720cb47764b0ec5a952ce422b3?s=96&d=mm&r=g","contentUrl":"https:\/\/secure.gravatar.com\/avatar\/7463443f194b6b5fb706b074ca0ef59a0cfcfd720cb47764b0ec5a952ce422b3?s=96&d=mm&r=g","caption":"La r\u00e9daction"},"sameAs":["https:\/\/stourm.news"],"url":"https:\/\/stourm.news\/?author=1"}]}},"_links":{"self":[{"href":"https:\/\/stourm.news\/index.php?rest_route=\/wp\/v2\/posts\/3434","targetHints":{"allow":["GET"]}}],"collection":[{"href":"https:\/\/stourm.news\/index.php?rest_route=\/wp\/v2\/posts"}],"about":[{"href":"https:\/\/stourm.news\/index.php?rest_route=\/wp\/v2\/types\/post"}],"author":[{"embeddable":true,"href":"https:\/\/stourm.news\/index.php?rest_route=\/wp\/v2\/users\/1"}],"replies":[{"embeddable":true,"href":"https:\/\/stourm.news\/index.php?rest_route=%2Fwp%2Fv2%2Fcomments&post=3434"}],"version-history":[{"count":3,"href":"https:\/\/stourm.news\/index.php?rest_route=\/wp\/v2\/posts\/3434\/revisions"}],"predecessor-version":[{"id":3439,"href":"https:\/\/stourm.news\/index.php?rest_route=\/wp\/v2\/posts\/3434\/revisions\/3439"}],"wp:featuredmedia":[{"embeddable":true,"href":"https:\/\/stourm.news\/index.php?rest_route=\/wp\/v2\/media\/3435"}],"wp:attachment":[{"href":"https:\/\/stourm.news\/index.php?rest_route=%2Fwp%2Fv2%2Fmedia&parent=3434"}],"wp:term":[{"taxonomy":"category","embeddable":true,"href":"https:\/\/stourm.news\/index.php?rest_route=%2Fwp%2Fv2%2Fcategories&post=3434"},{"taxonomy":"post_tag","embeddable":true,"href":"https:\/\/stourm.news\/index.php?rest_route=%2Fwp%2Fv2%2Ftags&post=3434"}],"curies":[{"name":"wp","href":"https:\/\/api.w.org\/{rel}","templated":true}]}}