{"id":3440,"date":"2025-02-15T10:09:57","date_gmt":"2025-02-15T10:09:57","guid":{"rendered":"https:\/\/stourm.news\/?p=3440"},"modified":"2025-02-15T11:41:26","modified_gmt":"2025-02-15T11:41:26","slug":"15-fevrier-1489-anne-est-couronnee-duchesse-de-bretagne","status":"publish","type":"post","link":"https:\/\/stourm.news\/?p=3440","title":{"rendered":"15 f\u00e9vrier 1489 : Anne est proclam\u00e9e souveraine de Bretagne"},"content":{"rendered":"<p style=\"text-align: justify;\">La Bretagne, sous la direction du duc Fran\u00e7ois II, \u00e9tait en lutte constante pour maintenir son ind\u00e9pendance face \u00e0 l&rsquo;app\u00e9tit expansionniste du royaume de France. Apr\u00e8s la d\u00e9faite des forces bretonnes \u00e0 la bataille de Saint-Aubin-du-Cormier le 28 juillet 1488, la situation de la Bretagne devenait critique, avec le jeune duc Fran\u00e7ois II mourant peu apr\u00e8s, laissant le duch\u00e9 en proie \u00e0 l&rsquo;incertitude.<\/p>\n<p style=\"text-align: justify;\">\u00c0 la mort de Fran\u00e7ois II, le 9 septembre 1488, quelques jours seulement apr\u00e8s sa d\u00e9faite, s\u2019ouvre une nouvelle p\u00e9riode de crise qui m\u00e8ne \u00e0 une derni\u00e8re guerre franco-bretonne \u2013 le duc, sur son lit de mort, ayant fait promettre \u00e0 sa fille de ne jamais consentir \u00e0 l&rsquo;assujettissement \u00e0 son voisin le royaume de France, et au roi son ennemi. Avant de mourir, Fran\u00e7ois II a nomm\u00e9 le mar\u00e9chal de Rieux tuteur de sa fille, avec pour mission de la marier.<\/p>\n<p style=\"text-align: justify;\">Le roi de France r\u00e9clame la tutelle d&rsquo;Anne et d&rsquo;Isabeau, qui lui est refus\u00e9e par Jean de Rieux, si bien que Charles VIII entre officiellement en guerre contre le duch\u00e9 de Bretagne le 7 janvier 1489. Le 7 f\u00e9vrier 1489, Anne est attendue par la population rennaise, elle va alors habiter sur la rive droite de la Vilaine, face au manoir de la Salle verte. Le soir du 9 f\u00e9vrier, en costume de grande duchesse, \u00e0 la lueur des flambeaux, elle se rend jusqu\u2019aux portes Mordelaises o\u00f9 le pont-levis est lev\u00e9. Anne est alors seule face \u00e0 la fosse et prononce le serment des ducs : <strong>\u00ab Maintenir les privil\u00e8ges, libert\u00e9s et immunit\u00e9s de l\u2019\u00e9glise, de la noblesse et du peuple de Bretagne \u00bb<\/strong>. S\u2019ensuit une immense clameur de la foule, suivie du bruit des cha\u00eenes qui retenaient jusqu\u2019\u00e0 pr\u00e9sent le pont-levis, alors en train de descendre. Anne d\u2019un pas ferme monte vers la cath\u00e9drale Saint-Pierre qui se trouve en face d\u2019elle. Comme le veut la tradition, le nouveau duc ou la nouvelle duchesse doit y passer la derni\u00e8re nuit avant son couronnement en pri\u00e8re.<\/p>\n<p style=\"text-align: justify;\">Mardi 10 f\u00e9vrier 1489, c\u2019est le grand jour, les cloches sonnent \u00e0 toute vol\u00e9e, la foule est l\u00e0 pour l\u2019acclamer. Anne entre dans la cath\u00e9drale o\u00f9 bient\u00f4t elle pr\u00eate serment. A 12 ans et 16 jours, Anne devient Duchesse de Bretagne, \u00ab souveraine de la terre et de la mer, ma\u00eetresse du sol et des gens, sur l\u2019\u00e9tendue du Duch\u00e9 aux neuf \u00e9v\u00each\u00e9s \u00bb. Le parti breton s&#8217;empresse alors, <strong>le 15 f\u00e9vrier 1489<\/strong>, de proclamer Anne duchesse souveraine l\u00e9gitime de Bretagne. Le 4 janvier 1490, la duchesse publie que seront reconnus coupables du crime de l\u00e8se-majest\u00e9 ceux de ses sujets qui la trahiraient et qui rallieraient le camp du roi de France.<\/p>\n<p style=\"text-align: justify;\">Le 15 f\u00e9vrier 1489, Anne est officiellement reconnue comme Duchesse de Bretagne. Cependant, sa jeunesse et son sexe dans un monde domin\u00e9 par les hommes rendaient sa position particuli\u00e8rement fragile. Le parti national oeuvre \u00e0 la cr\u00e9ation d&rsquo;un large front contre les tentatives d&rsquo;annexion fran\u00e7aises. Cette grande manoeuvre diplomatique aboutit \u00e0 l&rsquo;alliance britto-autrichienne qui est scell\u00e9e dans la cath\u00e9drale de Rennes le 19 d\u00e9cembre 1490. Anne \u00e9pouse en premi\u00e8res noces et par procuration le roi des Romains, Maximilien Ier, veuf de Marie de Bourgogne, h\u00e9ritier de la couronne imp\u00e9riale. Ce faisant, elle devient reine, conform\u00e9ment \u00e0 la politique de son p\u00e8re.<\/p>\n<p style=\"text-align: right;\"><strong>Ewen Broc&rsquo;han<\/strong><\/p>\n","protected":false},"excerpt":{"rendered":"<p>La Bretagne, sous la direction du duc Fran\u00e7ois II, \u00e9tait en lutte constante pour maintenir son ind\u00e9pendance face \u00e0 l&rsquo;app\u00e9tit expansionniste du royaume de France. Apr\u00e8s la d\u00e9faite des forces bretonnes \u00e0 la bataille de Saint-Aubin-du-Cormier le 28 juillet 1488, la situation de la Bretagne devenait critique, avec le jeune duc Fran\u00e7ois II mourant peu [&hellip;]<\/p>\n","protected":false},"author":1,"featured_media":3441,"comment_status":"open","ping_status":"open","sticky":false,"template":"","format":"standard","meta":{"sb_editor_width":"","footnotes":""},"categories":[50,65],"tags":[],"class_list":["post-3440","post","type-post","status-publish","format-standard","has-post-thumbnail","hentry","category-histoire-de-bretagne","category-principale"],"relative_dates":{"created":"1 an ago","modified":"1 an ago"},"yoast_head":"<!-- This site is optimized with the Yoast SEO plugin v26.3 - https:\/\/yoast.com\/wordpress\/plugins\/seo\/ -->\n<title>15 f\u00e9vrier 1489 : Anne est proclam\u00e9e souveraine de Bretagne - STOURM<\/title>\n<meta name=\"robots\" content=\"index, follow, max-snippet:-1, max-image-preview:large, max-video-preview:-1\" \/>\n<link rel=\"canonical\" href=\"https:\/\/stourm.news\/?p=3440\" \/>\n<meta property=\"og:locale\" content=\"fr_FR\" \/>\n<meta property=\"og:type\" content=\"article\" \/>\n<meta property=\"og:title\" content=\"15 f\u00e9vrier 1489 : Anne est proclam\u00e9e souveraine de Bretagne - STOURM\" \/>\n<meta property=\"og:description\" content=\"La Bretagne, sous la direction du duc Fran\u00e7ois II, \u00e9tait en lutte constante pour maintenir son ind\u00e9pendance face \u00e0 l&rsquo;app\u00e9tit expansionniste du royaume de France. Apr\u00e8s la d\u00e9faite des forces bretonnes \u00e0 la bataille de Saint-Aubin-du-Cormier le 28 juillet 1488, la situation de la Bretagne devenait critique, avec le jeune duc Fran\u00e7ois II mourant peu [&hellip;]\" \/>\n<meta property=\"og:url\" content=\"https:\/\/stourm.news\/?p=3440\" \/>\n<meta property=\"og:site_name\" content=\"STOURM\" \/>\n<meta property=\"article:publisher\" content=\"https:\/\/www.facebook.com\/stourmnews\/\" \/>\n<meta property=\"article:published_time\" content=\"2025-02-15T10:09:57+00:00\" \/>\n<meta property=\"article:modified_time\" content=\"2025-02-15T11:41:26+00:00\" \/>\n<meta property=\"og:image\" content=\"https:\/\/stourm.news\/wp-content\/uploads\/2025\/02\/Anne_de_bretagne-801x1024.jpg\" \/>\n\t<meta property=\"og:image:width\" content=\"801\" \/>\n\t<meta property=\"og:image:height\" content=\"1024\" \/>\n\t<meta property=\"og:image:type\" content=\"image\/jpeg\" \/>\n<meta name=\"author\" content=\"La r\u00e9daction\" \/>\n<meta name=\"twitter:card\" content=\"summary_large_image\" \/>\n<meta name=\"twitter:label1\" content=\"\u00c9crit par\" \/>\n\t<meta name=\"twitter:data1\" content=\"La r\u00e9daction\" \/>\n\t<meta name=\"twitter:label2\" content=\"Dur\u00e9e de lecture estim\u00e9e\" \/>\n\t<meta name=\"twitter:data2\" content=\"3 minutes\" \/>\n<script type=\"application\/ld+json\" class=\"yoast-schema-graph\">{\"@context\":\"https:\/\/schema.org\",\"@graph\":[{\"@type\":\"Article\",\"@id\":\"https:\/\/stourm.news\/?p=3440#article\",\"isPartOf\":{\"@id\":\"https:\/\/stourm.news\/?p=3440\"},\"author\":{\"name\":\"La r\u00e9daction\",\"@id\":\"https:\/\/stourm.news\/#\/schema\/person\/c3e1dc65988632e190969234ef046cf9\"},\"headline\":\"15 f\u00e9vrier 1489 : Anne est proclam\u00e9e souveraine de Bretagne\",\"datePublished\":\"2025-02-15T10:09:57+00:00\",\"dateModified\":\"2025-02-15T11:41:26+00:00\",\"mainEntityOfPage\":{\"@id\":\"https:\/\/stourm.news\/?p=3440\"},\"wordCount\":582,\"commentCount\":0,\"publisher\":{\"@id\":\"https:\/\/stourm.news\/#organization\"},\"image\":{\"@id\":\"https:\/\/stourm.news\/?p=3440#primaryimage\"},\"thumbnailUrl\":\"https:\/\/stourm.news\/wp-content\/uploads\/2025\/02\/Anne_de_bretagne.jpg\",\"articleSection\":[\"Histoire de Bretagne\",\"Principale\"],\"inLanguage\":\"fr-FR\",\"potentialAction\":[{\"@type\":\"CommentAction\",\"name\":\"Comment\",\"target\":[\"https:\/\/stourm.news\/?p=3440#respond\"]}]},{\"@type\":\"WebPage\",\"@id\":\"https:\/\/stourm.news\/?p=3440\",\"url\":\"https:\/\/stourm.news\/?p=3440\",\"name\":\"15 f\u00e9vrier 1489 : Anne est proclam\u00e9e souveraine de Bretagne - STOURM\",\"isPartOf\":{\"@id\":\"https:\/\/stourm.news\/#website\"},\"primaryImageOfPage\":{\"@id\":\"https:\/\/stourm.news\/?p=3440#primaryimage\"},\"image\":{\"@id\":\"https:\/\/stourm.news\/?p=3440#primaryimage\"},\"thumbnailUrl\":\"https:\/\/stourm.news\/wp-content\/uploads\/2025\/02\/Anne_de_bretagne.jpg\",\"datePublished\":\"2025-02-15T10:09:57+00:00\",\"dateModified\":\"2025-02-15T11:41:26+00:00\",\"breadcrumb\":{\"@id\":\"https:\/\/stourm.news\/?p=3440#breadcrumb\"},\"inLanguage\":\"fr-FR\",\"potentialAction\":[{\"@type\":\"ReadAction\",\"target\":[\"https:\/\/stourm.news\/?p=3440\"]}]},{\"@type\":\"ImageObject\",\"inLanguage\":\"fr-FR\",\"@id\":\"https:\/\/stourm.news\/?p=3440#primaryimage\",\"url\":\"https:\/\/stourm.news\/wp-content\/uploads\/2025\/02\/Anne_de_bretagne.jpg\",\"contentUrl\":\"https:\/\/stourm.news\/wp-content\/uploads\/2025\/02\/Anne_de_bretagne.jpg\",\"width\":1000,\"height\":1279},{\"@type\":\"BreadcrumbList\",\"@id\":\"https:\/\/stourm.news\/?p=3440#breadcrumb\",\"itemListElement\":[{\"@type\":\"ListItem\",\"position\":1,\"name\":\"Accueil\",\"item\":\"https:\/\/stourm.news\/\"},{\"@type\":\"ListItem\",\"position\":2,\"name\":\"15 f\u00e9vrier 1489 : Anne est proclam\u00e9e souveraine de Bretagne\"}]},{\"@type\":\"WebSite\",\"@id\":\"https:\/\/stourm.news\/#website\",\"url\":\"https:\/\/stourm.news\/\",\"name\":\"Stourm\",\"description\":\"Kazetenn Strollad Broadel Breizh\",\"publisher\":{\"@id\":\"https:\/\/stourm.news\/#organization\"},\"potentialAction\":[{\"@type\":\"SearchAction\",\"target\":{\"@type\":\"EntryPoint\",\"urlTemplate\":\"https:\/\/stourm.news\/?s={search_term_string}\"},\"query-input\":{\"@type\":\"PropertyValueSpecification\",\"valueRequired\":true,\"valueName\":\"search_term_string\"}}],\"inLanguage\":\"fr-FR\"},{\"@type\":\"Organization\",\"@id\":\"https:\/\/stourm.news\/#organization\",\"name\":\"Stourm\",\"url\":\"https:\/\/stourm.news\/\",\"logo\":{\"@type\":\"ImageObject\",\"inLanguage\":\"fr-FR\",\"@id\":\"https:\/\/stourm.news\/#\/schema\/logo\/image\/\",\"url\":\"https:\/\/stourm.news\/wp-content\/uploads\/2025\/11\/cropped-Capture-decran-2025-11-28-a-15.19.07.png\",\"contentUrl\":\"https:\/\/stourm.news\/wp-content\/uploads\/2025\/11\/cropped-Capture-decran-2025-11-28-a-15.19.07.png\",\"width\":1855,\"height\":383,\"caption\":\"Stourm\"},\"image\":{\"@id\":\"https:\/\/stourm.news\/#\/schema\/logo\/image\/\"},\"sameAs\":[\"https:\/\/www.facebook.com\/stourmnews\/\"]},{\"@type\":\"Person\",\"@id\":\"https:\/\/stourm.news\/#\/schema\/person\/c3e1dc65988632e190969234ef046cf9\",\"name\":\"La r\u00e9daction\",\"image\":{\"@type\":\"ImageObject\",\"inLanguage\":\"fr-FR\",\"@id\":\"https:\/\/stourm.news\/#\/schema\/person\/image\/\",\"url\":\"https:\/\/secure.gravatar.com\/avatar\/7463443f194b6b5fb706b074ca0ef59a0cfcfd720cb47764b0ec5a952ce422b3?s=96&d=mm&r=g\",\"contentUrl\":\"https:\/\/secure.gravatar.com\/avatar\/7463443f194b6b5fb706b074ca0ef59a0cfcfd720cb47764b0ec5a952ce422b3?s=96&d=mm&r=g\",\"caption\":\"La r\u00e9daction\"},\"sameAs\":[\"https:\/\/stourm.news\"],\"url\":\"https:\/\/stourm.news\/?author=1\"}]}<\/script>\n<!-- \/ Yoast SEO plugin. -->","yoast_head_json":{"title":"15 f\u00e9vrier 1489 : Anne est proclam\u00e9e souveraine de Bretagne - STOURM","robots":{"index":"index","follow":"follow","max-snippet":"max-snippet:-1","max-image-preview":"max-image-preview:large","max-video-preview":"max-video-preview:-1"},"canonical":"https:\/\/stourm.news\/?p=3440","og_locale":"fr_FR","og_type":"article","og_title":"15 f\u00e9vrier 1489 : Anne est proclam\u00e9e souveraine de Bretagne - STOURM","og_description":"La Bretagne, sous la direction du duc Fran\u00e7ois II, \u00e9tait en lutte constante pour maintenir son ind\u00e9pendance face \u00e0 l&rsquo;app\u00e9tit expansionniste du royaume de France. Apr\u00e8s la d\u00e9faite des forces bretonnes \u00e0 la bataille de Saint-Aubin-du-Cormier le 28 juillet 1488, la situation de la Bretagne devenait critique, avec le jeune duc Fran\u00e7ois II mourant peu [&hellip;]","og_url":"https:\/\/stourm.news\/?p=3440","og_site_name":"STOURM","article_publisher":"https:\/\/www.facebook.com\/stourmnews\/","article_published_time":"2025-02-15T10:09:57+00:00","article_modified_time":"2025-02-15T11:41:26+00:00","og_image":[{"width":801,"height":1024,"url":"https:\/\/stourm.news\/wp-content\/uploads\/2025\/02\/Anne_de_bretagne-801x1024.jpg","type":"image\/jpeg"}],"author":"La r\u00e9daction","twitter_card":"summary_large_image","twitter_misc":{"\u00c9crit par":"La r\u00e9daction","Dur\u00e9e de lecture estim\u00e9e":"3 minutes"},"schema":{"@context":"https:\/\/schema.org","@graph":[{"@type":"Article","@id":"https:\/\/stourm.news\/?p=3440#article","isPartOf":{"@id":"https:\/\/stourm.news\/?p=3440"},"author":{"name":"La r\u00e9daction","@id":"https:\/\/stourm.news\/#\/schema\/person\/c3e1dc65988632e190969234ef046cf9"},"headline":"15 f\u00e9vrier 1489 : Anne est proclam\u00e9e souveraine de Bretagne","datePublished":"2025-02-15T10:09:57+00:00","dateModified":"2025-02-15T11:41:26+00:00","mainEntityOfPage":{"@id":"https:\/\/stourm.news\/?p=3440"},"wordCount":582,"commentCount":0,"publisher":{"@id":"https:\/\/stourm.news\/#organization"},"image":{"@id":"https:\/\/stourm.news\/?p=3440#primaryimage"},"thumbnailUrl":"https:\/\/stourm.news\/wp-content\/uploads\/2025\/02\/Anne_de_bretagne.jpg","articleSection":["Histoire de Bretagne","Principale"],"inLanguage":"fr-FR","potentialAction":[{"@type":"CommentAction","name":"Comment","target":["https:\/\/stourm.news\/?p=3440#respond"]}]},{"@type":"WebPage","@id":"https:\/\/stourm.news\/?p=3440","url":"https:\/\/stourm.news\/?p=3440","name":"15 f\u00e9vrier 1489 : Anne est proclam\u00e9e souveraine de Bretagne - STOURM","isPartOf":{"@id":"https:\/\/stourm.news\/#website"},"primaryImageOfPage":{"@id":"https:\/\/stourm.news\/?p=3440#primaryimage"},"image":{"@id":"https:\/\/stourm.news\/?p=3440#primaryimage"},"thumbnailUrl":"https:\/\/stourm.news\/wp-content\/uploads\/2025\/02\/Anne_de_bretagne.jpg","datePublished":"2025-02-15T10:09:57+00:00","dateModified":"2025-02-15T11:41:26+00:00","breadcrumb":{"@id":"https:\/\/stourm.news\/?p=3440#breadcrumb"},"inLanguage":"fr-FR","potentialAction":[{"@type":"ReadAction","target":["https:\/\/stourm.news\/?p=3440"]}]},{"@type":"ImageObject","inLanguage":"fr-FR","@id":"https:\/\/stourm.news\/?p=3440#primaryimage","url":"https:\/\/stourm.news\/wp-content\/uploads\/2025\/02\/Anne_de_bretagne.jpg","contentUrl":"https:\/\/stourm.news\/wp-content\/uploads\/2025\/02\/Anne_de_bretagne.jpg","width":1000,"height":1279},{"@type":"BreadcrumbList","@id":"https:\/\/stourm.news\/?p=3440#breadcrumb","itemListElement":[{"@type":"ListItem","position":1,"name":"Accueil","item":"https:\/\/stourm.news\/"},{"@type":"ListItem","position":2,"name":"15 f\u00e9vrier 1489 : Anne est proclam\u00e9e souveraine de Bretagne"}]},{"@type":"WebSite","@id":"https:\/\/stourm.news\/#website","url":"https:\/\/stourm.news\/","name":"Stourm","description":"Kazetenn Strollad Broadel Breizh","publisher":{"@id":"https:\/\/stourm.news\/#organization"},"potentialAction":[{"@type":"SearchAction","target":{"@type":"EntryPoint","urlTemplate":"https:\/\/stourm.news\/?s={search_term_string}"},"query-input":{"@type":"PropertyValueSpecification","valueRequired":true,"valueName":"search_term_string"}}],"inLanguage":"fr-FR"},{"@type":"Organization","@id":"https:\/\/stourm.news\/#organization","name":"Stourm","url":"https:\/\/stourm.news\/","logo":{"@type":"ImageObject","inLanguage":"fr-FR","@id":"https:\/\/stourm.news\/#\/schema\/logo\/image\/","url":"https:\/\/stourm.news\/wp-content\/uploads\/2025\/11\/cropped-Capture-decran-2025-11-28-a-15.19.07.png","contentUrl":"https:\/\/stourm.news\/wp-content\/uploads\/2025\/11\/cropped-Capture-decran-2025-11-28-a-15.19.07.png","width":1855,"height":383,"caption":"Stourm"},"image":{"@id":"https:\/\/stourm.news\/#\/schema\/logo\/image\/"},"sameAs":["https:\/\/www.facebook.com\/stourmnews\/"]},{"@type":"Person","@id":"https:\/\/stourm.news\/#\/schema\/person\/c3e1dc65988632e190969234ef046cf9","name":"La r\u00e9daction","image":{"@type":"ImageObject","inLanguage":"fr-FR","@id":"https:\/\/stourm.news\/#\/schema\/person\/image\/","url":"https:\/\/secure.gravatar.com\/avatar\/7463443f194b6b5fb706b074ca0ef59a0cfcfd720cb47764b0ec5a952ce422b3?s=96&d=mm&r=g","contentUrl":"https:\/\/secure.gravatar.com\/avatar\/7463443f194b6b5fb706b074ca0ef59a0cfcfd720cb47764b0ec5a952ce422b3?s=96&d=mm&r=g","caption":"La r\u00e9daction"},"sameAs":["https:\/\/stourm.news"],"url":"https:\/\/stourm.news\/?author=1"}]}},"_links":{"self":[{"href":"https:\/\/stourm.news\/index.php?rest_route=\/wp\/v2\/posts\/3440","targetHints":{"allow":["GET"]}}],"collection":[{"href":"https:\/\/stourm.news\/index.php?rest_route=\/wp\/v2\/posts"}],"about":[{"href":"https:\/\/stourm.news\/index.php?rest_route=\/wp\/v2\/types\/post"}],"author":[{"embeddable":true,"href":"https:\/\/stourm.news\/index.php?rest_route=\/wp\/v2\/users\/1"}],"replies":[{"embeddable":true,"href":"https:\/\/stourm.news\/index.php?rest_route=%2Fwp%2Fv2%2Fcomments&post=3440"}],"version-history":[{"count":3,"href":"https:\/\/stourm.news\/index.php?rest_route=\/wp\/v2\/posts\/3440\/revisions"}],"predecessor-version":[{"id":3445,"href":"https:\/\/stourm.news\/index.php?rest_route=\/wp\/v2\/posts\/3440\/revisions\/3445"}],"wp:featuredmedia":[{"embeddable":true,"href":"https:\/\/stourm.news\/index.php?rest_route=\/wp\/v2\/media\/3441"}],"wp:attachment":[{"href":"https:\/\/stourm.news\/index.php?rest_route=%2Fwp%2Fv2%2Fmedia&parent=3440"}],"wp:term":[{"taxonomy":"category","embeddable":true,"href":"https:\/\/stourm.news\/index.php?rest_route=%2Fwp%2Fv2%2Fcategories&post=3440"},{"taxonomy":"post_tag","embeddable":true,"href":"https:\/\/stourm.news\/index.php?rest_route=%2Fwp%2Fv2%2Ftags&post=3440"}],"curies":[{"name":"wp","href":"https:\/\/api.w.org\/{rel}","templated":true}]}}