{"id":3446,"date":"2025-02-18T15:54:55","date_gmt":"2025-02-18T15:54:55","guid":{"rendered":"https:\/\/stourm.news\/?p=3446"},"modified":"2025-02-18T15:54:55","modified_gmt":"2025-02-18T15:54:55","slug":"18-fevrier-1910-naissance-du-militant-armand-keravel-activiste-de-la-langue-bretonne","status":"publish","type":"post","link":"https:\/\/stourm.news\/?p=3446","title":{"rendered":"18 f\u00e9vrier 1910 : naissance du militant Armand Keravel, activiste de la langue bretonne"},"content":{"rendered":"<p style=\"text-align: justify;\"><strong>EMSAV &#8211;<\/strong> Ses parents sont originaires d&rsquo;Argol et de Telgruc. \u00c9l\u00e8ve de l&rsquo;\u00c9cole normale de Quimper, il fut nomm\u00e9 instituteur public successivement \u00e0 Saint-Thois, Mo\u00eblan-sur-Mer, Dirinon, Kerlouan et Brest, il propose \u00e0 ses \u00e9l\u00e8ves <strong>des cours de breton<\/strong> en dehors des heures normales d&rsquo;enseignement.<\/p>\n<p style=\"text-align: justify;\">Il participe en janvier 1933 \u00e0 la fondation du<strong> mouvement Ar Falz<\/strong> avec Yann Sohier et Yann Kerlann. Proche de Marcel Cachin, il \u00e9crit des chroniques en breton pour le journal communiste La Terre destin\u00e9 aux paysans. \u00c0 la lib\u00e9ration, il participe activement en 1945, \u00e0 la relance du mouvement Ar Falz, dont il assure pendant longtemps le secr\u00e9tariat. Il ouvre en 1946 \u00e0 Audierne la premi\u00e8re \u00e9cole bretonne d&rsquo;\u00e9t\u00e9. Il participe, dans le cadre d&rsquo;Ar Falz, \u00e0 la cr\u00e9ation des \u00e9ditions <strong>Skol Vreizh<\/strong> (l&rsquo;\u00c9cole bretonne) pour la production de documents p\u00e9dagogiques et de manuels scolaires.Toujours avec Ar Falz il milite <strong>pour l&rsquo;enseignement du breton<\/strong> qui est consid\u00e9r\u00e9 par l&rsquo;administration fran\u00e7aise comme la \u00ab langues des ploucs et des poules \u00bb. Armand K\u00e9ravel s&rsquo;impliquera beaucoup dans la campagne <strong>\u00ab Ar brezoneg er skol \u00bb (\u00ab le breton \u00e0 l&rsquo;\u00e9cole \u00bb)<\/strong> qui fut soutenue par un tr\u00e8s grand nombre de communes bretonnes. Il sera aussi tr\u00e8s actif dans bien d&rsquo;autres initiatives (telles la grande p\u00e9tition populaire d&rsquo;Emgleo Breiz qui rassemble plusieurs centaines de milliers de signatures en 1967). Cette initiative ne rencontra que le m\u00e9pris et l&rsquo;indiff\u00e9rence de la part des pouvoirs publics fran\u00e7ais.<\/p>\n<p style=\"text-align: justify;\">Il est l&rsquo;animateur de la Fondation culturelle bretonne &#8211; Emgleo Breiz cr\u00e9\u00e9e en 1953, diffusant des communiqu\u00e9s et dossiers aupr\u00e8s des \u00e9lus et de la presse, sur la situation de la langue bretonne et de son enseignement. Il s&rsquo;occupe de la commission culturelle du CELIB, et se trouve \u00e0 l&rsquo;origine de plusieurs propositions de loi d\u00e9pos\u00e9es par des parlementaires de gauche en faveur de l&rsquo;enseignement du breton sous la IVe et la Ve R\u00e9publique. Il est aussi membre du mouvement \u00ab D\u00e9fense et Cultures et Langues de France \u00bb ainsi que du Mouvement la\u00efque des cultures populaires et de l&rsquo;Association internationale pour la d\u00e9fense des langues et des cultures minoritaires. Il lance l&rsquo;id\u00e9e d&rsquo;une association internationale de d\u00e9fense de la langue bretonne. Elle allait concr\u00e9tiser en 1975 par la cr\u00e9ation, \u00e0 Bruxelles, du Comit\u00e9 International pour la Sauvegarde de la Langue Bretonne.<\/p>\n<p style=\"text-align: right;\"><strong>Olwen Kerdrel<\/strong><\/p>\n","protected":false},"excerpt":{"rendered":"<p>EMSAV &#8211; Ses parents sont originaires d&rsquo;Argol et de Telgruc. \u00c9l\u00e8ve de l&rsquo;\u00c9cole normale de Quimper, il fut nomm\u00e9 instituteur public successivement \u00e0 Saint-Thois, Mo\u00eblan-sur-Mer, Dirinon, Kerlouan et Brest, il propose \u00e0 ses \u00e9l\u00e8ves des cours de breton en dehors des heures normales d&rsquo;enseignement. Il participe en janvier 1933 \u00e0 la fondation du mouvement Ar [&hellip;]<\/p>\n","protected":false},"author":1,"featured_media":3447,"comment_status":"open","ping_status":"open","sticky":false,"template":"","format":"standard","meta":{"sb_editor_width":"","footnotes":""},"categories":[74,65],"tags":[],"class_list":["post-3446","post","type-post","status-publish","format-standard","has-post-thumbnail","hentry","category-emsav","category-principale"],"relative_dates":{"created":"1 an ago","modified":"1 an ago"},"yoast_head":"<!-- This site is optimized with the Yoast SEO plugin v26.3 - https:\/\/yoast.com\/wordpress\/plugins\/seo\/ -->\n<title>18 f\u00e9vrier 1910 : naissance du militant Armand Keravel, activiste de la langue bretonne - STOURM<\/title>\n<meta name=\"robots\" content=\"index, follow, max-snippet:-1, max-image-preview:large, max-video-preview:-1\" \/>\n<link rel=\"canonical\" href=\"https:\/\/stourm.news\/?p=3446\" \/>\n<meta property=\"og:locale\" content=\"fr_FR\" \/>\n<meta property=\"og:type\" content=\"article\" \/>\n<meta property=\"og:title\" content=\"18 f\u00e9vrier 1910 : naissance du militant Armand Keravel, activiste de la langue bretonne - STOURM\" \/>\n<meta property=\"og:description\" content=\"EMSAV &#8211; Ses parents sont originaires d&rsquo;Argol et de Telgruc. \u00c9l\u00e8ve de l&rsquo;\u00c9cole normale de Quimper, il fut nomm\u00e9 instituteur public successivement \u00e0 Saint-Thois, Mo\u00eblan-sur-Mer, Dirinon, Kerlouan et Brest, il propose \u00e0 ses \u00e9l\u00e8ves des cours de breton en dehors des heures normales d&rsquo;enseignement. Il participe en janvier 1933 \u00e0 la fondation du mouvement Ar [&hellip;]\" \/>\n<meta property=\"og:url\" content=\"https:\/\/stourm.news\/?p=3446\" \/>\n<meta property=\"og:site_name\" content=\"STOURM\" \/>\n<meta property=\"article:publisher\" content=\"https:\/\/www.facebook.com\/stourmnews\/\" \/>\n<meta property=\"article:published_time\" content=\"2025-02-18T15:54:55+00:00\" \/>\n<meta property=\"og:image\" content=\"https:\/\/stourm.news\/wp-content\/uploads\/2025\/02\/Capture-decran-2025-02-19-a-00.51.42.png\" \/>\n\t<meta property=\"og:image:width\" content=\"840\" \/>\n\t<meta property=\"og:image:height\" content=\"650\" \/>\n\t<meta property=\"og:image:type\" content=\"image\/png\" \/>\n<meta name=\"author\" content=\"La r\u00e9daction\" \/>\n<meta name=\"twitter:card\" content=\"summary_large_image\" \/>\n<meta name=\"twitter:label1\" content=\"\u00c9crit par\" \/>\n\t<meta name=\"twitter:data1\" content=\"La r\u00e9daction\" \/>\n\t<meta name=\"twitter:label2\" content=\"Dur\u00e9e de lecture estim\u00e9e\" \/>\n\t<meta name=\"twitter:data2\" content=\"2 minutes\" \/>\n<script type=\"application\/ld+json\" class=\"yoast-schema-graph\">{\"@context\":\"https:\/\/schema.org\",\"@graph\":[{\"@type\":\"Article\",\"@id\":\"https:\/\/stourm.news\/?p=3446#article\",\"isPartOf\":{\"@id\":\"https:\/\/stourm.news\/?p=3446\"},\"author\":{\"name\":\"La r\u00e9daction\",\"@id\":\"https:\/\/stourm.news\/#\/schema\/person\/c3e1dc65988632e190969234ef046cf9\"},\"headline\":\"18 f\u00e9vrier 1910 : naissance du militant Armand Keravel, activiste de la langue bretonne\",\"datePublished\":\"2025-02-18T15:54:55+00:00\",\"mainEntityOfPage\":{\"@id\":\"https:\/\/stourm.news\/?p=3446\"},\"wordCount\":420,\"commentCount\":0,\"publisher\":{\"@id\":\"https:\/\/stourm.news\/#organization\"},\"image\":{\"@id\":\"https:\/\/stourm.news\/?p=3446#primaryimage\"},\"thumbnailUrl\":\"https:\/\/stourm.news\/wp-content\/uploads\/2025\/02\/Capture-decran-2025-02-19-a-00.51.42.png\",\"articleSection\":[\"Emsav\",\"Principale\"],\"inLanguage\":\"fr-FR\",\"potentialAction\":[{\"@type\":\"CommentAction\",\"name\":\"Comment\",\"target\":[\"https:\/\/stourm.news\/?p=3446#respond\"]}]},{\"@type\":\"WebPage\",\"@id\":\"https:\/\/stourm.news\/?p=3446\",\"url\":\"https:\/\/stourm.news\/?p=3446\",\"name\":\"18 f\u00e9vrier 1910 : naissance du militant Armand Keravel, activiste de la langue bretonne - STOURM\",\"isPartOf\":{\"@id\":\"https:\/\/stourm.news\/#website\"},\"primaryImageOfPage\":{\"@id\":\"https:\/\/stourm.news\/?p=3446#primaryimage\"},\"image\":{\"@id\":\"https:\/\/stourm.news\/?p=3446#primaryimage\"},\"thumbnailUrl\":\"https:\/\/stourm.news\/wp-content\/uploads\/2025\/02\/Capture-decran-2025-02-19-a-00.51.42.png\",\"datePublished\":\"2025-02-18T15:54:55+00:00\",\"breadcrumb\":{\"@id\":\"https:\/\/stourm.news\/?p=3446#breadcrumb\"},\"inLanguage\":\"fr-FR\",\"potentialAction\":[{\"@type\":\"ReadAction\",\"target\":[\"https:\/\/stourm.news\/?p=3446\"]}]},{\"@type\":\"ImageObject\",\"inLanguage\":\"fr-FR\",\"@id\":\"https:\/\/stourm.news\/?p=3446#primaryimage\",\"url\":\"https:\/\/stourm.news\/wp-content\/uploads\/2025\/02\/Capture-decran-2025-02-19-a-00.51.42.png\",\"contentUrl\":\"https:\/\/stourm.news\/wp-content\/uploads\/2025\/02\/Capture-decran-2025-02-19-a-00.51.42.png\",\"width\":840,\"height\":650},{\"@type\":\"BreadcrumbList\",\"@id\":\"https:\/\/stourm.news\/?p=3446#breadcrumb\",\"itemListElement\":[{\"@type\":\"ListItem\",\"position\":1,\"name\":\"Accueil\",\"item\":\"https:\/\/stourm.news\/\"},{\"@type\":\"ListItem\",\"position\":2,\"name\":\"18 f\u00e9vrier 1910 : naissance du militant Armand Keravel, activiste de la langue bretonne\"}]},{\"@type\":\"WebSite\",\"@id\":\"https:\/\/stourm.news\/#website\",\"url\":\"https:\/\/stourm.news\/\",\"name\":\"Stourm\",\"description\":\"Kazetenn Strollad Broadel Breizh\",\"publisher\":{\"@id\":\"https:\/\/stourm.news\/#organization\"},\"potentialAction\":[{\"@type\":\"SearchAction\",\"target\":{\"@type\":\"EntryPoint\",\"urlTemplate\":\"https:\/\/stourm.news\/?s={search_term_string}\"},\"query-input\":{\"@type\":\"PropertyValueSpecification\",\"valueRequired\":true,\"valueName\":\"search_term_string\"}}],\"inLanguage\":\"fr-FR\"},{\"@type\":\"Organization\",\"@id\":\"https:\/\/stourm.news\/#organization\",\"name\":\"Stourm\",\"url\":\"https:\/\/stourm.news\/\",\"logo\":{\"@type\":\"ImageObject\",\"inLanguage\":\"fr-FR\",\"@id\":\"https:\/\/stourm.news\/#\/schema\/logo\/image\/\",\"url\":\"https:\/\/stourm.news\/wp-content\/uploads\/2025\/11\/cropped-Capture-decran-2025-11-28-a-15.19.07.png\",\"contentUrl\":\"https:\/\/stourm.news\/wp-content\/uploads\/2025\/11\/cropped-Capture-decran-2025-11-28-a-15.19.07.png\",\"width\":1855,\"height\":383,\"caption\":\"Stourm\"},\"image\":{\"@id\":\"https:\/\/stourm.news\/#\/schema\/logo\/image\/\"},\"sameAs\":[\"https:\/\/www.facebook.com\/stourmnews\/\"]},{\"@type\":\"Person\",\"@id\":\"https:\/\/stourm.news\/#\/schema\/person\/c3e1dc65988632e190969234ef046cf9\",\"name\":\"La r\u00e9daction\",\"image\":{\"@type\":\"ImageObject\",\"inLanguage\":\"fr-FR\",\"@id\":\"https:\/\/stourm.news\/#\/schema\/person\/image\/\",\"url\":\"https:\/\/secure.gravatar.com\/avatar\/7463443f194b6b5fb706b074ca0ef59a0cfcfd720cb47764b0ec5a952ce422b3?s=96&d=mm&r=g\",\"contentUrl\":\"https:\/\/secure.gravatar.com\/avatar\/7463443f194b6b5fb706b074ca0ef59a0cfcfd720cb47764b0ec5a952ce422b3?s=96&d=mm&r=g\",\"caption\":\"La r\u00e9daction\"},\"sameAs\":[\"https:\/\/stourm.news\"],\"url\":\"https:\/\/stourm.news\/?author=1\"}]}<\/script>\n<!-- \/ Yoast SEO plugin. -->","yoast_head_json":{"title":"18 f\u00e9vrier 1910 : naissance du militant Armand Keravel, activiste de la langue bretonne - STOURM","robots":{"index":"index","follow":"follow","max-snippet":"max-snippet:-1","max-image-preview":"max-image-preview:large","max-video-preview":"max-video-preview:-1"},"canonical":"https:\/\/stourm.news\/?p=3446","og_locale":"fr_FR","og_type":"article","og_title":"18 f\u00e9vrier 1910 : naissance du militant Armand Keravel, activiste de la langue bretonne - STOURM","og_description":"EMSAV &#8211; Ses parents sont originaires d&rsquo;Argol et de Telgruc. \u00c9l\u00e8ve de l&rsquo;\u00c9cole normale de Quimper, il fut nomm\u00e9 instituteur public successivement \u00e0 Saint-Thois, Mo\u00eblan-sur-Mer, Dirinon, Kerlouan et Brest, il propose \u00e0 ses \u00e9l\u00e8ves des cours de breton en dehors des heures normales d&rsquo;enseignement. Il participe en janvier 1933 \u00e0 la fondation du mouvement Ar [&hellip;]","og_url":"https:\/\/stourm.news\/?p=3446","og_site_name":"STOURM","article_publisher":"https:\/\/www.facebook.com\/stourmnews\/","article_published_time":"2025-02-18T15:54:55+00:00","og_image":[{"width":840,"height":650,"url":"https:\/\/stourm.news\/wp-content\/uploads\/2025\/02\/Capture-decran-2025-02-19-a-00.51.42.png","type":"image\/png"}],"author":"La r\u00e9daction","twitter_card":"summary_large_image","twitter_misc":{"\u00c9crit par":"La r\u00e9daction","Dur\u00e9e de lecture estim\u00e9e":"2 minutes"},"schema":{"@context":"https:\/\/schema.org","@graph":[{"@type":"Article","@id":"https:\/\/stourm.news\/?p=3446#article","isPartOf":{"@id":"https:\/\/stourm.news\/?p=3446"},"author":{"name":"La r\u00e9daction","@id":"https:\/\/stourm.news\/#\/schema\/person\/c3e1dc65988632e190969234ef046cf9"},"headline":"18 f\u00e9vrier 1910 : naissance du militant Armand Keravel, activiste de la langue bretonne","datePublished":"2025-02-18T15:54:55+00:00","mainEntityOfPage":{"@id":"https:\/\/stourm.news\/?p=3446"},"wordCount":420,"commentCount":0,"publisher":{"@id":"https:\/\/stourm.news\/#organization"},"image":{"@id":"https:\/\/stourm.news\/?p=3446#primaryimage"},"thumbnailUrl":"https:\/\/stourm.news\/wp-content\/uploads\/2025\/02\/Capture-decran-2025-02-19-a-00.51.42.png","articleSection":["Emsav","Principale"],"inLanguage":"fr-FR","potentialAction":[{"@type":"CommentAction","name":"Comment","target":["https:\/\/stourm.news\/?p=3446#respond"]}]},{"@type":"WebPage","@id":"https:\/\/stourm.news\/?p=3446","url":"https:\/\/stourm.news\/?p=3446","name":"18 f\u00e9vrier 1910 : naissance du militant Armand Keravel, activiste de la langue bretonne - STOURM","isPartOf":{"@id":"https:\/\/stourm.news\/#website"},"primaryImageOfPage":{"@id":"https:\/\/stourm.news\/?p=3446#primaryimage"},"image":{"@id":"https:\/\/stourm.news\/?p=3446#primaryimage"},"thumbnailUrl":"https:\/\/stourm.news\/wp-content\/uploads\/2025\/02\/Capture-decran-2025-02-19-a-00.51.42.png","datePublished":"2025-02-18T15:54:55+00:00","breadcrumb":{"@id":"https:\/\/stourm.news\/?p=3446#breadcrumb"},"inLanguage":"fr-FR","potentialAction":[{"@type":"ReadAction","target":["https:\/\/stourm.news\/?p=3446"]}]},{"@type":"ImageObject","inLanguage":"fr-FR","@id":"https:\/\/stourm.news\/?p=3446#primaryimage","url":"https:\/\/stourm.news\/wp-content\/uploads\/2025\/02\/Capture-decran-2025-02-19-a-00.51.42.png","contentUrl":"https:\/\/stourm.news\/wp-content\/uploads\/2025\/02\/Capture-decran-2025-02-19-a-00.51.42.png","width":840,"height":650},{"@type":"BreadcrumbList","@id":"https:\/\/stourm.news\/?p=3446#breadcrumb","itemListElement":[{"@type":"ListItem","position":1,"name":"Accueil","item":"https:\/\/stourm.news\/"},{"@type":"ListItem","position":2,"name":"18 f\u00e9vrier 1910 : naissance du militant Armand Keravel, activiste de la langue bretonne"}]},{"@type":"WebSite","@id":"https:\/\/stourm.news\/#website","url":"https:\/\/stourm.news\/","name":"Stourm","description":"Kazetenn Strollad Broadel Breizh","publisher":{"@id":"https:\/\/stourm.news\/#organization"},"potentialAction":[{"@type":"SearchAction","target":{"@type":"EntryPoint","urlTemplate":"https:\/\/stourm.news\/?s={search_term_string}"},"query-input":{"@type":"PropertyValueSpecification","valueRequired":true,"valueName":"search_term_string"}}],"inLanguage":"fr-FR"},{"@type":"Organization","@id":"https:\/\/stourm.news\/#organization","name":"Stourm","url":"https:\/\/stourm.news\/","logo":{"@type":"ImageObject","inLanguage":"fr-FR","@id":"https:\/\/stourm.news\/#\/schema\/logo\/image\/","url":"https:\/\/stourm.news\/wp-content\/uploads\/2025\/11\/cropped-Capture-decran-2025-11-28-a-15.19.07.png","contentUrl":"https:\/\/stourm.news\/wp-content\/uploads\/2025\/11\/cropped-Capture-decran-2025-11-28-a-15.19.07.png","width":1855,"height":383,"caption":"Stourm"},"image":{"@id":"https:\/\/stourm.news\/#\/schema\/logo\/image\/"},"sameAs":["https:\/\/www.facebook.com\/stourmnews\/"]},{"@type":"Person","@id":"https:\/\/stourm.news\/#\/schema\/person\/c3e1dc65988632e190969234ef046cf9","name":"La r\u00e9daction","image":{"@type":"ImageObject","inLanguage":"fr-FR","@id":"https:\/\/stourm.news\/#\/schema\/person\/image\/","url":"https:\/\/secure.gravatar.com\/avatar\/7463443f194b6b5fb706b074ca0ef59a0cfcfd720cb47764b0ec5a952ce422b3?s=96&d=mm&r=g","contentUrl":"https:\/\/secure.gravatar.com\/avatar\/7463443f194b6b5fb706b074ca0ef59a0cfcfd720cb47764b0ec5a952ce422b3?s=96&d=mm&r=g","caption":"La r\u00e9daction"},"sameAs":["https:\/\/stourm.news"],"url":"https:\/\/stourm.news\/?author=1"}]}},"_links":{"self":[{"href":"https:\/\/stourm.news\/index.php?rest_route=\/wp\/v2\/posts\/3446","targetHints":{"allow":["GET"]}}],"collection":[{"href":"https:\/\/stourm.news\/index.php?rest_route=\/wp\/v2\/posts"}],"about":[{"href":"https:\/\/stourm.news\/index.php?rest_route=\/wp\/v2\/types\/post"}],"author":[{"embeddable":true,"href":"https:\/\/stourm.news\/index.php?rest_route=\/wp\/v2\/users\/1"}],"replies":[{"embeddable":true,"href":"https:\/\/stourm.news\/index.php?rest_route=%2Fwp%2Fv2%2Fcomments&post=3446"}],"version-history":[{"count":1,"href":"https:\/\/stourm.news\/index.php?rest_route=\/wp\/v2\/posts\/3446\/revisions"}],"predecessor-version":[{"id":3448,"href":"https:\/\/stourm.news\/index.php?rest_route=\/wp\/v2\/posts\/3446\/revisions\/3448"}],"wp:featuredmedia":[{"embeddable":true,"href":"https:\/\/stourm.news\/index.php?rest_route=\/wp\/v2\/media\/3447"}],"wp:attachment":[{"href":"https:\/\/stourm.news\/index.php?rest_route=%2Fwp%2Fv2%2Fmedia&parent=3446"}],"wp:term":[{"taxonomy":"category","embeddable":true,"href":"https:\/\/stourm.news\/index.php?rest_route=%2Fwp%2Fv2%2Fcategories&post=3446"},{"taxonomy":"post_tag","embeddable":true,"href":"https:\/\/stourm.news\/index.php?rest_route=%2Fwp%2Fv2%2Ftags&post=3446"}],"curies":[{"name":"wp","href":"https:\/\/api.w.org\/{rel}","templated":true}]}}