{"id":3452,"date":"2025-02-19T05:05:20","date_gmt":"2025-02-19T05:05:20","guid":{"rendered":"https:\/\/stourm.news\/?p=3452"},"modified":"2025-02-19T08:59:52","modified_gmt":"2025-02-19T08:59:52","slug":"saint-malo-de-guersac-83-des-habitants-votent-pour-la-videosurveillance-mais-la-mairie-de-gauche-radicale-maintient-le-principe-de-linterdiction-de-leclairage-nocturne","status":"publish","type":"post","link":"https:\/\/stourm.news\/?p=3452","title":{"rendered":"Sant-Malo\u00f9-Gwersac&rsquo;h : 83% des habitants votent pour la vid\u00e9osurveillance, mais la mairie de gauche radicale maintient le principe de l&rsquo;interdiction de l&rsquo;\u00e9clairage nocturne"},"content":{"rendered":"<p style=\"text-align: justify;\">Dans la petite commune de Saint-Malo-de-Guersac, dans l&rsquo;ouest du Pays nantais, le maire d&rsquo;extr\u00eame-gauche, Jean-Michel Crand, a d\u00e9cid\u00e9 de suivre une consultation citoyenne sur l&rsquo;adoption de la vid\u00e9osurveillance. Si seulement 10 % des 3 200 habitants se sont exprim\u00e9s, une majorit\u00e9 \u00e9crasante de 86 % s&rsquo;est exprim\u00e9e en sa faveur. Mais derri\u00e8re cette d\u00e9cision se cache une absurdit\u00e9 \u00e9cologiste et une r\u00e9alit\u00e9 bien plus sombre.<\/p>\n<p style=\"text-align: justify;\"><strong>L&rsquo;\u00e9clairage public sacrifi\u00e9 sur l&rsquo;autel de l&rsquo;angoisse \u00e9cologique<\/strong><\/p>\n<p style=\"text-align: justify;\">Le maire, sous pr\u00e9texte d&rsquo;\u00e9cologisme, avait propos\u00e9 puis adopt\u00e9 la suppression de l&rsquo;\u00e9clairage public, une mesure qui semble plus motiv\u00e9e par un soucis de conformisme social que par une r\u00e9elle volont\u00e9 de pr\u00e9server l&rsquo;environnement. Les incivilit\u00e9s, notamment les rod\u00e9os urbains, et les d\u00e9gradations ont progress\u00e9. L&rsquo;adoption de la vid\u00e9osurveillance r\u00e9v\u00e8le l&rsquo;absurdit\u00e9 de la gestion municipale : une m\u00e9thode co\u00fbteuse cens\u00e9e permettre l&rsquo;identification des d\u00e9linquants dans des rues plong\u00e9es dans la p\u00e9nombre !<\/p>\n<p style=\"text-align: justify;\"><strong>La voix de la raison<\/strong><\/p>\n<p style=\"text-align: justify;\">Une retrait\u00e9e, observant cette situation, a sugg\u00e9r\u00e9 une solution simple et efficace : <strong>\u00ab\u00a0Je pense que si on avait laiss\u00e9 des lumi\u00e8res partout, il y aurait s\u00fbrement moins de bazar et on n&rsquo;aurait pas besoin de vid\u00e9osurveillance.\u00a0\u00bb<\/strong> Cette proposition, pleine de bon sens, devrait amener \u00e0 une nouvelle concertation, cette fois-ci sur la r\u00e9elle n\u00e9cessit\u00e9 de l&rsquo;\u00e9clairage public pour la s\u00e9curit\u00e9 des habitants.<\/p>\n<p style=\"text-align: right;\"><strong>Ewen Broc&rsquo;han<\/strong><\/p>\n","protected":false},"excerpt":{"rendered":"<p>Dans la petite commune de Saint-Malo-de-Guersac, dans l&rsquo;ouest du Pays nantais, le maire d&rsquo;extr\u00eame-gauche, Jean-Michel Crand, a d\u00e9cid\u00e9 de suivre une consultation citoyenne sur l&rsquo;adoption de la vid\u00e9osurveillance. Si seulement 10 % des 3 200 habitants se sont exprim\u00e9s, une majorit\u00e9 \u00e9crasante de 86 % s&rsquo;est exprim\u00e9e en sa faveur. Mais derri\u00e8re cette d\u00e9cision se [&hellip;]<\/p>\n","protected":false},"author":1,"featured_media":3453,"comment_status":"open","ping_status":"open","sticky":false,"template":"","format":"standard","meta":{"sb_editor_width":"","footnotes":""},"categories":[36,42,65,54],"tags":[],"class_list":["post-3452","post","type-post","status-publish","format-standard","has-post-thumbnail","hentry","category-extreme-gauche","category-loire-atlantique","category-principale","category-societe"],"relative_dates":{"created":"1 an ago","modified":"1 an ago"},"yoast_head":"<!-- This site is optimized with the Yoast SEO plugin v26.3 - https:\/\/yoast.com\/wordpress\/plugins\/seo\/ -->\n<title>Sant-Malo\u00f9-Gwersac&#039;h : 83% des habitants votent pour la vid\u00e9osurveillance, mais la mairie de gauche radicale maintient le principe de l&#039;interdiction de l&#039;\u00e9clairage nocturne - STOURM<\/title>\n<meta name=\"robots\" content=\"index, follow, max-snippet:-1, max-image-preview:large, max-video-preview:-1\" \/>\n<link rel=\"canonical\" href=\"https:\/\/stourm.news\/?p=3452\" \/>\n<meta property=\"og:locale\" content=\"fr_FR\" \/>\n<meta property=\"og:type\" content=\"article\" \/>\n<meta property=\"og:title\" content=\"Sant-Malo\u00f9-Gwersac&#039;h : 83% des habitants votent pour la vid\u00e9osurveillance, mais la mairie de gauche radicale maintient le principe de l&#039;interdiction de l&#039;\u00e9clairage nocturne - STOURM\" \/>\n<meta property=\"og:description\" content=\"Dans la petite commune de Saint-Malo-de-Guersac, dans l&rsquo;ouest du Pays nantais, le maire d&rsquo;extr\u00eame-gauche, Jean-Michel Crand, a d\u00e9cid\u00e9 de suivre une consultation citoyenne sur l&rsquo;adoption de la vid\u00e9osurveillance. Si seulement 10 % des 3 200 habitants se sont exprim\u00e9s, une majorit\u00e9 \u00e9crasante de 86 % s&rsquo;est exprim\u00e9e en sa faveur. Mais derri\u00e8re cette d\u00e9cision se [&hellip;]\" \/>\n<meta property=\"og:url\" content=\"https:\/\/stourm.news\/?p=3452\" \/>\n<meta property=\"og:site_name\" content=\"STOURM\" \/>\n<meta property=\"article:publisher\" content=\"https:\/\/www.facebook.com\/stourmnews\/\" \/>\n<meta property=\"article:published_time\" content=\"2025-02-19T05:05:20+00:00\" \/>\n<meta property=\"article:modified_time\" content=\"2025-02-19T08:59:52+00:00\" \/>\n<meta property=\"og:image\" content=\"https:\/\/stourm.news\/wp-content\/uploads\/2025\/02\/25236-191001095323928-0.jpg\" \/>\n\t<meta property=\"og:image:width\" content=\"1280\" \/>\n\t<meta property=\"og:image:height\" content=\"853\" \/>\n\t<meta property=\"og:image:type\" content=\"image\/jpeg\" \/>\n<meta name=\"author\" content=\"La r\u00e9daction\" \/>\n<meta name=\"twitter:card\" content=\"summary_large_image\" \/>\n<meta name=\"twitter:label1\" content=\"\u00c9crit par\" \/>\n\t<meta name=\"twitter:data1\" content=\"La r\u00e9daction\" \/>\n\t<meta name=\"twitter:label2\" content=\"Dur\u00e9e de lecture estim\u00e9e\" \/>\n\t<meta name=\"twitter:data2\" content=\"2 minutes\" \/>\n<script type=\"application\/ld+json\" class=\"yoast-schema-graph\">{\"@context\":\"https:\/\/schema.org\",\"@graph\":[{\"@type\":\"Article\",\"@id\":\"https:\/\/stourm.news\/?p=3452#article\",\"isPartOf\":{\"@id\":\"https:\/\/stourm.news\/?p=3452\"},\"author\":{\"name\":\"La r\u00e9daction\",\"@id\":\"https:\/\/stourm.news\/#\/schema\/person\/c3e1dc65988632e190969234ef046cf9\"},\"headline\":\"Sant-Malo\u00f9-Gwersac&rsquo;h : 83% des habitants votent pour la vid\u00e9osurveillance, mais la mairie de gauche radicale maintient le principe de l&rsquo;interdiction de l&rsquo;\u00e9clairage nocturne\",\"datePublished\":\"2025-02-19T05:05:20+00:00\",\"dateModified\":\"2025-02-19T08:59:52+00:00\",\"mainEntityOfPage\":{\"@id\":\"https:\/\/stourm.news\/?p=3452\"},\"wordCount\":279,\"commentCount\":0,\"publisher\":{\"@id\":\"https:\/\/stourm.news\/#organization\"},\"image\":{\"@id\":\"https:\/\/stourm.news\/?p=3452#primaryimage\"},\"thumbnailUrl\":\"https:\/\/stourm.news\/wp-content\/uploads\/2025\/02\/25236-191001095323928-0.jpg\",\"articleSection\":[\"Extr\u00eame-gauche\",\"Loire-Atlantique\",\"Principale\",\"Soci\u00e9t\u00e9\"],\"inLanguage\":\"fr-FR\",\"potentialAction\":[{\"@type\":\"CommentAction\",\"name\":\"Comment\",\"target\":[\"https:\/\/stourm.news\/?p=3452#respond\"]}]},{\"@type\":\"WebPage\",\"@id\":\"https:\/\/stourm.news\/?p=3452\",\"url\":\"https:\/\/stourm.news\/?p=3452\",\"name\":\"Sant-Malo\u00f9-Gwersac'h : 83% des habitants votent pour la vid\u00e9osurveillance, mais la mairie de gauche radicale maintient le principe de l'interdiction de l'\u00e9clairage nocturne - STOURM\",\"isPartOf\":{\"@id\":\"https:\/\/stourm.news\/#website\"},\"primaryImageOfPage\":{\"@id\":\"https:\/\/stourm.news\/?p=3452#primaryimage\"},\"image\":{\"@id\":\"https:\/\/stourm.news\/?p=3452#primaryimage\"},\"thumbnailUrl\":\"https:\/\/stourm.news\/wp-content\/uploads\/2025\/02\/25236-191001095323928-0.jpg\",\"datePublished\":\"2025-02-19T05:05:20+00:00\",\"dateModified\":\"2025-02-19T08:59:52+00:00\",\"breadcrumb\":{\"@id\":\"https:\/\/stourm.news\/?p=3452#breadcrumb\"},\"inLanguage\":\"fr-FR\",\"potentialAction\":[{\"@type\":\"ReadAction\",\"target\":[\"https:\/\/stourm.news\/?p=3452\"]}]},{\"@type\":\"ImageObject\",\"inLanguage\":\"fr-FR\",\"@id\":\"https:\/\/stourm.news\/?p=3452#primaryimage\",\"url\":\"https:\/\/stourm.news\/wp-content\/uploads\/2025\/02\/25236-191001095323928-0.jpg\",\"contentUrl\":\"https:\/\/stourm.news\/wp-content\/uploads\/2025\/02\/25236-191001095323928-0.jpg\",\"width\":1280,\"height\":853},{\"@type\":\"BreadcrumbList\",\"@id\":\"https:\/\/stourm.news\/?p=3452#breadcrumb\",\"itemListElement\":[{\"@type\":\"ListItem\",\"position\":1,\"name\":\"Accueil\",\"item\":\"https:\/\/stourm.news\/\"},{\"@type\":\"ListItem\",\"position\":2,\"name\":\"Sant-Malo\u00f9-Gwersac&rsquo;h : 83% des habitants votent pour la vid\u00e9osurveillance, mais la mairie de gauche radicale maintient le principe de l&rsquo;interdiction de l&rsquo;\u00e9clairage nocturne\"}]},{\"@type\":\"WebSite\",\"@id\":\"https:\/\/stourm.news\/#website\",\"url\":\"https:\/\/stourm.news\/\",\"name\":\"Stourm\",\"description\":\"Kazetenn Strollad Broadel Breizh\",\"publisher\":{\"@id\":\"https:\/\/stourm.news\/#organization\"},\"potentialAction\":[{\"@type\":\"SearchAction\",\"target\":{\"@type\":\"EntryPoint\",\"urlTemplate\":\"https:\/\/stourm.news\/?s={search_term_string}\"},\"query-input\":{\"@type\":\"PropertyValueSpecification\",\"valueRequired\":true,\"valueName\":\"search_term_string\"}}],\"inLanguage\":\"fr-FR\"},{\"@type\":\"Organization\",\"@id\":\"https:\/\/stourm.news\/#organization\",\"name\":\"Stourm\",\"url\":\"https:\/\/stourm.news\/\",\"logo\":{\"@type\":\"ImageObject\",\"inLanguage\":\"fr-FR\",\"@id\":\"https:\/\/stourm.news\/#\/schema\/logo\/image\/\",\"url\":\"https:\/\/stourm.news\/wp-content\/uploads\/2025\/11\/cropped-Capture-decran-2025-11-28-a-15.19.07.png\",\"contentUrl\":\"https:\/\/stourm.news\/wp-content\/uploads\/2025\/11\/cropped-Capture-decran-2025-11-28-a-15.19.07.png\",\"width\":1855,\"height\":383,\"caption\":\"Stourm\"},\"image\":{\"@id\":\"https:\/\/stourm.news\/#\/schema\/logo\/image\/\"},\"sameAs\":[\"https:\/\/www.facebook.com\/stourmnews\/\"]},{\"@type\":\"Person\",\"@id\":\"https:\/\/stourm.news\/#\/schema\/person\/c3e1dc65988632e190969234ef046cf9\",\"name\":\"La r\u00e9daction\",\"image\":{\"@type\":\"ImageObject\",\"inLanguage\":\"fr-FR\",\"@id\":\"https:\/\/stourm.news\/#\/schema\/person\/image\/\",\"url\":\"https:\/\/secure.gravatar.com\/avatar\/7463443f194b6b5fb706b074ca0ef59a0cfcfd720cb47764b0ec5a952ce422b3?s=96&d=mm&r=g\",\"contentUrl\":\"https:\/\/secure.gravatar.com\/avatar\/7463443f194b6b5fb706b074ca0ef59a0cfcfd720cb47764b0ec5a952ce422b3?s=96&d=mm&r=g\",\"caption\":\"La r\u00e9daction\"},\"sameAs\":[\"https:\/\/stourm.news\"],\"url\":\"https:\/\/stourm.news\/?author=1\"}]}<\/script>\n<!-- \/ Yoast SEO plugin. -->","yoast_head_json":{"title":"Sant-Malo\u00f9-Gwersac'h : 83% des habitants votent pour la vid\u00e9osurveillance, mais la mairie de gauche radicale maintient le principe de l'interdiction de l'\u00e9clairage nocturne - STOURM","robots":{"index":"index","follow":"follow","max-snippet":"max-snippet:-1","max-image-preview":"max-image-preview:large","max-video-preview":"max-video-preview:-1"},"canonical":"https:\/\/stourm.news\/?p=3452","og_locale":"fr_FR","og_type":"article","og_title":"Sant-Malo\u00f9-Gwersac'h : 83% des habitants votent pour la vid\u00e9osurveillance, mais la mairie de gauche radicale maintient le principe de l'interdiction de l'\u00e9clairage nocturne - STOURM","og_description":"Dans la petite commune de Saint-Malo-de-Guersac, dans l&rsquo;ouest du Pays nantais, le maire d&rsquo;extr\u00eame-gauche, Jean-Michel Crand, a d\u00e9cid\u00e9 de suivre une consultation citoyenne sur l&rsquo;adoption de la vid\u00e9osurveillance. Si seulement 10 % des 3 200 habitants se sont exprim\u00e9s, une majorit\u00e9 \u00e9crasante de 86 % s&rsquo;est exprim\u00e9e en sa faveur. Mais derri\u00e8re cette d\u00e9cision se [&hellip;]","og_url":"https:\/\/stourm.news\/?p=3452","og_site_name":"STOURM","article_publisher":"https:\/\/www.facebook.com\/stourmnews\/","article_published_time":"2025-02-19T05:05:20+00:00","article_modified_time":"2025-02-19T08:59:52+00:00","og_image":[{"width":1280,"height":853,"url":"https:\/\/stourm.news\/wp-content\/uploads\/2025\/02\/25236-191001095323928-0.jpg","type":"image\/jpeg"}],"author":"La r\u00e9daction","twitter_card":"summary_large_image","twitter_misc":{"\u00c9crit par":"La r\u00e9daction","Dur\u00e9e de lecture estim\u00e9e":"2 minutes"},"schema":{"@context":"https:\/\/schema.org","@graph":[{"@type":"Article","@id":"https:\/\/stourm.news\/?p=3452#article","isPartOf":{"@id":"https:\/\/stourm.news\/?p=3452"},"author":{"name":"La r\u00e9daction","@id":"https:\/\/stourm.news\/#\/schema\/person\/c3e1dc65988632e190969234ef046cf9"},"headline":"Sant-Malo\u00f9-Gwersac&rsquo;h : 83% des habitants votent pour la vid\u00e9osurveillance, mais la mairie de gauche radicale maintient le principe de l&rsquo;interdiction de l&rsquo;\u00e9clairage nocturne","datePublished":"2025-02-19T05:05:20+00:00","dateModified":"2025-02-19T08:59:52+00:00","mainEntityOfPage":{"@id":"https:\/\/stourm.news\/?p=3452"},"wordCount":279,"commentCount":0,"publisher":{"@id":"https:\/\/stourm.news\/#organization"},"image":{"@id":"https:\/\/stourm.news\/?p=3452#primaryimage"},"thumbnailUrl":"https:\/\/stourm.news\/wp-content\/uploads\/2025\/02\/25236-191001095323928-0.jpg","articleSection":["Extr\u00eame-gauche","Loire-Atlantique","Principale","Soci\u00e9t\u00e9"],"inLanguage":"fr-FR","potentialAction":[{"@type":"CommentAction","name":"Comment","target":["https:\/\/stourm.news\/?p=3452#respond"]}]},{"@type":"WebPage","@id":"https:\/\/stourm.news\/?p=3452","url":"https:\/\/stourm.news\/?p=3452","name":"Sant-Malo\u00f9-Gwersac'h : 83% des habitants votent pour la vid\u00e9osurveillance, mais la mairie de gauche radicale maintient le principe de l'interdiction de l'\u00e9clairage nocturne - STOURM","isPartOf":{"@id":"https:\/\/stourm.news\/#website"},"primaryImageOfPage":{"@id":"https:\/\/stourm.news\/?p=3452#primaryimage"},"image":{"@id":"https:\/\/stourm.news\/?p=3452#primaryimage"},"thumbnailUrl":"https:\/\/stourm.news\/wp-content\/uploads\/2025\/02\/25236-191001095323928-0.jpg","datePublished":"2025-02-19T05:05:20+00:00","dateModified":"2025-02-19T08:59:52+00:00","breadcrumb":{"@id":"https:\/\/stourm.news\/?p=3452#breadcrumb"},"inLanguage":"fr-FR","potentialAction":[{"@type":"ReadAction","target":["https:\/\/stourm.news\/?p=3452"]}]},{"@type":"ImageObject","inLanguage":"fr-FR","@id":"https:\/\/stourm.news\/?p=3452#primaryimage","url":"https:\/\/stourm.news\/wp-content\/uploads\/2025\/02\/25236-191001095323928-0.jpg","contentUrl":"https:\/\/stourm.news\/wp-content\/uploads\/2025\/02\/25236-191001095323928-0.jpg","width":1280,"height":853},{"@type":"BreadcrumbList","@id":"https:\/\/stourm.news\/?p=3452#breadcrumb","itemListElement":[{"@type":"ListItem","position":1,"name":"Accueil","item":"https:\/\/stourm.news\/"},{"@type":"ListItem","position":2,"name":"Sant-Malo\u00f9-Gwersac&rsquo;h : 83% des habitants votent pour la vid\u00e9osurveillance, mais la mairie de gauche radicale maintient le principe de l&rsquo;interdiction de l&rsquo;\u00e9clairage nocturne"}]},{"@type":"WebSite","@id":"https:\/\/stourm.news\/#website","url":"https:\/\/stourm.news\/","name":"Stourm","description":"Kazetenn Strollad Broadel Breizh","publisher":{"@id":"https:\/\/stourm.news\/#organization"},"potentialAction":[{"@type":"SearchAction","target":{"@type":"EntryPoint","urlTemplate":"https:\/\/stourm.news\/?s={search_term_string}"},"query-input":{"@type":"PropertyValueSpecification","valueRequired":true,"valueName":"search_term_string"}}],"inLanguage":"fr-FR"},{"@type":"Organization","@id":"https:\/\/stourm.news\/#organization","name":"Stourm","url":"https:\/\/stourm.news\/","logo":{"@type":"ImageObject","inLanguage":"fr-FR","@id":"https:\/\/stourm.news\/#\/schema\/logo\/image\/","url":"https:\/\/stourm.news\/wp-content\/uploads\/2025\/11\/cropped-Capture-decran-2025-11-28-a-15.19.07.png","contentUrl":"https:\/\/stourm.news\/wp-content\/uploads\/2025\/11\/cropped-Capture-decran-2025-11-28-a-15.19.07.png","width":1855,"height":383,"caption":"Stourm"},"image":{"@id":"https:\/\/stourm.news\/#\/schema\/logo\/image\/"},"sameAs":["https:\/\/www.facebook.com\/stourmnews\/"]},{"@type":"Person","@id":"https:\/\/stourm.news\/#\/schema\/person\/c3e1dc65988632e190969234ef046cf9","name":"La r\u00e9daction","image":{"@type":"ImageObject","inLanguage":"fr-FR","@id":"https:\/\/stourm.news\/#\/schema\/person\/image\/","url":"https:\/\/secure.gravatar.com\/avatar\/7463443f194b6b5fb706b074ca0ef59a0cfcfd720cb47764b0ec5a952ce422b3?s=96&d=mm&r=g","contentUrl":"https:\/\/secure.gravatar.com\/avatar\/7463443f194b6b5fb706b074ca0ef59a0cfcfd720cb47764b0ec5a952ce422b3?s=96&d=mm&r=g","caption":"La r\u00e9daction"},"sameAs":["https:\/\/stourm.news"],"url":"https:\/\/stourm.news\/?author=1"}]}},"_links":{"self":[{"href":"https:\/\/stourm.news\/index.php?rest_route=\/wp\/v2\/posts\/3452","targetHints":{"allow":["GET"]}}],"collection":[{"href":"https:\/\/stourm.news\/index.php?rest_route=\/wp\/v2\/posts"}],"about":[{"href":"https:\/\/stourm.news\/index.php?rest_route=\/wp\/v2\/types\/post"}],"author":[{"embeddable":true,"href":"https:\/\/stourm.news\/index.php?rest_route=\/wp\/v2\/users\/1"}],"replies":[{"embeddable":true,"href":"https:\/\/stourm.news\/index.php?rest_route=%2Fwp%2Fv2%2Fcomments&post=3452"}],"version-history":[{"count":2,"href":"https:\/\/stourm.news\/index.php?rest_route=\/wp\/v2\/posts\/3452\/revisions"}],"predecessor-version":[{"id":3458,"href":"https:\/\/stourm.news\/index.php?rest_route=\/wp\/v2\/posts\/3452\/revisions\/3458"}],"wp:featuredmedia":[{"embeddable":true,"href":"https:\/\/stourm.news\/index.php?rest_route=\/wp\/v2\/media\/3453"}],"wp:attachment":[{"href":"https:\/\/stourm.news\/index.php?rest_route=%2Fwp%2Fv2%2Fmedia&parent=3452"}],"wp:term":[{"taxonomy":"category","embeddable":true,"href":"https:\/\/stourm.news\/index.php?rest_route=%2Fwp%2Fv2%2Fcategories&post=3452"},{"taxonomy":"post_tag","embeddable":true,"href":"https:\/\/stourm.news\/index.php?rest_route=%2Fwp%2Fv2%2Ftags&post=3452"}],"curies":[{"name":"wp","href":"https:\/\/api.w.org\/{rel}","templated":true}]}}