{"id":3455,"date":"2025-02-19T08:57:11","date_gmt":"2025-02-19T08:57:11","guid":{"rendered":"https:\/\/stourm.news\/?p=3455"},"modified":"2025-02-19T08:57:11","modified_gmt":"2025-02-19T08:57:11","slug":"19-fevrier-1602-mort-du-duc-de-penthievre-restaurateur-du-duche-independant-de-bretagne-1589-1598","status":"publish","type":"post","link":"https:\/\/stourm.news\/?p=3455","title":{"rendered":"19 f\u00e9vrier 1602 : mort du Duc de Penthi\u00e8vre, restaurateur du duch\u00e9 ind\u00e9pendant de Bretagne (1589-1598)"},"content":{"rendered":"<p style=\"text-align: justify;\">Le 19 f\u00e9vrier 1602, Philippe-Emmanuel de Lorraine, duc de Merc\u0153ur et de Penthi\u00e8vre, meurt \u00e0 Nuremberg. Le 12 juillet 1576, le mariage du duc avec Marie de Luxembourg, duchesse d&rsquo;\u00c9tampes et de Penthi\u00e8vre, h\u00e9riti\u00e8re de la vicomt\u00e9 de Martigues, lui procura un important patrimoine, notamment en Bretagne. Il affirma, en repr\u00e9sentation de son \u00e9pouse, les s\u00e9culaires pr\u00e9tentions de sa famille des Penthi\u00e8vre au duch\u00e9 de Bretagne, que renfor\u00e7a l&rsquo;extinction de Valois en 1589 (malgr\u00e9 l&rsquo;union perp\u00e9tuelle du duch\u00e9 avec le royaume \u00e9dict\u00e9e en 1532), et devint \u00e0 son tour chef de lignage.<\/p>\n<p style=\"text-align: justify;\">Lorsque Henri IV devint roi de France, le duc de Merc\u0153ur se mit \u00e0 la t\u00eate de la ligue bretonne, songeant m\u00eame \u00e0 r\u00e9tablir <strong>la souverainet\u00e9<\/strong> de cet ancien duch\u00e9 du chef de son \u00e9pouse, descendante de Jeanne de Penthi\u00e8vre. L&rsquo;extinction des Valois, avec lesquels la dynastie bretonne \u00e9tait en union personnelle depuis le mariage de la reine Claude avec le roi Fran\u00e7ois Ier, rendait caduc l&rsquo;\u00e9dit d&rsquo;union de 1532 : Henri IV et les Bourbon, parents des Valois avant le rattachement de la Bretagne \u00e0 la France, <strong>n&rsquo;avaient aucun droit sur la Bretagne<\/strong>. Mercoeur se proclama aussi \u00ab Protecteur de l\u2019\u00c9glise catholique et romaine \u00bb dans cette province, contre un prince protestant.<\/p>\n<p style=\"text-align: justify;\">\u00c0 la mort d\u2019Henri III (1589), invoquant les droits h\u00e9r\u00e9ditaires de son \u00e9pouse, \u00ab la belle Nantaise \u00bb, sur la Bretagne, il \u00e9tablit donc <strong>un gouvernement ind\u00e9pendant<\/strong> \u00e0 Nantes et titra son fils \u00ab prince et duc de Bretagne \u00bb. Il tenait sa cour \u00e0 l\u2019h\u00f4tel de Briord situ\u00e9 dans la rue de ce nom et fit fortifier le quartier du Marchix autour de l&rsquo;actuelle rue homonyme. Les croix de Lorraine du ch\u00e2teau de Nantes, comme \u00e0 Dinan, furent sculpt\u00e9es sur les fortifications qu&rsquo;il faisait renforcer.<\/p>\n<p style=\"text-align: justify;\">Le roi Philippe II d&rsquo;Espagne, qui soutenait et finan\u00e7ait la Ligue, envoya des troupes en Bretagne sous le commandement de Don Juan d&rsquo;Aguila, qui occup\u00e8rent la presqu\u2019\u00eele de Crozon, Blavet et la rivi\u00e8re d&rsquo;Auray. Les Espagnols battirent \u00e0 Craon (1592) le duc de Montpensier qu&rsquo;Henri IV avait envoy\u00e9 contre lui, mais les troupes royales, renforc\u00e9es par des contingents anglais, r\u00e9cup\u00e9r\u00e8rent l\u2019avantage. Depuis, il n&rsquo;eut de cesse de renforcer ses liens avec les Espagnols, allant jusqu&rsquo;\u00e0 pr\u00eater serment de fid\u00e9lit\u00e9 \u00e0 Philippe II le 20 novembre 1594 et en juin 1595, s&rsquo;engageant \u00e0 reconna\u00eetre les droits de l&rsquo;infante Isabelle sur la couronne de France et le duch\u00e9 de Bretagne, malgr\u00e9 ses propres pr\u00e9tentions. Il y fut contraint par sa position fragilis\u00e9e en Bretagne dont il ne gouvernait qu&rsquo;une partie. Le pays \u00e9tait alors soumis \u00e0 deux administrations en guerre l&rsquo;une contre l&rsquo;autre, avec chacune leurs \u00e9tats (si\u00e9geant \u00e0 Nantes et Rennes), gouverneurs, juges, collecteurs d&rsquo;imp\u00f4ts.<\/p>\n<p style=\"text-align: justify;\">Lib\u00e9r\u00e9 de la menace de la Ligue vaincue partout ailleurs en France, les quelques troupes espagnoles encore pr\u00e9sentes en Bretagne ne pesant plus gu\u00e8re, Henri IV marcha en personne contre Merc\u0153ur qui dut venir lui faire sa soumission \u00e0 Angers le 20 mars 1598 en \u00e9change des fian\u00e7ailles de sa fille et h\u00e9riti\u00e8re Fran\u00e7oise de Merc\u0153ur (6 ans) avec C\u00e9sar de Bourbon (4 ans), b\u00e2tard qu&rsquo;Henri IV avait eu de Gabrielle d\u2019Estr\u00e9es. Merc\u0153ur renon\u00e7ait \u00e0 gouverner la Bretagne, la quittait, mais obtenait la somme exorbitante de 4 293 350 livres et gardait le douaire des Penthi\u00e8vre avec les villes de Guingamp, Moncontour, Lamballe et l&rsquo;\u00eele de Br\u00e9hat. Tout \u00e7a passerait \u00e0 terme en h\u00e9ritage \u00e0 C\u00e9sar de Vend\u00f4me, \u00e9poux de sa fille Fran\u00e7oise.<\/p>\n<p style=\"text-align: right;\"><strong>Olwen Kerdrel<\/strong><\/p>\n","protected":false},"excerpt":{"rendered":"<p>Le 19 f\u00e9vrier 1602, Philippe-Emmanuel de Lorraine, duc de Merc\u0153ur et de Penthi\u00e8vre, meurt \u00e0 Nuremberg. Le 12 juillet 1576, le mariage du duc avec Marie de Luxembourg, duchesse d&rsquo;\u00c9tampes et de Penthi\u00e8vre, h\u00e9riti\u00e8re de la vicomt\u00e9 de Martigues, lui procura un important patrimoine, notamment en Bretagne. Il affirma, en repr\u00e9sentation de son \u00e9pouse, les [&hellip;]<\/p>\n","protected":false},"author":1,"featured_media":3456,"comment_status":"open","ping_status":"open","sticky":false,"template":"","format":"standard","meta":{"sb_editor_width":"","footnotes":""},"categories":[50,65],"tags":[],"class_list":["post-3455","post","type-post","status-publish","format-standard","has-post-thumbnail","hentry","category-histoire-de-bretagne","category-principale"],"relative_dates":{"created":"1 an ago","modified":"1 an ago"},"yoast_head":"<!-- This site is optimized with the Yoast SEO plugin v26.3 - https:\/\/yoast.com\/wordpress\/plugins\/seo\/ -->\n<title>19 f\u00e9vrier 1602 : mort du Duc de Penthi\u00e8vre, restaurateur du duch\u00e9 ind\u00e9pendant de Bretagne (1589-1598) - STOURM<\/title>\n<meta name=\"robots\" content=\"index, follow, max-snippet:-1, max-image-preview:large, max-video-preview:-1\" \/>\n<link rel=\"canonical\" href=\"https:\/\/stourm.news\/?p=3455\" \/>\n<meta property=\"og:locale\" content=\"fr_FR\" \/>\n<meta property=\"og:type\" content=\"article\" \/>\n<meta property=\"og:title\" content=\"19 f\u00e9vrier 1602 : mort du Duc de Penthi\u00e8vre, restaurateur du duch\u00e9 ind\u00e9pendant de Bretagne (1589-1598) - STOURM\" \/>\n<meta property=\"og:description\" content=\"Le 19 f\u00e9vrier 1602, Philippe-Emmanuel de Lorraine, duc de Merc\u0153ur et de Penthi\u00e8vre, meurt \u00e0 Nuremberg. Le 12 juillet 1576, le mariage du duc avec Marie de Luxembourg, duchesse d&rsquo;\u00c9tampes et de Penthi\u00e8vre, h\u00e9riti\u00e8re de la vicomt\u00e9 de Martigues, lui procura un important patrimoine, notamment en Bretagne. Il affirma, en repr\u00e9sentation de son \u00e9pouse, les [&hellip;]\" \/>\n<meta property=\"og:url\" content=\"https:\/\/stourm.news\/?p=3455\" \/>\n<meta property=\"og:site_name\" content=\"STOURM\" \/>\n<meta property=\"article:publisher\" content=\"https:\/\/www.facebook.com\/stourmnews\/\" \/>\n<meta property=\"article:published_time\" content=\"2025-02-19T08:57:11+00:00\" \/>\n<meta property=\"og:image\" content=\"https:\/\/stourm.news\/wp-content\/uploads\/2025\/02\/Capture-decran-2025-02-19-a-17.52.33.png\" \/>\n\t<meta property=\"og:image:width\" content=\"908\" \/>\n\t<meta property=\"og:image:height\" content=\"656\" \/>\n\t<meta property=\"og:image:type\" content=\"image\/png\" \/>\n<meta name=\"author\" content=\"La r\u00e9daction\" \/>\n<meta name=\"twitter:card\" content=\"summary_large_image\" \/>\n<meta name=\"twitter:label1\" content=\"\u00c9crit par\" \/>\n\t<meta name=\"twitter:data1\" content=\"La r\u00e9daction\" \/>\n\t<meta name=\"twitter:label2\" content=\"Dur\u00e9e de lecture estim\u00e9e\" \/>\n\t<meta name=\"twitter:data2\" content=\"3 minutes\" \/>\n<script type=\"application\/ld+json\" class=\"yoast-schema-graph\">{\"@context\":\"https:\/\/schema.org\",\"@graph\":[{\"@type\":\"Article\",\"@id\":\"https:\/\/stourm.news\/?p=3455#article\",\"isPartOf\":{\"@id\":\"https:\/\/stourm.news\/?p=3455\"},\"author\":{\"name\":\"La r\u00e9daction\",\"@id\":\"https:\/\/stourm.news\/#\/schema\/person\/c3e1dc65988632e190969234ef046cf9\"},\"headline\":\"19 f\u00e9vrier 1602 : mort du Duc de Penthi\u00e8vre, restaurateur du duch\u00e9 ind\u00e9pendant de Bretagne (1589-1598)\",\"datePublished\":\"2025-02-19T08:57:11+00:00\",\"mainEntityOfPage\":{\"@id\":\"https:\/\/stourm.news\/?p=3455\"},\"wordCount\":629,\"commentCount\":0,\"publisher\":{\"@id\":\"https:\/\/stourm.news\/#organization\"},\"image\":{\"@id\":\"https:\/\/stourm.news\/?p=3455#primaryimage\"},\"thumbnailUrl\":\"https:\/\/stourm.news\/wp-content\/uploads\/2025\/02\/Capture-decran-2025-02-19-a-17.52.33.png\",\"articleSection\":[\"Histoire de Bretagne\",\"Principale\"],\"inLanguage\":\"fr-FR\",\"potentialAction\":[{\"@type\":\"CommentAction\",\"name\":\"Comment\",\"target\":[\"https:\/\/stourm.news\/?p=3455#respond\"]}]},{\"@type\":\"WebPage\",\"@id\":\"https:\/\/stourm.news\/?p=3455\",\"url\":\"https:\/\/stourm.news\/?p=3455\",\"name\":\"19 f\u00e9vrier 1602 : mort du Duc de Penthi\u00e8vre, restaurateur du duch\u00e9 ind\u00e9pendant de Bretagne (1589-1598) - STOURM\",\"isPartOf\":{\"@id\":\"https:\/\/stourm.news\/#website\"},\"primaryImageOfPage\":{\"@id\":\"https:\/\/stourm.news\/?p=3455#primaryimage\"},\"image\":{\"@id\":\"https:\/\/stourm.news\/?p=3455#primaryimage\"},\"thumbnailUrl\":\"https:\/\/stourm.news\/wp-content\/uploads\/2025\/02\/Capture-decran-2025-02-19-a-17.52.33.png\",\"datePublished\":\"2025-02-19T08:57:11+00:00\",\"breadcrumb\":{\"@id\":\"https:\/\/stourm.news\/?p=3455#breadcrumb\"},\"inLanguage\":\"fr-FR\",\"potentialAction\":[{\"@type\":\"ReadAction\",\"target\":[\"https:\/\/stourm.news\/?p=3455\"]}]},{\"@type\":\"ImageObject\",\"inLanguage\":\"fr-FR\",\"@id\":\"https:\/\/stourm.news\/?p=3455#primaryimage\",\"url\":\"https:\/\/stourm.news\/wp-content\/uploads\/2025\/02\/Capture-decran-2025-02-19-a-17.52.33.png\",\"contentUrl\":\"https:\/\/stourm.news\/wp-content\/uploads\/2025\/02\/Capture-decran-2025-02-19-a-17.52.33.png\",\"width\":908,\"height\":656},{\"@type\":\"BreadcrumbList\",\"@id\":\"https:\/\/stourm.news\/?p=3455#breadcrumb\",\"itemListElement\":[{\"@type\":\"ListItem\",\"position\":1,\"name\":\"Accueil\",\"item\":\"https:\/\/stourm.news\/\"},{\"@type\":\"ListItem\",\"position\":2,\"name\":\"19 f\u00e9vrier 1602 : mort du Duc de Penthi\u00e8vre, restaurateur du duch\u00e9 ind\u00e9pendant de Bretagne (1589-1598)\"}]},{\"@type\":\"WebSite\",\"@id\":\"https:\/\/stourm.news\/#website\",\"url\":\"https:\/\/stourm.news\/\",\"name\":\"Stourm\",\"description\":\"Kazetenn Strollad Broadel Breizh\",\"publisher\":{\"@id\":\"https:\/\/stourm.news\/#organization\"},\"potentialAction\":[{\"@type\":\"SearchAction\",\"target\":{\"@type\":\"EntryPoint\",\"urlTemplate\":\"https:\/\/stourm.news\/?s={search_term_string}\"},\"query-input\":{\"@type\":\"PropertyValueSpecification\",\"valueRequired\":true,\"valueName\":\"search_term_string\"}}],\"inLanguage\":\"fr-FR\"},{\"@type\":\"Organization\",\"@id\":\"https:\/\/stourm.news\/#organization\",\"name\":\"Stourm\",\"url\":\"https:\/\/stourm.news\/\",\"logo\":{\"@type\":\"ImageObject\",\"inLanguage\":\"fr-FR\",\"@id\":\"https:\/\/stourm.news\/#\/schema\/logo\/image\/\",\"url\":\"https:\/\/stourm.news\/wp-content\/uploads\/2025\/11\/cropped-Capture-decran-2025-11-28-a-15.19.07.png\",\"contentUrl\":\"https:\/\/stourm.news\/wp-content\/uploads\/2025\/11\/cropped-Capture-decran-2025-11-28-a-15.19.07.png\",\"width\":1855,\"height\":383,\"caption\":\"Stourm\"},\"image\":{\"@id\":\"https:\/\/stourm.news\/#\/schema\/logo\/image\/\"},\"sameAs\":[\"https:\/\/www.facebook.com\/stourmnews\/\"]},{\"@type\":\"Person\",\"@id\":\"https:\/\/stourm.news\/#\/schema\/person\/c3e1dc65988632e190969234ef046cf9\",\"name\":\"La r\u00e9daction\",\"image\":{\"@type\":\"ImageObject\",\"inLanguage\":\"fr-FR\",\"@id\":\"https:\/\/stourm.news\/#\/schema\/person\/image\/\",\"url\":\"https:\/\/secure.gravatar.com\/avatar\/7463443f194b6b5fb706b074ca0ef59a0cfcfd720cb47764b0ec5a952ce422b3?s=96&d=mm&r=g\",\"contentUrl\":\"https:\/\/secure.gravatar.com\/avatar\/7463443f194b6b5fb706b074ca0ef59a0cfcfd720cb47764b0ec5a952ce422b3?s=96&d=mm&r=g\",\"caption\":\"La r\u00e9daction\"},\"sameAs\":[\"https:\/\/stourm.news\"],\"url\":\"https:\/\/stourm.news\/?author=1\"}]}<\/script>\n<!-- \/ Yoast SEO plugin. -->","yoast_head_json":{"title":"19 f\u00e9vrier 1602 : mort du Duc de Penthi\u00e8vre, restaurateur du duch\u00e9 ind\u00e9pendant de Bretagne (1589-1598) - STOURM","robots":{"index":"index","follow":"follow","max-snippet":"max-snippet:-1","max-image-preview":"max-image-preview:large","max-video-preview":"max-video-preview:-1"},"canonical":"https:\/\/stourm.news\/?p=3455","og_locale":"fr_FR","og_type":"article","og_title":"19 f\u00e9vrier 1602 : mort du Duc de Penthi\u00e8vre, restaurateur du duch\u00e9 ind\u00e9pendant de Bretagne (1589-1598) - STOURM","og_description":"Le 19 f\u00e9vrier 1602, Philippe-Emmanuel de Lorraine, duc de Merc\u0153ur et de Penthi\u00e8vre, meurt \u00e0 Nuremberg. Le 12 juillet 1576, le mariage du duc avec Marie de Luxembourg, duchesse d&rsquo;\u00c9tampes et de Penthi\u00e8vre, h\u00e9riti\u00e8re de la vicomt\u00e9 de Martigues, lui procura un important patrimoine, notamment en Bretagne. Il affirma, en repr\u00e9sentation de son \u00e9pouse, les [&hellip;]","og_url":"https:\/\/stourm.news\/?p=3455","og_site_name":"STOURM","article_publisher":"https:\/\/www.facebook.com\/stourmnews\/","article_published_time":"2025-02-19T08:57:11+00:00","og_image":[{"width":908,"height":656,"url":"https:\/\/stourm.news\/wp-content\/uploads\/2025\/02\/Capture-decran-2025-02-19-a-17.52.33.png","type":"image\/png"}],"author":"La r\u00e9daction","twitter_card":"summary_large_image","twitter_misc":{"\u00c9crit par":"La r\u00e9daction","Dur\u00e9e de lecture estim\u00e9e":"3 minutes"},"schema":{"@context":"https:\/\/schema.org","@graph":[{"@type":"Article","@id":"https:\/\/stourm.news\/?p=3455#article","isPartOf":{"@id":"https:\/\/stourm.news\/?p=3455"},"author":{"name":"La r\u00e9daction","@id":"https:\/\/stourm.news\/#\/schema\/person\/c3e1dc65988632e190969234ef046cf9"},"headline":"19 f\u00e9vrier 1602 : mort du Duc de Penthi\u00e8vre, restaurateur du duch\u00e9 ind\u00e9pendant de Bretagne (1589-1598)","datePublished":"2025-02-19T08:57:11+00:00","mainEntityOfPage":{"@id":"https:\/\/stourm.news\/?p=3455"},"wordCount":629,"commentCount":0,"publisher":{"@id":"https:\/\/stourm.news\/#organization"},"image":{"@id":"https:\/\/stourm.news\/?p=3455#primaryimage"},"thumbnailUrl":"https:\/\/stourm.news\/wp-content\/uploads\/2025\/02\/Capture-decran-2025-02-19-a-17.52.33.png","articleSection":["Histoire de Bretagne","Principale"],"inLanguage":"fr-FR","potentialAction":[{"@type":"CommentAction","name":"Comment","target":["https:\/\/stourm.news\/?p=3455#respond"]}]},{"@type":"WebPage","@id":"https:\/\/stourm.news\/?p=3455","url":"https:\/\/stourm.news\/?p=3455","name":"19 f\u00e9vrier 1602 : mort du Duc de Penthi\u00e8vre, restaurateur du duch\u00e9 ind\u00e9pendant de Bretagne (1589-1598) - STOURM","isPartOf":{"@id":"https:\/\/stourm.news\/#website"},"primaryImageOfPage":{"@id":"https:\/\/stourm.news\/?p=3455#primaryimage"},"image":{"@id":"https:\/\/stourm.news\/?p=3455#primaryimage"},"thumbnailUrl":"https:\/\/stourm.news\/wp-content\/uploads\/2025\/02\/Capture-decran-2025-02-19-a-17.52.33.png","datePublished":"2025-02-19T08:57:11+00:00","breadcrumb":{"@id":"https:\/\/stourm.news\/?p=3455#breadcrumb"},"inLanguage":"fr-FR","potentialAction":[{"@type":"ReadAction","target":["https:\/\/stourm.news\/?p=3455"]}]},{"@type":"ImageObject","inLanguage":"fr-FR","@id":"https:\/\/stourm.news\/?p=3455#primaryimage","url":"https:\/\/stourm.news\/wp-content\/uploads\/2025\/02\/Capture-decran-2025-02-19-a-17.52.33.png","contentUrl":"https:\/\/stourm.news\/wp-content\/uploads\/2025\/02\/Capture-decran-2025-02-19-a-17.52.33.png","width":908,"height":656},{"@type":"BreadcrumbList","@id":"https:\/\/stourm.news\/?p=3455#breadcrumb","itemListElement":[{"@type":"ListItem","position":1,"name":"Accueil","item":"https:\/\/stourm.news\/"},{"@type":"ListItem","position":2,"name":"19 f\u00e9vrier 1602 : mort du Duc de Penthi\u00e8vre, restaurateur du duch\u00e9 ind\u00e9pendant de Bretagne (1589-1598)"}]},{"@type":"WebSite","@id":"https:\/\/stourm.news\/#website","url":"https:\/\/stourm.news\/","name":"Stourm","description":"Kazetenn Strollad Broadel Breizh","publisher":{"@id":"https:\/\/stourm.news\/#organization"},"potentialAction":[{"@type":"SearchAction","target":{"@type":"EntryPoint","urlTemplate":"https:\/\/stourm.news\/?s={search_term_string}"},"query-input":{"@type":"PropertyValueSpecification","valueRequired":true,"valueName":"search_term_string"}}],"inLanguage":"fr-FR"},{"@type":"Organization","@id":"https:\/\/stourm.news\/#organization","name":"Stourm","url":"https:\/\/stourm.news\/","logo":{"@type":"ImageObject","inLanguage":"fr-FR","@id":"https:\/\/stourm.news\/#\/schema\/logo\/image\/","url":"https:\/\/stourm.news\/wp-content\/uploads\/2025\/11\/cropped-Capture-decran-2025-11-28-a-15.19.07.png","contentUrl":"https:\/\/stourm.news\/wp-content\/uploads\/2025\/11\/cropped-Capture-decran-2025-11-28-a-15.19.07.png","width":1855,"height":383,"caption":"Stourm"},"image":{"@id":"https:\/\/stourm.news\/#\/schema\/logo\/image\/"},"sameAs":["https:\/\/www.facebook.com\/stourmnews\/"]},{"@type":"Person","@id":"https:\/\/stourm.news\/#\/schema\/person\/c3e1dc65988632e190969234ef046cf9","name":"La r\u00e9daction","image":{"@type":"ImageObject","inLanguage":"fr-FR","@id":"https:\/\/stourm.news\/#\/schema\/person\/image\/","url":"https:\/\/secure.gravatar.com\/avatar\/7463443f194b6b5fb706b074ca0ef59a0cfcfd720cb47764b0ec5a952ce422b3?s=96&d=mm&r=g","contentUrl":"https:\/\/secure.gravatar.com\/avatar\/7463443f194b6b5fb706b074ca0ef59a0cfcfd720cb47764b0ec5a952ce422b3?s=96&d=mm&r=g","caption":"La r\u00e9daction"},"sameAs":["https:\/\/stourm.news"],"url":"https:\/\/stourm.news\/?author=1"}]}},"_links":{"self":[{"href":"https:\/\/stourm.news\/index.php?rest_route=\/wp\/v2\/posts\/3455","targetHints":{"allow":["GET"]}}],"collection":[{"href":"https:\/\/stourm.news\/index.php?rest_route=\/wp\/v2\/posts"}],"about":[{"href":"https:\/\/stourm.news\/index.php?rest_route=\/wp\/v2\/types\/post"}],"author":[{"embeddable":true,"href":"https:\/\/stourm.news\/index.php?rest_route=\/wp\/v2\/users\/1"}],"replies":[{"embeddable":true,"href":"https:\/\/stourm.news\/index.php?rest_route=%2Fwp%2Fv2%2Fcomments&post=3455"}],"version-history":[{"count":1,"href":"https:\/\/stourm.news\/index.php?rest_route=\/wp\/v2\/posts\/3455\/revisions"}],"predecessor-version":[{"id":3457,"href":"https:\/\/stourm.news\/index.php?rest_route=\/wp\/v2\/posts\/3455\/revisions\/3457"}],"wp:featuredmedia":[{"embeddable":true,"href":"https:\/\/stourm.news\/index.php?rest_route=\/wp\/v2\/media\/3456"}],"wp:attachment":[{"href":"https:\/\/stourm.news\/index.php?rest_route=%2Fwp%2Fv2%2Fmedia&parent=3455"}],"wp:term":[{"taxonomy":"category","embeddable":true,"href":"https:\/\/stourm.news\/index.php?rest_route=%2Fwp%2Fv2%2Fcategories&post=3455"},{"taxonomy":"post_tag","embeddable":true,"href":"https:\/\/stourm.news\/index.php?rest_route=%2Fwp%2Fv2%2Ftags&post=3455"}],"curies":[{"name":"wp","href":"https:\/\/api.w.org\/{rel}","templated":true}]}}